{"id":21593,"date":"2026-03-16T11:44:18","date_gmt":"2026-03-16T15:44:18","guid":{"rendered":"https:\/\/www.latitude-15.com\/intercaribbean-airways-amplia-su-red-regional-con-un-nuevo-servicio-barbados-trinidad\/"},"modified":"2026-03-16T12:06:49","modified_gmt":"2026-03-16T16:06:49","slug":"intercaribbean-airways-amplia-su-red-regional-con-un-nuevo-servicio-barbados-trinidad","status":"publish","type":"post","link":"https:\/\/www.latitude-15.com\/es\/intercaribbean-airways-amplia-su-red-regional-con-un-nuevo-servicio-barbados-trinidad\/","title":{"rendered":"InterCaribbean Airways ampl\u00eda su red regional con un nuevo servicio Barbados\u2013Trinidad"},"content":{"rendered":"\n<p>InterCaribbean Airways ha ampliado su red regional con el lanzamiento de un nuevo servicio directo que conecta Barbados con Trinidad y Tobago, una ruta que, seg\u00fan las autoridades gubernamentales, reforzar\u00e1 la movilidad, el turismo y los v\u00ednculos empresariales en todo el Caribe.<\/p>\n\n<p>El vuelo inaugural que enlaza el <strong>Aeropuerto Internacional Grantley Adams de Barbados<\/strong> y el <strong>Aeropuerto Internacional Piarco de Trinidad<\/strong> estuvo marcado por una ceremonia de corte de cinta el 8 de marzo, a la que asistieron representantes del Gobierno, actores del sector de la aviaci\u00f3n y miembros de la comunidad diplom\u00e1tica.<\/p>\n\n<p>Durante el acto, el ministro de Comercio, Inversi\u00f3n y Turismo de Trinidad y Tobago, el senador Satyakama Maharaj, describi\u00f3 la nueva ruta como algo m\u00e1s que la llegada de una nueva aeronave, destacando su mayor relevancia para la integraci\u00f3n regional.<\/p>\n\n<p>\u00ab<em>Nos reunimos para celebrar el fortalecimiento de un puente entre los pueblos del Caribe\u2026 la apertura de otro corredor de movimiento, intercambio y posibilidades dentro de nuestra regi\u00f3n<\/em>\u00bb, afirm\u00f3.<\/p>\n\n<p>Se espera que el nuevo servicio facilite los desplazamientos entre las dos naciones caribe\u00f1as, al tiempo que respalda una amplia gama de actividades econ\u00f3micas, desde el turismo y los intercambios culturales hasta las alianzas comerciales y las conversaciones de inversi\u00f3n. Las autoridades subrayaron que la mejora de los enlaces a\u00e9reos sigue siendo un factor cr\u00edtico para reforzar la conectividad intracaribe\u00f1a, un reto hist\u00f3rico en una regi\u00f3n donde la proximidad geogr\u00e1fica no siempre se ha traducido en facilidad de viaje. <\/p>\n\n<p>Para Trinidad y Tobago, la nueva conexi\u00f3n tambi\u00e9n se considera una oportunidad para reforzar su oferta tur\u00edstica y atraer a m\u00e1s visitantes de las islas vecinas. Las autoridades gubernamentales se\u00f1alaron que un mayor transporte a\u00e9reo regional puede ayudar a ampliar los viajes de corta estancia por todo el Caribe, apoyando a hoteles, turoperadores, proveedores de transporte y peque\u00f1as empresas a lo largo de toda la cadena de valor del turismo. <\/p>\n\n<p>Maharaj subray\u00f3 la importancia econ\u00f3mica m\u00e1s amplia de la conectividad a\u00e9rea, afirmando que una infraestructura de transporte a\u00e9reo fiable influye directamente en el crecimiento del turismo, los flujos comerciales y la movilidad empresarial en toda la regi\u00f3n.<\/p>\n\n<p>\u00ab<em>El transporte a\u00e9reo no es un asunto perif\u00e9rico. El transporte a\u00e9reo es infraestructura para el desarrollo<\/em>\u00bb, afirm\u00f3.<\/p>\n\n<p>El lanzamiento tambi\u00e9n pone de relieve la continua expansi\u00f3n de InterCaribbean Airways, que se ha consolidado como una de las principales aerol\u00edneas interinsulares de la regi\u00f3n. La compa\u00f1\u00eda inici\u00f3 sus operaciones en 1991 con un \u00fanico avi\u00f3n Cessna y desde entonces ha evolucionado a trav\u00e9s de varias fases de desarrollo, incluyendo su operaci\u00f3n como InterIsland Airways y Air Turks &amp; Caicos, antes de cambiar su marca a InterCaribbean Airways en 2013. <\/p>\n\n<p>En la actualidad, la aerol\u00ednea opera una flota que incluye aeronaves turboh\u00e9lice ATR y reactores regionales Embraer, y presta servicio a m\u00e1s ciudades del Caribe que cualquier otra aerol\u00ednea regional.<\/p>\n\n<p>Las autoridades gubernamentales afirman que la nueva ruta Barbados\u2013Trinidad refleja una estrategia m\u00e1s amplia para reforzar la conectividad a\u00e9rea regional y profundizar la cooperaci\u00f3n entre las econom\u00edas caribe\u00f1as. Al mejorar el acceso entre centros regionales clave, los responsables pol\u00edticos esperan que viajar dentro del Caribe resulte m\u00e1s pr\u00e1ctico tanto para empresas como para turistas e inversores. <\/p>\n","protected":false},"excerpt":{"rendered":"<p>InterCaribbean Airways ha ampliado su red regional con el lanzamiento de un nuevo servicio directo que conecta Barbados con Trinidad y Tobago, una ruta que, seg\u00fan las autoridades gubernamentales, reforzar\u00e1 la movilidad, el turismo y los v\u00ednculos empresariales en todo el Caribe. El vuelo inaugural que enlaza el Aeropuerto Internacional Grantley Adams de Barbados y [&hellip;]<\/p>\n","protected":false},"author":5,"featured_media":21592,"comment_status":"open","ping_status":"closed","sticky":false,"template":"","format":"standard","meta":{"footnotes":""},"categories":[99,102],"tags":[],"class_list":["post-21593","post","type-post","status-publish","format-standard","has-post-thumbnail","hentry","category-aviacion","category-conectividad-aerea-y-desarrollo-de-rutas"],"yoast_head":"<!-- This site is optimized with the Yoast SEO plugin v26.9 - https:\/\/yoast.com\/product\/yoast-seo-wordpress\/ -->\n<title>InterCaribbean Airways ampl\u00eda su red regional con un nuevo servicio Barbados\u2013Trinidad - LATITUDE 15<\/title>\n<meta name=\"description\" content=\"InterCaribbean Airways ha puesto en marcha una nueva ruta directa entre Barbados y Trinidad, reforzando la conectividad a\u00e9rea regional\" \/>\n<meta name=\"robots\" content=\"index, follow, max-snippet:-1, max-image-preview:large, max-video-preview:-1\" \/>\n<link rel=\"canonical\" href=\"https:\/\/www.latitude-15.com\/es\/intercaribbean-airways-amplia-su-red-regional-con-un-nuevo-servicio-barbados-trinidad\/\" \/>\n<meta property=\"og:locale\" content=\"es_ES\" \/>\n<meta property=\"og:type\" content=\"article\" \/>\n<meta property=\"og:title\" content=\"InterCaribbean Airways ampl\u00eda su red regional con un nuevo servicio Barbados\u2013Trinidad - LATITUDE 15\" \/>\n<meta property=\"og:description\" content=\"InterCaribbean Airways ha puesto en marcha una nueva ruta directa entre Barbados y Trinidad, reforzando la conectividad a\u00e9rea regional\" \/>\n<meta property=\"og:url\" content=\"https:\/\/www.latitude-15.com\/es\/intercaribbean-airways-amplia-su-red-regional-con-un-nuevo-servicio-barbados-trinidad\/\" \/>\n<meta property=\"og:site_name\" content=\"LATITUDE 15\" \/>\n<meta property=\"article:published_time\" content=\"2026-03-16T15:44:18+00:00\" \/>\n<meta property=\"article:modified_time\" content=\"2026-03-16T16:06:49+00:00\" \/>\n<meta property=\"og:image\" content=\"https:\/\/www.latitude-15.com\/wp-content\/uploads\/2026\/03\/Attimi_interCaribbean-065-1000x650-1.jpg\" \/>\n\t<meta property=\"og:image:width\" content=\"1000\" \/>\n\t<meta property=\"og:image:height\" content=\"650\" \/>\n\t<meta property=\"og:image:type\" content=\"image\/jpeg\" \/>\n<meta name=\"author\" content=\"Joda J\" \/>\n<meta name=\"twitter:card\" content=\"summary_large_image\" \/>\n<meta name=\"twitter:label1\" content=\"Escrito por\" \/>\n\t<meta name=\"twitter:data1\" content=\"Joda J\" \/>\n\t<meta name=\"twitter:label2\" content=\"Tiempo de lectura\" \/>\n\t<meta name=\"twitter:data2\" content=\"3 minutos\" \/>\n<script type=\"application\/ld+json\" class=\"yoast-schema-graph\">{\"@context\":\"https:\/\/schema.org\",\"@graph\":[{\"@type\":\"Article\",\"@id\":\"https:\/\/www.latitude-15.com\/es\/intercaribbean-airways-amplia-su-red-regional-con-un-nuevo-servicio-barbados-trinidad\/#article\",\"isPartOf\":{\"@id\":\"https:\/\/www.latitude-15.com\/es\/intercaribbean-airways-amplia-su-red-regional-con-un-nuevo-servicio-barbados-trinidad\/\"},\"author\":{\"name\":\"Joda J\",\"@id\":\"https:\/\/www.latitude-15.com\/es\/#\/schema\/person\/dac52e7ff44c78317f337da112e37252\"},\"headline\":\"InterCaribbean Airways ampl\u00eda su red regional con un nuevo servicio Barbados\u2013Trinidad\",\"datePublished\":\"2026-03-16T15:44:18+00:00\",\"dateModified\":\"2026-03-16T16:06:49+00:00\",\"mainEntityOfPage\":{\"@id\":\"https:\/\/www.latitude-15.com\/es\/intercaribbean-airways-amplia-su-red-regional-con-un-nuevo-servicio-barbados-trinidad\/\"},\"wordCount\":585,\"commentCount\":0,\"publisher\":{\"@id\":\"https:\/\/www.latitude-15.com\/es\/#organization\"},\"image\":{\"@id\":\"https:\/\/www.latitude-15.com\/es\/intercaribbean-airways-amplia-su-red-regional-con-un-nuevo-servicio-barbados-trinidad\/#primaryimage\"},\"thumbnailUrl\":\"https:\/\/www.latitude-15.com\/wp-content\/uploads\/2026\/03\/Attimi_interCaribbean-065-1000x650-1.jpg\",\"articleSection\":[\"AVIACI\u00d3N\",\"Conectividad a\u00e9rea y Atractivo territorial\"],\"inLanguage\":\"es\",\"potentialAction\":[{\"@type\":\"CommentAction\",\"name\":\"Comment\",\"target\":[\"https:\/\/www.latitude-15.com\/es\/intercaribbean-airways-amplia-su-red-regional-con-un-nuevo-servicio-barbados-trinidad\/#respond\"]}]},{\"@type\":\"WebPage\",\"@id\":\"https:\/\/www.latitude-15.com\/es\/intercaribbean-airways-amplia-su-red-regional-con-un-nuevo-servicio-barbados-trinidad\/\",\"url\":\"https:\/\/www.latitude-15.com\/es\/intercaribbean-airways-amplia-su-red-regional-con-un-nuevo-servicio-barbados-trinidad\/\",\"name\":\"InterCaribbean Airways ampl\u00eda su red regional con un nuevo servicio Barbados\u2013Trinidad - LATITUDE 15\",\"isPartOf\":{\"@id\":\"https:\/\/www.latitude-15.com\/es\/#website\"},\"primaryImageOfPage\":{\"@id\":\"https:\/\/www.latitude-15.com\/es\/intercaribbean-airways-amplia-su-red-regional-con-un-nuevo-servicio-barbados-trinidad\/#primaryimage\"},\"image\":{\"@id\":\"https:\/\/www.latitude-15.com\/es\/intercaribbean-airways-amplia-su-red-regional-con-un-nuevo-servicio-barbados-trinidad\/#primaryimage\"},\"thumbnailUrl\":\"https:\/\/www.latitude-15.com\/wp-content\/uploads\/2026\/03\/Attimi_interCaribbean-065-1000x650-1.jpg\",\"datePublished\":\"2026-03-16T15:44:18+00:00\",\"dateModified\":\"2026-03-16T16:06:49+00:00\",\"description\":\"InterCaribbean Airways ha puesto en marcha una nueva ruta directa entre Barbados y Trinidad, reforzando la conectividad a\u00e9rea regional\",\"breadcrumb\":{\"@id\":\"https:\/\/www.latitude-15.com\/es\/intercaribbean-airways-amplia-su-red-regional-con-un-nuevo-servicio-barbados-trinidad\/#breadcrumb\"},\"inLanguage\":\"es\",\"potentialAction\":[{\"@type\":\"ReadAction\",\"target\":[\"https:\/\/www.latitude-15.com\/es\/intercaribbean-airways-amplia-su-red-regional-con-un-nuevo-servicio-barbados-trinidad\/\"]}]},{\"@type\":\"ImageObject\",\"inLanguage\":\"es\",\"@id\":\"https:\/\/www.latitude-15.com\/es\/intercaribbean-airways-amplia-su-red-regional-con-un-nuevo-servicio-barbados-trinidad\/#primaryimage\",\"url\":\"https:\/\/www.latitude-15.com\/wp-content\/uploads\/2026\/03\/Attimi_interCaribbean-065-1000x650-1.jpg\",\"contentUrl\":\"https:\/\/www.latitude-15.com\/wp-content\/uploads\/2026\/03\/Attimi_interCaribbean-065-1000x650-1.jpg\",\"width\":1000,\"height\":650},{\"@type\":\"BreadcrumbList\",\"@id\":\"https:\/\/www.latitude-15.com\/es\/intercaribbean-airways-amplia-su-red-regional-con-un-nuevo-servicio-barbados-trinidad\/#breadcrumb\",\"itemListElement\":[{\"@type\":\"ListItem\",\"position\":1,\"name\":\"Home\",\"item\":\"https:\/\/www.latitude-15.com\/es\/inicio\/\"},{\"@type\":\"ListItem\",\"position\":2,\"name\":\"InterCaribbean Airways ampl\u00eda su red regional con un nuevo servicio Barbados\u2013Trinidad\"}]},{\"@type\":\"WebSite\",\"@id\":\"https:\/\/www.latitude-15.com\/es\/#website\",\"url\":\"https:\/\/www.latitude-15.com\/es\/\",\"name\":\"LATITUDE 15\",\"description\":\"Aviation and maritime Magazine - Caribbean &amp; Latin America\",\"publisher\":{\"@id\":\"https:\/\/www.latitude-15.com\/es\/#organization\"},\"potentialAction\":[{\"@type\":\"SearchAction\",\"target\":{\"@type\":\"EntryPoint\",\"urlTemplate\":\"https:\/\/www.latitude-15.com\/es\/?s={search_term_string}\"},\"query-input\":{\"@type\":\"PropertyValueSpecification\",\"valueRequired\":true,\"valueName\":\"search_term_string\"}}],\"inLanguage\":\"es\"},{\"@type\":\"Organization\",\"@id\":\"https:\/\/www.latitude-15.com\/es\/#organization\",\"name\":\"LATITUDE 15\",\"url\":\"https:\/\/www.latitude-15.com\/es\/\",\"logo\":{\"@type\":\"ImageObject\",\"inLanguage\":\"es\",\"@id\":\"https:\/\/www.latitude-15.com\/es\/#\/schema\/logo\/image\/\",\"url\":\"https:\/\/www.latitude-15.com\/wp-content\/uploads\/2026\/01\/cropped-logox500px.png\",\"contentUrl\":\"https:\/\/www.latitude-15.com\/wp-content\/uploads\/2026\/01\/cropped-logox500px.png\",\"width\":62,\"height\":75,\"caption\":\"LATITUDE 15\"},\"image\":{\"@id\":\"https:\/\/www.latitude-15.com\/es\/#\/schema\/logo\/image\/\"}},{\"@type\":\"Person\",\"@id\":\"https:\/\/www.latitude-15.com\/es\/#\/schema\/person\/dac52e7ff44c78317f337da112e37252\",\"name\":\"Joda J\",\"image\":{\"@type\":\"ImageObject\",\"inLanguage\":\"es\",\"@id\":\"https:\/\/www.latitude-15.com\/es\/#\/schema\/person\/image\/\",\"url\":\"https:\/\/secure.gravatar.com\/avatar\/6b1feae555e15404b76616f92d931d12b25ac58024f14ccb43d9d3c012e4c4cf?s=96&d=mm&r=g\",\"contentUrl\":\"https:\/\/secure.gravatar.com\/avatar\/6b1feae555e15404b76616f92d931d12b25ac58024f14ccb43d9d3c012e4c4cf?s=96&d=mm&r=g\",\"caption\":\"Joda J\"},\"url\":\"https:\/\/www.latitude-15.com\/es\/author\/joda\/\"}]}<\/script>\n<!-- \/ Yoast SEO plugin. -->","yoast_head_json":{"title":"InterCaribbean Airways ampl\u00eda su red regional con un nuevo servicio Barbados\u2013Trinidad - LATITUDE 15","description":"InterCaribbean Airways ha puesto en marcha una nueva ruta directa entre Barbados y Trinidad, reforzando la conectividad a\u00e9rea regional","robots":{"index":"index","follow":"follow","max-snippet":"max-snippet:-1","max-image-preview":"max-image-preview:large","max-video-preview":"max-video-preview:-1"},"canonical":"https:\/\/www.latitude-15.com\/es\/intercaribbean-airways-amplia-su-red-regional-con-un-nuevo-servicio-barbados-trinidad\/","og_locale":"es_ES","og_type":"article","og_title":"InterCaribbean Airways ampl\u00eda su red regional con un nuevo servicio Barbados\u2013Trinidad - LATITUDE 15","og_description":"InterCaribbean Airways ha puesto en marcha una nueva ruta directa entre Barbados y Trinidad, reforzando la conectividad a\u00e9rea regional","og_url":"https:\/\/www.latitude-15.com\/es\/intercaribbean-airways-amplia-su-red-regional-con-un-nuevo-servicio-barbados-trinidad\/","og_site_name":"LATITUDE 15","article_published_time":"2026-03-16T15:44:18+00:00","article_modified_time":"2026-03-16T16:06:49+00:00","og_image":[{"width":1000,"height":650,"url":"https:\/\/www.latitude-15.com\/wp-content\/uploads\/2026\/03\/Attimi_interCaribbean-065-1000x650-1.jpg","type":"image\/jpeg"}],"author":"Joda J","twitter_card":"summary_large_image","twitter_misc":{"Escrito por":"Joda J","Tiempo de lectura":"3 minutos"},"schema":{"@context":"https:\/\/schema.org","@graph":[{"@type":"Article","@id":"https:\/\/www.latitude-15.com\/es\/intercaribbean-airways-amplia-su-red-regional-con-un-nuevo-servicio-barbados-trinidad\/#article","isPartOf":{"@id":"https:\/\/www.latitude-15.com\/es\/intercaribbean-airways-amplia-su-red-regional-con-un-nuevo-servicio-barbados-trinidad\/"},"author":{"name":"Joda J","@id":"https:\/\/www.latitude-15.com\/es\/#\/schema\/person\/dac52e7ff44c78317f337da112e37252"},"headline":"InterCaribbean Airways ampl\u00eda su red regional con un nuevo servicio Barbados\u2013Trinidad","datePublished":"2026-03-16T15:44:18+00:00","dateModified":"2026-03-16T16:06:49+00:00","mainEntityOfPage":{"@id":"https:\/\/www.latitude-15.com\/es\/intercaribbean-airways-amplia-su-red-regional-con-un-nuevo-servicio-barbados-trinidad\/"},"wordCount":585,"commentCount":0,"publisher":{"@id":"https:\/\/www.latitude-15.com\/es\/#organization"},"image":{"@id":"https:\/\/www.latitude-15.com\/es\/intercaribbean-airways-amplia-su-red-regional-con-un-nuevo-servicio-barbados-trinidad\/#primaryimage"},"thumbnailUrl":"https:\/\/www.latitude-15.com\/wp-content\/uploads\/2026\/03\/Attimi_interCaribbean-065-1000x650-1.jpg","articleSection":["AVIACI\u00d3N","Conectividad a\u00e9rea y Atractivo territorial"],"inLanguage":"es","potentialAction":[{"@type":"CommentAction","name":"Comment","target":["https:\/\/www.latitude-15.com\/es\/intercaribbean-airways-amplia-su-red-regional-con-un-nuevo-servicio-barbados-trinidad\/#respond"]}]},{"@type":"WebPage","@id":"https:\/\/www.latitude-15.com\/es\/intercaribbean-airways-amplia-su-red-regional-con-un-nuevo-servicio-barbados-trinidad\/","url":"https:\/\/www.latitude-15.com\/es\/intercaribbean-airways-amplia-su-red-regional-con-un-nuevo-servicio-barbados-trinidad\/","name":"InterCaribbean Airways ampl\u00eda su red regional con un nuevo servicio Barbados\u2013Trinidad - LATITUDE 15","isPartOf":{"@id":"https:\/\/www.latitude-15.com\/es\/#website"},"primaryImageOfPage":{"@id":"https:\/\/www.latitude-15.com\/es\/intercaribbean-airways-amplia-su-red-regional-con-un-nuevo-servicio-barbados-trinidad\/#primaryimage"},"image":{"@id":"https:\/\/www.latitude-15.com\/es\/intercaribbean-airways-amplia-su-red-regional-con-un-nuevo-servicio-barbados-trinidad\/#primaryimage"},"thumbnailUrl":"https:\/\/www.latitude-15.com\/wp-content\/uploads\/2026\/03\/Attimi_interCaribbean-065-1000x650-1.jpg","datePublished":"2026-03-16T15:44:18+00:00","dateModified":"2026-03-16T16:06:49+00:00","description":"InterCaribbean Airways ha puesto en marcha una nueva ruta directa entre Barbados y Trinidad, reforzando la conectividad a\u00e9rea regional","breadcrumb":{"@id":"https:\/\/www.latitude-15.com\/es\/intercaribbean-airways-amplia-su-red-regional-con-un-nuevo-servicio-barbados-trinidad\/#breadcrumb"},"inLanguage":"es","potentialAction":[{"@type":"ReadAction","target":["https:\/\/www.latitude-15.com\/es\/intercaribbean-airways-amplia-su-red-regional-con-un-nuevo-servicio-barbados-trinidad\/"]}]},{"@type":"ImageObject","inLanguage":"es","@id":"https:\/\/www.latitude-15.com\/es\/intercaribbean-airways-amplia-su-red-regional-con-un-nuevo-servicio-barbados-trinidad\/#primaryimage","url":"https:\/\/www.latitude-15.com\/wp-content\/uploads\/2026\/03\/Attimi_interCaribbean-065-1000x650-1.jpg","contentUrl":"https:\/\/www.latitude-15.com\/wp-content\/uploads\/2026\/03\/Attimi_interCaribbean-065-1000x650-1.jpg","width":1000,"height":650},{"@type":"BreadcrumbList","@id":"https:\/\/www.latitude-15.com\/es\/intercaribbean-airways-amplia-su-red-regional-con-un-nuevo-servicio-barbados-trinidad\/#breadcrumb","itemListElement":[{"@type":"ListItem","position":1,"name":"Home","item":"https:\/\/www.latitude-15.com\/es\/inicio\/"},{"@type":"ListItem","position":2,"name":"InterCaribbean Airways ampl\u00eda su red regional con un nuevo servicio Barbados\u2013Trinidad"}]},{"@type":"WebSite","@id":"https:\/\/www.latitude-15.com\/es\/#website","url":"https:\/\/www.latitude-15.com\/es\/","name":"LATITUDE 15","description":"Aviation and maritime Magazine - Caribbean &amp; Latin America","publisher":{"@id":"https:\/\/www.latitude-15.com\/es\/#organization"},"potentialAction":[{"@type":"SearchAction","target":{"@type":"EntryPoint","urlTemplate":"https:\/\/www.latitude-15.com\/es\/?s={search_term_string}"},"query-input":{"@type":"PropertyValueSpecification","valueRequired":true,"valueName":"search_term_string"}}],"inLanguage":"es"},{"@type":"Organization","@id":"https:\/\/www.latitude-15.com\/es\/#organization","name":"LATITUDE 15","url":"https:\/\/www.latitude-15.com\/es\/","logo":{"@type":"ImageObject","inLanguage":"es","@id":"https:\/\/www.latitude-15.com\/es\/#\/schema\/logo\/image\/","url":"https:\/\/www.latitude-15.com\/wp-content\/uploads\/2026\/01\/cropped-logox500px.png","contentUrl":"https:\/\/www.latitude-15.com\/wp-content\/uploads\/2026\/01\/cropped-logox500px.png","width":62,"height":75,"caption":"LATITUDE 15"},"image":{"@id":"https:\/\/www.latitude-15.com\/es\/#\/schema\/logo\/image\/"}},{"@type":"Person","@id":"https:\/\/www.latitude-15.com\/es\/#\/schema\/person\/dac52e7ff44c78317f337da112e37252","name":"Joda J","image":{"@type":"ImageObject","inLanguage":"es","@id":"https:\/\/www.latitude-15.com\/es\/#\/schema\/person\/image\/","url":"https:\/\/secure.gravatar.com\/avatar\/6b1feae555e15404b76616f92d931d12b25ac58024f14ccb43d9d3c012e4c4cf?s=96&d=mm&r=g","contentUrl":"https:\/\/secure.gravatar.com\/avatar\/6b1feae555e15404b76616f92d931d12b25ac58024f14ccb43d9d3c012e4c4cf?s=96&d=mm&r=g","caption":"Joda J"},"url":"https:\/\/www.latitude-15.com\/es\/author\/joda\/"}]}},"_links":{"self":[{"href":"https:\/\/www.latitude-15.com\/es\/wp-json\/wp\/v2\/posts\/21593","targetHints":{"allow":["GET"]}}],"collection":[{"href":"https:\/\/www.latitude-15.com\/es\/wp-json\/wp\/v2\/posts"}],"about":[{"href":"https:\/\/www.latitude-15.com\/es\/wp-json\/wp\/v2\/types\/post"}],"author":[{"embeddable":true,"href":"https:\/\/www.latitude-15.com\/es\/wp-json\/wp\/v2\/users\/5"}],"replies":[{"embeddable":true,"href":"https:\/\/www.latitude-15.com\/es\/wp-json\/wp\/v2\/comments?post=21593"}],"version-history":[{"count":1,"href":"https:\/\/www.latitude-15.com\/es\/wp-json\/wp\/v2\/posts\/21593\/revisions"}],"predecessor-version":[{"id":21594,"href":"https:\/\/www.latitude-15.com\/es\/wp-json\/wp\/v2\/posts\/21593\/revisions\/21594"}],"wp:featuredmedia":[{"embeddable":true,"href":"https:\/\/www.latitude-15.com\/es\/wp-json\/wp\/v2\/media\/21592"}],"wp:attachment":[{"href":"https:\/\/www.latitude-15.com\/es\/wp-json\/wp\/v2\/media?parent=21593"}],"wp:term":[{"taxonomy":"category","embeddable":true,"href":"https:\/\/www.latitude-15.com\/es\/wp-json\/wp\/v2\/categories?post=21593"},{"taxonomy":"post_tag","embeddable":true,"href":"https:\/\/www.latitude-15.com\/es\/wp-json\/wp\/v2\/tags?post=21593"}],"curies":[{"name":"wp","href":"https:\/\/api.w.org\/{rel}","templated":true}]}}