{"id":21451,"date":"2026-03-11T14:35:00","date_gmt":"2026-03-11T18:35:00","guid":{"rendered":"https:\/\/www.latitude-15.com\/la-paradoja-de-la-conectividad-aerea-del-caribe-por-que-la-region-esta-mejor-conectada-con-el-mundo-que-consigo-misma\/"},"modified":"2026-03-11T15:09:03","modified_gmt":"2026-03-11T19:09:03","slug":"la-paradoja-de-la-conectividad-aerea-del-caribe-por-que-la-region-esta-mejor-conectada-con-el-mundo-que-consigo-misma","status":"publish","type":"post","link":"https:\/\/www.latitude-15.com\/es\/la-paradoja-de-la-conectividad-aerea-del-caribe-por-que-la-region-esta-mejor-conectada-con-el-mundo-que-consigo-misma\/","title":{"rendered":"La paradoja de la conectividad a\u00e9rea del Caribe: por qu\u00e9 la regi\u00f3n est\u00e1 mejor conectada con el mundo que consigo misma"},"content":{"rendered":"\n<p>El Caribe es una de las regiones tur\u00edsticas con mayor conectividad global del mundo. Cada a\u00f1o, millones de viajeros llegan desde Norteam\u00e9rica y Europa a trav\u00e9s de una densa red de rutas internacionales que enlazan la regi\u00f3n con los principales hubs mundiales. Sin embargo, parad\u00f3jicamente, viajar entre las propias islas del Caribe puede seguir siendo sorprendentemente complejo, costoso y lento.  <\/p>\n\n<p>Los datos presentados por la consultora aeroportuaria NACO durante un seminario web organizado por Airports Council International Latin America and the Caribbean (ACI-LAC) ponen de relieve un llamativo cambio estructural en la aviaci\u00f3n regional. Desde 2010, <strong>la conectividad intracaribe\u00f1a ha disminuido un 13%<\/strong>, mientras que las rutas que conectan la regi\u00f3n con mercados extrarregionales se han ampliado en <strong>un 73%<\/strong> en el mismo periodo. <\/p>\n\n<p>El resultado es una paradoja clara: mientras el Caribe se integra cada vez m\u00e1s en las redes mundiales de aviaci\u00f3n, su propia conectividad a\u00e9rea regional sigue fragmentada.<\/p>\n\n<h2 class=\"wp-block-heading\">Descenso de la conectividad intracaribe\u00f1a<\/h2>\n\n<p>A pesar del crecimiento general de la aviaci\u00f3n en Am\u00e9rica Latina y el Caribe, las rutas regionales entre destinos caribe\u00f1os han disminuido gradualmente. En 2024, los servicios intracaribe\u00f1os representaron aproximadamente <strong>7,5 millones de asientos<\/strong>, frente a los <strong>alrededor de 83 millones de asientos ofrecidos <\/strong>en rutas <strong> <\/strong>que conectan el Caribe con destinos fuera de la regi\u00f3n.<\/p>\n\n<p>Para las aerol\u00edneas, las rutas regionales suelen presentar una econom\u00eda complicada. Muchos mercados insulares son relativamente peque\u00f1os, con una demanda local limitada y un menor poder adquisitivo entre las poblaciones residentes. Estas condiciones estructurales dificultan mantener servicios frecuentes entre islas, especialmente en comparaci\u00f3n con las rutas tur\u00edsticas internacionales de alta demanda.  <\/p>\n\n<p>Como resultado, las estrategias de red priorizan cada vez m\u00e1s las conexiones con los principales mercados emisores, en lugar de una integraci\u00f3n regional m\u00e1s profunda.<\/p>\n\n<h2 class=\"wp-block-heading\">Norteam\u00e9rica domina las redes de aviaci\u00f3n del Caribe<\/h2>\n\n<p>La estructura de las redes de aviaci\u00f3n del Caribe refleja el papel dominante del turismo internacional. Norteam\u00e9rica es, con diferencia, la mayor fuente de conectividad a\u00e9rea para la regi\u00f3n. <\/p>\n\n<p>En t\u00e9rminos de capacidad de asientos en rutas extrarregionales:<\/p>\n\n<ul class=\"wp-block-list\">\n<li><strong>Norteam\u00e9rica representa el 76% de la capacidad total<\/strong><\/li>\n\n\n\n<li><strong>Europa representa el 13%<\/strong><\/li>\n\n\n\n<li><strong>Sudam\u00e9rica representa el 6%<\/strong><\/li>\n\n\n\n<li><strong>Centroam\u00e9rica representa alrededor del 4%<\/strong><\/li>\n<\/ul>\n\n<p>La distribuci\u00f3n de rutas sigue un patr\u00f3n similar. Actualmente hay 284 rutas \u00fanicas que enlazan Norteam\u00e9rica y el Caribe, frente a 37 rutas desde Sudam\u00e9rica, 32 desde Europa y 18 desde Centroam\u00e9rica. <\/p>\n\n<p>Varios destinos caribe\u00f1os funcionan como puertas de entrada internacionales clave.  <em>La Rep\u00fablica Dominicana lidera con 52 rutas que operan al menos dos veces por semana, seguida de Puerto Rico con 35 rutas, Jamaica con 25, Cuba con 24, y tanto las Bahamas como Aruba con 20 rutas cada una.<\/em><\/p>\n\n<p>Esta estructura subraya hasta qu\u00e9 punto el sistema de aviaci\u00f3n del Caribe est\u00e1 orientado a los viajes internacionales de entrada, m\u00e1s que a la movilidad regional.<\/p>\n\n<h2 class=\"wp-block-heading\">Barreras estructurales que limitan la movilidad regional<\/h2>\n\n<p>Los analistas del sector identifican varios factores estructurales que siguen limitando el desarrollo de rutas intracaribe\u00f1as.<\/p>\n\n<p>Uno de los retos m\u00e1s significativos es el <strong>alto coste de los viajes en relaci\u00f3n con los niveles de ingresos locales<\/strong>, lo que limita la demanda de vuelos regionales. Adem\u00e1s, el marco regulatorio de la aviaci\u00f3n en la regi\u00f3n sigue fragmentado, con m\u00faltiples jurisdicciones que operan bajo distintos acuerdos bilaterales y estructuras regulatorias. <\/p>\n\n<p>Las disparidades de infraestructura entre aeropuertos tambi\u00e9n influyen. Algunos aeropuertos carecen de la capacidad o de la flexibilidad operativa necesarias para respaldar nuevas rutas o mayores frecuencias. Estos problemas se ven agravados por la competencia directa con los grandes mercados norteamericanos, donde las aerol\u00edneas pueden lograr mayores factores de ocupaci\u00f3n y mejores rendimientos.  <\/p>\n\n<p>En conjunto, estos factores crean un entorno operativo complejo para las aerol\u00edneas regionales que buscan desarrollar nuevas conexiones intracaribe\u00f1as.<\/p>\n\n<h2 class=\"wp-block-heading\">Cuando la geograf\u00eda no coincide con la conectividad<\/h2>\n\n<p>Las ineficiencias de la conectividad a\u00e9rea regional a veces son llamativas. NACO destac\u00f3 el ejemplo de los viajes entre <strong>Bonaire y Barbados<\/strong>, dos islas situadas a menos de <strong>1.000 kil\u00f3metros de distancia<\/strong>. <\/p>\n\n<p>A pesar de su proximidad geogr\u00e1fica, la ausencia de vuelos directos puede obligar a los pasajeros a recorrer <strong>3.483 kil\u00f3metros v\u00eda Curazao y Panam\u00e1<\/strong>, con tiempos totales de viaje de <strong>hasta 37 horas<\/strong>.<\/p>\n\n<p>Los precios de los billetes para estos trayectos pueden oscilar entre <strong>$1.180 y $4.325<\/strong>, lo que ilustra las barreras estructurales que siguen afectando a la movilidad regional.<\/p>\n\n<p>Este desajuste entre geograf\u00eda y conectividad pone de relieve los retos de construir una red de aviaci\u00f3n regional eficiente en un archipi\u00e9lago geogr\u00e1ficamente disperso.<\/p>\n\n<h2 class=\"wp-block-heading\">Crecimiento de la aviaci\u00f3n en Am\u00e9rica Latina<\/h2>\n\n<p>Sin embargo, el mercado de la aviaci\u00f3n en Am\u00e9rica Latina en su conjunto sigue mostrando un fuerte crecimiento. Seg\u00fan datos preliminares de ACI-LAC, <strong>el tr\u00e1fico de pasajeros a\u00e9reos en Am\u00e9rica Latina y el Caribe creci\u00f3 un 5% en 2025<\/strong>. <\/p>\n\n<p>Argentina registr\u00f3 el mayor crecimiento relativo, con un aumento del tr\u00e1fico de pasajeros del <strong>12,7%<\/strong>, respaldado por la pol\u00edtica de cielos abiertos del pa\u00eds. Brasil sigue siendo el mayor mercado de aviaci\u00f3n de la regi\u00f3n, con <strong>234,8 millones de pasajeros<\/strong>, y un aumento del tr\u00e1fico total del <strong>9,1%<\/strong> y del tr\u00e1fico internacional del <strong>14%<\/strong>. <\/p>\n\n<p>En el propio Caribe, el tr\u00e1fico de pasajeros creci\u00f3 de forma m\u00e1s moderada, en <strong>alrededor del 1%<\/strong>, lo que refleja tanto las limitaciones de infraestructura como la dependencia de la regi\u00f3n de los flujos de viaje impulsados por el turismo.<\/p>\n\n<h2 class=\"wp-block-heading\">La reforma de la infraestructura y la regulaci\u00f3n sigue siendo esencial<\/h2>\n\n<p>Los l\u00edderes del sector subrayan que el crecimiento futuro depender\u00e1 tanto del desarrollo de infraestructuras como de la modernizaci\u00f3n regulatoria.<\/p>\n\n<p>En el International Economic Forum for Latin America and the Caribbean, celebrado en Ciudad de Panam\u00e1, <strong>Peter Cerd\u00e1, vicepresidente regional para las Am\u00e9ricas de IATA<\/strong>, destac\u00f3 la necesidad de una mayor inversi\u00f3n en infraestructura de aviaci\u00f3n.<\/p>\n\n<p>\u00abHoy estamos mejor conectados que en cualquier otro momento de nuestra historia, pero la infraestructura no est\u00e1 siguiendo el ritmo de la demanda que requiere la industria del transporte a\u00e9reo y de lo que esperan los pasajeros\u00bb, afirm\u00f3.<\/p>\n\n<p>M\u00e1s all\u00e1 de construir nueva capacidad aeroportuaria, los actores del sector tambi\u00e9n se\u00f1alan la importancia de una mayor integraci\u00f3n tecnol\u00f3gica y de mejorar la eficiencia operativa para reducir los tiempos de tramitaci\u00f3n y mejorar la experiencia del pasajero.<\/p>\n\n<p>Al mismo tiempo, una coordinaci\u00f3n m\u00e1s estrecha entre los gobiernos y el sector privado ser\u00e1 esencial para abordar la fragmentaci\u00f3n regulatoria y desbloquear nuevas oportunidades de conectividad regional.<\/p>\n\n<h2 class=\"wp-block-heading\">Una cuesti\u00f3n de integraci\u00f3n regional<\/h2>\n\n<p>La paradoja de la conectividad a\u00e9rea del Caribe refleja, en \u00faltima instancia, la estructura econ\u00f3mica m\u00e1s amplia de la regi\u00f3n. Las redes de aviaci\u00f3n est\u00e1n fuertemente condicionadas por la demanda del turismo internacional, que prioriza los enlaces directos con los principales mercados externos. <\/p>\n\n<p>Sin embargo, para las econom\u00edas regionales que buscan una integraci\u00f3n m\u00e1s profunda, mejorar la movilidad entre islas sigue siendo un objetivo estrat\u00e9gico. Lograr este equilibrio entre conectividad global y accesibilidad regional ser\u00e1 uno de los retos centrales de la aviaci\u00f3n caribe\u00f1a en los pr\u00f3ximos a\u00f1os. <\/p>\n","protected":false},"excerpt":{"rendered":"<p>El Caribe es una de las regiones tur\u00edsticas con mayor conectividad global del mundo. Cada a\u00f1o, millones de viajeros llegan desde Norteam\u00e9rica y Europa a trav\u00e9s de una densa red de rutas internacionales que enlazan la regi\u00f3n con los principales hubs mundiales. Sin embargo, parad\u00f3jicamente, viajar entre las propias islas del Caribe puede seguir siendo [&hellip;]<\/p>\n","protected":false},"author":5,"featured_media":21450,"comment_status":"open","ping_status":"closed","sticky":false,"template":"","format":"standard","meta":{"footnotes":""},"categories":[99,102],"tags":[],"class_list":["post-21451","post","type-post","status-publish","format-standard","has-post-thumbnail","hentry","category-aviacion","category-conectividad-aerea-y-desarrollo-de-rutas"],"yoast_head":"<!-- This site is optimized with the Yoast SEO plugin v26.9 - https:\/\/yoast.com\/product\/yoast-seo-wordpress\/ -->\n<title>La paradoja de la conectividad a\u00e9rea del Caribe: por qu\u00e9 la regi\u00f3n est\u00e1 mejor conectada con el mundo que consigo misma - LATITUDE 15<\/title>\n<meta name=\"robots\" content=\"index, follow, max-snippet:-1, max-image-preview:large, max-video-preview:-1\" \/>\n<link rel=\"canonical\" href=\"https:\/\/www.latitude-15.com\/es\/la-paradoja-de-la-conectividad-aerea-del-caribe-por-que-la-region-esta-mejor-conectada-con-el-mundo-que-consigo-misma\/\" \/>\n<meta property=\"og:locale\" content=\"es_ES\" \/>\n<meta property=\"og:type\" content=\"article\" \/>\n<meta property=\"og:title\" content=\"La paradoja de la conectividad a\u00e9rea del Caribe: por qu\u00e9 la regi\u00f3n est\u00e1 mejor conectada con el mundo que consigo misma - LATITUDE 15\" \/>\n<meta property=\"og:description\" content=\"El Caribe es una de las regiones tur\u00edsticas con mayor conectividad global del mundo. Cada a\u00f1o, millones de viajeros llegan desde Norteam\u00e9rica y Europa a trav\u00e9s de una densa red de rutas internacionales que enlazan la regi\u00f3n con los principales hubs mundiales. Sin embargo, parad\u00f3jicamente, viajar entre las propias islas del Caribe puede seguir siendo [&hellip;]\" \/>\n<meta property=\"og:url\" content=\"https:\/\/www.latitude-15.com\/es\/la-paradoja-de-la-conectividad-aerea-del-caribe-por-que-la-region-esta-mejor-conectada-con-el-mundo-que-consigo-misma\/\" \/>\n<meta property=\"og:site_name\" content=\"LATITUDE 15\" \/>\n<meta property=\"article:published_time\" content=\"2026-03-11T18:35:00+00:00\" \/>\n<meta property=\"article:modified_time\" content=\"2026-03-11T19:09:03+00:00\" \/>\n<meta property=\"og:image\" content=\"https:\/\/www.latitude-15.com\/wp-content\/uploads\/2026\/03\/pexels-myburgh-2046548.jpg\" \/>\n\t<meta property=\"og:image:width\" content=\"1920\" \/>\n\t<meta property=\"og:image:height\" content=\"1280\" \/>\n\t<meta property=\"og:image:type\" content=\"image\/jpeg\" \/>\n<meta name=\"author\" content=\"Joda J\" \/>\n<meta name=\"twitter:card\" content=\"summary_large_image\" \/>\n<meta name=\"twitter:label1\" content=\"Escrito por\" \/>\n\t<meta name=\"twitter:data1\" content=\"Joda J\" \/>\n\t<meta name=\"twitter:label2\" content=\"Tiempo de lectura\" \/>\n\t<meta name=\"twitter:data2\" content=\"6 minutos\" \/>\n<script type=\"application\/ld+json\" class=\"yoast-schema-graph\">{\"@context\":\"https:\/\/schema.org\",\"@graph\":[{\"@type\":\"Article\",\"@id\":\"https:\/\/www.latitude-15.com\/es\/la-paradoja-de-la-conectividad-aerea-del-caribe-por-que-la-region-esta-mejor-conectada-con-el-mundo-que-consigo-misma\/#article\",\"isPartOf\":{\"@id\":\"https:\/\/www.latitude-15.com\/es\/la-paradoja-de-la-conectividad-aerea-del-caribe-por-que-la-region-esta-mejor-conectada-con-el-mundo-que-consigo-misma\/\"},\"author\":{\"name\":\"Joda J\",\"@id\":\"https:\/\/www.latitude-15.com\/es\/#\/schema\/person\/dac52e7ff44c78317f337da112e37252\"},\"headline\":\"La paradoja de la conectividad a\u00e9rea del Caribe: por qu\u00e9 la regi\u00f3n est\u00e1 mejor conectada con el mundo que consigo misma\",\"datePublished\":\"2026-03-11T18:35:00+00:00\",\"dateModified\":\"2026-03-11T19:09:03+00:00\",\"mainEntityOfPage\":{\"@id\":\"https:\/\/www.latitude-15.com\/es\/la-paradoja-de-la-conectividad-aerea-del-caribe-por-que-la-region-esta-mejor-conectada-con-el-mundo-que-consigo-misma\/\"},\"wordCount\":1247,\"commentCount\":0,\"publisher\":{\"@id\":\"https:\/\/www.latitude-15.com\/es\/#organization\"},\"image\":{\"@id\":\"https:\/\/www.latitude-15.com\/es\/la-paradoja-de-la-conectividad-aerea-del-caribe-por-que-la-region-esta-mejor-conectada-con-el-mundo-que-consigo-misma\/#primaryimage\"},\"thumbnailUrl\":\"https:\/\/www.latitude-15.com\/wp-content\/uploads\/2026\/03\/pexels-myburgh-2046548.jpg\",\"articleSection\":[\"AVIACI\u00d3N\",\"Conectividad a\u00e9rea y Atractivo territorial\"],\"inLanguage\":\"es\",\"potentialAction\":[{\"@type\":\"CommentAction\",\"name\":\"Comment\",\"target\":[\"https:\/\/www.latitude-15.com\/es\/la-paradoja-de-la-conectividad-aerea-del-caribe-por-que-la-region-esta-mejor-conectada-con-el-mundo-que-consigo-misma\/#respond\"]}]},{\"@type\":\"WebPage\",\"@id\":\"https:\/\/www.latitude-15.com\/es\/la-paradoja-de-la-conectividad-aerea-del-caribe-por-que-la-region-esta-mejor-conectada-con-el-mundo-que-consigo-misma\/\",\"url\":\"https:\/\/www.latitude-15.com\/es\/la-paradoja-de-la-conectividad-aerea-del-caribe-por-que-la-region-esta-mejor-conectada-con-el-mundo-que-consigo-misma\/\",\"name\":\"La paradoja de la conectividad a\u00e9rea del Caribe: por qu\u00e9 la regi\u00f3n est\u00e1 mejor conectada con el mundo que consigo misma - LATITUDE 15\",\"isPartOf\":{\"@id\":\"https:\/\/www.latitude-15.com\/es\/#website\"},\"primaryImageOfPage\":{\"@id\":\"https:\/\/www.latitude-15.com\/es\/la-paradoja-de-la-conectividad-aerea-del-caribe-por-que-la-region-esta-mejor-conectada-con-el-mundo-que-consigo-misma\/#primaryimage\"},\"image\":{\"@id\":\"https:\/\/www.latitude-15.com\/es\/la-paradoja-de-la-conectividad-aerea-del-caribe-por-que-la-region-esta-mejor-conectada-con-el-mundo-que-consigo-misma\/#primaryimage\"},\"thumbnailUrl\":\"https:\/\/www.latitude-15.com\/wp-content\/uploads\/2026\/03\/pexels-myburgh-2046548.jpg\",\"datePublished\":\"2026-03-11T18:35:00+00:00\",\"dateModified\":\"2026-03-11T19:09:03+00:00\",\"breadcrumb\":{\"@id\":\"https:\/\/www.latitude-15.com\/es\/la-paradoja-de-la-conectividad-aerea-del-caribe-por-que-la-region-esta-mejor-conectada-con-el-mundo-que-consigo-misma\/#breadcrumb\"},\"inLanguage\":\"es\",\"potentialAction\":[{\"@type\":\"ReadAction\",\"target\":[\"https:\/\/www.latitude-15.com\/es\/la-paradoja-de-la-conectividad-aerea-del-caribe-por-que-la-region-esta-mejor-conectada-con-el-mundo-que-consigo-misma\/\"]}]},{\"@type\":\"ImageObject\",\"inLanguage\":\"es\",\"@id\":\"https:\/\/www.latitude-15.com\/es\/la-paradoja-de-la-conectividad-aerea-del-caribe-por-que-la-region-esta-mejor-conectada-con-el-mundo-que-consigo-misma\/#primaryimage\",\"url\":\"https:\/\/www.latitude-15.com\/wp-content\/uploads\/2026\/03\/pexels-myburgh-2046548.jpg\",\"contentUrl\":\"https:\/\/www.latitude-15.com\/wp-content\/uploads\/2026\/03\/pexels-myburgh-2046548.jpg\",\"width\":1920,\"height\":1280},{\"@type\":\"BreadcrumbList\",\"@id\":\"https:\/\/www.latitude-15.com\/es\/la-paradoja-de-la-conectividad-aerea-del-caribe-por-que-la-region-esta-mejor-conectada-con-el-mundo-que-consigo-misma\/#breadcrumb\",\"itemListElement\":[{\"@type\":\"ListItem\",\"position\":1,\"name\":\"Home\",\"item\":\"https:\/\/www.latitude-15.com\/es\/inicio\/\"},{\"@type\":\"ListItem\",\"position\":2,\"name\":\"La paradoja de la conectividad a\u00e9rea del Caribe: por qu\u00e9 la regi\u00f3n est\u00e1 mejor conectada con el mundo que consigo misma\"}]},{\"@type\":\"WebSite\",\"@id\":\"https:\/\/www.latitude-15.com\/es\/#website\",\"url\":\"https:\/\/www.latitude-15.com\/es\/\",\"name\":\"LATITUDE 15\",\"description\":\"Aviation and maritime Magazine - Caribbean &amp; Latin America\",\"publisher\":{\"@id\":\"https:\/\/www.latitude-15.com\/es\/#organization\"},\"potentialAction\":[{\"@type\":\"SearchAction\",\"target\":{\"@type\":\"EntryPoint\",\"urlTemplate\":\"https:\/\/www.latitude-15.com\/es\/?s={search_term_string}\"},\"query-input\":{\"@type\":\"PropertyValueSpecification\",\"valueRequired\":true,\"valueName\":\"search_term_string\"}}],\"inLanguage\":\"es\"},{\"@type\":\"Organization\",\"@id\":\"https:\/\/www.latitude-15.com\/es\/#organization\",\"name\":\"LATITUDE 15\",\"url\":\"https:\/\/www.latitude-15.com\/es\/\",\"logo\":{\"@type\":\"ImageObject\",\"inLanguage\":\"es\",\"@id\":\"https:\/\/www.latitude-15.com\/es\/#\/schema\/logo\/image\/\",\"url\":\"https:\/\/www.latitude-15.com\/wp-content\/uploads\/2026\/01\/cropped-logox500px.png\",\"contentUrl\":\"https:\/\/www.latitude-15.com\/wp-content\/uploads\/2026\/01\/cropped-logox500px.png\",\"width\":62,\"height\":75,\"caption\":\"LATITUDE 15\"},\"image\":{\"@id\":\"https:\/\/www.latitude-15.com\/es\/#\/schema\/logo\/image\/\"}},{\"@type\":\"Person\",\"@id\":\"https:\/\/www.latitude-15.com\/es\/#\/schema\/person\/dac52e7ff44c78317f337da112e37252\",\"name\":\"Joda J\",\"image\":{\"@type\":\"ImageObject\",\"inLanguage\":\"es\",\"@id\":\"https:\/\/www.latitude-15.com\/es\/#\/schema\/person\/image\/\",\"url\":\"https:\/\/secure.gravatar.com\/avatar\/6b1feae555e15404b76616f92d931d12b25ac58024f14ccb43d9d3c012e4c4cf?s=96&d=mm&r=g\",\"contentUrl\":\"https:\/\/secure.gravatar.com\/avatar\/6b1feae555e15404b76616f92d931d12b25ac58024f14ccb43d9d3c012e4c4cf?s=96&d=mm&r=g\",\"caption\":\"Joda J\"},\"url\":\"https:\/\/www.latitude-15.com\/es\/author\/joda\/\"}]}<\/script>\n<!-- \/ Yoast SEO plugin. -->","yoast_head_json":{"title":"La paradoja de la conectividad a\u00e9rea del Caribe: por qu\u00e9 la regi\u00f3n est\u00e1 mejor conectada con el mundo que consigo misma - LATITUDE 15","robots":{"index":"index","follow":"follow","max-snippet":"max-snippet:-1","max-image-preview":"max-image-preview:large","max-video-preview":"max-video-preview:-1"},"canonical":"https:\/\/www.latitude-15.com\/es\/la-paradoja-de-la-conectividad-aerea-del-caribe-por-que-la-region-esta-mejor-conectada-con-el-mundo-que-consigo-misma\/","og_locale":"es_ES","og_type":"article","og_title":"La paradoja de la conectividad a\u00e9rea del Caribe: por qu\u00e9 la regi\u00f3n est\u00e1 mejor conectada con el mundo que consigo misma - LATITUDE 15","og_description":"El Caribe es una de las regiones tur\u00edsticas con mayor conectividad global del mundo. Cada a\u00f1o, millones de viajeros llegan desde Norteam\u00e9rica y Europa a trav\u00e9s de una densa red de rutas internacionales que enlazan la regi\u00f3n con los principales hubs mundiales. Sin embargo, parad\u00f3jicamente, viajar entre las propias islas del Caribe puede seguir siendo [&hellip;]","og_url":"https:\/\/www.latitude-15.com\/es\/la-paradoja-de-la-conectividad-aerea-del-caribe-por-que-la-region-esta-mejor-conectada-con-el-mundo-que-consigo-misma\/","og_site_name":"LATITUDE 15","article_published_time":"2026-03-11T18:35:00+00:00","article_modified_time":"2026-03-11T19:09:03+00:00","og_image":[{"width":1920,"height":1280,"url":"https:\/\/www.latitude-15.com\/wp-content\/uploads\/2026\/03\/pexels-myburgh-2046548.jpg","type":"image\/jpeg"}],"author":"Joda J","twitter_card":"summary_large_image","twitter_misc":{"Escrito por":"Joda J","Tiempo de lectura":"6 minutos"},"schema":{"@context":"https:\/\/schema.org","@graph":[{"@type":"Article","@id":"https:\/\/www.latitude-15.com\/es\/la-paradoja-de-la-conectividad-aerea-del-caribe-por-que-la-region-esta-mejor-conectada-con-el-mundo-que-consigo-misma\/#article","isPartOf":{"@id":"https:\/\/www.latitude-15.com\/es\/la-paradoja-de-la-conectividad-aerea-del-caribe-por-que-la-region-esta-mejor-conectada-con-el-mundo-que-consigo-misma\/"},"author":{"name":"Joda J","@id":"https:\/\/www.latitude-15.com\/es\/#\/schema\/person\/dac52e7ff44c78317f337da112e37252"},"headline":"La paradoja de la conectividad a\u00e9rea del Caribe: por qu\u00e9 la regi\u00f3n est\u00e1 mejor conectada con el mundo que consigo misma","datePublished":"2026-03-11T18:35:00+00:00","dateModified":"2026-03-11T19:09:03+00:00","mainEntityOfPage":{"@id":"https:\/\/www.latitude-15.com\/es\/la-paradoja-de-la-conectividad-aerea-del-caribe-por-que-la-region-esta-mejor-conectada-con-el-mundo-que-consigo-misma\/"},"wordCount":1247,"commentCount":0,"publisher":{"@id":"https:\/\/www.latitude-15.com\/es\/#organization"},"image":{"@id":"https:\/\/www.latitude-15.com\/es\/la-paradoja-de-la-conectividad-aerea-del-caribe-por-que-la-region-esta-mejor-conectada-con-el-mundo-que-consigo-misma\/#primaryimage"},"thumbnailUrl":"https:\/\/www.latitude-15.com\/wp-content\/uploads\/2026\/03\/pexels-myburgh-2046548.jpg","articleSection":["AVIACI\u00d3N","Conectividad a\u00e9rea y Atractivo territorial"],"inLanguage":"es","potentialAction":[{"@type":"CommentAction","name":"Comment","target":["https:\/\/www.latitude-15.com\/es\/la-paradoja-de-la-conectividad-aerea-del-caribe-por-que-la-region-esta-mejor-conectada-con-el-mundo-que-consigo-misma\/#respond"]}]},{"@type":"WebPage","@id":"https:\/\/www.latitude-15.com\/es\/la-paradoja-de-la-conectividad-aerea-del-caribe-por-que-la-region-esta-mejor-conectada-con-el-mundo-que-consigo-misma\/","url":"https:\/\/www.latitude-15.com\/es\/la-paradoja-de-la-conectividad-aerea-del-caribe-por-que-la-region-esta-mejor-conectada-con-el-mundo-que-consigo-misma\/","name":"La paradoja de la conectividad a\u00e9rea del Caribe: por qu\u00e9 la regi\u00f3n est\u00e1 mejor conectada con el mundo que consigo misma - LATITUDE 15","isPartOf":{"@id":"https:\/\/www.latitude-15.com\/es\/#website"},"primaryImageOfPage":{"@id":"https:\/\/www.latitude-15.com\/es\/la-paradoja-de-la-conectividad-aerea-del-caribe-por-que-la-region-esta-mejor-conectada-con-el-mundo-que-consigo-misma\/#primaryimage"},"image":{"@id":"https:\/\/www.latitude-15.com\/es\/la-paradoja-de-la-conectividad-aerea-del-caribe-por-que-la-region-esta-mejor-conectada-con-el-mundo-que-consigo-misma\/#primaryimage"},"thumbnailUrl":"https:\/\/www.latitude-15.com\/wp-content\/uploads\/2026\/03\/pexels-myburgh-2046548.jpg","datePublished":"2026-03-11T18:35:00+00:00","dateModified":"2026-03-11T19:09:03+00:00","breadcrumb":{"@id":"https:\/\/www.latitude-15.com\/es\/la-paradoja-de-la-conectividad-aerea-del-caribe-por-que-la-region-esta-mejor-conectada-con-el-mundo-que-consigo-misma\/#breadcrumb"},"inLanguage":"es","potentialAction":[{"@type":"ReadAction","target":["https:\/\/www.latitude-15.com\/es\/la-paradoja-de-la-conectividad-aerea-del-caribe-por-que-la-region-esta-mejor-conectada-con-el-mundo-que-consigo-misma\/"]}]},{"@type":"ImageObject","inLanguage":"es","@id":"https:\/\/www.latitude-15.com\/es\/la-paradoja-de-la-conectividad-aerea-del-caribe-por-que-la-region-esta-mejor-conectada-con-el-mundo-que-consigo-misma\/#primaryimage","url":"https:\/\/www.latitude-15.com\/wp-content\/uploads\/2026\/03\/pexels-myburgh-2046548.jpg","contentUrl":"https:\/\/www.latitude-15.com\/wp-content\/uploads\/2026\/03\/pexels-myburgh-2046548.jpg","width":1920,"height":1280},{"@type":"BreadcrumbList","@id":"https:\/\/www.latitude-15.com\/es\/la-paradoja-de-la-conectividad-aerea-del-caribe-por-que-la-region-esta-mejor-conectada-con-el-mundo-que-consigo-misma\/#breadcrumb","itemListElement":[{"@type":"ListItem","position":1,"name":"Home","item":"https:\/\/www.latitude-15.com\/es\/inicio\/"},{"@type":"ListItem","position":2,"name":"La paradoja de la conectividad a\u00e9rea del Caribe: por qu\u00e9 la regi\u00f3n est\u00e1 mejor conectada con el mundo que consigo misma"}]},{"@type":"WebSite","@id":"https:\/\/www.latitude-15.com\/es\/#website","url":"https:\/\/www.latitude-15.com\/es\/","name":"LATITUDE 15","description":"Aviation and maritime Magazine - Caribbean &amp; Latin America","publisher":{"@id":"https:\/\/www.latitude-15.com\/es\/#organization"},"potentialAction":[{"@type":"SearchAction","target":{"@type":"EntryPoint","urlTemplate":"https:\/\/www.latitude-15.com\/es\/?s={search_term_string}"},"query-input":{"@type":"PropertyValueSpecification","valueRequired":true,"valueName":"search_term_string"}}],"inLanguage":"es"},{"@type":"Organization","@id":"https:\/\/www.latitude-15.com\/es\/#organization","name":"LATITUDE 15","url":"https:\/\/www.latitude-15.com\/es\/","logo":{"@type":"ImageObject","inLanguage":"es","@id":"https:\/\/www.latitude-15.com\/es\/#\/schema\/logo\/image\/","url":"https:\/\/www.latitude-15.com\/wp-content\/uploads\/2026\/01\/cropped-logox500px.png","contentUrl":"https:\/\/www.latitude-15.com\/wp-content\/uploads\/2026\/01\/cropped-logox500px.png","width":62,"height":75,"caption":"LATITUDE 15"},"image":{"@id":"https:\/\/www.latitude-15.com\/es\/#\/schema\/logo\/image\/"}},{"@type":"Person","@id":"https:\/\/www.latitude-15.com\/es\/#\/schema\/person\/dac52e7ff44c78317f337da112e37252","name":"Joda J","image":{"@type":"ImageObject","inLanguage":"es","@id":"https:\/\/www.latitude-15.com\/es\/#\/schema\/person\/image\/","url":"https:\/\/secure.gravatar.com\/avatar\/6b1feae555e15404b76616f92d931d12b25ac58024f14ccb43d9d3c012e4c4cf?s=96&d=mm&r=g","contentUrl":"https:\/\/secure.gravatar.com\/avatar\/6b1feae555e15404b76616f92d931d12b25ac58024f14ccb43d9d3c012e4c4cf?s=96&d=mm&r=g","caption":"Joda J"},"url":"https:\/\/www.latitude-15.com\/es\/author\/joda\/"}]}},"_links":{"self":[{"href":"https:\/\/www.latitude-15.com\/es\/wp-json\/wp\/v2\/posts\/21451","targetHints":{"allow":["GET"]}}],"collection":[{"href":"https:\/\/www.latitude-15.com\/es\/wp-json\/wp\/v2\/posts"}],"about":[{"href":"https:\/\/www.latitude-15.com\/es\/wp-json\/wp\/v2\/types\/post"}],"author":[{"embeddable":true,"href":"https:\/\/www.latitude-15.com\/es\/wp-json\/wp\/v2\/users\/5"}],"replies":[{"embeddable":true,"href":"https:\/\/www.latitude-15.com\/es\/wp-json\/wp\/v2\/comments?post=21451"}],"version-history":[{"count":1,"href":"https:\/\/www.latitude-15.com\/es\/wp-json\/wp\/v2\/posts\/21451\/revisions"}],"predecessor-version":[{"id":21452,"href":"https:\/\/www.latitude-15.com\/es\/wp-json\/wp\/v2\/posts\/21451\/revisions\/21452"}],"wp:featuredmedia":[{"embeddable":true,"href":"https:\/\/www.latitude-15.com\/es\/wp-json\/wp\/v2\/media\/21450"}],"wp:attachment":[{"href":"https:\/\/www.latitude-15.com\/es\/wp-json\/wp\/v2\/media?parent=21451"}],"wp:term":[{"taxonomy":"category","embeddable":true,"href":"https:\/\/www.latitude-15.com\/es\/wp-json\/wp\/v2\/categories?post=21451"},{"taxonomy":"post_tag","embeddable":true,"href":"https:\/\/www.latitude-15.com\/es\/wp-json\/wp\/v2\/tags?post=21451"}],"curies":[{"name":"wp","href":"https:\/\/api.w.org\/{rel}","templated":true}]}}