{"id":21426,"date":"2026-03-11T09:15:50","date_gmt":"2026-03-11T13:15:50","guid":{"rendered":"https:\/\/www.latitude-15.com\/saint-martin-se-reconecta-a-una-red-regional-de-aviacion-en-expansion\/"},"modified":"2026-03-11T09:26:02","modified_gmt":"2026-03-11T13:26:02","slug":"saint-martin-se-reconecta-a-una-red-regional-de-aviacion-en-expansion","status":"publish","type":"post","link":"https:\/\/www.latitude-15.com\/es\/saint-martin-se-reconecta-a-una-red-regional-de-aviacion-en-expansion\/","title":{"rendered":"Saint-Martin se reconecta a una red regional de aviaci\u00f3n en expansi\u00f3n"},"content":{"rendered":"\n<p>La conectividad a\u00e9rea regional sigue siendo uno de los retos estructurales del mercado de la aviaci\u00f3n caribe\u00f1a. La geograf\u00eda fragmentada, unos mercados de pasajeros relativamente peque\u00f1os y los elevados costes operativos han limitado hist\u00f3ricamente el n\u00famero de rutas intrarregionales viables. <\/p>\n\n<p>En este contexto, el regreso de interCaribbean Airways a Saint-Martin representa algo m\u00e1s que la reapertura de una \u00fanica ruta. Forma parte de una estrategia de expansi\u00f3n m\u00e1s amplia orientada a reforzar la movilidad regional en todo el Caribe. <\/p>\n\n<p>La aerol\u00ednea ha lanzado recientemente nuevos servicios que conectan Saint-Martin con Bridgetown y Tortola. Los vuelos a Bridgetown operan dos veces por semana, mientras que el servicio a Tortola tambi\u00e9n se realiza dos veces por semana con aeronaves ATR 42. <\/p>\n\n<p>Aunque de frecuencia modesta, estas conexiones contribuyen a restablecer una capa esencial de conectividad regional, enlazando las islas del norte del Caribe con destinos m\u00e1s al sur.<\/p>\n\n<h2 class=\"wp-block-heading\">Barbados emerge como un hub estrat\u00e9gico del Caribe<\/h2>\n\n<p>Las nuevas rutas a Saint-Martin forman parte de una expansi\u00f3n de red m\u00e1s amplia centrada en Barbados como hub regional en crecimiento.<\/p>\n\n<p>InterCaribbean ha lanzado recientemente servicios adicionales desde Bridgetown a varios destinos del Caribe. Entre ellos se incluye una nueva conexi\u00f3n directa sin escalas entre Barbados y Tortola que opera tres veces por semana, as\u00ed como cuatro vuelos semanales que enlazan Barbados con Puerto Espa\u00f1a, en Trinidad y Tobago. <\/p>\n\n<p>Esta red en expansi\u00f3n posiciona a Barbados como un punto de conexi\u00f3n cada vez m\u00e1s importante dentro de la regi\u00f3n. Al conectar destinos del norte del Caribe como Saint-Martin con mercados del sur, incluidos Trinidad y Tobago, la aerol\u00ednea est\u00e1 construyendo progresivamente una red regional multidireccional. <\/p>\n\n<p>Este tipo de estrategias de hub siguen siendo esenciales en el ecosistema de la aviaci\u00f3n caribe\u00f1a, donde los mercados fragmentados a menudo requieren puertas de enlace intermedias para sostener una conectividad a\u00e9rea viable.<\/p>\n\n<h2 class=\"wp-block-heading\">El papel de Saint-Martin como puerta de entrada en el noreste del Caribe<\/h2>\n\n<p>Dentro de esta arquitectura de red, Saint-Martin sigue desempe\u00f1ando un papel clave en la conexi\u00f3n del noreste del Caribe.<\/p>\n\n<p>Gran parte de esta conectividad gira en torno al Aeropuerto Internacional Princesa Juliana, una de las puertas de entrada a\u00e9reas m\u00e1s conocidas de la regi\u00f3n. El aeropuerto combina servicios internacionales de largo radio con una densa red de rutas regionales, lo que permite a los pasajeros desplazarse entre destinos globales y islas caribe\u00f1as m\u00e1s peque\u00f1as. <\/p>\n\n<p>Los nuevos servicios a Barbados y Tortola refuerzan, por tanto, la funci\u00f3n de Saint-Martin como punto de redistribuci\u00f3n dentro del sistema regional de aviaci\u00f3n. En una geograf\u00eda compuesta por numerosos mercados insulares, estos hubs secundarios son esenciales para mantener los enlaces de viaje en todo el Caribe. <\/p>\n\n<p>Tambi\u00e9n est\u00e1 prevista una conectividad adicional entre Tortola y Saint-Martin, con nuevos vuelos dos veces por semana que se espera que comiencen en breve, reforzando a\u00fan m\u00e1s la movilidad en la subregi\u00f3n del norte del Caribe.<\/p>\n\n<h2 class=\"wp-block-heading\">La movilidad empresarial y el turismo impulsan la demanda a\u00e9rea regional<\/h2>\n\n<p>M\u00e1s all\u00e1 de los flujos tur\u00edsticos, la conectividad a\u00e9rea regional tambi\u00e9n desempe\u00f1a un papel cr\u00edtico en el apoyo a la movilidad econ\u00f3mica entre los mercados caribe\u00f1os.<\/p>\n\n<p>Los l\u00edderes del sector han subrayado que los viajes de negocios siguen siendo un motor clave de la demanda de aviaci\u00f3n intracaribe\u00f1a. Directivos, ingenieros, profesionales financieros y consultores se desplazan con frecuencia entre centros econ\u00f3micos regionales como Trinidad y Tobago, Barbados y otras econom\u00edas insulares. <\/p>\n\n<p>Al mismo tiempo, la mejora de los enlaces a\u00e9reos contribuye a reforzar los intercambios tur\u00edsticos entre los propios destinos caribe\u00f1os, un segmento cada vez m\u00e1s importante para las econom\u00edas insulares que buscan diversificar sus mercados de visitantes.<\/p>\n\n<p>Al ampliar su red regional y modernizar su flota con aeronaves turboh\u00e9lice ATR 42-500, interCaribbean Airways se posiciona para captar esta creciente demanda de conectividad intracaribe\u00f1a fiable.<\/p>\n\n<h2 class=\"wp-block-heading\">Reconstrucci\u00f3n de la red a\u00e9rea regional del Caribe<\/h2>\n\n<p>La renovada expansi\u00f3n de la aerol\u00ednea tambi\u00e9n refleja la reconstrucci\u00f3n gradual del ecosistema de la aviaci\u00f3n regional del Caribe tras las disrupciones causadas por la pandemia de COVID-19.<\/p>\n\n<p>InterCaribbean ya hab\u00eda operado anteriormente servicios a Saint-Martin antes de suspenderlos en 2019. Su regreso se\u00f1ala una renovada confianza en la recuperaci\u00f3n de la demanda de viajes regionales y en la viabilidad de las rutas insulares de corto radio. <\/p>\n\n<p>Aunque la escala de estas operaciones sigue siendo relativamente peque\u00f1a en comparaci\u00f3n con los mercados internacionales de largo radio, estas rutas desempe\u00f1an un papel cr\u00edtico a la hora de tejer la geograf\u00eda fragmentada del Caribe.<\/p>\n\n<p>Para Saint-Martin, la ampliaci\u00f3n de los enlaces a\u00e9reos regionales sigue siendo una palanca estrat\u00e9gica para reforzar su posici\u00f3n dentro de la red en evoluci\u00f3n de hubs de aviaci\u00f3n del Caribe.<\/p>\n","protected":false},"excerpt":{"rendered":"<p>La conectividad a\u00e9rea regional sigue siendo uno de los retos estructurales del mercado de la aviaci\u00f3n caribe\u00f1a. La geograf\u00eda fragmentada, unos mercados de pasajeros relativamente peque\u00f1os y los elevados costes operativos han limitado hist\u00f3ricamente el n\u00famero de rutas intrarregionales viables. En este contexto, el regreso de interCaribbean Airways a Saint-Martin representa algo m\u00e1s que la [&hellip;]<\/p>\n","protected":false},"author":5,"featured_media":21425,"comment_status":"open","ping_status":"closed","sticky":false,"template":"","format":"standard","meta":{"footnotes":""},"categories":[99,102],"tags":[],"class_list":["post-21426","post","type-post","status-publish","format-standard","has-post-thumbnail","hentry","category-aviacion","category-conectividad-aerea-y-desarrollo-de-rutas"],"yoast_head":"<!-- This site is optimized with the Yoast SEO plugin v26.9 - https:\/\/yoast.com\/product\/yoast-seo-wordpress\/ -->\n<title>Saint-Martin se reconecta a una red regional de aviaci\u00f3n en expansi\u00f3n - LATITUDE 15<\/title>\n<meta name=\"robots\" content=\"index, follow, max-snippet:-1, max-image-preview:large, max-video-preview:-1\" \/>\n<link rel=\"canonical\" href=\"https:\/\/www.latitude-15.com\/es\/saint-martin-se-reconecta-a-una-red-regional-de-aviacion-en-expansion\/\" \/>\n<meta property=\"og:locale\" content=\"es_ES\" \/>\n<meta property=\"og:type\" content=\"article\" \/>\n<meta property=\"og:title\" content=\"Saint-Martin se reconecta a una red regional de aviaci\u00f3n en expansi\u00f3n - LATITUDE 15\" \/>\n<meta property=\"og:description\" content=\"La conectividad a\u00e9rea regional sigue siendo uno de los retos estructurales del mercado de la aviaci\u00f3n caribe\u00f1a. La geograf\u00eda fragmentada, unos mercados de pasajeros relativamente peque\u00f1os y los elevados costes operativos han limitado hist\u00f3ricamente el n\u00famero de rutas intrarregionales viables. En este contexto, el regreso de interCaribbean Airways a Saint-Martin representa algo m\u00e1s que la [&hellip;]\" \/>\n<meta property=\"og:url\" content=\"https:\/\/www.latitude-15.com\/es\/saint-martin-se-reconecta-a-una-red-regional-de-aviacion-en-expansion\/\" \/>\n<meta property=\"og:site_name\" content=\"LATITUDE 15\" \/>\n<meta property=\"article:published_time\" content=\"2026-03-11T13:15:50+00:00\" \/>\n<meta property=\"article:modified_time\" content=\"2026-03-11T13:26:02+00:00\" \/>\n<meta property=\"og:image\" content=\"https:\/\/www.latitude-15.com\/wp-content\/uploads\/2026\/03\/Spirit-Barbados-L.png\" \/>\n\t<meta property=\"og:image:width\" content=\"1000\" \/>\n\t<meta property=\"og:image:height\" content=\"650\" \/>\n\t<meta property=\"og:image:type\" content=\"image\/png\" \/>\n<meta name=\"author\" content=\"Joda J\" \/>\n<meta name=\"twitter:card\" content=\"summary_large_image\" \/>\n<meta name=\"twitter:label1\" content=\"Escrito por\" \/>\n\t<meta name=\"twitter:data1\" content=\"Joda J\" \/>\n\t<meta name=\"twitter:label2\" content=\"Tiempo de lectura\" \/>\n\t<meta name=\"twitter:data2\" content=\"4 minutos\" \/>\n<script type=\"application\/ld+json\" class=\"yoast-schema-graph\">{\"@context\":\"https:\/\/schema.org\",\"@graph\":[{\"@type\":\"Article\",\"@id\":\"https:\/\/www.latitude-15.com\/es\/saint-martin-se-reconecta-a-una-red-regional-de-aviacion-en-expansion\/#article\",\"isPartOf\":{\"@id\":\"https:\/\/www.latitude-15.com\/es\/saint-martin-se-reconecta-a-una-red-regional-de-aviacion-en-expansion\/\"},\"author\":{\"name\":\"Joda J\",\"@id\":\"https:\/\/www.latitude-15.com\/es\/#\/schema\/person\/dac52e7ff44c78317f337da112e37252\"},\"headline\":\"Saint-Martin se reconecta a una red regional de aviaci\u00f3n en expansi\u00f3n\",\"datePublished\":\"2026-03-11T13:15:50+00:00\",\"dateModified\":\"2026-03-11T13:26:02+00:00\",\"mainEntityOfPage\":{\"@id\":\"https:\/\/www.latitude-15.com\/es\/saint-martin-se-reconecta-a-una-red-regional-de-aviacion-en-expansion\/\"},\"wordCount\":854,\"commentCount\":0,\"publisher\":{\"@id\":\"https:\/\/www.latitude-15.com\/es\/#organization\"},\"image\":{\"@id\":\"https:\/\/www.latitude-15.com\/es\/saint-martin-se-reconecta-a-una-red-regional-de-aviacion-en-expansion\/#primaryimage\"},\"thumbnailUrl\":\"https:\/\/www.latitude-15.com\/wp-content\/uploads\/2026\/03\/Spirit-Barbados-L.png\",\"articleSection\":[\"AVIACI\u00d3N\",\"Conectividad a\u00e9rea y Atractivo territorial\"],\"inLanguage\":\"es\",\"potentialAction\":[{\"@type\":\"CommentAction\",\"name\":\"Comment\",\"target\":[\"https:\/\/www.latitude-15.com\/es\/saint-martin-se-reconecta-a-una-red-regional-de-aviacion-en-expansion\/#respond\"]}]},{\"@type\":\"WebPage\",\"@id\":\"https:\/\/www.latitude-15.com\/es\/saint-martin-se-reconecta-a-una-red-regional-de-aviacion-en-expansion\/\",\"url\":\"https:\/\/www.latitude-15.com\/es\/saint-martin-se-reconecta-a-una-red-regional-de-aviacion-en-expansion\/\",\"name\":\"Saint-Martin se reconecta a una red regional de aviaci\u00f3n en expansi\u00f3n - LATITUDE 15\",\"isPartOf\":{\"@id\":\"https:\/\/www.latitude-15.com\/es\/#website\"},\"primaryImageOfPage\":{\"@id\":\"https:\/\/www.latitude-15.com\/es\/saint-martin-se-reconecta-a-una-red-regional-de-aviacion-en-expansion\/#primaryimage\"},\"image\":{\"@id\":\"https:\/\/www.latitude-15.com\/es\/saint-martin-se-reconecta-a-una-red-regional-de-aviacion-en-expansion\/#primaryimage\"},\"thumbnailUrl\":\"https:\/\/www.latitude-15.com\/wp-content\/uploads\/2026\/03\/Spirit-Barbados-L.png\",\"datePublished\":\"2026-03-11T13:15:50+00:00\",\"dateModified\":\"2026-03-11T13:26:02+00:00\",\"breadcrumb\":{\"@id\":\"https:\/\/www.latitude-15.com\/es\/saint-martin-se-reconecta-a-una-red-regional-de-aviacion-en-expansion\/#breadcrumb\"},\"inLanguage\":\"es\",\"potentialAction\":[{\"@type\":\"ReadAction\",\"target\":[\"https:\/\/www.latitude-15.com\/es\/saint-martin-se-reconecta-a-una-red-regional-de-aviacion-en-expansion\/\"]}]},{\"@type\":\"ImageObject\",\"inLanguage\":\"es\",\"@id\":\"https:\/\/www.latitude-15.com\/es\/saint-martin-se-reconecta-a-una-red-regional-de-aviacion-en-expansion\/#primaryimage\",\"url\":\"https:\/\/www.latitude-15.com\/wp-content\/uploads\/2026\/03\/Spirit-Barbados-L.png\",\"contentUrl\":\"https:\/\/www.latitude-15.com\/wp-content\/uploads\/2026\/03\/Spirit-Barbados-L.png\",\"width\":1000,\"height\":650,\"caption\":\"Aeronave \u201cSpirit of Barbados\u201d - (c) InterCarribean\"},{\"@type\":\"BreadcrumbList\",\"@id\":\"https:\/\/www.latitude-15.com\/es\/saint-martin-se-reconecta-a-una-red-regional-de-aviacion-en-expansion\/#breadcrumb\",\"itemListElement\":[{\"@type\":\"ListItem\",\"position\":1,\"name\":\"Home\",\"item\":\"https:\/\/www.latitude-15.com\/es\/inicio\/\"},{\"@type\":\"ListItem\",\"position\":2,\"name\":\"Saint-Martin se reconecta a una red regional de aviaci\u00f3n en expansi\u00f3n\"}]},{\"@type\":\"WebSite\",\"@id\":\"https:\/\/www.latitude-15.com\/es\/#website\",\"url\":\"https:\/\/www.latitude-15.com\/es\/\",\"name\":\"LATITUDE 15\",\"description\":\"Aviation and maritime Magazine - Caribbean &amp; Latin America\",\"publisher\":{\"@id\":\"https:\/\/www.latitude-15.com\/es\/#organization\"},\"potentialAction\":[{\"@type\":\"SearchAction\",\"target\":{\"@type\":\"EntryPoint\",\"urlTemplate\":\"https:\/\/www.latitude-15.com\/es\/?s={search_term_string}\"},\"query-input\":{\"@type\":\"PropertyValueSpecification\",\"valueRequired\":true,\"valueName\":\"search_term_string\"}}],\"inLanguage\":\"es\"},{\"@type\":\"Organization\",\"@id\":\"https:\/\/www.latitude-15.com\/es\/#organization\",\"name\":\"LATITUDE 15\",\"url\":\"https:\/\/www.latitude-15.com\/es\/\",\"logo\":{\"@type\":\"ImageObject\",\"inLanguage\":\"es\",\"@id\":\"https:\/\/www.latitude-15.com\/es\/#\/schema\/logo\/image\/\",\"url\":\"https:\/\/www.latitude-15.com\/wp-content\/uploads\/2026\/01\/cropped-logox500px.png\",\"contentUrl\":\"https:\/\/www.latitude-15.com\/wp-content\/uploads\/2026\/01\/cropped-logox500px.png\",\"width\":62,\"height\":75,\"caption\":\"LATITUDE 15\"},\"image\":{\"@id\":\"https:\/\/www.latitude-15.com\/es\/#\/schema\/logo\/image\/\"}},{\"@type\":\"Person\",\"@id\":\"https:\/\/www.latitude-15.com\/es\/#\/schema\/person\/dac52e7ff44c78317f337da112e37252\",\"name\":\"Joda J\",\"image\":{\"@type\":\"ImageObject\",\"inLanguage\":\"es\",\"@id\":\"https:\/\/www.latitude-15.com\/es\/#\/schema\/person\/image\/\",\"url\":\"https:\/\/secure.gravatar.com\/avatar\/6b1feae555e15404b76616f92d931d12b25ac58024f14ccb43d9d3c012e4c4cf?s=96&d=mm&r=g\",\"contentUrl\":\"https:\/\/secure.gravatar.com\/avatar\/6b1feae555e15404b76616f92d931d12b25ac58024f14ccb43d9d3c012e4c4cf?s=96&d=mm&r=g\",\"caption\":\"Joda J\"},\"url\":\"https:\/\/www.latitude-15.com\/es\/author\/joda\/\"}]}<\/script>\n<!-- \/ Yoast SEO plugin. -->","yoast_head_json":{"title":"Saint-Martin se reconecta a una red regional de aviaci\u00f3n en expansi\u00f3n - LATITUDE 15","robots":{"index":"index","follow":"follow","max-snippet":"max-snippet:-1","max-image-preview":"max-image-preview:large","max-video-preview":"max-video-preview:-1"},"canonical":"https:\/\/www.latitude-15.com\/es\/saint-martin-se-reconecta-a-una-red-regional-de-aviacion-en-expansion\/","og_locale":"es_ES","og_type":"article","og_title":"Saint-Martin se reconecta a una red regional de aviaci\u00f3n en expansi\u00f3n - LATITUDE 15","og_description":"La conectividad a\u00e9rea regional sigue siendo uno de los retos estructurales del mercado de la aviaci\u00f3n caribe\u00f1a. La geograf\u00eda fragmentada, unos mercados de pasajeros relativamente peque\u00f1os y los elevados costes operativos han limitado hist\u00f3ricamente el n\u00famero de rutas intrarregionales viables. En este contexto, el regreso de interCaribbean Airways a Saint-Martin representa algo m\u00e1s que la [&hellip;]","og_url":"https:\/\/www.latitude-15.com\/es\/saint-martin-se-reconecta-a-una-red-regional-de-aviacion-en-expansion\/","og_site_name":"LATITUDE 15","article_published_time":"2026-03-11T13:15:50+00:00","article_modified_time":"2026-03-11T13:26:02+00:00","og_image":[{"width":1000,"height":650,"url":"https:\/\/www.latitude-15.com\/wp-content\/uploads\/2026\/03\/Spirit-Barbados-L.png","type":"image\/png"}],"author":"Joda J","twitter_card":"summary_large_image","twitter_misc":{"Escrito por":"Joda J","Tiempo de lectura":"4 minutos"},"schema":{"@context":"https:\/\/schema.org","@graph":[{"@type":"Article","@id":"https:\/\/www.latitude-15.com\/es\/saint-martin-se-reconecta-a-una-red-regional-de-aviacion-en-expansion\/#article","isPartOf":{"@id":"https:\/\/www.latitude-15.com\/es\/saint-martin-se-reconecta-a-una-red-regional-de-aviacion-en-expansion\/"},"author":{"name":"Joda J","@id":"https:\/\/www.latitude-15.com\/es\/#\/schema\/person\/dac52e7ff44c78317f337da112e37252"},"headline":"Saint-Martin se reconecta a una red regional de aviaci\u00f3n en expansi\u00f3n","datePublished":"2026-03-11T13:15:50+00:00","dateModified":"2026-03-11T13:26:02+00:00","mainEntityOfPage":{"@id":"https:\/\/www.latitude-15.com\/es\/saint-martin-se-reconecta-a-una-red-regional-de-aviacion-en-expansion\/"},"wordCount":854,"commentCount":0,"publisher":{"@id":"https:\/\/www.latitude-15.com\/es\/#organization"},"image":{"@id":"https:\/\/www.latitude-15.com\/es\/saint-martin-se-reconecta-a-una-red-regional-de-aviacion-en-expansion\/#primaryimage"},"thumbnailUrl":"https:\/\/www.latitude-15.com\/wp-content\/uploads\/2026\/03\/Spirit-Barbados-L.png","articleSection":["AVIACI\u00d3N","Conectividad a\u00e9rea y Atractivo territorial"],"inLanguage":"es","potentialAction":[{"@type":"CommentAction","name":"Comment","target":["https:\/\/www.latitude-15.com\/es\/saint-martin-se-reconecta-a-una-red-regional-de-aviacion-en-expansion\/#respond"]}]},{"@type":"WebPage","@id":"https:\/\/www.latitude-15.com\/es\/saint-martin-se-reconecta-a-una-red-regional-de-aviacion-en-expansion\/","url":"https:\/\/www.latitude-15.com\/es\/saint-martin-se-reconecta-a-una-red-regional-de-aviacion-en-expansion\/","name":"Saint-Martin se reconecta a una red regional de aviaci\u00f3n en expansi\u00f3n - LATITUDE 15","isPartOf":{"@id":"https:\/\/www.latitude-15.com\/es\/#website"},"primaryImageOfPage":{"@id":"https:\/\/www.latitude-15.com\/es\/saint-martin-se-reconecta-a-una-red-regional-de-aviacion-en-expansion\/#primaryimage"},"image":{"@id":"https:\/\/www.latitude-15.com\/es\/saint-martin-se-reconecta-a-una-red-regional-de-aviacion-en-expansion\/#primaryimage"},"thumbnailUrl":"https:\/\/www.latitude-15.com\/wp-content\/uploads\/2026\/03\/Spirit-Barbados-L.png","datePublished":"2026-03-11T13:15:50+00:00","dateModified":"2026-03-11T13:26:02+00:00","breadcrumb":{"@id":"https:\/\/www.latitude-15.com\/es\/saint-martin-se-reconecta-a-una-red-regional-de-aviacion-en-expansion\/#breadcrumb"},"inLanguage":"es","potentialAction":[{"@type":"ReadAction","target":["https:\/\/www.latitude-15.com\/es\/saint-martin-se-reconecta-a-una-red-regional-de-aviacion-en-expansion\/"]}]},{"@type":"ImageObject","inLanguage":"es","@id":"https:\/\/www.latitude-15.com\/es\/saint-martin-se-reconecta-a-una-red-regional-de-aviacion-en-expansion\/#primaryimage","url":"https:\/\/www.latitude-15.com\/wp-content\/uploads\/2026\/03\/Spirit-Barbados-L.png","contentUrl":"https:\/\/www.latitude-15.com\/wp-content\/uploads\/2026\/03\/Spirit-Barbados-L.png","width":1000,"height":650,"caption":"Aeronave \u201cSpirit of Barbados\u201d - (c) InterCarribean"},{"@type":"BreadcrumbList","@id":"https:\/\/www.latitude-15.com\/es\/saint-martin-se-reconecta-a-una-red-regional-de-aviacion-en-expansion\/#breadcrumb","itemListElement":[{"@type":"ListItem","position":1,"name":"Home","item":"https:\/\/www.latitude-15.com\/es\/inicio\/"},{"@type":"ListItem","position":2,"name":"Saint-Martin se reconecta a una red regional de aviaci\u00f3n en expansi\u00f3n"}]},{"@type":"WebSite","@id":"https:\/\/www.latitude-15.com\/es\/#website","url":"https:\/\/www.latitude-15.com\/es\/","name":"LATITUDE 15","description":"Aviation and maritime Magazine - Caribbean &amp; Latin America","publisher":{"@id":"https:\/\/www.latitude-15.com\/es\/#organization"},"potentialAction":[{"@type":"SearchAction","target":{"@type":"EntryPoint","urlTemplate":"https:\/\/www.latitude-15.com\/es\/?s={search_term_string}"},"query-input":{"@type":"PropertyValueSpecification","valueRequired":true,"valueName":"search_term_string"}}],"inLanguage":"es"},{"@type":"Organization","@id":"https:\/\/www.latitude-15.com\/es\/#organization","name":"LATITUDE 15","url":"https:\/\/www.latitude-15.com\/es\/","logo":{"@type":"ImageObject","inLanguage":"es","@id":"https:\/\/www.latitude-15.com\/es\/#\/schema\/logo\/image\/","url":"https:\/\/www.latitude-15.com\/wp-content\/uploads\/2026\/01\/cropped-logox500px.png","contentUrl":"https:\/\/www.latitude-15.com\/wp-content\/uploads\/2026\/01\/cropped-logox500px.png","width":62,"height":75,"caption":"LATITUDE 15"},"image":{"@id":"https:\/\/www.latitude-15.com\/es\/#\/schema\/logo\/image\/"}},{"@type":"Person","@id":"https:\/\/www.latitude-15.com\/es\/#\/schema\/person\/dac52e7ff44c78317f337da112e37252","name":"Joda J","image":{"@type":"ImageObject","inLanguage":"es","@id":"https:\/\/www.latitude-15.com\/es\/#\/schema\/person\/image\/","url":"https:\/\/secure.gravatar.com\/avatar\/6b1feae555e15404b76616f92d931d12b25ac58024f14ccb43d9d3c012e4c4cf?s=96&d=mm&r=g","contentUrl":"https:\/\/secure.gravatar.com\/avatar\/6b1feae555e15404b76616f92d931d12b25ac58024f14ccb43d9d3c012e4c4cf?s=96&d=mm&r=g","caption":"Joda J"},"url":"https:\/\/www.latitude-15.com\/es\/author\/joda\/"}]}},"_links":{"self":[{"href":"https:\/\/www.latitude-15.com\/es\/wp-json\/wp\/v2\/posts\/21426","targetHints":{"allow":["GET"]}}],"collection":[{"href":"https:\/\/www.latitude-15.com\/es\/wp-json\/wp\/v2\/posts"}],"about":[{"href":"https:\/\/www.latitude-15.com\/es\/wp-json\/wp\/v2\/types\/post"}],"author":[{"embeddable":true,"href":"https:\/\/www.latitude-15.com\/es\/wp-json\/wp\/v2\/users\/5"}],"replies":[{"embeddable":true,"href":"https:\/\/www.latitude-15.com\/es\/wp-json\/wp\/v2\/comments?post=21426"}],"version-history":[{"count":1,"href":"https:\/\/www.latitude-15.com\/es\/wp-json\/wp\/v2\/posts\/21426\/revisions"}],"predecessor-version":[{"id":21427,"href":"https:\/\/www.latitude-15.com\/es\/wp-json\/wp\/v2\/posts\/21426\/revisions\/21427"}],"wp:featuredmedia":[{"embeddable":true,"href":"https:\/\/www.latitude-15.com\/es\/wp-json\/wp\/v2\/media\/21425"}],"wp:attachment":[{"href":"https:\/\/www.latitude-15.com\/es\/wp-json\/wp\/v2\/media?parent=21426"}],"wp:term":[{"taxonomy":"category","embeddable":true,"href":"https:\/\/www.latitude-15.com\/es\/wp-json\/wp\/v2\/categories?post=21426"},{"taxonomy":"post_tag","embeddable":true,"href":"https:\/\/www.latitude-15.com\/es\/wp-json\/wp\/v2\/tags?post=21426"}],"curies":[{"name":"wp","href":"https:\/\/api.w.org\/{rel}","templated":true}]}}