{"id":21389,"date":"2026-03-10T22:40:57","date_gmt":"2026-03-11T02:40:57","guid":{"rendered":"https:\/\/www.latitude-15.com\/cma-cgm-duplica-sus-lineas-en-martinica-y-refuerza-la-conectividad-maritima-del-caribe\/"},"modified":"2026-03-11T07:35:18","modified_gmt":"2026-03-11T11:35:18","slug":"cma-cgm-duplica-sus-lineas-en-martinica-y-refuerza-la-conectividad-maritima-del-caribe","status":"publish","type":"post","link":"https:\/\/www.latitude-15.com\/es\/cma-cgm-duplica-sus-lineas-en-martinica-y-refuerza-la-conectividad-maritima-del-caribe\/","title":{"rendered":"CMA CGM duplica sus l\u00edneas en Martinica y refuerza la conectividad mar\u00edtima del Caribe"},"content":{"rendered":"\n<p><em>336 millones de euros de inversiones, una flota de buques de 6.000 TEU y la duplicaci\u00f3n de las l\u00edneas mar\u00edtimas en Fort-de-France de aqu\u00ed a 2027: el grupo marsell\u00e9s transforma Martinica y Guadalupe en plataformas log\u00edsticas regionales y env\u00eda un mensaje directo a los operadores de Am\u00e9rica Latina.<\/em><\/p>\n\n<p><\/p>\n\n<p>Fue frente a un buque de 6.000 TEU iluminado, operando en plena noche, en la novena planta del Poseid\u00f3n, con una vista privilegiada sobre la terminal de Fort-de-France, donde CMA CGM lanz\u00f3 oficialmente su servicio PCRF XL el 9 de marzo. El s\u00edmbolo era deliberado: mostrar, en tiempo real, lo que significa concretamente el hub. El evento reuni\u00f3 al prefecto, a senadores, diputados, al presidente de la CCI, al presidente del Consejo de Supervisi\u00f3n del Grand Port Maritime de Martinique y a numerosos actores econ\u00f3micos del territorio.  <\/p>\n\n<figure class=\"wp-block-image size-large\"><img fetchpriority=\"high\" decoding=\"async\" width=\"919\" height=\"1024\" src=\"https:\/\/www.latitude-15.com\/wp-content\/uploads\/2026\/03\/20260309_193618-919x1024.jpg\" alt=\"\" class=\"wp-image-21341\" style=\"aspect-ratio:0.8974741012112395\" srcset=\"https:\/\/www.latitude-15.com\/wp-content\/uploads\/2026\/03\/20260309_193618-919x1024.jpg 919w, https:\/\/www.latitude-15.com\/wp-content\/uploads\/2026\/03\/20260309_193618-269x300.jpg 269w, https:\/\/www.latitude-15.com\/wp-content\/uploads\/2026\/03\/20260309_193618-768x856.jpg 768w, https:\/\/www.latitude-15.com\/wp-content\/uploads\/2026\/03\/20260309_193618-rotated.jpg 1160w\" sizes=\"(max-width: 919px) 100vw, 919px\" \/><\/figure>\n\n<p><strong><em>\u201cLa ambici\u00f3n es convertir las Antillas francesas en un hub log\u00edstico regional en el coraz\u00f3n del Caribe.\u201d<\/em><\/strong><br\/> \u2014 Bertrand Bey, Director de Relaciones Institucionales, Grupo CMA CGM<\/p>\n\n<p>Este programa se lanz\u00f3 oficialmente el 19 de diciembre de 2023, con una inversi\u00f3n conjunta de 336 millones de euros que moviliza a CMA CGM, al Estado franc\u00e9s y a los dos Grandes Puertos Mar\u00edtimos de Guadalupe y Martinica. El objetivo: elevar la capacidad global de transbordo de ambas islas a alrededor de 300.000 TEU al a\u00f1o, frente a unos 68.000 actualmente \u2014 de los cuales 25.000 para Martinica y 28.000 para Guadalupe. Este proyecto va acompa\u00f1ado de importantes obras portuarias: aumento del calado de 13,50 m a 14,50 m, ampliaci\u00f3n en 150 metros lineales de muelle para el atraque simult\u00e1neo de dos grandes buques y extensi\u00f3n de 2.500 m\u00b2 del patio de contenedores en la zona posterior al muelle.  <\/p>\n\n<figure class=\"wp-block-image size-large\"><img decoding=\"async\" width=\"918\" height=\"1024\" data-src=\"https:\/\/www.latitude-15.com\/wp-content\/uploads\/2026\/03\/20260309_194233-918x1024.jpg\" alt=\"Lo&#xEF;c Bertaudon (Direcci&#xF3;n comercial, ultramar franc&#xE9;s) | Guillaume de Chastellux (Director de las L&#xED;neas Antillas-Guayana) | Bertrand Bey (Vicepresidente de Relaciones Institucionales Francia) | Henri Soupa (Relaciones con la prensa, Grupo CMA CGM)\" class=\"wp-image-21344 lazyload\" data-srcset=\"https:\/\/www.latitude-15.com\/wp-content\/uploads\/2026\/03\/20260309_194233-918x1024.jpg 918w, https:\/\/www.latitude-15.com\/wp-content\/uploads\/2026\/03\/20260309_194233-269x300.jpg 269w, https:\/\/www.latitude-15.com\/wp-content\/uploads\/2026\/03\/20260309_194233-768x856.jpg 768w, https:\/\/www.latitude-15.com\/wp-content\/uploads\/2026\/03\/20260309_194233-rotated.jpg 1008w\" data-sizes=\"(max-width: 918px) 100vw, 918px\" src=\"data:image\/svg+xml;base64,PHN2ZyB3aWR0aD0iMSIgaGVpZ2h0PSIxIiB4bWxucz0iaHR0cDovL3d3dy53My5vcmcvMjAwMC9zdmciPjwvc3ZnPg==\" style=\"--smush-placeholder-width: 918px; --smush-placeholder-aspect-ratio: 918\/1024;\" \/><figcaption class=\"wp-element-caption\"><em>Catherine BOURGAIS (Coordinaci\u00f3n de los territorios de ultramar &#8211; DROM-COM) | Lo\u00efc Bertaudon (Direcci\u00f3n comercial, ultramar franc\u00e9s) | Guillaume de Chastellux (Director de las L\u00edneas Antillas-Guayana) | Bertrand Bey (Vicepresidente de Relaciones Institucionales Francia) | Henri Soupa (Relaciones con la prensa, Grupo CMA CGM)<\/em><\/figcaption><\/figure>\n\n<figure class=\"wp-block-table\"><table class=\"has-fixed-layout\"><tbody><tr><td><strong>HUB CMA CGM \u2014 MARTINICA &amp; GUADALUPE \u00b7 CIFRAS CLAVE<\/strong><\/td><\/tr><tr><td><strong>Inversi\u00f3n total: <\/strong>336 M\u20ac (de los cuales 257 M\u20ac en infraestructuras p\u00fablicas)<\/td><\/tr><tr><td><strong>Capacidad objetivo: <\/strong>300.000 TEU adicionales\/a\u00f1o \u2014 vs. ~68.000 hoy (~25.000 Martinica, ~28.000 Guadalupe) <\/td><\/tr><tr><td><strong>L\u00edneas CMA CGM en Fort-de-France: <\/strong>3 hoy \u2192 6 en 2027<\/td><\/tr><tr><td><strong>L\u00edneas CMA CGM en la zona del Caribe: <\/strong>19 en total<\/td><\/tr><tr><td><strong>Flota PCRF XL: <\/strong>7 buques de 6.000 TEU \u2014 vs. 6 buques en la configuraci\u00f3n anterior<\/td><\/tr><tr><td><strong>Tr\u00e1nsito Le Havre\u2013Martinica: <\/strong>9 d\u00edas (2 d\u00edas menos) \u00b7 Dunkerque: 13 d\u00edas (4 d\u00edas menos)<\/td><\/tr><tr><td><strong>Tomas reefer: <\/strong>800 (vs. 200 antes del proyecto)<\/td><\/tr><tr><td><strong>P\u00f3rticos portuarios h\u00edbridos: <\/strong>6 unidades entregadas en Martinica<\/td><\/tr><tr><td><strong>Calado Martinica: <\/strong>13,50 m \u2192 14,50 m (finales de 2026)<\/td><\/tr><tr><td><strong>Horizonte de finalizaci\u00f3n: <\/strong>2027<\/td><\/tr><\/tbody><\/table><\/figure>\n\n<p><\/p>\n\n<h2 class=\"wp-block-heading\"><strong>De 1.700 a 6.000 TEU: tres generaciones de buques en 20 a\u00f1os<\/strong><\/h2>\n\n<p>Guillaume de Chastellux, Director de las L\u00edneas Antillas-Guayana, repas\u00f3 durante el lanzamiento la evoluci\u00f3n de la flota: 1.700 TEU hasta 2006, 2.200 TEU de 2006 a 2019 con las series Fort-Saint-Charles y Fort-Saint-Georges, y despu\u00e9s 3.500 TEU hasta 2025. Desde enero de 2026, siete buques de 6.000 TEU est\u00e1n desplegados en el servicio PCRF XL \u2014 el \u00faltimo de la serie se incorpor\u00f3 al dispositivo a principios de mes. <\/p>\n\n<p>La l\u00ednea operaba hasta entonces con seis buques. Ahora cuenta con siete. Este buque adicional aporta margen de seguridad en la rotaci\u00f3n \u2014 cuatro d\u00edas en el norte de Europa, tres d\u00edas en la zona caribe\u00f1a\u2014 para mantener el calendario frente a las contingencias meteorol\u00f3gicas. No es un detalle: ocho eventos clim\u00e1ticos mayores perturbaron el transporte mar\u00edtimo europeo entre el 15 de diciembre de 2025 y el 8 de febrero de 2026.   <\/p>\n\n<p>La reestructuraci\u00f3n de la rotaci\u00f3n produce dos efectos directos e inmediatos para los operadores econ\u00f3micos. En primer lugar, el tiempo de tr\u00e1nsito Le Havre\u2013Martinica pasa de once a nueve d\u00edas, y el de Dunkerque de diecisiete a trece d\u00edas, gracias a la incorporaci\u00f3n de una escala en R\u00f3terdam y de una segunda escala de exportaci\u00f3n en Dunkerque. En segundo lugar \u2014y es el cambio m\u00e1s esperado por los importadores\u2014 el buque llega ahora a Martinica el lunes o el martes, frente al mi\u00e9rcoles o el jueves anteriormente. Descargar antes en la semana significa abastecer los lineales antes del fin de semana: una ganancia operativa concreta para toda la cadena de distribuci\u00f3n local.   <\/p>\n\n<figure class=\"wp-block-image size-large\"><img decoding=\"async\" width=\"919\" height=\"1024\" data-src=\"https:\/\/www.latitude-15.com\/wp-content\/uploads\/2026\/03\/20260309_194248-919x1024.jpg\" alt=\"\" class=\"wp-image-21342 lazyload\" style=\"--smush-placeholder-width: 919px; --smush-placeholder-aspect-ratio: 919\/1024;aspect-ratio:0.8974741012112395\" data-srcset=\"https:\/\/www.latitude-15.com\/wp-content\/uploads\/2026\/03\/20260309_194248-919x1024.jpg 919w, https:\/\/www.latitude-15.com\/wp-content\/uploads\/2026\/03\/20260309_194248-269x300.jpg 269w, https:\/\/www.latitude-15.com\/wp-content\/uploads\/2026\/03\/20260309_194248-768x856.jpg 768w, https:\/\/www.latitude-15.com\/wp-content\/uploads\/2026\/03\/20260309_194248-rotated.jpg 1041w\" data-sizes=\"(max-width: 919px) 100vw, 919px\" src=\"data:image\/svg+xml;base64,PHN2ZyB3aWR0aD0iMSIgaGVpZ2h0PSIxIiB4bWxucz0iaHR0cDovL3d3dy53My5vcmcvMjAwMC9zdmciPjwvc3ZnPg==\" \/><\/figure>\n\n<p><strong><em>\u201cEl transporte mar\u00edtimo no crea el mercado, pero lo acompa\u00f1a.\u201d<\/em><\/strong><br\/> \u2014 Philippe Rech, Director general de CMA CGM Martinica \u2014 lanzamiento PCRF XL, 9 de marzo de 2026<\/p>\n\n<h2 class=\"wp-block-heading\"><strong>Fort-de-France: de 3 l\u00edneas a 6 de aqu\u00ed a 2027, siete servicios con nombre<\/strong><\/h2>\n\n<p>Philippe Rech, Director general de CMA CGM Martinica, precis\u00f3 que Fort-de-France cuenta hoy con tres l\u00edneas mar\u00edtimas de CMA CGM. De aqu\u00ed a 2027, contar\u00e1 con seis. Esta duplicaci\u00f3n se inscribe en una red regional ya densa: 19 l\u00edneas de CMA CGM operan en el conjunto de la zona caribe\u00f1a. Esta estrategia sit\u00faa asimismo a las Antillas francesas en competencia directa con los grandes hubs de transbordo de la regi\u00f3n, en particular Kingston (Jamaica), Cartagena (Colombia) y Caucedo (Rep\u00fablica Dominicana).   <\/p>\n\n<p>La reestructuraci\u00f3n de los servicios regionales, iniciada desde diciembre de 2025, se articula en torno a siete servicios con nombre.<\/p>\n\n<p>En el \u00e1mbito intra-Caribe, tres servicios est\u00e1n operativos. El AGEX (Antilles-Guyane Express), lanzado a mediados de diciembre, conecta Martinica, Guadalupe y la Guayana Francesa con dos buques dedicados en rotaci\u00f3n semanal \u2014 cinco a seis d\u00edas de tr\u00e1nsito en cada sentido. Se ha suprimido el transbordo intermedio v\u00eda Trinidad: las mercanc\u00edas llegan ahora directamente al puerto de D\u00e9grad-des-Cannes en Guayana. El AGEX cumple dos funciones: ofrecer un enlace directo para los industriales de los territorios franceses del Caribe y asegurar el transbordo de vol\u00famenes procedentes de otros or\u00edgenes hacia Guayana, en particular desde el Mediterr\u00e1neo o el Golfo. El servicio Guyana conecta Martinica con Guyana, Surinam y Trinidad. El Kalinago, sin escala en Martinica, mantiene la conectividad hacia las islas de Barlovento (Windward Islands) v\u00eda Trinidad. En Guadalupe, el servicio Leewards presta servicio, en circuito, a todas las islas del Norte hasta Port Hospen.      <\/p>\n\n<p>Hacia Am\u00e9rica Central, el Motagua \u2014lanzado a principios de enero de 2026 desde Guadalupe\u2014 est\u00e1 dedicado a Guatemala y Honduras, con la funci\u00f3n principal de transportar mercanc\u00edas refrigeradas desde estos dos pa\u00edses hacia el norte de Europa, y viceversa. Por \u00faltimo, hay dos servicios programados para 2027: el Brasex ampliado conectar\u00e1 el sur de Brasil, regi\u00f3n de Santos, con el Caribe con una escala en Martinica; el Indigo, segundo feeder conectado, asegurar\u00e1 la conexi\u00f3n con Cuba. <\/p>\n\n<h2 class=\"wp-block-heading\"><strong>Descarbonizaci\u00f3n y oportunidades LAC: la entrevista exclusiva de Latitude 15<\/strong><\/h2>\n\n<p>En la entrevista concedida a Latitude 15 durante el evento, Guillaume de Chastellux precis\u00f3 el esfuerzo de descarbonizaci\u00f3n portuaria:<\/p>\n\n<p><strong><em>\u201cLa principal acci\u00f3n se centra en el equipamiento portuario. Se pasa de un funcionamiento exclusivamente con fuel a tecnolog\u00edas h\u00edbridas, e incluso el\u00e9ctricas en Guadalupe.\u201d<\/em><\/strong><br\/> \u2014 Guillaume de Chastellux \u2014 entrevista exclusiva<\/p>\n\n<figure class=\"wp-block-image size-large\"><img decoding=\"async\" width=\"919\" height=\"1024\" data-src=\"https:\/\/www.latitude-15.com\/wp-content\/uploads\/2026\/03\/20260309_194840-919x1024.jpg\" alt=\"\" class=\"wp-image-21343 lazyload\" style=\"--smush-placeholder-width: 919px; --smush-placeholder-aspect-ratio: 919\/1024;aspect-ratio:0.8974741012112395\" data-srcset=\"https:\/\/www.latitude-15.com\/wp-content\/uploads\/2026\/03\/20260309_194840-919x1024.jpg 919w, https:\/\/www.latitude-15.com\/wp-content\/uploads\/2026\/03\/20260309_194840-269x300.jpg 269w, https:\/\/www.latitude-15.com\/wp-content\/uploads\/2026\/03\/20260309_194840-768x856.jpg 768w, https:\/\/www.latitude-15.com\/wp-content\/uploads\/2026\/03\/20260309_194840-rotated.jpg 1081w\" data-sizes=\"(max-width: 919px) 100vw, 919px\" src=\"data:image\/svg+xml;base64,PHN2ZyB3aWR0aD0iMSIgaGVpZ2h0PSIxIiB4bWxucz0iaHR0cDovL3d3dy53My5vcmcvMjAwMC9zdmciPjwvc3ZnPg==\" \/><\/figure>\n\n<p>Preguntado directamente sobre lo que este reposicionamiento representa para los operadores de Am\u00e9rica Latina y Brasil \u2014el p\u00fablico internacional de Latitude 15\u2014, Guillaume de Chastellux transmiti\u00f3 un mensaje sin ambig\u00fcedades. En un contexto regional marcado por las tensiones geoestrat\u00e9gicas, Philippe Rech subrayaba adem\u00e1s la capacidad del grupo para combinar sus vectores mar\u00edtimos, a\u00e9reos y terrestres a fin de mantener la continuidad de los servicios \u2014 una resiliencia construida sobre 48 a\u00f1os de operaciones en un entorno de crisis. <\/p>\n\n<p><strong><em>\u201cInvito absolutamente a todos nuestros clientes y socios a salir de su territorio y a mirar las oportunidades en la regi\u00f3n \u2014 comercio, industria, transformaci\u00f3n, reexportaci\u00f3n, consolidaci\u00f3n de mercanc\u00edas. El abanico de posibilidades es muy amplio.\u201d<\/em><\/strong><br\/> \u2014 Guillaume de Chastellux \u2014 entrevista exclusiva<\/p>\n\n<figure class=\"wp-block-image size-large\"><img decoding=\"async\" width=\"1024\" height=\"963\" data-src=\"https:\/\/www.latitude-15.com\/wp-content\/uploads\/2026\/03\/WhatsApp-Image-2026-03-10-at-21.43.08-1024x963.jpeg\" alt=\"\" class=\"wp-image-21351 lazyload\" data-srcset=\"https:\/\/www.latitude-15.com\/wp-content\/uploads\/2026\/03\/WhatsApp-Image-2026-03-10-at-21.43.08-1024x963.jpeg 1024w, https:\/\/www.latitude-15.com\/wp-content\/uploads\/2026\/03\/WhatsApp-Image-2026-03-10-at-21.43.08-300x282.jpeg 300w, https:\/\/www.latitude-15.com\/wp-content\/uploads\/2026\/03\/WhatsApp-Image-2026-03-10-at-21.43.08-768x722.jpeg 768w, https:\/\/www.latitude-15.com\/wp-content\/uploads\/2026\/03\/WhatsApp-Image-2026-03-10-at-21.43.08.jpeg 1280w\" data-sizes=\"(max-width: 1024px) 100vw, 1024px\" src=\"data:image\/svg+xml;base64,PHN2ZyB3aWR0aD0iMSIgaGVpZ2h0PSIxIiB4bWxucz0iaHR0cDovL3d3dy53My5vcmcvMjAwMC9zdmciPjwvc3ZnPg==\" style=\"--smush-placeholder-width: 1024px; --smush-placeholder-aspect-ratio: 1024\/963;\" \/><figcaption class=\"wp-element-caption\"><em>Equipo de CMA CGM de Martinica: Audrey Rose-Derond, Arnauld Nicolas, Mongin Lesly, Bilan-Ledoux Evy<\/em><\/figcaption><\/figure>\n\n<figure class=\"wp-block-image size-large\"><img decoding=\"async\" width=\"1024\" height=\"439\" data-src=\"https:\/\/www.latitude-15.com\/wp-content\/uploads\/2026\/03\/WhatsApp-Image-2026-03-10-at-21.30.31-1024x439.jpeg\" alt=\"\" class=\"wp-image-21345 lazyload\" data-srcset=\"https:\/\/www.latitude-15.com\/wp-content\/uploads\/2026\/03\/WhatsApp-Image-2026-03-10-at-21.30.31-1024x439.jpeg 1024w, https:\/\/www.latitude-15.com\/wp-content\/uploads\/2026\/03\/WhatsApp-Image-2026-03-10-at-21.30.31-300x129.jpeg 300w, https:\/\/www.latitude-15.com\/wp-content\/uploads\/2026\/03\/WhatsApp-Image-2026-03-10-at-21.30.31-768x329.jpeg 768w, https:\/\/www.latitude-15.com\/wp-content\/uploads\/2026\/03\/WhatsApp-Image-2026-03-10-at-21.30.31.jpeg 1280w\" data-sizes=\"(max-width: 1024px) 100vw, 1024px\" src=\"data:image\/svg+xml;base64,PHN2ZyB3aWR0aD0iMSIgaGVpZ2h0PSIxIiB4bWxucz0iaHR0cDovL3d3dy53My5vcmcvMjAwMC9zdmciPjwvc3ZnPg==\" style=\"--smush-placeholder-width: 1024px; --smush-placeholder-aspect-ratio: 1024\/439;\" \/><\/figure>\n","protected":false},"excerpt":{"rendered":"<p>336 millones de euros de inversiones, una flota de buques de 6.000 TEU y la duplicaci\u00f3n de las l\u00edneas mar\u00edtimas en Fort-de-France de aqu\u00ed a 2027: el grupo marsell\u00e9s transforma Martinica y Guadalupe en plataformas log\u00edsticas regionales y env\u00eda un mensaje directo a los operadores de Am\u00e9rica Latina. Fue frente a un buque de 6.000 [&hellip;]<\/p>\n","protected":false},"author":6,"featured_media":21388,"comment_status":"open","ping_status":"closed","sticky":false,"template":"","format":"standard","meta":{"footnotes":""},"categories":[132,120],"tags":[],"class_list":["post-21389","post","type-post","status-publish","format-standard","has-post-thumbnail","hentry","category-conectividad-maritima-y-movilidad","category-maritimo"],"yoast_head":"<!-- This site is optimized with the Yoast SEO plugin v26.9 - https:\/\/yoast.com\/product\/yoast-seo-wordpress\/ -->\n<title>CMA CGM duplica sus l\u00edneas en Martinica y refuerza la conectividad mar\u00edtima del Caribe - LATITUDE 15<\/title>\n<meta name=\"robots\" content=\"index, follow, max-snippet:-1, max-image-preview:large, max-video-preview:-1\" \/>\n<link rel=\"canonical\" href=\"https:\/\/www.latitude-15.com\/es\/cma-cgm-duplica-sus-lineas-en-martinica-y-refuerza-la-conectividad-maritima-del-caribe\/\" \/>\n<meta property=\"og:locale\" content=\"es_ES\" \/>\n<meta property=\"og:type\" content=\"article\" \/>\n<meta property=\"og:title\" content=\"CMA CGM duplica sus l\u00edneas en Martinica y refuerza la conectividad mar\u00edtima del Caribe - LATITUDE 15\" \/>\n<meta property=\"og:description\" content=\"336 millones de euros de inversiones, una flota de buques de 6.000 TEU y la duplicaci\u00f3n de las l\u00edneas mar\u00edtimas en Fort-de-France de aqu\u00ed a 2027: el grupo marsell\u00e9s transforma Martinica y Guadalupe en plataformas log\u00edsticas regionales y env\u00eda un mensaje directo a los operadores de Am\u00e9rica Latina. Fue frente a un buque de 6.000 [&hellip;]\" \/>\n<meta property=\"og:url\" content=\"https:\/\/www.latitude-15.com\/es\/cma-cgm-duplica-sus-lineas-en-martinica-y-refuerza-la-conectividad-maritima-del-caribe\/\" \/>\n<meta property=\"og:site_name\" content=\"LATITUDE 15\" \/>\n<meta property=\"article:published_time\" content=\"2026-03-11T02:40:57+00:00\" \/>\n<meta property=\"article:modified_time\" content=\"2026-03-11T11:35:18+00:00\" \/>\n<meta property=\"og:image\" content=\"https:\/\/www.latitude-15.com\/wp-content\/uploads\/2026\/03\/20260309_1941131.jpg\" \/>\n\t<meta property=\"og:image:width\" content=\"1045\" \/>\n\t<meta property=\"og:image:height\" content=\"636\" \/>\n\t<meta property=\"og:image:type\" content=\"image\/jpeg\" \/>\n<meta name=\"author\" content=\"Welcome to Latitude 15\" \/>\n<meta name=\"twitter:card\" content=\"summary_large_image\" \/>\n<meta name=\"twitter:label1\" content=\"Escrito por\" \/>\n\t<meta name=\"twitter:data1\" content=\"Welcome to Latitude 15\" \/>\n\t<meta name=\"twitter:label2\" content=\"Tiempo de lectura\" \/>\n\t<meta name=\"twitter:data2\" content=\"6 minutos\" \/>\n<script type=\"application\/ld+json\" class=\"yoast-schema-graph\">{\"@context\":\"https:\/\/schema.org\",\"@graph\":[{\"@type\":\"Article\",\"@id\":\"https:\/\/www.latitude-15.com\/es\/cma-cgm-duplica-sus-lineas-en-martinica-y-refuerza-la-conectividad-maritima-del-caribe\/#article\",\"isPartOf\":{\"@id\":\"https:\/\/www.latitude-15.com\/es\/cma-cgm-duplica-sus-lineas-en-martinica-y-refuerza-la-conectividad-maritima-del-caribe\/\"},\"author\":{\"name\":\"Welcome to Latitude 15\",\"@id\":\"https:\/\/www.latitude-15.com\/es\/#\/schema\/person\/40e486b55ea009664be002c622512d54\"},\"headline\":\"CMA CGM duplica sus l\u00edneas en Martinica y refuerza la conectividad mar\u00edtima del Caribe\",\"datePublished\":\"2026-03-11T02:40:57+00:00\",\"dateModified\":\"2026-03-11T11:35:18+00:00\",\"mainEntityOfPage\":{\"@id\":\"https:\/\/www.latitude-15.com\/es\/cma-cgm-duplica-sus-lineas-en-martinica-y-refuerza-la-conectividad-maritima-del-caribe\/\"},\"wordCount\":1306,\"commentCount\":0,\"publisher\":{\"@id\":\"https:\/\/www.latitude-15.com\/es\/#organization\"},\"image\":{\"@id\":\"https:\/\/www.latitude-15.com\/es\/cma-cgm-duplica-sus-lineas-en-martinica-y-refuerza-la-conectividad-maritima-del-caribe\/#primaryimage\"},\"thumbnailUrl\":\"https:\/\/www.latitude-15.com\/wp-content\/uploads\/2026\/03\/20260309_1941131.jpg\",\"articleSection\":[\"Conectividad mar\u00edtima y movilidad\",\"MAR\u00cdTIMO\"],\"inLanguage\":\"es\",\"potentialAction\":[{\"@type\":\"CommentAction\",\"name\":\"Comment\",\"target\":[\"https:\/\/www.latitude-15.com\/es\/cma-cgm-duplica-sus-lineas-en-martinica-y-refuerza-la-conectividad-maritima-del-caribe\/#respond\"]}]},{\"@type\":\"WebPage\",\"@id\":\"https:\/\/www.latitude-15.com\/es\/cma-cgm-duplica-sus-lineas-en-martinica-y-refuerza-la-conectividad-maritima-del-caribe\/\",\"url\":\"https:\/\/www.latitude-15.com\/es\/cma-cgm-duplica-sus-lineas-en-martinica-y-refuerza-la-conectividad-maritima-del-caribe\/\",\"name\":\"CMA CGM duplica sus l\u00edneas en Martinica y refuerza la conectividad mar\u00edtima del Caribe - LATITUDE 15\",\"isPartOf\":{\"@id\":\"https:\/\/www.latitude-15.com\/es\/#website\"},\"primaryImageOfPage\":{\"@id\":\"https:\/\/www.latitude-15.com\/es\/cma-cgm-duplica-sus-lineas-en-martinica-y-refuerza-la-conectividad-maritima-del-caribe\/#primaryimage\"},\"image\":{\"@id\":\"https:\/\/www.latitude-15.com\/es\/cma-cgm-duplica-sus-lineas-en-martinica-y-refuerza-la-conectividad-maritima-del-caribe\/#primaryimage\"},\"thumbnailUrl\":\"https:\/\/www.latitude-15.com\/wp-content\/uploads\/2026\/03\/20260309_1941131.jpg\",\"datePublished\":\"2026-03-11T02:40:57+00:00\",\"dateModified\":\"2026-03-11T11:35:18+00:00\",\"breadcrumb\":{\"@id\":\"https:\/\/www.latitude-15.com\/es\/cma-cgm-duplica-sus-lineas-en-martinica-y-refuerza-la-conectividad-maritima-del-caribe\/#breadcrumb\"},\"inLanguage\":\"es\",\"potentialAction\":[{\"@type\":\"ReadAction\",\"target\":[\"https:\/\/www.latitude-15.com\/es\/cma-cgm-duplica-sus-lineas-en-martinica-y-refuerza-la-conectividad-maritima-del-caribe\/\"]}]},{\"@type\":\"ImageObject\",\"inLanguage\":\"es\",\"@id\":\"https:\/\/www.latitude-15.com\/es\/cma-cgm-duplica-sus-lineas-en-martinica-y-refuerza-la-conectividad-maritima-del-caribe\/#primaryimage\",\"url\":\"https:\/\/www.latitude-15.com\/wp-content\/uploads\/2026\/03\/20260309_1941131.jpg\",\"contentUrl\":\"https:\/\/www.latitude-15.com\/wp-content\/uploads\/2026\/03\/20260309_1941131.jpg\",\"width\":1045,\"height\":636},{\"@type\":\"BreadcrumbList\",\"@id\":\"https:\/\/www.latitude-15.com\/es\/cma-cgm-duplica-sus-lineas-en-martinica-y-refuerza-la-conectividad-maritima-del-caribe\/#breadcrumb\",\"itemListElement\":[{\"@type\":\"ListItem\",\"position\":1,\"name\":\"Home\",\"item\":\"https:\/\/www.latitude-15.com\/es\/inicio\/\"},{\"@type\":\"ListItem\",\"position\":2,\"name\":\"CMA CGM duplica sus l\u00edneas en Martinica y refuerza la conectividad mar\u00edtima del Caribe\"}]},{\"@type\":\"WebSite\",\"@id\":\"https:\/\/www.latitude-15.com\/es\/#website\",\"url\":\"https:\/\/www.latitude-15.com\/es\/\",\"name\":\"LATITUDE 15\",\"description\":\"Aviation and maritime Magazine - Caribbean &amp; Latin America\",\"publisher\":{\"@id\":\"https:\/\/www.latitude-15.com\/es\/#organization\"},\"potentialAction\":[{\"@type\":\"SearchAction\",\"target\":{\"@type\":\"EntryPoint\",\"urlTemplate\":\"https:\/\/www.latitude-15.com\/es\/?s={search_term_string}\"},\"query-input\":{\"@type\":\"PropertyValueSpecification\",\"valueRequired\":true,\"valueName\":\"search_term_string\"}}],\"inLanguage\":\"es\"},{\"@type\":\"Organization\",\"@id\":\"https:\/\/www.latitude-15.com\/es\/#organization\",\"name\":\"LATITUDE 15\",\"url\":\"https:\/\/www.latitude-15.com\/es\/\",\"logo\":{\"@type\":\"ImageObject\",\"inLanguage\":\"es\",\"@id\":\"https:\/\/www.latitude-15.com\/es\/#\/schema\/logo\/image\/\",\"url\":\"https:\/\/www.latitude-15.com\/wp-content\/uploads\/2026\/01\/cropped-logox500px.png\",\"contentUrl\":\"https:\/\/www.latitude-15.com\/wp-content\/uploads\/2026\/01\/cropped-logox500px.png\",\"width\":62,\"height\":75,\"caption\":\"LATITUDE 15\"},\"image\":{\"@id\":\"https:\/\/www.latitude-15.com\/es\/#\/schema\/logo\/image\/\"}},{\"@type\":\"Person\",\"@id\":\"https:\/\/www.latitude-15.com\/es\/#\/schema\/person\/40e486b55ea009664be002c622512d54\",\"name\":\"Welcome to Latitude 15\",\"image\":{\"@type\":\"ImageObject\",\"inLanguage\":\"es\",\"@id\":\"https:\/\/www.latitude-15.com\/es\/#\/schema\/person\/image\/\",\"url\":\"https:\/\/secure.gravatar.com\/avatar\/c021f6fe403fddd1cfbd218fbae70dd2163a5628c1da123bbf9db1927e0caa0d?s=96&d=mm&r=g\",\"contentUrl\":\"https:\/\/secure.gravatar.com\/avatar\/c021f6fe403fddd1cfbd218fbae70dd2163a5628c1da123bbf9db1927e0caa0d?s=96&d=mm&r=g\",\"caption\":\"Welcome to Latitude 15\"},\"url\":\"https:\/\/www.latitude-15.com\/es\/author\/welcome-to-latitude-15\/\"}]}<\/script>\n<!-- \/ Yoast SEO plugin. -->","yoast_head_json":{"title":"CMA CGM duplica sus l\u00edneas en Martinica y refuerza la conectividad mar\u00edtima del Caribe - LATITUDE 15","robots":{"index":"index","follow":"follow","max-snippet":"max-snippet:-1","max-image-preview":"max-image-preview:large","max-video-preview":"max-video-preview:-1"},"canonical":"https:\/\/www.latitude-15.com\/es\/cma-cgm-duplica-sus-lineas-en-martinica-y-refuerza-la-conectividad-maritima-del-caribe\/","og_locale":"es_ES","og_type":"article","og_title":"CMA CGM duplica sus l\u00edneas en Martinica y refuerza la conectividad mar\u00edtima del Caribe - LATITUDE 15","og_description":"336 millones de euros de inversiones, una flota de buques de 6.000 TEU y la duplicaci\u00f3n de las l\u00edneas mar\u00edtimas en Fort-de-France de aqu\u00ed a 2027: el grupo marsell\u00e9s transforma Martinica y Guadalupe en plataformas log\u00edsticas regionales y env\u00eda un mensaje directo a los operadores de Am\u00e9rica Latina. Fue frente a un buque de 6.000 [&hellip;]","og_url":"https:\/\/www.latitude-15.com\/es\/cma-cgm-duplica-sus-lineas-en-martinica-y-refuerza-la-conectividad-maritima-del-caribe\/","og_site_name":"LATITUDE 15","article_published_time":"2026-03-11T02:40:57+00:00","article_modified_time":"2026-03-11T11:35:18+00:00","og_image":[{"width":1045,"height":636,"url":"https:\/\/www.latitude-15.com\/wp-content\/uploads\/2026\/03\/20260309_1941131.jpg","type":"image\/jpeg"}],"author":"Welcome to Latitude 15","twitter_card":"summary_large_image","twitter_misc":{"Escrito por":"Welcome to Latitude 15","Tiempo de lectura":"6 minutos"},"schema":{"@context":"https:\/\/schema.org","@graph":[{"@type":"Article","@id":"https:\/\/www.latitude-15.com\/es\/cma-cgm-duplica-sus-lineas-en-martinica-y-refuerza-la-conectividad-maritima-del-caribe\/#article","isPartOf":{"@id":"https:\/\/www.latitude-15.com\/es\/cma-cgm-duplica-sus-lineas-en-martinica-y-refuerza-la-conectividad-maritima-del-caribe\/"},"author":{"name":"Welcome to Latitude 15","@id":"https:\/\/www.latitude-15.com\/es\/#\/schema\/person\/40e486b55ea009664be002c622512d54"},"headline":"CMA CGM duplica sus l\u00edneas en Martinica y refuerza la conectividad mar\u00edtima del Caribe","datePublished":"2026-03-11T02:40:57+00:00","dateModified":"2026-03-11T11:35:18+00:00","mainEntityOfPage":{"@id":"https:\/\/www.latitude-15.com\/es\/cma-cgm-duplica-sus-lineas-en-martinica-y-refuerza-la-conectividad-maritima-del-caribe\/"},"wordCount":1306,"commentCount":0,"publisher":{"@id":"https:\/\/www.latitude-15.com\/es\/#organization"},"image":{"@id":"https:\/\/www.latitude-15.com\/es\/cma-cgm-duplica-sus-lineas-en-martinica-y-refuerza-la-conectividad-maritima-del-caribe\/#primaryimage"},"thumbnailUrl":"https:\/\/www.latitude-15.com\/wp-content\/uploads\/2026\/03\/20260309_1941131.jpg","articleSection":["Conectividad mar\u00edtima y movilidad","MAR\u00cdTIMO"],"inLanguage":"es","potentialAction":[{"@type":"CommentAction","name":"Comment","target":["https:\/\/www.latitude-15.com\/es\/cma-cgm-duplica-sus-lineas-en-martinica-y-refuerza-la-conectividad-maritima-del-caribe\/#respond"]}]},{"@type":"WebPage","@id":"https:\/\/www.latitude-15.com\/es\/cma-cgm-duplica-sus-lineas-en-martinica-y-refuerza-la-conectividad-maritima-del-caribe\/","url":"https:\/\/www.latitude-15.com\/es\/cma-cgm-duplica-sus-lineas-en-martinica-y-refuerza-la-conectividad-maritima-del-caribe\/","name":"CMA CGM duplica sus l\u00edneas en Martinica y refuerza la conectividad mar\u00edtima del Caribe - LATITUDE 15","isPartOf":{"@id":"https:\/\/www.latitude-15.com\/es\/#website"},"primaryImageOfPage":{"@id":"https:\/\/www.latitude-15.com\/es\/cma-cgm-duplica-sus-lineas-en-martinica-y-refuerza-la-conectividad-maritima-del-caribe\/#primaryimage"},"image":{"@id":"https:\/\/www.latitude-15.com\/es\/cma-cgm-duplica-sus-lineas-en-martinica-y-refuerza-la-conectividad-maritima-del-caribe\/#primaryimage"},"thumbnailUrl":"https:\/\/www.latitude-15.com\/wp-content\/uploads\/2026\/03\/20260309_1941131.jpg","datePublished":"2026-03-11T02:40:57+00:00","dateModified":"2026-03-11T11:35:18+00:00","breadcrumb":{"@id":"https:\/\/www.latitude-15.com\/es\/cma-cgm-duplica-sus-lineas-en-martinica-y-refuerza-la-conectividad-maritima-del-caribe\/#breadcrumb"},"inLanguage":"es","potentialAction":[{"@type":"ReadAction","target":["https:\/\/www.latitude-15.com\/es\/cma-cgm-duplica-sus-lineas-en-martinica-y-refuerza-la-conectividad-maritima-del-caribe\/"]}]},{"@type":"ImageObject","inLanguage":"es","@id":"https:\/\/www.latitude-15.com\/es\/cma-cgm-duplica-sus-lineas-en-martinica-y-refuerza-la-conectividad-maritima-del-caribe\/#primaryimage","url":"https:\/\/www.latitude-15.com\/wp-content\/uploads\/2026\/03\/20260309_1941131.jpg","contentUrl":"https:\/\/www.latitude-15.com\/wp-content\/uploads\/2026\/03\/20260309_1941131.jpg","width":1045,"height":636},{"@type":"BreadcrumbList","@id":"https:\/\/www.latitude-15.com\/es\/cma-cgm-duplica-sus-lineas-en-martinica-y-refuerza-la-conectividad-maritima-del-caribe\/#breadcrumb","itemListElement":[{"@type":"ListItem","position":1,"name":"Home","item":"https:\/\/www.latitude-15.com\/es\/inicio\/"},{"@type":"ListItem","position":2,"name":"CMA CGM duplica sus l\u00edneas en Martinica y refuerza la conectividad mar\u00edtima del Caribe"}]},{"@type":"WebSite","@id":"https:\/\/www.latitude-15.com\/es\/#website","url":"https:\/\/www.latitude-15.com\/es\/","name":"LATITUDE 15","description":"Aviation and maritime Magazine - Caribbean &amp; Latin America","publisher":{"@id":"https:\/\/www.latitude-15.com\/es\/#organization"},"potentialAction":[{"@type":"SearchAction","target":{"@type":"EntryPoint","urlTemplate":"https:\/\/www.latitude-15.com\/es\/?s={search_term_string}"},"query-input":{"@type":"PropertyValueSpecification","valueRequired":true,"valueName":"search_term_string"}}],"inLanguage":"es"},{"@type":"Organization","@id":"https:\/\/www.latitude-15.com\/es\/#organization","name":"LATITUDE 15","url":"https:\/\/www.latitude-15.com\/es\/","logo":{"@type":"ImageObject","inLanguage":"es","@id":"https:\/\/www.latitude-15.com\/es\/#\/schema\/logo\/image\/","url":"https:\/\/www.latitude-15.com\/wp-content\/uploads\/2026\/01\/cropped-logox500px.png","contentUrl":"https:\/\/www.latitude-15.com\/wp-content\/uploads\/2026\/01\/cropped-logox500px.png","width":62,"height":75,"caption":"LATITUDE 15"},"image":{"@id":"https:\/\/www.latitude-15.com\/es\/#\/schema\/logo\/image\/"}},{"@type":"Person","@id":"https:\/\/www.latitude-15.com\/es\/#\/schema\/person\/40e486b55ea009664be002c622512d54","name":"Welcome to Latitude 15","image":{"@type":"ImageObject","inLanguage":"es","@id":"https:\/\/www.latitude-15.com\/es\/#\/schema\/person\/image\/","url":"https:\/\/secure.gravatar.com\/avatar\/c021f6fe403fddd1cfbd218fbae70dd2163a5628c1da123bbf9db1927e0caa0d?s=96&d=mm&r=g","contentUrl":"https:\/\/secure.gravatar.com\/avatar\/c021f6fe403fddd1cfbd218fbae70dd2163a5628c1da123bbf9db1927e0caa0d?s=96&d=mm&r=g","caption":"Welcome to Latitude 15"},"url":"https:\/\/www.latitude-15.com\/es\/author\/welcome-to-latitude-15\/"}]}},"_links":{"self":[{"href":"https:\/\/www.latitude-15.com\/es\/wp-json\/wp\/v2\/posts\/21389","targetHints":{"allow":["GET"]}}],"collection":[{"href":"https:\/\/www.latitude-15.com\/es\/wp-json\/wp\/v2\/posts"}],"about":[{"href":"https:\/\/www.latitude-15.com\/es\/wp-json\/wp\/v2\/types\/post"}],"author":[{"embeddable":true,"href":"https:\/\/www.latitude-15.com\/es\/wp-json\/wp\/v2\/users\/6"}],"replies":[{"embeddable":true,"href":"https:\/\/www.latitude-15.com\/es\/wp-json\/wp\/v2\/comments?post=21389"}],"version-history":[{"count":3,"href":"https:\/\/www.latitude-15.com\/es\/wp-json\/wp\/v2\/posts\/21389\/revisions"}],"predecessor-version":[{"id":21398,"href":"https:\/\/www.latitude-15.com\/es\/wp-json\/wp\/v2\/posts\/21389\/revisions\/21398"}],"wp:featuredmedia":[{"embeddable":true,"href":"https:\/\/www.latitude-15.com\/es\/wp-json\/wp\/v2\/media\/21388"}],"wp:attachment":[{"href":"https:\/\/www.latitude-15.com\/es\/wp-json\/wp\/v2\/media?parent=21389"}],"wp:term":[{"taxonomy":"category","embeddable":true,"href":"https:\/\/www.latitude-15.com\/es\/wp-json\/wp\/v2\/categories?post=21389"},{"taxonomy":"post_tag","embeddable":true,"href":"https:\/\/www.latitude-15.com\/es\/wp-json\/wp\/v2\/tags?post=21389"}],"curies":[{"name":"wp","href":"https:\/\/api.w.org\/{rel}","templated":true}]}}