{"id":21335,"date":"2026-03-10T11:40:08","date_gmt":"2026-03-10T15:40:08","guid":{"rendered":"https:\/\/www.latitude-15.com\/economia-del-transporte-aereo-en-el-caribe-alineacion-de-rentabilidad-gobernanza-y-arquitectura-de-la-demanda\/"},"modified":"2026-03-10T15:11:51","modified_gmt":"2026-03-10T19:11:51","slug":"economia-del-transporte-aereo-en-el-caribe-alineacion-de-rentabilidad-gobernanza-y-arquitectura-de-la-demanda","status":"publish","type":"post","link":"https:\/\/www.latitude-15.com\/es\/economia-del-transporte-aereo-en-el-caribe-alineacion-de-rentabilidad-gobernanza-y-arquitectura-de-la-demanda\/","title":{"rendered":"Econom\u00eda del transporte a\u00e9reo en el Caribe: alineaci\u00f3n de rentabilidad, gobernanza y arquitectura de la demanda"},"content":{"rendered":"\n<p>La Cumbre de Conectividad A\u00e9rea de la CTO no se limit\u00f3 a revisar los mecanismos de atracci\u00f3n de rutas. Revel\u00f3 una transici\u00f3n m\u00e1s profunda en la forma en que los destinos caribe\u00f1os est\u00e1n comenzando a enmarcar el transporte a\u00e9reo: no como una herramienta t\u00e1ctica de turismo, sino como un componente de la arquitectura econ\u00f3mica. <\/p>\n\n<p>Si la sesi\u00f3n ministerial expuso la fragmentaci\u00f3n y el desajuste fiscal, los paneles operativos expusieron algo igualmente estructural: el cambio gradual de la regi\u00f3n desde la dependencia de incentivos hacia la disciplina de la demanda y la alineaci\u00f3n de la gobernanza.<\/p>\n\n<p>Esto no es una evoluci\u00f3n cosm\u00e9tica.<br\/>Es un punto de inflexi\u00f3n estrat\u00e9gico.<\/p>\n\n<h2 class=\"wp-block-heading\"><strong>El transporte a\u00e9reo como infraestructura econ\u00f3mica<\/strong><\/h2>\n\n<p>Una de las se\u00f1ales m\u00e1s claras surgi\u00f3 al inicio de las discusiones:<\/p>\n\n<blockquote class=\"wp-block-quote is-layout-flow wp-block-quote-is-layout-flow\">\n<h3 class=\"wp-block-heading\">\u00abEn el Caribe, la aviaci\u00f3n no es simplemente infraestructura de transporte, es infraestructura econ\u00f3mica.\u00bb <\/h3>\n\n\n\n<p class=\"has-text-align-right\">\u2014 Stacey Liburd, directora ejecutiva, Autoridad de Turismo de Granada<\/p>\n<\/blockquote>\n\n<p>Este enfoque lo cambia todo.<\/p>\n\n<p>En econom\u00edas insulares peque\u00f1as donde el turismo representa una parte significativa del PIB y m\u00e1s del 90 % de las llegadas de visitantes dependen del acceso a\u00e9reo, las decisiones sobre rutas influyen directamente en:<\/p>\n\n<ul class=\"wp-block-list\">\n<li>los niveles de empleo<\/li>\n\n\n\n<li>el rendimiento hotelero<\/li>\n\n\n\n<li>los ingresos fiscales<\/li>\n\n\n\n<li>la confianza de los inversores<\/li>\n\n\n\n<li>y los retornos de infraestructura<\/li>\n<\/ul>\n\n<p>El transporte a\u00e9reo no es gesti\u00f3n de capacidad.<br\/>Es pol\u00edtica macroecon\u00f3mica.<\/p>\n\n<h2 class=\"wp-block-heading\"><strong>Estrategia de rentabilidad: m\u00e1s all\u00e1 de la narrativa del lujo<\/strong><\/h2>\n\n<p>Otra l\u00ednea de falla estrat\u00e9gica surgi\u00f3 en torno a la rentabilidad.<\/p>\n\n<p>Durante a\u00f1os, las estrategias de posicionamiento del Caribe se han apoyado fuertemente en la marca de lujo. Pero la cumbre introdujo una perspectiva econ\u00f3mica m\u00e1s matizada. <\/p>\n\n<p>El Dr. Ernest Hilaire cuestion\u00f3 la ecuaci\u00f3n autom\u00e1tica entre viajeros de lujo y beneficio nacional:<\/p>\n\n<blockquote class=\"wp-block-quote is-layout-flow wp-block-quote-is-layout-flow\">\n<h3 class=\"wp-block-heading\">\u00abEsta noci\u00f3n de que una vez que usted es un viajero de lujo&#8230; autom\u00e1ticamente el destino se beneficia de ello, eso no es necesariamente cierto.\u00bb<\/h3>\n\n\n\n<p class=\"has-text-align-right\">\u2014 Dr. Ernest Hilaire, Viceprimer ministro y Ministro de Turismo, Comercio, Inversi\u00f3n, Industrias Creativas y Cultura, Santa Luc\u00eda<\/p>\n<\/blockquote>\n\n<p>La implicaci\u00f3n es estructural.<\/p>\n\n<p>Los visitantes de alto gasto concentrados en complejos tur\u00edsticos integrados verticalmente pueden generar menos circulaci\u00f3n econ\u00f3mica local que los viajeros de nivel medio que distribuyen el gasto entre restaurantes, excursiones y peque\u00f1as empresas.<\/p>\n\n<p>Por lo tanto, la rentabilidad no puede evaluarse \u00fanicamente a nivel de clase de tarifa o tarifa de habitaci\u00f3n.<br\/>Debe evaluarse a nivel de ecosistema.<\/p>\n\n<p>Para las aerol\u00edneas y los inversores, esto replantea por completo el modelado de la demanda.<\/p>\n\n<h2 class=\"wp-block-heading\"><strong>De la dependencia de incentivos a la arquitectura de la demanda<\/strong><\/h2>\n\n<p>El debate en torno a las Garant\u00edas M\u00ednimas de Ingresos (MRG) reflej\u00f3 esta maduraci\u00f3n m\u00e1s amplia.<\/p>\n\n<p>En lugar de celebrar los incentivos como herramientas necesarias, los ponentes cuestionaron su sostenibilidad estructural.<\/p>\n\n<p>Como observ\u00f3 Collin James:<\/p>\n\n<blockquote class=\"wp-block-quote is-layout-flow wp-block-quote-is-layout-flow\">\n<h3 class=\"wp-block-heading\">\u00abLas garant\u00edas de ingresos m\u00ednimos trasladan todo el riesgo al destino\u00bb.<\/h3>\n\n\n\n<p class=\"has-text-align-right\">\u2014 Colin James, director ejecutivo, Autoridad de Turismo de Antigua y Barbuda<\/p>\n<\/blockquote>\n\n<p>En mercados reducidos expuestos a la estacionalidad y a choques externos, concentrar el riesgo en los balances p\u00fablicos crea vulnerabilidad fiscal.<\/p>\n\n<p>Esto no significa que los incentivos desaparezcan.<br\/>Significa que deben subordinarse a la arquitectura de la demanda.<\/p>\n\n<p>El Dr. Hilaire resumi\u00f3 claramente la direcci\u00f3n:<\/p>\n\n<blockquote class=\"wp-block-quote is-layout-flow wp-block-quote-is-layout-flow\">\n<h3 class=\"wp-block-heading\">\u00abSi va a construir una industria tur\u00edstica sostenible, no puede basarse en incentivos. La demanda tiene que ser una que crezca org\u00e1nicamente.\u00bb<\/h3>\n\n\n\n<p class=\"has-text-align-right\">\u2014 Dr. Ernest Hilaire<\/p>\n<\/blockquote>\n\n<p>La demanda org\u00e1nica requiere:<\/p>\n\n<ul class=\"wp-block-list\">\n<li>programaci\u00f3n de eventos<\/li>\n\n\n\n<li>calendarios deportivos y culturales<\/li>\n\n\n\n<li>participaci\u00f3n de la di\u00e1spora<\/li>\n\n\n\n<li>alineaci\u00f3n de conferencias<\/li>\n\n\n\n<li>ventanas de marketing coordinadas<\/li>\n<\/ul>\n\n<p>Se dise\u00f1a, no se improvisa.<\/p>\n\n<figure class=\"wp-block-image size-large\"><img fetchpriority=\"high\" decoding=\"async\" width=\"1024\" height=\"541\" src=\"https:\/\/www.latitude-15.com\/wp-content\/uploads\/2026\/03\/12-1024x541.jpg\" alt=\"\" class=\"wp-image-21318\" srcset=\"https:\/\/www.latitude-15.com\/wp-content\/uploads\/2026\/03\/12-1024x541.jpg 1024w, https:\/\/www.latitude-15.com\/wp-content\/uploads\/2026\/03\/12-300x158.jpg 300w, https:\/\/www.latitude-15.com\/wp-content\/uploads\/2026\/03\/12-768x406.jpg 768w, https:\/\/www.latitude-15.com\/wp-content\/uploads\/2026\/03\/12-1536x811.jpg 1536w, https:\/\/www.latitude-15.com\/wp-content\/uploads\/2026\/03\/12-2048x1081.jpg 2048w, https:\/\/www.latitude-15.com\/wp-content\/uploads\/2026\/03\/12-1320x697.jpg 1320w\" sizes=\"(max-width: 1024px) 100vw, 1024px\" \/><\/figure>\n\n<h2 class=\"wp-block-heading\"><strong>La disciplina de datos como moneda de negociaci\u00f3n<\/strong><\/h2>\n\n<p>Otro tema recurrente fue la credibilidad de los datos.<\/p>\n\n<p>Las aerol\u00edneas no responden a aspiraciones.<br\/>Responden a evidencias.<\/p>\n\n<p>Como se enfatiz\u00f3 durante las negociaciones:<\/p>\n\n<blockquote class=\"wp-block-quote is-layout-flow wp-block-quote-is-layout-flow\">\n<h3 class=\"wp-block-heading\">\u00abEs importante tener datos&#8230; para que cuando acuda a una aerol\u00ednea y est\u00e9 negociando, no se base en emociones.\u00bb<\/h3>\n\n\n\n<p class=\"has-text-align-right\">\u2014 Colin James<\/p>\n<\/blockquote>\n\n<p>El an\u00e1lisis de origen-destino, la previsi\u00f3n estacional, la segmentaci\u00f3n de la di\u00e1spora y el modelado de compresi\u00f3n se est\u00e1n convirtiendo en elementos centrales de las discusiones sobre rutas en el Caribe.<\/p>\n\n<p>Esto marca un cambio de la negociaci\u00f3n promocional a la negociaci\u00f3n de rendimiento.<\/p>\n\n<h2 class=\"wp-block-heading\"><strong>Gobernanza: el determinante silencioso<\/strong><\/h2>\n\n<p>El cambio estructural tambi\u00e9n se extiende a la gesti\u00f3n aeroportuaria.<\/p>\n\n<p>El Dr. Rafael Echevarne introdujo una dimensi\u00f3n de gobernanza a menudo pasada por alto en el discurso tur\u00edstico:<\/p>\n\n<blockquote class=\"wp-block-quote is-layout-flow wp-block-quote-is-layout-flow\">\n<h3 class=\"wp-block-heading\">\u00abLos aeropuertos&#8230; no importa si son p\u00fablicos o privados, son negocios.\u00bb<\/h3>\n\n\n\n<p class=\"has-text-align-right\">\u2014 Dr. Rafael Echevarne, director general, ACI-LAC<\/p>\n<\/blockquote>\n\n<p>La continuidad profesional, la estrategia escrita y el posicionamiento realista se identificaron como requisitos previos para la confianza de las aerol\u00edneas.<\/p>\n\n<p>La volatilidad pol\u00edtica socava la previsibilidad.<br\/>La previsibilidad sustenta la asignaci\u00f3n de capital.<\/p>\n\n<p>Para inversores y operadores, la estabilidad de la gobernanza no es un detalle administrativo, es mitigaci\u00f3n de riesgos.<\/p>\n\n<h2 class=\"wp-block-heading\"><strong>Alineaci\u00f3n de pista a complejo tur\u00edstico<\/strong><\/h2>\n\n<p>La capa comercial refuerza este imperativo de alineaci\u00f3n.<\/p>\n\n<p>Como explic\u00f3 Tim Morrison:<\/p>\n\n<h3 class=\"wp-block-heading\">\u00abSi tenemos m\u00e1s demanda, m\u00e1s transporte a\u00e9reo, aumentaremos nuestras ocupaciones&#8230; una vez que genere compresi\u00f3n, impulsa el ADR.\u00bb<\/h3>\n\n<p class=\"has-text-align-right\">\u2014 Tim Morrison, director general, Hamilton Princess &amp; Beach Club<\/p>\n\n<p>Sin embargo, la compresi\u00f3n sin fiabilidad da\u00f1a la percepci\u00f3n de la marca.<\/p>\n\n<p>Un estudio mencionado durante la sesi\u00f3n indic\u00f3 que el 80 % de los viajeros reconsideran los destinos tras experiencias de viaje disruptivas.<\/p>\n\n<p>La eficiencia operativa, la identidad digital, la fluidez fronteriza y la experiencia aeroportuaria ahora influyen directamente en la sostenibilidad de la rentabilidad.<\/p>\n\n<p>El aeropuerto ya no es una infraestructura neutral.<br\/>Es un activo estrat\u00e9gico de puerta de entrada.<\/p>\n\n<h2 class=\"wp-block-heading\"><strong>Un umbral de madurez regional<\/strong><\/h2>\n\n<p>En conjunto, la cumbre revel\u00f3 una evoluci\u00f3n estructural.<\/p>\n\n<p>Desde:<\/p>\n\n<ul class=\"wp-block-list\">\n<li>competencia fragmentada<\/li>\n\n\n\n<li>escalada de incentivos<\/li>\n\n\n\n<li>coordinaci\u00f3n simb\u00f3lica<\/li>\n<\/ul>\n\n<p>Hacia:<\/p>\n\n<ul class=\"wp-block-list\">\n<li>conciencia del riesgo<\/li>\n\n\n\n<li>disciplina de datos<\/li>\n\n\n\n<li>alineaci\u00f3n de la gobernanza<\/li>\n\n\n\n<li>ingenier\u00eda de la demanda<\/li>\n\n\n\n<li>integraci\u00f3n del ecosistema<\/li>\n<\/ul>\n\n<p>La conversaci\u00f3n ya no trata sobre \u00aba\u00f1adir rutas\u00bb. Se trata de dise\u00f1ar un modelo econ\u00f3mico capaz de sostener la conectividad.  Esa distinci\u00f3n importa.<\/p>\n\n<p>Porque en las econom\u00edas insulares peque\u00f1as, el transporte a\u00e9reo no es una variable operativa.<br\/>Es una palanca de crecimiento nacional.<\/p>\n\n<p>Y el Caribe parece estar entrando en una fase en la que esa realidad est\u00e1 siendo reconocida, p\u00fablica y estrat\u00e9gicamente.<\/p>\n\n<figure class=\"wp-block-image size-large\"><img decoding=\"async\" width=\"919\" height=\"1024\" data-src=\"https:\/\/www.latitude-15.com\/wp-content\/uploads\/2026\/03\/16-1-919x1024.jpg\" alt=\"\" class=\"wp-image-21319 lazyload\" data-srcset=\"https:\/\/www.latitude-15.com\/wp-content\/uploads\/2026\/03\/16-1-919x1024.jpg 919w, https:\/\/www.latitude-15.com\/wp-content\/uploads\/2026\/03\/16-1-269x300.jpg 269w, https:\/\/www.latitude-15.com\/wp-content\/uploads\/2026\/03\/16-1-768x856.jpg 768w, https:\/\/www.latitude-15.com\/wp-content\/uploads\/2026\/03\/16-1-1378x1536.jpg 1378w, https:\/\/www.latitude-15.com\/wp-content\/uploads\/2026\/03\/16-1-1837x2048.jpg 1837w, https:\/\/www.latitude-15.com\/wp-content\/uploads\/2026\/03\/16-1-1320x1472.jpg 1320w\" data-sizes=\"(max-width: 919px) 100vw, 919px\" src=\"data:image\/svg+xml;base64,PHN2ZyB3aWR0aD0iMSIgaGVpZ2h0PSIxIiB4bWxucz0iaHR0cDovL3d3dy53My5vcmcvMjAwMC9zdmciPjwvc3ZnPg==\" style=\"--smush-placeholder-width: 919px; --smush-placeholder-aspect-ratio: 919\/1024;\" \/><\/figure>\n","protected":false},"excerpt":{"rendered":"<p>La Cumbre de Conectividad A\u00e9rea de la CTO no se limit\u00f3 a revisar los mecanismos de atracci\u00f3n de rutas. Revel\u00f3 una transici\u00f3n m\u00e1s profunda en la forma en que los destinos caribe\u00f1os est\u00e1n comenzando a enmarcar el transporte a\u00e9reo: no como una herramienta t\u00e1ctica de turismo, sino como un componente de la arquitectura econ\u00f3mica. Si [&hellip;]<\/p>\n","protected":false},"author":5,"featured_media":21334,"comment_status":"open","ping_status":"open","sticky":false,"template":"","format":"standard","meta":{"footnotes":""},"categories":[99,102],"tags":[],"class_list":["post-21335","post","type-post","status-publish","format-standard","has-post-thumbnail","hentry","category-aviacion","category-conectividad-aerea-y-desarrollo-de-rutas"],"yoast_head":"<!-- This site is optimized with the Yoast SEO plugin v26.9 - https:\/\/yoast.com\/product\/yoast-seo-wordpress\/ -->\n<title>Econom\u00eda del transporte a\u00e9reo en el Caribe: alineaci\u00f3n de rentabilidad, gobernanza y arquitectura de la demanda - LATITUDE 15<\/title>\n<meta name=\"robots\" content=\"index, follow, max-snippet:-1, max-image-preview:large, max-video-preview:-1\" \/>\n<link rel=\"canonical\" href=\"https:\/\/www.latitude-15.com\/es\/economia-del-transporte-aereo-en-el-caribe-alineacion-de-rentabilidad-gobernanza-y-arquitectura-de-la-demanda\/\" \/>\n<meta property=\"og:locale\" content=\"es_ES\" \/>\n<meta property=\"og:type\" content=\"article\" \/>\n<meta property=\"og:title\" content=\"Econom\u00eda del transporte a\u00e9reo en el Caribe: alineaci\u00f3n de rentabilidad, gobernanza y arquitectura de la demanda - LATITUDE 15\" \/>\n<meta property=\"og:description\" content=\"La Cumbre de Conectividad A\u00e9rea de la CTO no se limit\u00f3 a revisar los mecanismos de atracci\u00f3n de rutas. Revel\u00f3 una transici\u00f3n m\u00e1s profunda en la forma en que los destinos caribe\u00f1os est\u00e1n comenzando a enmarcar el transporte a\u00e9reo: no como una herramienta t\u00e1ctica de turismo, sino como un componente de la arquitectura econ\u00f3mica. Si [&hellip;]\" \/>\n<meta property=\"og:url\" content=\"https:\/\/www.latitude-15.com\/es\/economia-del-transporte-aereo-en-el-caribe-alineacion-de-rentabilidad-gobernanza-y-arquitectura-de-la-demanda\/\" \/>\n<meta property=\"og:site_name\" content=\"LATITUDE 15\" \/>\n<meta property=\"article:published_time\" content=\"2026-03-10T15:40:08+00:00\" \/>\n<meta property=\"article:modified_time\" content=\"2026-03-10T19:11:51+00:00\" \/>\n<meta property=\"og:image\" content=\"https:\/\/www.latitude-15.com\/wp-content\/uploads\/2026\/03\/17-scaled.jpg\" \/>\n\t<meta property=\"og:image:width\" content=\"2296\" \/>\n\t<meta property=\"og:image:height\" content=\"2560\" \/>\n\t<meta property=\"og:image:type\" content=\"image\/jpeg\" \/>\n<meta name=\"author\" content=\"Joda J\" \/>\n<meta name=\"twitter:card\" content=\"summary_large_image\" \/>\n<meta name=\"twitter:label1\" content=\"Escrito por\" \/>\n\t<meta name=\"twitter:data1\" content=\"Joda J\" \/>\n\t<meta name=\"twitter:label2\" content=\"Tiempo de lectura\" \/>\n\t<meta name=\"twitter:data2\" content=\"5 minutos\" \/>\n<script type=\"application\/ld+json\" class=\"yoast-schema-graph\">{\"@context\":\"https:\/\/schema.org\",\"@graph\":[{\"@type\":\"Article\",\"@id\":\"https:\/\/www.latitude-15.com\/es\/economia-del-transporte-aereo-en-el-caribe-alineacion-de-rentabilidad-gobernanza-y-arquitectura-de-la-demanda\/#article\",\"isPartOf\":{\"@id\":\"https:\/\/www.latitude-15.com\/es\/economia-del-transporte-aereo-en-el-caribe-alineacion-de-rentabilidad-gobernanza-y-arquitectura-de-la-demanda\/\"},\"author\":{\"name\":\"Joda J\",\"@id\":\"https:\/\/www.latitude-15.com\/es\/#\/schema\/person\/dac52e7ff44c78317f337da112e37252\"},\"headline\":\"Econom\u00eda del transporte a\u00e9reo en el Caribe: alineaci\u00f3n de rentabilidad, gobernanza y arquitectura de la demanda\",\"datePublished\":\"2026-03-10T15:40:08+00:00\",\"dateModified\":\"2026-03-10T19:11:51+00:00\",\"mainEntityOfPage\":{\"@id\":\"https:\/\/www.latitude-15.com\/es\/economia-del-transporte-aereo-en-el-caribe-alineacion-de-rentabilidad-gobernanza-y-arquitectura-de-la-demanda\/\"},\"wordCount\":1110,\"commentCount\":0,\"publisher\":{\"@id\":\"https:\/\/www.latitude-15.com\/es\/#organization\"},\"image\":{\"@id\":\"https:\/\/www.latitude-15.com\/es\/economia-del-transporte-aereo-en-el-caribe-alineacion-de-rentabilidad-gobernanza-y-arquitectura-de-la-demanda\/#primaryimage\"},\"thumbnailUrl\":\"https:\/\/www.latitude-15.com\/wp-content\/uploads\/2026\/03\/17-scaled.jpg\",\"articleSection\":[\"AVIACI\u00d3N\",\"Conectividad a\u00e9rea y Atractivo territorial\"],\"inLanguage\":\"es\",\"potentialAction\":[{\"@type\":\"CommentAction\",\"name\":\"Comment\",\"target\":[\"https:\/\/www.latitude-15.com\/es\/economia-del-transporte-aereo-en-el-caribe-alineacion-de-rentabilidad-gobernanza-y-arquitectura-de-la-demanda\/#respond\"]}]},{\"@type\":\"WebPage\",\"@id\":\"https:\/\/www.latitude-15.com\/es\/economia-del-transporte-aereo-en-el-caribe-alineacion-de-rentabilidad-gobernanza-y-arquitectura-de-la-demanda\/\",\"url\":\"https:\/\/www.latitude-15.com\/es\/economia-del-transporte-aereo-en-el-caribe-alineacion-de-rentabilidad-gobernanza-y-arquitectura-de-la-demanda\/\",\"name\":\"Econom\u00eda del transporte a\u00e9reo en el Caribe: alineaci\u00f3n de rentabilidad, gobernanza y arquitectura de la demanda - LATITUDE 15\",\"isPartOf\":{\"@id\":\"https:\/\/www.latitude-15.com\/es\/#website\"},\"primaryImageOfPage\":{\"@id\":\"https:\/\/www.latitude-15.com\/es\/economia-del-transporte-aereo-en-el-caribe-alineacion-de-rentabilidad-gobernanza-y-arquitectura-de-la-demanda\/#primaryimage\"},\"image\":{\"@id\":\"https:\/\/www.latitude-15.com\/es\/economia-del-transporte-aereo-en-el-caribe-alineacion-de-rentabilidad-gobernanza-y-arquitectura-de-la-demanda\/#primaryimage\"},\"thumbnailUrl\":\"https:\/\/www.latitude-15.com\/wp-content\/uploads\/2026\/03\/17-scaled.jpg\",\"datePublished\":\"2026-03-10T15:40:08+00:00\",\"dateModified\":\"2026-03-10T19:11:51+00:00\",\"breadcrumb\":{\"@id\":\"https:\/\/www.latitude-15.com\/es\/economia-del-transporte-aereo-en-el-caribe-alineacion-de-rentabilidad-gobernanza-y-arquitectura-de-la-demanda\/#breadcrumb\"},\"inLanguage\":\"es\",\"potentialAction\":[{\"@type\":\"ReadAction\",\"target\":[\"https:\/\/www.latitude-15.com\/es\/economia-del-transporte-aereo-en-el-caribe-alineacion-de-rentabilidad-gobernanza-y-arquitectura-de-la-demanda\/\"]}]},{\"@type\":\"ImageObject\",\"inLanguage\":\"es\",\"@id\":\"https:\/\/www.latitude-15.com\/es\/economia-del-transporte-aereo-en-el-caribe-alineacion-de-rentabilidad-gobernanza-y-arquitectura-de-la-demanda\/#primaryimage\",\"url\":\"https:\/\/www.latitude-15.com\/wp-content\/uploads\/2026\/03\/17-scaled.jpg\",\"contentUrl\":\"https:\/\/www.latitude-15.com\/wp-content\/uploads\/2026\/03\/17-scaled.jpg\",\"width\":2296,\"height\":2560,\"caption\":\"Caribbean Airlift Economics\"},{\"@type\":\"BreadcrumbList\",\"@id\":\"https:\/\/www.latitude-15.com\/es\/economia-del-transporte-aereo-en-el-caribe-alineacion-de-rentabilidad-gobernanza-y-arquitectura-de-la-demanda\/#breadcrumb\",\"itemListElement\":[{\"@type\":\"ListItem\",\"position\":1,\"name\":\"Home\",\"item\":\"https:\/\/www.latitude-15.com\/es\/inicio\/\"},{\"@type\":\"ListItem\",\"position\":2,\"name\":\"Econom\u00eda del transporte a\u00e9reo en el Caribe: alineaci\u00f3n de rentabilidad, gobernanza y arquitectura de la demanda\"}]},{\"@type\":\"WebSite\",\"@id\":\"https:\/\/www.latitude-15.com\/es\/#website\",\"url\":\"https:\/\/www.latitude-15.com\/es\/\",\"name\":\"LATITUDE 15\",\"description\":\"Aviation and maritime Magazine - Caribbean &amp; Latin America\",\"publisher\":{\"@id\":\"https:\/\/www.latitude-15.com\/es\/#organization\"},\"potentialAction\":[{\"@type\":\"SearchAction\",\"target\":{\"@type\":\"EntryPoint\",\"urlTemplate\":\"https:\/\/www.latitude-15.com\/es\/?s={search_term_string}\"},\"query-input\":{\"@type\":\"PropertyValueSpecification\",\"valueRequired\":true,\"valueName\":\"search_term_string\"}}],\"inLanguage\":\"es\"},{\"@type\":\"Organization\",\"@id\":\"https:\/\/www.latitude-15.com\/es\/#organization\",\"name\":\"LATITUDE 15\",\"url\":\"https:\/\/www.latitude-15.com\/es\/\",\"logo\":{\"@type\":\"ImageObject\",\"inLanguage\":\"es\",\"@id\":\"https:\/\/www.latitude-15.com\/es\/#\/schema\/logo\/image\/\",\"url\":\"https:\/\/www.latitude-15.com\/wp-content\/uploads\/2026\/01\/cropped-logox500px.png\",\"contentUrl\":\"https:\/\/www.latitude-15.com\/wp-content\/uploads\/2026\/01\/cropped-logox500px.png\",\"width\":62,\"height\":75,\"caption\":\"LATITUDE 15\"},\"image\":{\"@id\":\"https:\/\/www.latitude-15.com\/es\/#\/schema\/logo\/image\/\"}},{\"@type\":\"Person\",\"@id\":\"https:\/\/www.latitude-15.com\/es\/#\/schema\/person\/dac52e7ff44c78317f337da112e37252\",\"name\":\"Joda J\",\"image\":{\"@type\":\"ImageObject\",\"inLanguage\":\"es\",\"@id\":\"https:\/\/www.latitude-15.com\/es\/#\/schema\/person\/image\/\",\"url\":\"https:\/\/secure.gravatar.com\/avatar\/6b1feae555e15404b76616f92d931d12b25ac58024f14ccb43d9d3c012e4c4cf?s=96&d=mm&r=g\",\"contentUrl\":\"https:\/\/secure.gravatar.com\/avatar\/6b1feae555e15404b76616f92d931d12b25ac58024f14ccb43d9d3c012e4c4cf?s=96&d=mm&r=g\",\"caption\":\"Joda J\"},\"url\":\"https:\/\/www.latitude-15.com\/es\/author\/joda\/\"}]}<\/script>\n<!-- \/ Yoast SEO plugin. -->","yoast_head_json":{"title":"Econom\u00eda del transporte a\u00e9reo en el Caribe: alineaci\u00f3n de rentabilidad, gobernanza y arquitectura de la demanda - LATITUDE 15","robots":{"index":"index","follow":"follow","max-snippet":"max-snippet:-1","max-image-preview":"max-image-preview:large","max-video-preview":"max-video-preview:-1"},"canonical":"https:\/\/www.latitude-15.com\/es\/economia-del-transporte-aereo-en-el-caribe-alineacion-de-rentabilidad-gobernanza-y-arquitectura-de-la-demanda\/","og_locale":"es_ES","og_type":"article","og_title":"Econom\u00eda del transporte a\u00e9reo en el Caribe: alineaci\u00f3n de rentabilidad, gobernanza y arquitectura de la demanda - LATITUDE 15","og_description":"La Cumbre de Conectividad A\u00e9rea de la CTO no se limit\u00f3 a revisar los mecanismos de atracci\u00f3n de rutas. Revel\u00f3 una transici\u00f3n m\u00e1s profunda en la forma en que los destinos caribe\u00f1os est\u00e1n comenzando a enmarcar el transporte a\u00e9reo: no como una herramienta t\u00e1ctica de turismo, sino como un componente de la arquitectura econ\u00f3mica. Si [&hellip;]","og_url":"https:\/\/www.latitude-15.com\/es\/economia-del-transporte-aereo-en-el-caribe-alineacion-de-rentabilidad-gobernanza-y-arquitectura-de-la-demanda\/","og_site_name":"LATITUDE 15","article_published_time":"2026-03-10T15:40:08+00:00","article_modified_time":"2026-03-10T19:11:51+00:00","og_image":[{"width":2296,"height":2560,"url":"https:\/\/www.latitude-15.com\/wp-content\/uploads\/2026\/03\/17-scaled.jpg","type":"image\/jpeg"}],"author":"Joda J","twitter_card":"summary_large_image","twitter_misc":{"Escrito por":"Joda J","Tiempo de lectura":"5 minutos"},"schema":{"@context":"https:\/\/schema.org","@graph":[{"@type":"Article","@id":"https:\/\/www.latitude-15.com\/es\/economia-del-transporte-aereo-en-el-caribe-alineacion-de-rentabilidad-gobernanza-y-arquitectura-de-la-demanda\/#article","isPartOf":{"@id":"https:\/\/www.latitude-15.com\/es\/economia-del-transporte-aereo-en-el-caribe-alineacion-de-rentabilidad-gobernanza-y-arquitectura-de-la-demanda\/"},"author":{"name":"Joda J","@id":"https:\/\/www.latitude-15.com\/es\/#\/schema\/person\/dac52e7ff44c78317f337da112e37252"},"headline":"Econom\u00eda del transporte a\u00e9reo en el Caribe: alineaci\u00f3n de rentabilidad, gobernanza y arquitectura de la demanda","datePublished":"2026-03-10T15:40:08+00:00","dateModified":"2026-03-10T19:11:51+00:00","mainEntityOfPage":{"@id":"https:\/\/www.latitude-15.com\/es\/economia-del-transporte-aereo-en-el-caribe-alineacion-de-rentabilidad-gobernanza-y-arquitectura-de-la-demanda\/"},"wordCount":1110,"commentCount":0,"publisher":{"@id":"https:\/\/www.latitude-15.com\/es\/#organization"},"image":{"@id":"https:\/\/www.latitude-15.com\/es\/economia-del-transporte-aereo-en-el-caribe-alineacion-de-rentabilidad-gobernanza-y-arquitectura-de-la-demanda\/#primaryimage"},"thumbnailUrl":"https:\/\/www.latitude-15.com\/wp-content\/uploads\/2026\/03\/17-scaled.jpg","articleSection":["AVIACI\u00d3N","Conectividad a\u00e9rea y Atractivo territorial"],"inLanguage":"es","potentialAction":[{"@type":"CommentAction","name":"Comment","target":["https:\/\/www.latitude-15.com\/es\/economia-del-transporte-aereo-en-el-caribe-alineacion-de-rentabilidad-gobernanza-y-arquitectura-de-la-demanda\/#respond"]}]},{"@type":"WebPage","@id":"https:\/\/www.latitude-15.com\/es\/economia-del-transporte-aereo-en-el-caribe-alineacion-de-rentabilidad-gobernanza-y-arquitectura-de-la-demanda\/","url":"https:\/\/www.latitude-15.com\/es\/economia-del-transporte-aereo-en-el-caribe-alineacion-de-rentabilidad-gobernanza-y-arquitectura-de-la-demanda\/","name":"Econom\u00eda del transporte a\u00e9reo en el Caribe: alineaci\u00f3n de rentabilidad, gobernanza y arquitectura de la demanda - LATITUDE 15","isPartOf":{"@id":"https:\/\/www.latitude-15.com\/es\/#website"},"primaryImageOfPage":{"@id":"https:\/\/www.latitude-15.com\/es\/economia-del-transporte-aereo-en-el-caribe-alineacion-de-rentabilidad-gobernanza-y-arquitectura-de-la-demanda\/#primaryimage"},"image":{"@id":"https:\/\/www.latitude-15.com\/es\/economia-del-transporte-aereo-en-el-caribe-alineacion-de-rentabilidad-gobernanza-y-arquitectura-de-la-demanda\/#primaryimage"},"thumbnailUrl":"https:\/\/www.latitude-15.com\/wp-content\/uploads\/2026\/03\/17-scaled.jpg","datePublished":"2026-03-10T15:40:08+00:00","dateModified":"2026-03-10T19:11:51+00:00","breadcrumb":{"@id":"https:\/\/www.latitude-15.com\/es\/economia-del-transporte-aereo-en-el-caribe-alineacion-de-rentabilidad-gobernanza-y-arquitectura-de-la-demanda\/#breadcrumb"},"inLanguage":"es","potentialAction":[{"@type":"ReadAction","target":["https:\/\/www.latitude-15.com\/es\/economia-del-transporte-aereo-en-el-caribe-alineacion-de-rentabilidad-gobernanza-y-arquitectura-de-la-demanda\/"]}]},{"@type":"ImageObject","inLanguage":"es","@id":"https:\/\/www.latitude-15.com\/es\/economia-del-transporte-aereo-en-el-caribe-alineacion-de-rentabilidad-gobernanza-y-arquitectura-de-la-demanda\/#primaryimage","url":"https:\/\/www.latitude-15.com\/wp-content\/uploads\/2026\/03\/17-scaled.jpg","contentUrl":"https:\/\/www.latitude-15.com\/wp-content\/uploads\/2026\/03\/17-scaled.jpg","width":2296,"height":2560,"caption":"Caribbean Airlift Economics"},{"@type":"BreadcrumbList","@id":"https:\/\/www.latitude-15.com\/es\/economia-del-transporte-aereo-en-el-caribe-alineacion-de-rentabilidad-gobernanza-y-arquitectura-de-la-demanda\/#breadcrumb","itemListElement":[{"@type":"ListItem","position":1,"name":"Home","item":"https:\/\/www.latitude-15.com\/es\/inicio\/"},{"@type":"ListItem","position":2,"name":"Econom\u00eda del transporte a\u00e9reo en el Caribe: alineaci\u00f3n de rentabilidad, gobernanza y arquitectura de la demanda"}]},{"@type":"WebSite","@id":"https:\/\/www.latitude-15.com\/es\/#website","url":"https:\/\/www.latitude-15.com\/es\/","name":"LATITUDE 15","description":"Aviation and maritime Magazine - Caribbean &amp; Latin America","publisher":{"@id":"https:\/\/www.latitude-15.com\/es\/#organization"},"potentialAction":[{"@type":"SearchAction","target":{"@type":"EntryPoint","urlTemplate":"https:\/\/www.latitude-15.com\/es\/?s={search_term_string}"},"query-input":{"@type":"PropertyValueSpecification","valueRequired":true,"valueName":"search_term_string"}}],"inLanguage":"es"},{"@type":"Organization","@id":"https:\/\/www.latitude-15.com\/es\/#organization","name":"LATITUDE 15","url":"https:\/\/www.latitude-15.com\/es\/","logo":{"@type":"ImageObject","inLanguage":"es","@id":"https:\/\/www.latitude-15.com\/es\/#\/schema\/logo\/image\/","url":"https:\/\/www.latitude-15.com\/wp-content\/uploads\/2026\/01\/cropped-logox500px.png","contentUrl":"https:\/\/www.latitude-15.com\/wp-content\/uploads\/2026\/01\/cropped-logox500px.png","width":62,"height":75,"caption":"LATITUDE 15"},"image":{"@id":"https:\/\/www.latitude-15.com\/es\/#\/schema\/logo\/image\/"}},{"@type":"Person","@id":"https:\/\/www.latitude-15.com\/es\/#\/schema\/person\/dac52e7ff44c78317f337da112e37252","name":"Joda J","image":{"@type":"ImageObject","inLanguage":"es","@id":"https:\/\/www.latitude-15.com\/es\/#\/schema\/person\/image\/","url":"https:\/\/secure.gravatar.com\/avatar\/6b1feae555e15404b76616f92d931d12b25ac58024f14ccb43d9d3c012e4c4cf?s=96&d=mm&r=g","contentUrl":"https:\/\/secure.gravatar.com\/avatar\/6b1feae555e15404b76616f92d931d12b25ac58024f14ccb43d9d3c012e4c4cf?s=96&d=mm&r=g","caption":"Joda J"},"url":"https:\/\/www.latitude-15.com\/es\/author\/joda\/"}]}},"_links":{"self":[{"href":"https:\/\/www.latitude-15.com\/es\/wp-json\/wp\/v2\/posts\/21335","targetHints":{"allow":["GET"]}}],"collection":[{"href":"https:\/\/www.latitude-15.com\/es\/wp-json\/wp\/v2\/posts"}],"about":[{"href":"https:\/\/www.latitude-15.com\/es\/wp-json\/wp\/v2\/types\/post"}],"author":[{"embeddable":true,"href":"https:\/\/www.latitude-15.com\/es\/wp-json\/wp\/v2\/users\/5"}],"replies":[{"embeddable":true,"href":"https:\/\/www.latitude-15.com\/es\/wp-json\/wp\/v2\/comments?post=21335"}],"version-history":[{"count":1,"href":"https:\/\/www.latitude-15.com\/es\/wp-json\/wp\/v2\/posts\/21335\/revisions"}],"predecessor-version":[{"id":21339,"href":"https:\/\/www.latitude-15.com\/es\/wp-json\/wp\/v2\/posts\/21335\/revisions\/21339"}],"wp:featuredmedia":[{"embeddable":true,"href":"https:\/\/www.latitude-15.com\/es\/wp-json\/wp\/v2\/media\/21334"}],"wp:attachment":[{"href":"https:\/\/www.latitude-15.com\/es\/wp-json\/wp\/v2\/media?parent=21335"}],"wp:term":[{"taxonomy":"category","embeddable":true,"href":"https:\/\/www.latitude-15.com\/es\/wp-json\/wp\/v2\/categories?post=21335"},{"taxonomy":"post_tag","embeddable":true,"href":"https:\/\/www.latitude-15.com\/es\/wp-json\/wp\/v2\/tags?post=21335"}],"curies":[{"name":"wp","href":"https:\/\/api.w.org\/{rel}","templated":true}]}}