{"id":21268,"date":"2026-03-06T12:21:34","date_gmt":"2026-03-06T16:21:34","guid":{"rendered":"https:\/\/www.latitude-15.com\/guyana-amplia-su-capacidad-de-carga-aerea-mientras-los-volumenes-de-mercancias-casi-se-duplican-desde-2020\/"},"modified":"2026-03-09T14:54:35","modified_gmt":"2026-03-09T18:54:35","slug":"guyana-amplia-su-capacidad-de-carga-aerea-mientras-los-volumenes-de-mercancias-casi-se-duplican-desde-2020","status":"publish","type":"post","link":"https:\/\/www.latitude-15.com\/es\/guyana-amplia-su-capacidad-de-carga-aerea-mientras-los-volumenes-de-mercancias-casi-se-duplican-desde-2020\/","title":{"rendered":"Guyana ampl\u00eda su capacidad de carga a\u00e9rea mientras los vol\u00famenes de mercanc\u00edas casi se duplican desde 2020"},"content":{"rendered":"\n<p><em>El nuevo servicio carguero semanal de Avianca hacia Miami a\u00f1ade 65 toneladas de capacidad mientras Guyana acelera su estrategia de aviaci\u00f3n y log\u00edstica.<\/em><\/p>\n\n<h2 class=\"wp-block-heading\">La carga a\u00e9rea emerge como infraestructura estrat\u00e9gica en la expansi\u00f3n econ\u00f3mica de Guyana<\/h2>\n\n<p>La carga a\u00e9rea se est\u00e1 convirtiendo en un componente cada vez m\u00e1s estrat\u00e9gico en la transformaci\u00f3n econ\u00f3mica de Guyana. A medida que el pa\u00eds experimenta un r\u00e1pido crecimiento en m\u00faltiples sectores, la log\u00edstica a\u00e9rea est\u00e1 evolucionando de una funci\u00f3n de apoyo a un factor clave para el comercio, las exportaciones y la integraci\u00f3n regional. <\/p>\n\n<p>Seg\u00fan un anuncio publicado por el Ministry of Public Utilities and Aviation, el pa\u00eds est\u00e1 ampliando su capacidad internacional de transporte de mercanc\u00edas con el lanzamiento de un nuevo servicio dedicado que conectar\u00e1 directamente Guyana con Miami. La iniciativa forma parte de una estrategia gubernamental m\u00e1s amplia destinada a alinear la infraestructura de aviaci\u00f3n con la aceleraci\u00f3n de la actividad econ\u00f3mica del pa\u00eds. <\/p>\n\n<h2 class=\"wp-block-heading\">Un nuevo enlace carguero directo entre Guyana y Miami<\/h2>\n\n<p>El nuevo servicio ser\u00e1 operado por Avianca y est\u00e1 previsto que comience a operar el 2 de marzo de 2026. La ruta conectar\u00e1 Guyana con Miami mediante un vuelo carguero semanal operado con un Airbus A330-243F. <\/p>\n\n<p>Cada rotaci\u00f3n ofrecer\u00e1 65 toneladas de capacidad de carga dedicada, creando un corredor log\u00edstico directo y confiable entre el mercado guyan\u00e9s y uno de los hubs log\u00edsticos m\u00e1s importantes del continente americano.<\/p>\n\n<p>Seg\u00fan Deodat Indar, la introducci\u00f3n de este servicio representa un hito en los esfuerzos del pa\u00eds por modernizar su infraestructura de aviaci\u00f3n y log\u00edstica. La capacidad adicional de carga est\u00e1 destinada a apoyar tanto a empresas como a remitentes individuales, facilitando el transporte de mercanc\u00edas comerciales, exportaciones agr\u00edcolas y env\u00edos personales. <\/p>\n\n<h2 class=\"wp-block-heading\">Los vol\u00famenes de carga reflejan la r\u00e1pida transformaci\u00f3n econ\u00f3mica de Guyana<\/h2>\n\n<p>El lanzamiento de este servicio se produce en un momento en que el sector de la aviaci\u00f3n en Guyana est\u00e1 experimentando una expansi\u00f3n significativa. Las cifras gubernamentales indican que los vol\u00famenes de carga internacional casi se han duplicado desde 2020, lo que pone de manifiesto la magnitud de la aceleraci\u00f3n econ\u00f3mica del pa\u00eds y la creciente importancia de la conectividad log\u00edstica. <\/p>\n\n<p>Este aumento del tr\u00e1fico de mercanc\u00edas refleja una mayor demanda en diversos sectores, incluidos la agricultura, el comercio y las cadenas de suministro industriales. A medida que la econom\u00eda se expande y aumenta la capacidad productiva, la carga a\u00e9rea se convierte en un componente esencial de la infraestructura de comercio exterior de Guyana. <\/p>\n\n<h2 class=\"wp-block-heading\">Miami refuerza su papel como puerta de entrada estrat\u00e9gica para el comercio<\/h2>\n\n<p>La elecci\u00f3n de Miami como destino de este nuevo servicio carguero subraya el papel de la ciudad como uno de los principales centros log\u00edsticos de las Am\u00e9ricas. El Miami International Airport funciona como uno de los hubs de carga m\u00e1s importantes de la regi\u00f3n, conectando Am\u00e9rica del Norte, Am\u00e9rica Latina y el Caribe a trav\u00e9s de extensas redes log\u00edsticas. <\/p>\n\n<p>Para los exportadores guyaneses, la conectividad directa con este hub mejora significativamente el acceso a los mercados internacionales. La nueva ruta permite que los productos fabricados en Guyana lleguen m\u00e1s r\u00e1pidamente a las redes globales de distribuci\u00f3n, fortaleciendo las cadenas de suministro y mejorando la eficiencia de las exportaciones. <\/p>\n\n<h2 class=\"wp-block-heading\">La conectividad a\u00e9rea respalda la estrategia \u201cFood Basket of the Caribbean\u201d<\/h2>\n\n<p>La expansi\u00f3n de la capacidad de carga a\u00e9rea tambi\u00e9n est\u00e1 alineada con las ambiciones agr\u00edcolas m\u00e1s amplias de Guyana. El gobierno ha reiterado en varias ocasiones su objetivo de posicionar al pa\u00eds como el \u201cFood Basket of the Caribbean\u201d, incrementando la producci\u00f3n agr\u00edcola y fortaleciendo la seguridad alimentaria regional. <\/p>\n\n<p>Una log\u00edstica a\u00e9rea confiable desempe\u00f1a un papel fundamental en esta estrategia. Los enlaces cargueros directos permiten a los productores agr\u00edcolas y a los fabricantes enviar productos r\u00e1pidamente a los mercados internacionales, especialmente aquellos que requieren transporte r\u00e1pido. En este contexto, una mayor conectividad a\u00e9rea se convierte en una herramienta estrat\u00e9gica para impulsar tanto el desarrollo agr\u00edcola como la competitividad de las exportaciones.  <\/p>\n\n<h3 class=\"wp-block-heading\">Cheddi Jagan International Airport refuerza su papel log\u00edstico<\/h3>\n\n<p>La iniciativa tambi\u00e9n refuerza el posicionamiento estrat\u00e9gico del Cheddi Jagan International Airport como un hub log\u00edstico emergente en el norte de Am\u00e9rica del Sur y en la cuenca del Caribe.<\/p>\n\n<p>Al atraer aerol\u00edneas internacionales y ampliar la capacidad de carga, el gobierno busca transformar el aeropuerto en un nodo central para los flujos comerciales y log\u00edsticos. El desarrollo de nuevas rutas cargueras se considera un paso clave para construir un ecosistema de aviaci\u00f3n m\u00e1s s\u00f3lido capaz de respaldar el perfil econ\u00f3mico en evoluci\u00f3n de Guyana. <\/p>\n\n<h2 class=\"wp-block-heading\">Una red log\u00edstica que comienza a tomar forma<\/h2>\n\n<p>A medida que la econom\u00eda de Guyana contin\u00faa expandi\u00e9ndose, la carga a\u00e9rea se perfila como un componente fundamental de su estrategia de infraestructura. El lanzamiento del nuevo servicio carguero de Avianca ilustra c\u00f3mo la conectividad a\u00e9rea se percibe cada vez m\u00e1s no solo como un servicio de transporte, sino como un pilar esencial para el comercio y el desarrollo econ\u00f3mico. <\/p>\n\n<p>Con vol\u00famenes de carga en aumento y crecientes ambiciones exportadoras, el fortalecimiento de las conexiones log\u00edsticas internacionales sugiere que Guyana est\u00e1 posicion\u00e1ndose para desempe\u00f1ar un papel m\u00e1s relevante dentro de las cadenas de suministro regionales y globales.<\/p>\n","protected":false},"excerpt":{"rendered":"<p>El nuevo servicio carguero semanal de Avianca hacia Miami a\u00f1ade 65 toneladas de capacidad mientras Guyana acelera su estrategia de aviaci\u00f3n y log\u00edstica. La carga a\u00e9rea emerge como infraestructura estrat\u00e9gica en la expansi\u00f3n econ\u00f3mica de Guyana La carga a\u00e9rea se est\u00e1 convirtiendo en un componente cada vez m\u00e1s estrat\u00e9gico en la transformaci\u00f3n econ\u00f3mica de Guyana. [&hellip;]<\/p>\n","protected":false},"author":5,"featured_media":0,"comment_status":"open","ping_status":"closed","sticky":false,"template":"","format":"standard","meta":{"footnotes":""},"categories":[105,99],"tags":[],"class_list":["post-21268","post","type-post","status-publish","format-standard","hentry","category-aeropuertos-e-infraestructura","category-aviacion"],"yoast_head":"<!-- This site is optimized with the Yoast SEO plugin v26.9 - https:\/\/yoast.com\/product\/yoast-seo-wordpress\/ -->\n<title>Guyana ampl\u00eda su capacidad de carga a\u00e9rea mientras los vol\u00famenes de mercanc\u00edas casi se duplican desde 2020 - LATITUDE 15<\/title>\n<meta name=\"robots\" content=\"index, follow, max-snippet:-1, max-image-preview:large, max-video-preview:-1\" \/>\n<link rel=\"canonical\" href=\"https:\/\/www.latitude-15.com\/es\/guyana-amplia-su-capacidad-de-carga-aerea-mientras-los-volumenes-de-mercancias-casi-se-duplican-desde-2020\/\" \/>\n<meta property=\"og:locale\" content=\"es_ES\" \/>\n<meta property=\"og:type\" content=\"article\" \/>\n<meta property=\"og:title\" content=\"Guyana ampl\u00eda su capacidad de carga a\u00e9rea mientras los vol\u00famenes de mercanc\u00edas casi se duplican desde 2020 - LATITUDE 15\" \/>\n<meta property=\"og:description\" content=\"El nuevo servicio carguero semanal de Avianca hacia Miami a\u00f1ade 65 toneladas de capacidad mientras Guyana acelera su estrategia de aviaci\u00f3n y log\u00edstica. La carga a\u00e9rea emerge como infraestructura estrat\u00e9gica en la expansi\u00f3n econ\u00f3mica de Guyana La carga a\u00e9rea se est\u00e1 convirtiendo en un componente cada vez m\u00e1s estrat\u00e9gico en la transformaci\u00f3n econ\u00f3mica de Guyana. [&hellip;]\" \/>\n<meta property=\"og:url\" content=\"https:\/\/www.latitude-15.com\/es\/guyana-amplia-su-capacidad-de-carga-aerea-mientras-los-volumenes-de-mercancias-casi-se-duplican-desde-2020\/\" \/>\n<meta property=\"og:site_name\" content=\"LATITUDE 15\" \/>\n<meta property=\"article:published_time\" content=\"2026-03-06T16:21:34+00:00\" \/>\n<meta property=\"article:modified_time\" content=\"2026-03-09T18:54:35+00:00\" \/>\n<meta property=\"og:image\" content=\"https:\/\/www.latitude-15.com\/wp-content\/uploads\/2026\/03\/gallery-nueva-imagen_0002-1.jpg\" \/>\n\t<meta property=\"og:image:width\" content=\"690\" \/>\n\t<meta property=\"og:image:height\" content=\"518\" \/>\n\t<meta property=\"og:image:type\" content=\"image\/jpeg\" \/>\n<meta name=\"author\" content=\"Joda J\" \/>\n<meta name=\"twitter:card\" content=\"summary_large_image\" \/>\n<meta name=\"twitter:label1\" content=\"Escrito por\" \/>\n\t<meta name=\"twitter:data1\" content=\"Joda J\" \/>\n\t<meta name=\"twitter:label2\" content=\"Tiempo de lectura\" \/>\n\t<meta name=\"twitter:data2\" content=\"4 minutos\" \/>\n<script type=\"application\/ld+json\" class=\"yoast-schema-graph\">{\"@context\":\"https:\/\/schema.org\",\"@graph\":[{\"@type\":\"Article\",\"@id\":\"https:\/\/www.latitude-15.com\/es\/guyana-amplia-su-capacidad-de-carga-aerea-mientras-los-volumenes-de-mercancias-casi-se-duplican-desde-2020\/#article\",\"isPartOf\":{\"@id\":\"https:\/\/www.latitude-15.com\/es\/guyana-amplia-su-capacidad-de-carga-aerea-mientras-los-volumenes-de-mercancias-casi-se-duplican-desde-2020\/\"},\"author\":{\"name\":\"Joda J\",\"@id\":\"https:\/\/www.latitude-15.com\/es\/#\/schema\/person\/dac52e7ff44c78317f337da112e37252\"},\"headline\":\"Guyana ampl\u00eda su capacidad de carga a\u00e9rea mientras los vol\u00famenes de mercanc\u00edas casi se duplican desde 2020\",\"datePublished\":\"2026-03-06T16:21:34+00:00\",\"dateModified\":\"2026-03-09T18:54:35+00:00\",\"mainEntityOfPage\":{\"@id\":\"https:\/\/www.latitude-15.com\/es\/guyana-amplia-su-capacidad-de-carga-aerea-mientras-los-volumenes-de-mercancias-casi-se-duplican-desde-2020\/\"},\"wordCount\":975,\"commentCount\":0,\"publisher\":{\"@id\":\"https:\/\/www.latitude-15.com\/es\/#organization\"},\"articleSection\":[\"Aeropuertos e infraestructura\",\"AVIACI\u00d3N\"],\"inLanguage\":\"es\",\"potentialAction\":[{\"@type\":\"CommentAction\",\"name\":\"Comment\",\"target\":[\"https:\/\/www.latitude-15.com\/es\/guyana-amplia-su-capacidad-de-carga-aerea-mientras-los-volumenes-de-mercancias-casi-se-duplican-desde-2020\/#respond\"]}]},{\"@type\":\"WebPage\",\"@id\":\"https:\/\/www.latitude-15.com\/es\/guyana-amplia-su-capacidad-de-carga-aerea-mientras-los-volumenes-de-mercancias-casi-se-duplican-desde-2020\/\",\"url\":\"https:\/\/www.latitude-15.com\/es\/guyana-amplia-su-capacidad-de-carga-aerea-mientras-los-volumenes-de-mercancias-casi-se-duplican-desde-2020\/\",\"name\":\"Guyana ampl\u00eda su capacidad de carga a\u00e9rea mientras los vol\u00famenes de mercanc\u00edas casi se duplican desde 2020 - LATITUDE 15\",\"isPartOf\":{\"@id\":\"https:\/\/www.latitude-15.com\/es\/#website\"},\"datePublished\":\"2026-03-06T16:21:34+00:00\",\"dateModified\":\"2026-03-09T18:54:35+00:00\",\"breadcrumb\":{\"@id\":\"https:\/\/www.latitude-15.com\/es\/guyana-amplia-su-capacidad-de-carga-aerea-mientras-los-volumenes-de-mercancias-casi-se-duplican-desde-2020\/#breadcrumb\"},\"inLanguage\":\"es\",\"potentialAction\":[{\"@type\":\"ReadAction\",\"target\":[\"https:\/\/www.latitude-15.com\/es\/guyana-amplia-su-capacidad-de-carga-aerea-mientras-los-volumenes-de-mercancias-casi-se-duplican-desde-2020\/\"]}]},{\"@type\":\"BreadcrumbList\",\"@id\":\"https:\/\/www.latitude-15.com\/es\/guyana-amplia-su-capacidad-de-carga-aerea-mientras-los-volumenes-de-mercancias-casi-se-duplican-desde-2020\/#breadcrumb\",\"itemListElement\":[{\"@type\":\"ListItem\",\"position\":1,\"name\":\"Home\",\"item\":\"https:\/\/www.latitude-15.com\/es\/inicio\/\"},{\"@type\":\"ListItem\",\"position\":2,\"name\":\"Guyana ampl\u00eda su capacidad de carga a\u00e9rea mientras los vol\u00famenes de mercanc\u00edas casi se duplican desde 2020\"}]},{\"@type\":\"WebSite\",\"@id\":\"https:\/\/www.latitude-15.com\/es\/#website\",\"url\":\"https:\/\/www.latitude-15.com\/es\/\",\"name\":\"LATITUDE 15\",\"description\":\"Aviation and maritime Magazine - Caribbean &amp; Latin America\",\"publisher\":{\"@id\":\"https:\/\/www.latitude-15.com\/es\/#organization\"},\"potentialAction\":[{\"@type\":\"SearchAction\",\"target\":{\"@type\":\"EntryPoint\",\"urlTemplate\":\"https:\/\/www.latitude-15.com\/es\/?s={search_term_string}\"},\"query-input\":{\"@type\":\"PropertyValueSpecification\",\"valueRequired\":true,\"valueName\":\"search_term_string\"}}],\"inLanguage\":\"es\"},{\"@type\":\"Organization\",\"@id\":\"https:\/\/www.latitude-15.com\/es\/#organization\",\"name\":\"LATITUDE 15\",\"url\":\"https:\/\/www.latitude-15.com\/es\/\",\"logo\":{\"@type\":\"ImageObject\",\"inLanguage\":\"es\",\"@id\":\"https:\/\/www.latitude-15.com\/es\/#\/schema\/logo\/image\/\",\"url\":\"https:\/\/www.latitude-15.com\/wp-content\/uploads\/2026\/01\/cropped-logox500px.png\",\"contentUrl\":\"https:\/\/www.latitude-15.com\/wp-content\/uploads\/2026\/01\/cropped-logox500px.png\",\"width\":62,\"height\":75,\"caption\":\"LATITUDE 15\"},\"image\":{\"@id\":\"https:\/\/www.latitude-15.com\/es\/#\/schema\/logo\/image\/\"}},{\"@type\":\"Person\",\"@id\":\"https:\/\/www.latitude-15.com\/es\/#\/schema\/person\/dac52e7ff44c78317f337da112e37252\",\"name\":\"Joda J\",\"image\":{\"@type\":\"ImageObject\",\"inLanguage\":\"es\",\"@id\":\"https:\/\/www.latitude-15.com\/es\/#\/schema\/person\/image\/\",\"url\":\"https:\/\/secure.gravatar.com\/avatar\/6b1feae555e15404b76616f92d931d12b25ac58024f14ccb43d9d3c012e4c4cf?s=96&d=mm&r=g\",\"contentUrl\":\"https:\/\/secure.gravatar.com\/avatar\/6b1feae555e15404b76616f92d931d12b25ac58024f14ccb43d9d3c012e4c4cf?s=96&d=mm&r=g\",\"caption\":\"Joda J\"},\"url\":\"https:\/\/www.latitude-15.com\/es\/author\/joda\/\"}]}<\/script>\n<!-- \/ Yoast SEO plugin. -->","yoast_head_json":{"title":"Guyana ampl\u00eda su capacidad de carga a\u00e9rea mientras los vol\u00famenes de mercanc\u00edas casi se duplican desde 2020 - LATITUDE 15","robots":{"index":"index","follow":"follow","max-snippet":"max-snippet:-1","max-image-preview":"max-image-preview:large","max-video-preview":"max-video-preview:-1"},"canonical":"https:\/\/www.latitude-15.com\/es\/guyana-amplia-su-capacidad-de-carga-aerea-mientras-los-volumenes-de-mercancias-casi-se-duplican-desde-2020\/","og_locale":"es_ES","og_type":"article","og_title":"Guyana ampl\u00eda su capacidad de carga a\u00e9rea mientras los vol\u00famenes de mercanc\u00edas casi se duplican desde 2020 - LATITUDE 15","og_description":"El nuevo servicio carguero semanal de Avianca hacia Miami a\u00f1ade 65 toneladas de capacidad mientras Guyana acelera su estrategia de aviaci\u00f3n y log\u00edstica. La carga a\u00e9rea emerge como infraestructura estrat\u00e9gica en la expansi\u00f3n econ\u00f3mica de Guyana La carga a\u00e9rea se est\u00e1 convirtiendo en un componente cada vez m\u00e1s estrat\u00e9gico en la transformaci\u00f3n econ\u00f3mica de Guyana. [&hellip;]","og_url":"https:\/\/www.latitude-15.com\/es\/guyana-amplia-su-capacidad-de-carga-aerea-mientras-los-volumenes-de-mercancias-casi-se-duplican-desde-2020\/","og_site_name":"LATITUDE 15","article_published_time":"2026-03-06T16:21:34+00:00","article_modified_time":"2026-03-09T18:54:35+00:00","og_image":[{"width":690,"height":518,"url":"https:\/\/www.latitude-15.com\/wp-content\/uploads\/2026\/03\/gallery-nueva-imagen_0002-1.jpg","type":"image\/jpeg"}],"author":"Joda J","twitter_card":"summary_large_image","twitter_misc":{"Escrito por":"Joda J","Tiempo de lectura":"4 minutos"},"schema":{"@context":"https:\/\/schema.org","@graph":[{"@type":"Article","@id":"https:\/\/www.latitude-15.com\/es\/guyana-amplia-su-capacidad-de-carga-aerea-mientras-los-volumenes-de-mercancias-casi-se-duplican-desde-2020\/#article","isPartOf":{"@id":"https:\/\/www.latitude-15.com\/es\/guyana-amplia-su-capacidad-de-carga-aerea-mientras-los-volumenes-de-mercancias-casi-se-duplican-desde-2020\/"},"author":{"name":"Joda J","@id":"https:\/\/www.latitude-15.com\/es\/#\/schema\/person\/dac52e7ff44c78317f337da112e37252"},"headline":"Guyana ampl\u00eda su capacidad de carga a\u00e9rea mientras los vol\u00famenes de mercanc\u00edas casi se duplican desde 2020","datePublished":"2026-03-06T16:21:34+00:00","dateModified":"2026-03-09T18:54:35+00:00","mainEntityOfPage":{"@id":"https:\/\/www.latitude-15.com\/es\/guyana-amplia-su-capacidad-de-carga-aerea-mientras-los-volumenes-de-mercancias-casi-se-duplican-desde-2020\/"},"wordCount":975,"commentCount":0,"publisher":{"@id":"https:\/\/www.latitude-15.com\/es\/#organization"},"articleSection":["Aeropuertos e infraestructura","AVIACI\u00d3N"],"inLanguage":"es","potentialAction":[{"@type":"CommentAction","name":"Comment","target":["https:\/\/www.latitude-15.com\/es\/guyana-amplia-su-capacidad-de-carga-aerea-mientras-los-volumenes-de-mercancias-casi-se-duplican-desde-2020\/#respond"]}]},{"@type":"WebPage","@id":"https:\/\/www.latitude-15.com\/es\/guyana-amplia-su-capacidad-de-carga-aerea-mientras-los-volumenes-de-mercancias-casi-se-duplican-desde-2020\/","url":"https:\/\/www.latitude-15.com\/es\/guyana-amplia-su-capacidad-de-carga-aerea-mientras-los-volumenes-de-mercancias-casi-se-duplican-desde-2020\/","name":"Guyana ampl\u00eda su capacidad de carga a\u00e9rea mientras los vol\u00famenes de mercanc\u00edas casi se duplican desde 2020 - LATITUDE 15","isPartOf":{"@id":"https:\/\/www.latitude-15.com\/es\/#website"},"datePublished":"2026-03-06T16:21:34+00:00","dateModified":"2026-03-09T18:54:35+00:00","breadcrumb":{"@id":"https:\/\/www.latitude-15.com\/es\/guyana-amplia-su-capacidad-de-carga-aerea-mientras-los-volumenes-de-mercancias-casi-se-duplican-desde-2020\/#breadcrumb"},"inLanguage":"es","potentialAction":[{"@type":"ReadAction","target":["https:\/\/www.latitude-15.com\/es\/guyana-amplia-su-capacidad-de-carga-aerea-mientras-los-volumenes-de-mercancias-casi-se-duplican-desde-2020\/"]}]},{"@type":"BreadcrumbList","@id":"https:\/\/www.latitude-15.com\/es\/guyana-amplia-su-capacidad-de-carga-aerea-mientras-los-volumenes-de-mercancias-casi-se-duplican-desde-2020\/#breadcrumb","itemListElement":[{"@type":"ListItem","position":1,"name":"Home","item":"https:\/\/www.latitude-15.com\/es\/inicio\/"},{"@type":"ListItem","position":2,"name":"Guyana ampl\u00eda su capacidad de carga a\u00e9rea mientras los vol\u00famenes de mercanc\u00edas casi se duplican desde 2020"}]},{"@type":"WebSite","@id":"https:\/\/www.latitude-15.com\/es\/#website","url":"https:\/\/www.latitude-15.com\/es\/","name":"LATITUDE 15","description":"Aviation and maritime Magazine - Caribbean &amp; Latin America","publisher":{"@id":"https:\/\/www.latitude-15.com\/es\/#organization"},"potentialAction":[{"@type":"SearchAction","target":{"@type":"EntryPoint","urlTemplate":"https:\/\/www.latitude-15.com\/es\/?s={search_term_string}"},"query-input":{"@type":"PropertyValueSpecification","valueRequired":true,"valueName":"search_term_string"}}],"inLanguage":"es"},{"@type":"Organization","@id":"https:\/\/www.latitude-15.com\/es\/#organization","name":"LATITUDE 15","url":"https:\/\/www.latitude-15.com\/es\/","logo":{"@type":"ImageObject","inLanguage":"es","@id":"https:\/\/www.latitude-15.com\/es\/#\/schema\/logo\/image\/","url":"https:\/\/www.latitude-15.com\/wp-content\/uploads\/2026\/01\/cropped-logox500px.png","contentUrl":"https:\/\/www.latitude-15.com\/wp-content\/uploads\/2026\/01\/cropped-logox500px.png","width":62,"height":75,"caption":"LATITUDE 15"},"image":{"@id":"https:\/\/www.latitude-15.com\/es\/#\/schema\/logo\/image\/"}},{"@type":"Person","@id":"https:\/\/www.latitude-15.com\/es\/#\/schema\/person\/dac52e7ff44c78317f337da112e37252","name":"Joda J","image":{"@type":"ImageObject","inLanguage":"es","@id":"https:\/\/www.latitude-15.com\/es\/#\/schema\/person\/image\/","url":"https:\/\/secure.gravatar.com\/avatar\/6b1feae555e15404b76616f92d931d12b25ac58024f14ccb43d9d3c012e4c4cf?s=96&d=mm&r=g","contentUrl":"https:\/\/secure.gravatar.com\/avatar\/6b1feae555e15404b76616f92d931d12b25ac58024f14ccb43d9d3c012e4c4cf?s=96&d=mm&r=g","caption":"Joda J"},"url":"https:\/\/www.latitude-15.com\/es\/author\/joda\/"}]}},"_links":{"self":[{"href":"https:\/\/www.latitude-15.com\/es\/wp-json\/wp\/v2\/posts\/21268","targetHints":{"allow":["GET"]}}],"collection":[{"href":"https:\/\/www.latitude-15.com\/es\/wp-json\/wp\/v2\/posts"}],"about":[{"href":"https:\/\/www.latitude-15.com\/es\/wp-json\/wp\/v2\/types\/post"}],"author":[{"embeddable":true,"href":"https:\/\/www.latitude-15.com\/es\/wp-json\/wp\/v2\/users\/5"}],"replies":[{"embeddable":true,"href":"https:\/\/www.latitude-15.com\/es\/wp-json\/wp\/v2\/comments?post=21268"}],"version-history":[{"count":1,"href":"https:\/\/www.latitude-15.com\/es\/wp-json\/wp\/v2\/posts\/21268\/revisions"}],"predecessor-version":[{"id":21270,"href":"https:\/\/www.latitude-15.com\/es\/wp-json\/wp\/v2\/posts\/21268\/revisions\/21270"}],"wp:attachment":[{"href":"https:\/\/www.latitude-15.com\/es\/wp-json\/wp\/v2\/media?parent=21268"}],"wp:term":[{"taxonomy":"category","embeddable":true,"href":"https:\/\/www.latitude-15.com\/es\/wp-json\/wp\/v2\/categories?post=21268"},{"taxonomy":"post_tag","embeddable":true,"href":"https:\/\/www.latitude-15.com\/es\/wp-json\/wp\/v2\/tags?post=21268"}],"curies":[{"name":"wp","href":"https:\/\/api.w.org\/{rel}","templated":true}]}}