{"id":21144,"date":"2026-03-04T12:21:12","date_gmt":"2026-03-04T16:21:12","guid":{"rendered":"https:\/\/www.latitude-15.com\/el-aeropuerto-de-cayena-prepara-su-proxima-fase-de-desarrollo-bajo-un-nuevo-contrato-de-regulacion-economica\/"},"modified":"2026-03-05T04:18:55","modified_gmt":"2026-03-05T08:18:55","slug":"el-aeropuerto-de-cayena-prepara-su-proxima-fase-de-desarrollo-bajo-un-nuevo-contrato-de-regulacion-economica","status":"publish","type":"post","link":"https:\/\/www.latitude-15.com\/es\/el-aeropuerto-de-cayena-prepara-su-proxima-fase-de-desarrollo-bajo-un-nuevo-contrato-de-regulacion-economica\/","title":{"rendered":"El Aeropuerto de Cayena prepara su pr\u00f3xima fase de desarrollo bajo un nuevo Contrato de Regulaci\u00f3n Econ\u00f3mica"},"content":{"rendered":"\n<p>En la Guayana Francesa, el transporte a\u00e9reo no es simplemente una opci\u00f3n de movilidad: constituye un componente estructural de la conectividad territorial. Situado en el extremo norte de la cuenca amaz\u00f3nica y geogr\u00e1ficamente aislado de la Francia continental, el territorio depende en gran medida de la aviaci\u00f3n para garantizar la movilidad de los pasajeros, los intercambios econ\u00f3micos y los enlaces log\u00edsticos tanto con Europa como con los pa\u00edses vecinos de Am\u00e9rica del Sur. En el centro de este sistema se encuentra el Aeropuerto Internacional Cayenne \u2013 F\u00e9lix \u00c9bou\u00e9, principal puerta de entrada a\u00e9rea del territorio.  <\/p>\n\n<p>A medida que el tr\u00e1fico se estabiliza gradualmente tras el impacto de la pandemia de COVID-19, el aeropuerto entra ahora en una nueva fase de desarrollo. La preparaci\u00f3n del Contrato de Regulaci\u00f3n Econ\u00f3mica (CRE) para el per\u00edodo 2027-2031, firmado entre el Estado franc\u00e9s y la Soci\u00e9t\u00e9 Concessionnaire de l\u2019A\u00e9roport de Cayenne F\u00e9lix \u00c9bou\u00e9 (SCAC), establece el marco estrat\u00e9gico que orientar\u00e1 el desempe\u00f1o econ\u00f3mico de la plataforma, las inversiones en infraestructura y los objetivos de calidad de servicio durante los pr\u00f3ximos cinco a\u00f1os.  <\/p>\n\n<p>M\u00e1s all\u00e1 de su dimensi\u00f3n regulatoria, el contrato act\u00faa en la pr\u00e1ctica como una hoja de ruta para la modernizaci\u00f3n de la principal infraestructura a\u00e9rea del territorio.<\/p>\n\n<h2 class=\"wp-block-heading\">Un nuevo marco de gobernanza tras la concesi\u00f3n aeroportuaria<\/h2>\n\n<p>La preparaci\u00f3n del CRE se produce tras la firma de un nuevo contrato de concesi\u00f3n entre el Estado franc\u00e9s y la SCAC, el 23 de septiembre de 2025, con entrada en vigor el 1 de octubre de 2025. El contrato de regulaci\u00f3n complementa esta concesi\u00f3n al definir la trayectoria econ\u00f3mica del aeropuerto para el per\u00edodo 2027-2031, incluyendo la evoluci\u00f3n tarifaria, los compromisos de inversi\u00f3n, el rendimiento operativo y los objetivos medioambientales. <\/p>\n\n<p>Los Contrats de R\u00e9gulation \u00c9conomique constituyen un instrumento habitual de gobernanza dentro del sistema aeroportuario franc\u00e9s. Su objetivo es establecer un equilibrio entre operadores aeroportuarios, aerol\u00edneas y autoridades p\u00fablicas, vinculando la evoluci\u00f3n de las tarifas aeroportuarias con inversiones en infraestructura, eficiencia operativa e indicadores de calidad de servicio. <\/p>\n\n<p>En el caso del aeropuerto de Cayena, el contrato tambi\u00e9n introduce una referencia financiera mediante un coste medio ponderado del capital (WACC) objetivo del 6,24 %, que refleja la rentabilidad esperada de las inversiones realizadas en las actividades aeroportuarias reguladas.<\/p>\n\n<p>Este mecanismo busca garantizar que la modernizaci\u00f3n de la infraestructura sea financieramente sostenible, manteniendo al mismo tiempo previsibilidad en las tarifas aeroportuarias para las compa\u00f1\u00edas a\u00e9reas.<\/p>\n\n<h2 class=\"wp-block-heading\">Una recuperaci\u00f3n del tr\u00e1fico a\u00fan marcada por dependencias estructurales<\/h2>\n\n<p>Como muchos aeropuertos del Caribe y de los territorios de ultramar, el aeropuerto de Cayena se vio fuertemente afectado por la pandemia. Aunque el volumen de pasajeros se ha recuperado gradualmente desde 2022, la plataforma todav\u00eda no hab\u00eda alcanzado plenamente los niveles anteriores a la crisis en 2024. <\/p>\n\n<p>El tr\u00e1fico alcanz\u00f3 el 89 % del nivel de 2019 en 2024, aumentando posteriormente hasta aproximadamente el 96 % en 2025. <\/p>\n\n<p>Hist\u00f3ricamente, el crecimiento del tr\u00e1fico ha sido moderado pero relativamente estable. Entre 2010 y 2025, el n\u00famero de pasajeros creci\u00f3 a una tasa media anual de 1,8 %, con una expansi\u00f3n m\u00e1s din\u00e1mica entre 2010 y 2016, seguida de una fase de estabilizaci\u00f3n y posteriormente de contracci\u00f3n durante el per\u00edodo de la pandemia.  <\/p>\n\n<p>La estructura del tr\u00e1fico sigue concentrada en un n\u00famero limitado de rutas. Los vuelos que conectan la Guayana Francesa con la Francia continental representan alrededor del 64 % del tr\u00e1fico total de pasajeros. Las conexiones con el Caribe franc\u00e9s suponen aproximadamente el 23 %, mientras que los vuelos dom\u00e9sticos dentro del territorio representan menos del 10 %, un segmento debilitado tras la desaparici\u00f3n de la aerol\u00ednea regional Air Guyane.   <\/p>\n\n<p>Las conexiones internacionales representan actualmente solo una parte marginal del tr\u00e1fico, lo que refleja la orientaci\u00f3n hist\u00f3rica del aeropuerto hacia rutas dom\u00e9sticas y metropolitanas.<\/p>\n\n<h2 class=\"wp-block-heading\">Una trayectoria de crecimiento que requiere adaptar las infraestructuras<\/h2>\n\n<p>A pesar de que la recuperaci\u00f3n posterior a la pandemia a\u00fan no est\u00e1 completamente consolidada, las proyecciones de tr\u00e1fico indican una fase de crecimiento m\u00e1s sostenido en los pr\u00f3ximos a\u00f1os. El operador aeroportuario prev\u00e9 una expansi\u00f3n media de 4,5 % anual entre 2027 y 2031, lo que situar\u00eda el volumen de pasajeros en torno a 710.000 hacia el final de la d\u00e9cada.  <\/p>\n\n<p>Se espera que este crecimiento est\u00e9 impulsado no solo por la demanda sostenida de vuelos hacia la Francia continental, sino tambi\u00e9n por el desarrollo progresivo de conexiones regionales.<\/p>\n\n<p>La posible apertura de rutas hacia Brasil, Surinam y Guyana podr\u00eda ampliar la conectividad regional del aeropuerto y reducir su actual dependencia del tr\u00e1fico metropolitano.<\/p>\n\n<p>Sin embargo, absorber este crecimiento requerir\u00e1 mejoras significativas en la infraestructura aeroportuaria, especialmente en el terminal de pasajeros, donde varios procesos operativos ya se acercan a sus l\u00edmites de capacidad durante las horas punta.<\/p>\n\n<h2 class=\"wp-block-heading\">Un programa de inversi\u00f3n de 70 millones de euros para modernizar la plataforma<\/h2>\n\n<p>Para acompa\u00f1ar esta nueva fase de desarrollo, el contrato de regulaci\u00f3n incluye un importante programa de inversiones destinado a modernizar tanto las infraestructuras operativas como las instalaciones para los pasajeros.<\/p>\n\n<p>Los compromisos iniciales ascienden a aproximadamente 70,6 millones de euros entre 2027 y 2031, destinados a varios componentes estrat\u00e9gicos de la plataforma aeroportuaria. <\/p>\n\n<p>Uno de los proyectos centrales se centra en la reconfiguraci\u00f3n del terminal de pasajeros. El programa prev\u00e9 reorganizar los flujos de pasajeros dentro del edificio terminal, crear nuevas superficies operativas y redise\u00f1ar los procesos de seguridad y embarque. El objetivo es acercar el terminal a los est\u00e1ndares de servicio IATA \u201cOptimum\u201d, reduciendo los actuales cuellos de botella en las zonas p\u00fablicas, los controles de seguridad y las \u00e1reas de embarque.   <\/p>\n\n<p>M\u00e1s all\u00e1 del terminal, tambi\u00e9n est\u00e1n previstas varias mejoras en el lado aire (airside). Estas incluyen la reconstrucci\u00f3n de las posiciones de estacionamiento de aeronaves P1 y P2, la electrificaci\u00f3n de los stands de contacto y la modernizaci\u00f3n del \u00e1rea de aviaci\u00f3n general. Tambi\u00e9n se prev\u00e9n programas de mantenimiento de la pista y de las calles de rodaje para garantizar la fiabilidad operativa a largo plazo.  <\/p>\n\n<p>La infraestructura de seguridad tambi\u00e9n ser\u00e1 reforzada. Los servicios de salvamento y lucha contra incendios de aeronaves (SSLIA) afrontan actualmente limitaciones operativas debido a las restricciones de acceso en el \u00e1rea aeroportuaria. Por ello, se construir\u00e1 una nueva v\u00eda de acceso dedicada a la pista, con el fin de cumplir los est\u00e1ndares europeos de seguridad que exigen una intervenci\u00f3n de emergencia en menos de tres minutos.   <\/p>\n\n<p>Otras inversiones se destinar\u00e1n a la modernizaci\u00f3n de instalaciones t\u00e9cnicas, al refuerzo de la seguridad perimetral y a la actualizaci\u00f3n de los sistemas el\u00e9ctricos de la plataforma.<\/p>\n\n<h2 class=\"wp-block-heading\">Mejorar la experiencia del pasajero y los servicios aeroportuarios<\/h2>\n\n<p>Otro eje del programa de modernizaci\u00f3n se centra en la mejora de la experiencia global del pasajero.<\/p>\n\n<p>La reorganizaci\u00f3n del terminal permitir\u00e1 incorporar nuevas \u00e1reas comerciales, incluida una tienda duty-free de aproximadamente 300 metros cuadrados, adem\u00e1s de mejorar la circulaci\u00f3n entre los controles de seguridad, inmigraci\u00f3n y las zonas de embarque. <\/p>\n\n<p>Tambi\u00e9n se prev\u00e9n nuevas instalaciones fuera del edificio terminal. Un nuevo edificio dedicado a las agencias de alquiler de veh\u00edculos acoger\u00e1 a los once operadores actualmente presentes en el aeropuerto, mientras que un edificio administrativo independiente reunir\u00e1 funciones que actualmente se encuentran dentro del terminal. Estos traslados permitir\u00e1n liberar espacio dentro del terminal y mejorar la eficiencia del procesamiento de pasajeros.  <\/p>\n\n<p>En conjunto, estos cambios buscan adaptar el aeropuerto al crecimiento progresivo de los flujos internacionales y regionales, al tiempo que elevan los est\u00e1ndares de calidad del servicio.<\/p>\n\n<h2 class=\"wp-block-heading\">Una infraestructura estrat\u00e9gica para el desarrollo de la Guayana Francesa<\/h2>\n\n<p>M\u00e1s all\u00e1 de las operaciones aeron\u00e1uticas, el aeropuerto de Cayena desempe\u00f1a un papel central dentro del ecosistema econ\u00f3mico de la Guayana Francesa. Como principal puerta de entrada a\u00e9rea del territorio, la plataforma apoya la movilidad de los pasajeros, el turismo, la log\u00edstica y los servicios p\u00fablicos.<br\/>Asimismo, atiende las necesidades operativas del Centre Spatial Guyanais (CSG), uno de los centros de lanzamiento espacial m\u00e1s importantes de Europa. <\/p>\n\n<p>El programa de modernizaci\u00f3n previsto en el futuro contrato de regulaci\u00f3n va, por tanto, m\u00e1s all\u00e1 de una simple mejora de infraestructura. Representa un esfuerzo estrat\u00e9gico por alinear la capacidad operativa del aeropuerto con el desarrollo econ\u00f3mico a largo plazo del territorio. <\/p>\n\n<p>En regiones aisladas o insulares, donde el transporte a\u00e9reo sigue siendo un elemento esencial de conectividad, la pr\u00f3xima fase de desarrollo del Aeropuerto Internacional Cayenne \u2013 F\u00e9lix \u00c9bou\u00e9 podr\u00eda desempe\u00f1ar un papel clave para reforzar los v\u00ednculos de la Guayana Francesa tanto con Europa como con sus vecinos sudamericanos.<\/p>\n\n<p>A trav\u00e9s del marco del CRE 2027-2031, el aeropuerto se posiciona para acompa\u00f1ar la evoluci\u00f3n del panorama regional de la aviaci\u00f3n, manteniendo al mismo tiempo su papel central dentro del sistema de transporte de la Guayana Francesa.<\/p>\n","protected":false},"excerpt":{"rendered":"<p>En la Guayana Francesa, el transporte a\u00e9reo no es simplemente una opci\u00f3n de movilidad: constituye un componente estructural de la conectividad territorial. Situado en el extremo norte de la cuenca amaz\u00f3nica y geogr\u00e1ficamente aislado de la Francia continental, el territorio depende en gran medida de la aviaci\u00f3n para garantizar la movilidad de los pasajeros, los [&hellip;]<\/p>\n","protected":false},"author":5,"featured_media":0,"comment_status":"open","ping_status":"closed","sticky":false,"template":"","format":"standard","meta":{"footnotes":""},"categories":[105,99],"tags":[],"class_list":["post-21144","post","type-post","status-publish","format-standard","hentry","category-aeropuertos-e-infraestructura","category-aviacion"],"yoast_head":"<!-- This site is optimized with the Yoast SEO plugin v26.9 - https:\/\/yoast.com\/product\/yoast-seo-wordpress\/ -->\n<title>El Aeropuerto de Cayena prepara su pr\u00f3xima fase de desarrollo bajo un nuevo Contrato de Regulaci\u00f3n Econ\u00f3mica - LATITUDE 15<\/title>\n<meta name=\"robots\" content=\"index, follow, max-snippet:-1, max-image-preview:large, max-video-preview:-1\" \/>\n<link rel=\"canonical\" href=\"https:\/\/www.latitude-15.com\/es\/el-aeropuerto-de-cayena-prepara-su-proxima-fase-de-desarrollo-bajo-un-nuevo-contrato-de-regulacion-economica\/\" \/>\n<meta property=\"og:locale\" content=\"es_ES\" \/>\n<meta property=\"og:type\" content=\"article\" \/>\n<meta property=\"og:title\" content=\"El Aeropuerto de Cayena prepara su pr\u00f3xima fase de desarrollo bajo un nuevo Contrato de Regulaci\u00f3n Econ\u00f3mica - LATITUDE 15\" \/>\n<meta property=\"og:description\" content=\"En la Guayana Francesa, el transporte a\u00e9reo no es simplemente una opci\u00f3n de movilidad: constituye un componente estructural de la conectividad territorial. Situado en el extremo norte de la cuenca amaz\u00f3nica y geogr\u00e1ficamente aislado de la Francia continental, el territorio depende en gran medida de la aviaci\u00f3n para garantizar la movilidad de los pasajeros, los [&hellip;]\" \/>\n<meta property=\"og:url\" content=\"https:\/\/www.latitude-15.com\/es\/el-aeropuerto-de-cayena-prepara-su-proxima-fase-de-desarrollo-bajo-un-nuevo-contrato-de-regulacion-economica\/\" \/>\n<meta property=\"og:site_name\" content=\"LATITUDE 15\" \/>\n<meta property=\"article:published_time\" content=\"2026-03-04T16:21:12+00:00\" \/>\n<meta property=\"article:modified_time\" content=\"2026-03-05T08:18:55+00:00\" \/>\n<meta property=\"og:image\" content=\"https:\/\/www.latitude-15.com\/wp-content\/uploads\/2026\/03\/Cayenne_-_Rochambeau_CAY_-_SOCA_AN1559311.jpg\" \/>\n\t<meta property=\"og:image:width\" content=\"1182\" \/>\n\t<meta property=\"og:image:height\" content=\"799\" \/>\n\t<meta property=\"og:image:type\" content=\"image\/jpeg\" \/>\n<meta name=\"author\" content=\"Joda J\" \/>\n<meta name=\"twitter:card\" content=\"summary_large_image\" \/>\n<meta name=\"twitter:label1\" content=\"Escrito por\" \/>\n\t<meta name=\"twitter:data1\" content=\"Joda J\" \/>\n\t<meta name=\"twitter:label2\" content=\"Tiempo de lectura\" \/>\n\t<meta name=\"twitter:data2\" content=\"8 minutos\" \/>\n<script type=\"application\/ld+json\" class=\"yoast-schema-graph\">{\"@context\":\"https:\/\/schema.org\",\"@graph\":[{\"@type\":\"Article\",\"@id\":\"https:\/\/www.latitude-15.com\/es\/el-aeropuerto-de-cayena-prepara-su-proxima-fase-de-desarrollo-bajo-un-nuevo-contrato-de-regulacion-economica\/#article\",\"isPartOf\":{\"@id\":\"https:\/\/www.latitude-15.com\/es\/el-aeropuerto-de-cayena-prepara-su-proxima-fase-de-desarrollo-bajo-un-nuevo-contrato-de-regulacion-economica\/\"},\"author\":{\"name\":\"Joda J\",\"@id\":\"https:\/\/www.latitude-15.com\/es\/#\/schema\/person\/dac52e7ff44c78317f337da112e37252\"},\"headline\":\"El Aeropuerto de Cayena prepara su pr\u00f3xima fase de desarrollo bajo un nuevo Contrato de Regulaci\u00f3n Econ\u00f3mica\",\"datePublished\":\"2026-03-04T16:21:12+00:00\",\"dateModified\":\"2026-03-05T08:18:55+00:00\",\"mainEntityOfPage\":{\"@id\":\"https:\/\/www.latitude-15.com\/es\/el-aeropuerto-de-cayena-prepara-su-proxima-fase-de-desarrollo-bajo-un-nuevo-contrato-de-regulacion-economica\/\"},\"wordCount\":1559,\"commentCount\":0,\"publisher\":{\"@id\":\"https:\/\/www.latitude-15.com\/es\/#organization\"},\"articleSection\":[\"Aeropuertos e infraestructura\",\"AVIACI\u00d3N\"],\"inLanguage\":\"es\",\"potentialAction\":[{\"@type\":\"CommentAction\",\"name\":\"Comment\",\"target\":[\"https:\/\/www.latitude-15.com\/es\/el-aeropuerto-de-cayena-prepara-su-proxima-fase-de-desarrollo-bajo-un-nuevo-contrato-de-regulacion-economica\/#respond\"]}]},{\"@type\":\"WebPage\",\"@id\":\"https:\/\/www.latitude-15.com\/es\/el-aeropuerto-de-cayena-prepara-su-proxima-fase-de-desarrollo-bajo-un-nuevo-contrato-de-regulacion-economica\/\",\"url\":\"https:\/\/www.latitude-15.com\/es\/el-aeropuerto-de-cayena-prepara-su-proxima-fase-de-desarrollo-bajo-un-nuevo-contrato-de-regulacion-economica\/\",\"name\":\"El Aeropuerto de Cayena prepara su pr\u00f3xima fase de desarrollo bajo un nuevo Contrato de Regulaci\u00f3n Econ\u00f3mica - LATITUDE 15\",\"isPartOf\":{\"@id\":\"https:\/\/www.latitude-15.com\/es\/#website\"},\"datePublished\":\"2026-03-04T16:21:12+00:00\",\"dateModified\":\"2026-03-05T08:18:55+00:00\",\"breadcrumb\":{\"@id\":\"https:\/\/www.latitude-15.com\/es\/el-aeropuerto-de-cayena-prepara-su-proxima-fase-de-desarrollo-bajo-un-nuevo-contrato-de-regulacion-economica\/#breadcrumb\"},\"inLanguage\":\"es\",\"potentialAction\":[{\"@type\":\"ReadAction\",\"target\":[\"https:\/\/www.latitude-15.com\/es\/el-aeropuerto-de-cayena-prepara-su-proxima-fase-de-desarrollo-bajo-un-nuevo-contrato-de-regulacion-economica\/\"]}]},{\"@type\":\"BreadcrumbList\",\"@id\":\"https:\/\/www.latitude-15.com\/es\/el-aeropuerto-de-cayena-prepara-su-proxima-fase-de-desarrollo-bajo-un-nuevo-contrato-de-regulacion-economica\/#breadcrumb\",\"itemListElement\":[{\"@type\":\"ListItem\",\"position\":1,\"name\":\"Home\",\"item\":\"https:\/\/www.latitude-15.com\/es\/inicio\/\"},{\"@type\":\"ListItem\",\"position\":2,\"name\":\"El Aeropuerto de Cayena prepara su pr\u00f3xima fase de desarrollo bajo un nuevo Contrato de Regulaci\u00f3n Econ\u00f3mica\"}]},{\"@type\":\"WebSite\",\"@id\":\"https:\/\/www.latitude-15.com\/es\/#website\",\"url\":\"https:\/\/www.latitude-15.com\/es\/\",\"name\":\"LATITUDE 15\",\"description\":\"Aviation and maritime Magazine - Caribbean &amp; Latin America\",\"publisher\":{\"@id\":\"https:\/\/www.latitude-15.com\/es\/#organization\"},\"potentialAction\":[{\"@type\":\"SearchAction\",\"target\":{\"@type\":\"EntryPoint\",\"urlTemplate\":\"https:\/\/www.latitude-15.com\/es\/?s={search_term_string}\"},\"query-input\":{\"@type\":\"PropertyValueSpecification\",\"valueRequired\":true,\"valueName\":\"search_term_string\"}}],\"inLanguage\":\"es\"},{\"@type\":\"Organization\",\"@id\":\"https:\/\/www.latitude-15.com\/es\/#organization\",\"name\":\"LATITUDE 15\",\"url\":\"https:\/\/www.latitude-15.com\/es\/\",\"logo\":{\"@type\":\"ImageObject\",\"inLanguage\":\"es\",\"@id\":\"https:\/\/www.latitude-15.com\/es\/#\/schema\/logo\/image\/\",\"url\":\"https:\/\/www.latitude-15.com\/wp-content\/uploads\/2026\/01\/cropped-logox500px.png\",\"contentUrl\":\"https:\/\/www.latitude-15.com\/wp-content\/uploads\/2026\/01\/cropped-logox500px.png\",\"width\":62,\"height\":75,\"caption\":\"LATITUDE 15\"},\"image\":{\"@id\":\"https:\/\/www.latitude-15.com\/es\/#\/schema\/logo\/image\/\"}},{\"@type\":\"Person\",\"@id\":\"https:\/\/www.latitude-15.com\/es\/#\/schema\/person\/dac52e7ff44c78317f337da112e37252\",\"name\":\"Joda J\",\"image\":{\"@type\":\"ImageObject\",\"inLanguage\":\"es\",\"@id\":\"https:\/\/www.latitude-15.com\/es\/#\/schema\/person\/image\/\",\"url\":\"https:\/\/secure.gravatar.com\/avatar\/6b1feae555e15404b76616f92d931d12b25ac58024f14ccb43d9d3c012e4c4cf?s=96&d=mm&r=g\",\"contentUrl\":\"https:\/\/secure.gravatar.com\/avatar\/6b1feae555e15404b76616f92d931d12b25ac58024f14ccb43d9d3c012e4c4cf?s=96&d=mm&r=g\",\"caption\":\"Joda J\"},\"url\":\"https:\/\/www.latitude-15.com\/es\/author\/joda\/\"}]}<\/script>\n<!-- \/ Yoast SEO plugin. -->","yoast_head_json":{"title":"El Aeropuerto de Cayena prepara su pr\u00f3xima fase de desarrollo bajo un nuevo Contrato de Regulaci\u00f3n Econ\u00f3mica - LATITUDE 15","robots":{"index":"index","follow":"follow","max-snippet":"max-snippet:-1","max-image-preview":"max-image-preview:large","max-video-preview":"max-video-preview:-1"},"canonical":"https:\/\/www.latitude-15.com\/es\/el-aeropuerto-de-cayena-prepara-su-proxima-fase-de-desarrollo-bajo-un-nuevo-contrato-de-regulacion-economica\/","og_locale":"es_ES","og_type":"article","og_title":"El Aeropuerto de Cayena prepara su pr\u00f3xima fase de desarrollo bajo un nuevo Contrato de Regulaci\u00f3n Econ\u00f3mica - LATITUDE 15","og_description":"En la Guayana Francesa, el transporte a\u00e9reo no es simplemente una opci\u00f3n de movilidad: constituye un componente estructural de la conectividad territorial. Situado en el extremo norte de la cuenca amaz\u00f3nica y geogr\u00e1ficamente aislado de la Francia continental, el territorio depende en gran medida de la aviaci\u00f3n para garantizar la movilidad de los pasajeros, los [&hellip;]","og_url":"https:\/\/www.latitude-15.com\/es\/el-aeropuerto-de-cayena-prepara-su-proxima-fase-de-desarrollo-bajo-un-nuevo-contrato-de-regulacion-economica\/","og_site_name":"LATITUDE 15","article_published_time":"2026-03-04T16:21:12+00:00","article_modified_time":"2026-03-05T08:18:55+00:00","og_image":[{"width":1182,"height":799,"url":"https:\/\/www.latitude-15.com\/wp-content\/uploads\/2026\/03\/Cayenne_-_Rochambeau_CAY_-_SOCA_AN1559311.jpg","type":"image\/jpeg"}],"author":"Joda J","twitter_card":"summary_large_image","twitter_misc":{"Escrito por":"Joda J","Tiempo de lectura":"8 minutos"},"schema":{"@context":"https:\/\/schema.org","@graph":[{"@type":"Article","@id":"https:\/\/www.latitude-15.com\/es\/el-aeropuerto-de-cayena-prepara-su-proxima-fase-de-desarrollo-bajo-un-nuevo-contrato-de-regulacion-economica\/#article","isPartOf":{"@id":"https:\/\/www.latitude-15.com\/es\/el-aeropuerto-de-cayena-prepara-su-proxima-fase-de-desarrollo-bajo-un-nuevo-contrato-de-regulacion-economica\/"},"author":{"name":"Joda J","@id":"https:\/\/www.latitude-15.com\/es\/#\/schema\/person\/dac52e7ff44c78317f337da112e37252"},"headline":"El Aeropuerto de Cayena prepara su pr\u00f3xima fase de desarrollo bajo un nuevo Contrato de Regulaci\u00f3n Econ\u00f3mica","datePublished":"2026-03-04T16:21:12+00:00","dateModified":"2026-03-05T08:18:55+00:00","mainEntityOfPage":{"@id":"https:\/\/www.latitude-15.com\/es\/el-aeropuerto-de-cayena-prepara-su-proxima-fase-de-desarrollo-bajo-un-nuevo-contrato-de-regulacion-economica\/"},"wordCount":1559,"commentCount":0,"publisher":{"@id":"https:\/\/www.latitude-15.com\/es\/#organization"},"articleSection":["Aeropuertos e infraestructura","AVIACI\u00d3N"],"inLanguage":"es","potentialAction":[{"@type":"CommentAction","name":"Comment","target":["https:\/\/www.latitude-15.com\/es\/el-aeropuerto-de-cayena-prepara-su-proxima-fase-de-desarrollo-bajo-un-nuevo-contrato-de-regulacion-economica\/#respond"]}]},{"@type":"WebPage","@id":"https:\/\/www.latitude-15.com\/es\/el-aeropuerto-de-cayena-prepara-su-proxima-fase-de-desarrollo-bajo-un-nuevo-contrato-de-regulacion-economica\/","url":"https:\/\/www.latitude-15.com\/es\/el-aeropuerto-de-cayena-prepara-su-proxima-fase-de-desarrollo-bajo-un-nuevo-contrato-de-regulacion-economica\/","name":"El Aeropuerto de Cayena prepara su pr\u00f3xima fase de desarrollo bajo un nuevo Contrato de Regulaci\u00f3n Econ\u00f3mica - LATITUDE 15","isPartOf":{"@id":"https:\/\/www.latitude-15.com\/es\/#website"},"datePublished":"2026-03-04T16:21:12+00:00","dateModified":"2026-03-05T08:18:55+00:00","breadcrumb":{"@id":"https:\/\/www.latitude-15.com\/es\/el-aeropuerto-de-cayena-prepara-su-proxima-fase-de-desarrollo-bajo-un-nuevo-contrato-de-regulacion-economica\/#breadcrumb"},"inLanguage":"es","potentialAction":[{"@type":"ReadAction","target":["https:\/\/www.latitude-15.com\/es\/el-aeropuerto-de-cayena-prepara-su-proxima-fase-de-desarrollo-bajo-un-nuevo-contrato-de-regulacion-economica\/"]}]},{"@type":"BreadcrumbList","@id":"https:\/\/www.latitude-15.com\/es\/el-aeropuerto-de-cayena-prepara-su-proxima-fase-de-desarrollo-bajo-un-nuevo-contrato-de-regulacion-economica\/#breadcrumb","itemListElement":[{"@type":"ListItem","position":1,"name":"Home","item":"https:\/\/www.latitude-15.com\/es\/inicio\/"},{"@type":"ListItem","position":2,"name":"El Aeropuerto de Cayena prepara su pr\u00f3xima fase de desarrollo bajo un nuevo Contrato de Regulaci\u00f3n Econ\u00f3mica"}]},{"@type":"WebSite","@id":"https:\/\/www.latitude-15.com\/es\/#website","url":"https:\/\/www.latitude-15.com\/es\/","name":"LATITUDE 15","description":"Aviation and maritime Magazine - Caribbean &amp; Latin America","publisher":{"@id":"https:\/\/www.latitude-15.com\/es\/#organization"},"potentialAction":[{"@type":"SearchAction","target":{"@type":"EntryPoint","urlTemplate":"https:\/\/www.latitude-15.com\/es\/?s={search_term_string}"},"query-input":{"@type":"PropertyValueSpecification","valueRequired":true,"valueName":"search_term_string"}}],"inLanguage":"es"},{"@type":"Organization","@id":"https:\/\/www.latitude-15.com\/es\/#organization","name":"LATITUDE 15","url":"https:\/\/www.latitude-15.com\/es\/","logo":{"@type":"ImageObject","inLanguage":"es","@id":"https:\/\/www.latitude-15.com\/es\/#\/schema\/logo\/image\/","url":"https:\/\/www.latitude-15.com\/wp-content\/uploads\/2026\/01\/cropped-logox500px.png","contentUrl":"https:\/\/www.latitude-15.com\/wp-content\/uploads\/2026\/01\/cropped-logox500px.png","width":62,"height":75,"caption":"LATITUDE 15"},"image":{"@id":"https:\/\/www.latitude-15.com\/es\/#\/schema\/logo\/image\/"}},{"@type":"Person","@id":"https:\/\/www.latitude-15.com\/es\/#\/schema\/person\/dac52e7ff44c78317f337da112e37252","name":"Joda J","image":{"@type":"ImageObject","inLanguage":"es","@id":"https:\/\/www.latitude-15.com\/es\/#\/schema\/person\/image\/","url":"https:\/\/secure.gravatar.com\/avatar\/6b1feae555e15404b76616f92d931d12b25ac58024f14ccb43d9d3c012e4c4cf?s=96&d=mm&r=g","contentUrl":"https:\/\/secure.gravatar.com\/avatar\/6b1feae555e15404b76616f92d931d12b25ac58024f14ccb43d9d3c012e4c4cf?s=96&d=mm&r=g","caption":"Joda J"},"url":"https:\/\/www.latitude-15.com\/es\/author\/joda\/"}]}},"_links":{"self":[{"href":"https:\/\/www.latitude-15.com\/es\/wp-json\/wp\/v2\/posts\/21144","targetHints":{"allow":["GET"]}}],"collection":[{"href":"https:\/\/www.latitude-15.com\/es\/wp-json\/wp\/v2\/posts"}],"about":[{"href":"https:\/\/www.latitude-15.com\/es\/wp-json\/wp\/v2\/types\/post"}],"author":[{"embeddable":true,"href":"https:\/\/www.latitude-15.com\/es\/wp-json\/wp\/v2\/users\/5"}],"replies":[{"embeddable":true,"href":"https:\/\/www.latitude-15.com\/es\/wp-json\/wp\/v2\/comments?post=21144"}],"version-history":[{"count":1,"href":"https:\/\/www.latitude-15.com\/es\/wp-json\/wp\/v2\/posts\/21144\/revisions"}],"predecessor-version":[{"id":21145,"href":"https:\/\/www.latitude-15.com\/es\/wp-json\/wp\/v2\/posts\/21144\/revisions\/21145"}],"wp:attachment":[{"href":"https:\/\/www.latitude-15.com\/es\/wp-json\/wp\/v2\/media?parent=21144"}],"wp:term":[{"taxonomy":"category","embeddable":true,"href":"https:\/\/www.latitude-15.com\/es\/wp-json\/wp\/v2\/categories?post=21144"},{"taxonomy":"post_tag","embeddable":true,"href":"https:\/\/www.latitude-15.com\/es\/wp-json\/wp\/v2\/tags?post=21144"}],"curies":[{"name":"wp","href":"https:\/\/api.w.org\/{rel}","templated":true}]}}