{"id":21096,"date":"2026-03-02T08:55:00","date_gmt":"2026-03-02T12:55:00","guid":{"rendered":"https:\/\/www.latitude-15.com\/csa-2025-senala-un-punto-de-inflexion-estrategico-para-la-competitividad-maritima-del-caribe\/"},"modified":"2026-03-19T09:33:34","modified_gmt":"2026-03-19T13:33:34","slug":"csa-2025-senala-un-punto-de-inflexion-estrategico-para-la-competitividad-maritima-del-caribe","status":"publish","type":"post","link":"https:\/\/www.latitude-15.com\/es\/csa-2025-senala-un-punto-de-inflexion-estrategico-para-la-competitividad-maritima-del-caribe\/","title":{"rendered":"CSA 2025 se\u00f1ala un punto de inflexi\u00f3n estrat\u00e9gico para la competitividad mar\u00edtima del Caribe"},"content":{"rendered":"\n<p>La 55\u00aa Conferencia Anual de la Caribbean Shipping Association (CSA) se celebr\u00f3 en Paramaribo, Surinam, del 13 al 15 de octubre de 2025. El evento reuni\u00f3 a autoridades portuarias regionales, ejecutivos del sector naviero, instituciones de desarrollo y expertos mar\u00edtimos para analizar las tendencias del transporte de carga, la modernizaci\u00f3n de infraestructuras, la transformaci\u00f3n digital, la transici\u00f3n energ\u00e9tica y la resiliencia clim\u00e1tica en la cuenca del Caribe y el norte de Am\u00e9rica del Sur. <\/p>\n\n<p>M\u00e1s all\u00e1 de las presentaciones individuales, la conferencia puso de relieve una din\u00e1mica estructural m\u00e1s amplia. El sistema mar\u00edtimo caribe\u00f1o no est\u00e1 experimentando simplemente una modernizaci\u00f3n gradual; est\u00e1 entrando en una fase de transformaci\u00f3n acelerada impulsada por la expansi\u00f3n energ\u00e9tica, el aumento de la presi\u00f3n regulatoria, la exposici\u00f3n al riesgo clim\u00e1tico y los desaf\u00edos de reforma institucional. <\/p>\n\n<h2 class=\"wp-block-heading\">El crecimiento impulsado por la energ\u00eda est\u00e1 reconfigurando la cuenca norte<\/h2>\n\n<p>Uno de los indicadores m\u00e1s concretos presentados en Paramaribo se refiere a las proyecciones de carga vinculadas al corredor energ\u00e9tico Guyana\u2013Suriname. Entre 2020 y 2024, Guyana registr\u00f3 un aumento del 77% en los vol\u00famenes de FCL, con previsiones que apuntan a un crecimiento acumulado del +159% entre 2020 y 2028. Surinam, en el mismo horizonte temporal, proyecta un crecimiento del +69%.  <\/p>\n\n<p>Las previsiones indican adem\u00e1s incrementos anuales sostenidos de aproximadamente el 10% entre 2025 y 2028. Los vol\u00famenes de carga general (break bulk) en el puerto Jules Sedney tambi\u00e9n muestran una trayectoria de crecimiento constante hasta 2028. <\/p>\n\n<p>Estas cifras est\u00e1n directamente relacionadas con el desarrollo petrolero offshore y con la expansi\u00f3n de las cadenas log\u00edsticas asociadas. No se trata de una volatilidad coyuntural. Se trata de una expansi\u00f3n estructural impulsada por el sector energ\u00e9tico. El eje Guyana\u2013Suriname se est\u00e1 consolidando r\u00e1pidamente como un corredor log\u00edstico estrat\u00e9gico con creciente influencia sobre los flujos mar\u00edtimos del norte de Am\u00e9rica del Sur y del conjunto de la cuenca caribe\u00f1a.   <\/p>\n\n<p>La cuesti\u00f3n estrat\u00e9gica ya no es si los vol\u00famenes crecer\u00e1n, sino si las infraestructuras portuarias, las redes feeder y los marcos de gobernanza est\u00e1n alineados con esta aceleraci\u00f3n.<\/p>\n\n<h2 class=\"wp-block-heading\">Persisten cuellos de botella en la conectividad<\/h2>\n\n<p>Aunque las proyecciones de carga indican expansi\u00f3n, la conectividad intra-caribe\u00f1a sigue estando estructuralmente limitada.<\/p>\n\n<p>Los debates sobre integraci\u00f3n mar\u00edtima y multimodal pusieron de relieve limitaciones persistentes de capacidad en los hubs de transbordo, la fragilidad de las redes feeder y d\u00e9ficits de infraestructura. Durante la conferencia, esta situaci\u00f3n se resumi\u00f3 en una formulaci\u00f3n contundente: un barco, un d\u00eda, un cuello de botella. <\/p>\n\n<p>El sistema mar\u00edtimo del Caribe contin\u00faa dependiendo en gran medida de un n\u00famero limitado de configuraciones hub-and-spoke. A medida que los vol\u00famenes aumentan, este riesgo de concentraci\u00f3n se intensifica. Sin inversiones en integraci\u00f3n multimodal y diversificaci\u00f3n de redes feeder, el crecimiento impulsado por el sector energ\u00e9tico podr\u00eda amplificar los cuellos de botella en lugar de reducirlos.  <\/p>\n\n<p>En este contexto, la conectividad deja de ser \u00fanicamente un asunto log\u00edstico. Se convierte en un factor estructural de competitividad. <\/p>\n\n<h2 class=\"wp-block-heading\"><strong>La resiliencia clim\u00e1tica se convierte en un imperativo econ\u00f3mico<\/strong><\/h2>\n\n<p>Las discusiones sobre el riesgo clim\u00e1tico se abordaron desde una perspectiva operativa y econ\u00f3mica. El aumento del nivel del mar, los huracanes m\u00e1s intensos y la erosi\u00f3n costera fueron presentados como realidades estructurales que deben incorporarse en la planificaci\u00f3n estrat\u00e9gica de los puertos. <\/p>\n\n<p>La planificaci\u00f3n de la resiliencia ya forma parte de estrategias de infraestructura a largo plazo, con horizontes que se extienden hasta 2050 y m\u00e1s all\u00e1, integrando din\u00e1micas de mercado, flexibilidad de las infraestructuras y adaptaci\u00f3n clim\u00e1tica. Las implicaciones econ\u00f3micas fueron claras: cualquier interrupci\u00f3n operativa en los puertos del Caribe se traduce directamente en p\u00e9rdida de ingresos, disrupciones comerciales y vulnerabilidad para las comunidades dependientes de estos sistemas log\u00edsticos. <\/p>\n\n<p>Para las econom\u00edas insulares peque\u00f1as, donde los puertos funcionan como verdaderas l\u00edneas vitales, la resiliencia clim\u00e1tica ya no es un complemento de sostenibilidad. Es una necesidad operativa y financiera. Los costos de seguros, las decisiones de inversi\u00f3n y las estrategias de rutas de las navieras incorporan cada vez m\u00e1s m\u00e9tricas de resiliencia.  <\/p>\n\n<p>Los puertos que integran el riesgo clim\u00e1tico en su planificaci\u00f3n de capital est\u00e1n reforzando su competitividad a largo plazo.<\/p>\n\n<h2 class=\"wp-block-heading\">La digitalizaci\u00f3n avanza, pero la reforma institucional se queda atr\u00e1s<\/h2>\n\n<p>La transformaci\u00f3n digital ocup\u00f3 un lugar central en la conferencia, especialmente en relaci\u00f3n con los Port Community Systems (PCS). Sin embargo, la evaluaci\u00f3n regional sigue siendo desigual. Muchos puertos de Am\u00e9rica Latina y el Caribe contin\u00faan operando principalmente como centros de manipulaci\u00f3n de carga, sin una visi\u00f3n integrada de la cadena log\u00edstica. La adopci\u00f3n de smart ports sigue siendo limitada, persisten brechas de interoperabilidad y las restricciones financieras ralentizan la modernizaci\u00f3n.   <\/p>\n\n<p>El argumento econ\u00f3mico a favor de los PCS es claro. Los ejemplos internacionales citados incluyen ahorros anuales de US$59 millones en los Pa\u00edses Bajos, US$13 millones en Jamaica y aproximadamente US$80 millones en tres a\u00f1os en Singapur. Sin embargo, su implementaci\u00f3n en el Caribe enfrenta obst\u00e1culos institucionales y regulatorios, entre ellos la ausencia de marcos de participaci\u00f3n obligatoria, preocupaciones sobre protecci\u00f3n de datos y la complejidad de la integraci\u00f3n aduanera.  <\/p>\n\n<p>La conclusi\u00f3n es estructural, no tecnol\u00f3gica. Las herramientas digitales por s\u00ed solas no pueden compensar una gobernanza fragmentada. Sin armonizaci\u00f3n jur\u00eddica y coordinaci\u00f3n institucional, la digitalizaci\u00f3n corre el riesgo de convertirse en una modernizaci\u00f3n parcial en lugar de una transformaci\u00f3n sist\u00e9mica.  <\/p>\n\n<h2 class=\"wp-block-heading\">La descarbonizaci\u00f3n redefine la planificaci\u00f3n de infraestructuras<\/h2>\n\n<p>Los debates sobre descarbonizaci\u00f3n se basaron en objetivos regulatorios internacionales. Entre las metas destacadas se encuentran una reducci\u00f3n del 40% de las emisiones de CO\u2082 por unidad de transporte para 2030, una reducci\u00f3n del 20% de las emisiones totales de gases de efecto invernadero para 2030, del 70% para 2040 y la neutralidad clim\u00e1tica para 2050. Adem\u00e1s, al menos el 5%, con un objetivo del 10%, de la energ\u00eda utilizada por el transporte mar\u00edtimo internacional deber\u00e1 provenir de tecnolog\u00edas de emisiones cero o casi cero para 2030.  <\/p>\n\n<p>Las proyecciones energ\u00e9ticas indican que el GNL podr\u00eda representar alrededor del 41% de la matriz energ\u00e9tica mar\u00edtima mundial para 2050, especialmente en los segmentos de contenedores y cruceros.<\/p>\n\n<p>Para el Caribe, el desaf\u00edo estrat\u00e9gico se sit\u00faa entre el cumplimiento normativo y la oportunidad econ\u00f3mica. La regi\u00f3n dispone de recursos de gas natural en Trinidad y Tobago, Guyana y Surinam, mientras que el potencial de combustibles derivados de biomasa \u2014 como algas, residuos org\u00e1nicos y esti\u00e9rcol \u2014 fue identificado como parte de un posible ecosistema regional de combustibles verdes. <\/p>\n\n<p>La transici\u00f3n energ\u00e9tica ya est\u00e1 influyendo en los pedidos de buques, en las inversiones en electrificaci\u00f3n portuaria y en la competitividad portuaria a largo plazo.<\/p>\n\n<h2 class=\"wp-block-heading\">Una prueba estructural de integraci\u00f3n<\/h2>\n\n<p>Analizados en conjunto, los mensajes que emergen de la CSA 2025 apuntan hacia una realidad sist\u00e9mica. El crecimiento del volumen de carga se acelera. La exposici\u00f3n clim\u00e1tica aumenta. La descarbonizaci\u00f3n regulatoria se intensifica. Los sistemas digitales avanzan. Sin embargo, persisten la fragmentaci\u00f3n institucional y las brechas en la integraci\u00f3n multimodal.     <\/p>\n\n<p>El sector mar\u00edtimo del Caribe est\u00e1 creciendo m\u00e1s r\u00e1pido que la evoluci\u00f3n de su arquitectura institucional.<\/p>\n\n<p>La CSA 2025 no anunci\u00f3 una ruptura inmediata. Revel\u00f3 una prueba estrat\u00e9gica. Los puertos capaces de alinear el crecimiento impulsado por la energ\u00eda con reformas de gobernanza, resiliencia clim\u00e1tica e integraci\u00f3n digital consolidar\u00e1n su liderazgo en la cuenca. Aquellos que aborden estas transiciones de forma aislada corren el riesgo de transformar el crecimiento en vulnerabilidad estructural.   <\/p>\n\n<p>Los pr\u00f3ximos cinco a\u00f1os probablemente determinar\u00e1n si el sistema mar\u00edtimo caribe\u00f1o evoluciona hacia una competitividad integrada \u2014 o si permanece fragmentado bajo una presi\u00f3n creciente.<\/p>\n\n<p class=\"has-text-align-right\">\u2014 Descargue aqu\u00ed todas las presentaciones de la <a href=\"https:\/\/caribbeanshipping.org\/csa-october-2025-conference-presentations\/\">Conferencia CSA OCTUBRE 2025<\/a><\/p>\n","protected":false},"excerpt":{"rendered":"<p>La 55\u00aa Conferencia Anual de la Caribbean Shipping Association (CSA) se celebr\u00f3 en Paramaribo, Surinam, del 13 al 15 de octubre de 2025. El evento reuni\u00f3 a autoridades portuarias regionales, ejecutivos del sector naviero, instituciones de desarrollo y expertos mar\u00edtimos para analizar las tendencias del transporte de carga, la modernizaci\u00f3n de infraestructuras, la transformaci\u00f3n digital, [&hellip;]<\/p>\n","protected":false},"author":5,"featured_media":21087,"comment_status":"open","ping_status":"open","sticky":false,"template":"","format":"standard","meta":{"footnotes":""},"categories":[120,138],"tags":[],"class_list":["post-21096","post","type-post","status-publish","format-standard","has-post-thumbnail","hentry","category-maritimo","category-puertos-y-logistica"],"yoast_head":"<!-- This site is optimized with the Yoast SEO plugin v26.9 - https:\/\/yoast.com\/product\/yoast-seo-wordpress\/ -->\n<title>CSA 2025 \u2013 La competitividad mar\u00edtima del Caribe en un punto de inflexi\u00f3n<\/title>\n<meta name=\"description\" content=\"La 55\u00aa Conferencia de la Caribbean Shipping Association (CSA 2025) revela cambios estructurales que est\u00e1n redefiniendo la competitividad mar\u00edtima en la regi\u00f3n del Caribe. Lea el an\u00e1lisis completo en este art\u00edculo.\" \/>\n<meta name=\"robots\" content=\"index, follow, max-snippet:-1, max-image-preview:large, max-video-preview:-1\" \/>\n<link rel=\"canonical\" href=\"https:\/\/www.latitude-15.com\/es\/csa-2025-senala-un-punto-de-inflexion-estrategico-para-la-competitividad-maritima-del-caribe\/\" \/>\n<meta property=\"og:locale\" content=\"es_ES\" \/>\n<meta property=\"og:type\" content=\"article\" \/>\n<meta property=\"og:title\" content=\"CSA 2025 \u2013 La competitividad mar\u00edtima del Caribe en un punto de inflexi\u00f3n\" \/>\n<meta property=\"og:description\" content=\"La 55\u00aa Conferencia de la Caribbean Shipping Association (CSA 2025) revela cambios estructurales que est\u00e1n redefiniendo la competitividad mar\u00edtima en la regi\u00f3n del Caribe. Lea el an\u00e1lisis completo en este art\u00edculo.\" \/>\n<meta property=\"og:url\" content=\"https:\/\/www.latitude-15.com\/es\/csa-2025-senala-un-punto-de-inflexion-estrategico-para-la-competitividad-maritima-del-caribe\/\" \/>\n<meta property=\"og:site_name\" content=\"LATITUDE 15\" \/>\n<meta property=\"article:published_time\" content=\"2026-03-02T12:55:00+00:00\" \/>\n<meta property=\"article:modified_time\" content=\"2026-03-19T13:33:34+00:00\" \/>\n<meta property=\"og:image\" content=\"https:\/\/www.latitude-15.com\/wp-content\/uploads\/2026\/03\/CSA-55th.jpg\" \/>\n\t<meta property=\"og:image:width\" content=\"1500\" \/>\n\t<meta property=\"og:image:height\" content=\"1000\" \/>\n\t<meta property=\"og:image:type\" content=\"image\/jpeg\" \/>\n<meta name=\"author\" content=\"Joda J\" \/>\n<meta name=\"twitter:card\" content=\"summary_large_image\" \/>\n<meta name=\"twitter:label1\" content=\"Escrito por\" \/>\n\t<meta name=\"twitter:data1\" content=\"Joda J\" \/>\n\t<meta name=\"twitter:label2\" content=\"Tiempo de lectura\" \/>\n\t<meta name=\"twitter:data2\" content=\"7 minutos\" \/>\n<script type=\"application\/ld+json\" class=\"yoast-schema-graph\">{\"@context\":\"https:\/\/schema.org\",\"@graph\":[{\"@type\":\"Article\",\"@id\":\"https:\/\/www.latitude-15.com\/es\/csa-2025-senala-un-punto-de-inflexion-estrategico-para-la-competitividad-maritima-del-caribe\/#article\",\"isPartOf\":{\"@id\":\"https:\/\/www.latitude-15.com\/es\/csa-2025-senala-un-punto-de-inflexion-estrategico-para-la-competitividad-maritima-del-caribe\/\"},\"author\":{\"name\":\"Joda J\",\"@id\":\"https:\/\/www.latitude-15.com\/es\/#\/schema\/person\/dac52e7ff44c78317f337da112e37252\"},\"headline\":\"CSA 2025 se\u00f1ala un punto de inflexi\u00f3n estrat\u00e9gico para la competitividad mar\u00edtima del Caribe\",\"datePublished\":\"2026-03-02T12:55:00+00:00\",\"dateModified\":\"2026-03-19T13:33:34+00:00\",\"mainEntityOfPage\":{\"@id\":\"https:\/\/www.latitude-15.com\/es\/csa-2025-senala-un-punto-de-inflexion-estrategico-para-la-competitividad-maritima-del-caribe\/\"},\"wordCount\":1383,\"commentCount\":0,\"publisher\":{\"@id\":\"https:\/\/www.latitude-15.com\/es\/#organization\"},\"image\":{\"@id\":\"https:\/\/www.latitude-15.com\/es\/csa-2025-senala-un-punto-de-inflexion-estrategico-para-la-competitividad-maritima-del-caribe\/#primaryimage\"},\"thumbnailUrl\":\"https:\/\/www.latitude-15.com\/wp-content\/uploads\/2026\/03\/CSA-55th.jpg\",\"articleSection\":[\"MAR\u00cdTIMO\",\"Puertos y log\u00edstica\"],\"inLanguage\":\"es\",\"potentialAction\":[{\"@type\":\"CommentAction\",\"name\":\"Comment\",\"target\":[\"https:\/\/www.latitude-15.com\/es\/csa-2025-senala-un-punto-de-inflexion-estrategico-para-la-competitividad-maritima-del-caribe\/#respond\"]}]},{\"@type\":\"WebPage\",\"@id\":\"https:\/\/www.latitude-15.com\/es\/csa-2025-senala-un-punto-de-inflexion-estrategico-para-la-competitividad-maritima-del-caribe\/\",\"url\":\"https:\/\/www.latitude-15.com\/es\/csa-2025-senala-un-punto-de-inflexion-estrategico-para-la-competitividad-maritima-del-caribe\/\",\"name\":\"CSA 2025 \u2013 La competitividad mar\u00edtima del Caribe en un punto de inflexi\u00f3n\",\"isPartOf\":{\"@id\":\"https:\/\/www.latitude-15.com\/es\/#website\"},\"primaryImageOfPage\":{\"@id\":\"https:\/\/www.latitude-15.com\/es\/csa-2025-senala-un-punto-de-inflexion-estrategico-para-la-competitividad-maritima-del-caribe\/#primaryimage\"},\"image\":{\"@id\":\"https:\/\/www.latitude-15.com\/es\/csa-2025-senala-un-punto-de-inflexion-estrategico-para-la-competitividad-maritima-del-caribe\/#primaryimage\"},\"thumbnailUrl\":\"https:\/\/www.latitude-15.com\/wp-content\/uploads\/2026\/03\/CSA-55th.jpg\",\"datePublished\":\"2026-03-02T12:55:00+00:00\",\"dateModified\":\"2026-03-19T13:33:34+00:00\",\"description\":\"La 55\u00aa Conferencia de la Caribbean Shipping Association (CSA 2025) revela cambios estructurales que est\u00e1n redefiniendo la competitividad mar\u00edtima en la regi\u00f3n del Caribe. Lea el an\u00e1lisis completo en este art\u00edculo.\",\"breadcrumb\":{\"@id\":\"https:\/\/www.latitude-15.com\/es\/csa-2025-senala-un-punto-de-inflexion-estrategico-para-la-competitividad-maritima-del-caribe\/#breadcrumb\"},\"inLanguage\":\"es\",\"potentialAction\":[{\"@type\":\"ReadAction\",\"target\":[\"https:\/\/www.latitude-15.com\/es\/csa-2025-senala-un-punto-de-inflexion-estrategico-para-la-competitividad-maritima-del-caribe\/\"]}]},{\"@type\":\"ImageObject\",\"inLanguage\":\"es\",\"@id\":\"https:\/\/www.latitude-15.com\/es\/csa-2025-senala-un-punto-de-inflexion-estrategico-para-la-competitividad-maritima-del-caribe\/#primaryimage\",\"url\":\"https:\/\/www.latitude-15.com\/wp-content\/uploads\/2026\/03\/CSA-55th.jpg\",\"contentUrl\":\"https:\/\/www.latitude-15.com\/wp-content\/uploads\/2026\/03\/CSA-55th.jpg\",\"width\":1500,\"height\":1000,\"caption\":\"\u00a9CSA\"},{\"@type\":\"BreadcrumbList\",\"@id\":\"https:\/\/www.latitude-15.com\/es\/csa-2025-senala-un-punto-de-inflexion-estrategico-para-la-competitividad-maritima-del-caribe\/#breadcrumb\",\"itemListElement\":[{\"@type\":\"ListItem\",\"position\":1,\"name\":\"Home\",\"item\":\"https:\/\/www.latitude-15.com\/es\/inicio\/\"},{\"@type\":\"ListItem\",\"position\":2,\"name\":\"CSA 2025 se\u00f1ala un punto de inflexi\u00f3n estrat\u00e9gico para la competitividad mar\u00edtima del Caribe\"}]},{\"@type\":\"WebSite\",\"@id\":\"https:\/\/www.latitude-15.com\/es\/#website\",\"url\":\"https:\/\/www.latitude-15.com\/es\/\",\"name\":\"LATITUDE 15\",\"description\":\"Aviation and maritime Magazine - Caribbean &amp; Latin America\",\"publisher\":{\"@id\":\"https:\/\/www.latitude-15.com\/es\/#organization\"},\"potentialAction\":[{\"@type\":\"SearchAction\",\"target\":{\"@type\":\"EntryPoint\",\"urlTemplate\":\"https:\/\/www.latitude-15.com\/es\/?s={search_term_string}\"},\"query-input\":{\"@type\":\"PropertyValueSpecification\",\"valueRequired\":true,\"valueName\":\"search_term_string\"}}],\"inLanguage\":\"es\"},{\"@type\":\"Organization\",\"@id\":\"https:\/\/www.latitude-15.com\/es\/#organization\",\"name\":\"LATITUDE 15\",\"url\":\"https:\/\/www.latitude-15.com\/es\/\",\"logo\":{\"@type\":\"ImageObject\",\"inLanguage\":\"es\",\"@id\":\"https:\/\/www.latitude-15.com\/es\/#\/schema\/logo\/image\/\",\"url\":\"https:\/\/www.latitude-15.com\/wp-content\/uploads\/2026\/01\/cropped-logox500px.png\",\"contentUrl\":\"https:\/\/www.latitude-15.com\/wp-content\/uploads\/2026\/01\/cropped-logox500px.png\",\"width\":62,\"height\":75,\"caption\":\"LATITUDE 15\"},\"image\":{\"@id\":\"https:\/\/www.latitude-15.com\/es\/#\/schema\/logo\/image\/\"}},{\"@type\":\"Person\",\"@id\":\"https:\/\/www.latitude-15.com\/es\/#\/schema\/person\/dac52e7ff44c78317f337da112e37252\",\"name\":\"Joda J\",\"image\":{\"@type\":\"ImageObject\",\"inLanguage\":\"es\",\"@id\":\"https:\/\/www.latitude-15.com\/es\/#\/schema\/person\/image\/\",\"url\":\"https:\/\/secure.gravatar.com\/avatar\/6b1feae555e15404b76616f92d931d12b25ac58024f14ccb43d9d3c012e4c4cf?s=96&d=mm&r=g\",\"contentUrl\":\"https:\/\/secure.gravatar.com\/avatar\/6b1feae555e15404b76616f92d931d12b25ac58024f14ccb43d9d3c012e4c4cf?s=96&d=mm&r=g\",\"caption\":\"Joda J\"},\"url\":\"https:\/\/www.latitude-15.com\/es\/author\/joda\/\"}]}<\/script>\n<!-- \/ Yoast SEO plugin. -->","yoast_head_json":{"title":"CSA 2025 \u2013 La competitividad mar\u00edtima del Caribe en un punto de inflexi\u00f3n","description":"La 55\u00aa Conferencia de la Caribbean Shipping Association (CSA 2025) revela cambios estructurales que est\u00e1n redefiniendo la competitividad mar\u00edtima en la regi\u00f3n del Caribe. Lea el an\u00e1lisis completo en este art\u00edculo.","robots":{"index":"index","follow":"follow","max-snippet":"max-snippet:-1","max-image-preview":"max-image-preview:large","max-video-preview":"max-video-preview:-1"},"canonical":"https:\/\/www.latitude-15.com\/es\/csa-2025-senala-un-punto-de-inflexion-estrategico-para-la-competitividad-maritima-del-caribe\/","og_locale":"es_ES","og_type":"article","og_title":"CSA 2025 \u2013 La competitividad mar\u00edtima del Caribe en un punto de inflexi\u00f3n","og_description":"La 55\u00aa Conferencia de la Caribbean Shipping Association (CSA 2025) revela cambios estructurales que est\u00e1n redefiniendo la competitividad mar\u00edtima en la regi\u00f3n del Caribe. Lea el an\u00e1lisis completo en este art\u00edculo.","og_url":"https:\/\/www.latitude-15.com\/es\/csa-2025-senala-un-punto-de-inflexion-estrategico-para-la-competitividad-maritima-del-caribe\/","og_site_name":"LATITUDE 15","article_published_time":"2026-03-02T12:55:00+00:00","article_modified_time":"2026-03-19T13:33:34+00:00","og_image":[{"width":1500,"height":1000,"url":"https:\/\/www.latitude-15.com\/wp-content\/uploads\/2026\/03\/CSA-55th.jpg","type":"image\/jpeg"}],"author":"Joda J","twitter_card":"summary_large_image","twitter_misc":{"Escrito por":"Joda J","Tiempo de lectura":"7 minutos"},"schema":{"@context":"https:\/\/schema.org","@graph":[{"@type":"Article","@id":"https:\/\/www.latitude-15.com\/es\/csa-2025-senala-un-punto-de-inflexion-estrategico-para-la-competitividad-maritima-del-caribe\/#article","isPartOf":{"@id":"https:\/\/www.latitude-15.com\/es\/csa-2025-senala-un-punto-de-inflexion-estrategico-para-la-competitividad-maritima-del-caribe\/"},"author":{"name":"Joda J","@id":"https:\/\/www.latitude-15.com\/es\/#\/schema\/person\/dac52e7ff44c78317f337da112e37252"},"headline":"CSA 2025 se\u00f1ala un punto de inflexi\u00f3n estrat\u00e9gico para la competitividad mar\u00edtima del Caribe","datePublished":"2026-03-02T12:55:00+00:00","dateModified":"2026-03-19T13:33:34+00:00","mainEntityOfPage":{"@id":"https:\/\/www.latitude-15.com\/es\/csa-2025-senala-un-punto-de-inflexion-estrategico-para-la-competitividad-maritima-del-caribe\/"},"wordCount":1383,"commentCount":0,"publisher":{"@id":"https:\/\/www.latitude-15.com\/es\/#organization"},"image":{"@id":"https:\/\/www.latitude-15.com\/es\/csa-2025-senala-un-punto-de-inflexion-estrategico-para-la-competitividad-maritima-del-caribe\/#primaryimage"},"thumbnailUrl":"https:\/\/www.latitude-15.com\/wp-content\/uploads\/2026\/03\/CSA-55th.jpg","articleSection":["MAR\u00cdTIMO","Puertos y log\u00edstica"],"inLanguage":"es","potentialAction":[{"@type":"CommentAction","name":"Comment","target":["https:\/\/www.latitude-15.com\/es\/csa-2025-senala-un-punto-de-inflexion-estrategico-para-la-competitividad-maritima-del-caribe\/#respond"]}]},{"@type":"WebPage","@id":"https:\/\/www.latitude-15.com\/es\/csa-2025-senala-un-punto-de-inflexion-estrategico-para-la-competitividad-maritima-del-caribe\/","url":"https:\/\/www.latitude-15.com\/es\/csa-2025-senala-un-punto-de-inflexion-estrategico-para-la-competitividad-maritima-del-caribe\/","name":"CSA 2025 \u2013 La competitividad mar\u00edtima del Caribe en un punto de inflexi\u00f3n","isPartOf":{"@id":"https:\/\/www.latitude-15.com\/es\/#website"},"primaryImageOfPage":{"@id":"https:\/\/www.latitude-15.com\/es\/csa-2025-senala-un-punto-de-inflexion-estrategico-para-la-competitividad-maritima-del-caribe\/#primaryimage"},"image":{"@id":"https:\/\/www.latitude-15.com\/es\/csa-2025-senala-un-punto-de-inflexion-estrategico-para-la-competitividad-maritima-del-caribe\/#primaryimage"},"thumbnailUrl":"https:\/\/www.latitude-15.com\/wp-content\/uploads\/2026\/03\/CSA-55th.jpg","datePublished":"2026-03-02T12:55:00+00:00","dateModified":"2026-03-19T13:33:34+00:00","description":"La 55\u00aa Conferencia de la Caribbean Shipping Association (CSA 2025) revela cambios estructurales que est\u00e1n redefiniendo la competitividad mar\u00edtima en la regi\u00f3n del Caribe. Lea el an\u00e1lisis completo en este art\u00edculo.","breadcrumb":{"@id":"https:\/\/www.latitude-15.com\/es\/csa-2025-senala-un-punto-de-inflexion-estrategico-para-la-competitividad-maritima-del-caribe\/#breadcrumb"},"inLanguage":"es","potentialAction":[{"@type":"ReadAction","target":["https:\/\/www.latitude-15.com\/es\/csa-2025-senala-un-punto-de-inflexion-estrategico-para-la-competitividad-maritima-del-caribe\/"]}]},{"@type":"ImageObject","inLanguage":"es","@id":"https:\/\/www.latitude-15.com\/es\/csa-2025-senala-un-punto-de-inflexion-estrategico-para-la-competitividad-maritima-del-caribe\/#primaryimage","url":"https:\/\/www.latitude-15.com\/wp-content\/uploads\/2026\/03\/CSA-55th.jpg","contentUrl":"https:\/\/www.latitude-15.com\/wp-content\/uploads\/2026\/03\/CSA-55th.jpg","width":1500,"height":1000,"caption":"\u00a9CSA"},{"@type":"BreadcrumbList","@id":"https:\/\/www.latitude-15.com\/es\/csa-2025-senala-un-punto-de-inflexion-estrategico-para-la-competitividad-maritima-del-caribe\/#breadcrumb","itemListElement":[{"@type":"ListItem","position":1,"name":"Home","item":"https:\/\/www.latitude-15.com\/es\/inicio\/"},{"@type":"ListItem","position":2,"name":"CSA 2025 se\u00f1ala un punto de inflexi\u00f3n estrat\u00e9gico para la competitividad mar\u00edtima del Caribe"}]},{"@type":"WebSite","@id":"https:\/\/www.latitude-15.com\/es\/#website","url":"https:\/\/www.latitude-15.com\/es\/","name":"LATITUDE 15","description":"Aviation and maritime Magazine - Caribbean &amp; Latin America","publisher":{"@id":"https:\/\/www.latitude-15.com\/es\/#organization"},"potentialAction":[{"@type":"SearchAction","target":{"@type":"EntryPoint","urlTemplate":"https:\/\/www.latitude-15.com\/es\/?s={search_term_string}"},"query-input":{"@type":"PropertyValueSpecification","valueRequired":true,"valueName":"search_term_string"}}],"inLanguage":"es"},{"@type":"Organization","@id":"https:\/\/www.latitude-15.com\/es\/#organization","name":"LATITUDE 15","url":"https:\/\/www.latitude-15.com\/es\/","logo":{"@type":"ImageObject","inLanguage":"es","@id":"https:\/\/www.latitude-15.com\/es\/#\/schema\/logo\/image\/","url":"https:\/\/www.latitude-15.com\/wp-content\/uploads\/2026\/01\/cropped-logox500px.png","contentUrl":"https:\/\/www.latitude-15.com\/wp-content\/uploads\/2026\/01\/cropped-logox500px.png","width":62,"height":75,"caption":"LATITUDE 15"},"image":{"@id":"https:\/\/www.latitude-15.com\/es\/#\/schema\/logo\/image\/"}},{"@type":"Person","@id":"https:\/\/www.latitude-15.com\/es\/#\/schema\/person\/dac52e7ff44c78317f337da112e37252","name":"Joda J","image":{"@type":"ImageObject","inLanguage":"es","@id":"https:\/\/www.latitude-15.com\/es\/#\/schema\/person\/image\/","url":"https:\/\/secure.gravatar.com\/avatar\/6b1feae555e15404b76616f92d931d12b25ac58024f14ccb43d9d3c012e4c4cf?s=96&d=mm&r=g","contentUrl":"https:\/\/secure.gravatar.com\/avatar\/6b1feae555e15404b76616f92d931d12b25ac58024f14ccb43d9d3c012e4c4cf?s=96&d=mm&r=g","caption":"Joda J"},"url":"https:\/\/www.latitude-15.com\/es\/author\/joda\/"}]}},"_links":{"self":[{"href":"https:\/\/www.latitude-15.com\/es\/wp-json\/wp\/v2\/posts\/21096","targetHints":{"allow":["GET"]}}],"collection":[{"href":"https:\/\/www.latitude-15.com\/es\/wp-json\/wp\/v2\/posts"}],"about":[{"href":"https:\/\/www.latitude-15.com\/es\/wp-json\/wp\/v2\/types\/post"}],"author":[{"embeddable":true,"href":"https:\/\/www.latitude-15.com\/es\/wp-json\/wp\/v2\/users\/5"}],"replies":[{"embeddable":true,"href":"https:\/\/www.latitude-15.com\/es\/wp-json\/wp\/v2\/comments?post=21096"}],"version-history":[{"count":1,"href":"https:\/\/www.latitude-15.com\/es\/wp-json\/wp\/v2\/posts\/21096\/revisions"}],"predecessor-version":[{"id":21097,"href":"https:\/\/www.latitude-15.com\/es\/wp-json\/wp\/v2\/posts\/21096\/revisions\/21097"}],"wp:featuredmedia":[{"embeddable":true,"href":"https:\/\/www.latitude-15.com\/es\/wp-json\/wp\/v2\/media\/21087"}],"wp:attachment":[{"href":"https:\/\/www.latitude-15.com\/es\/wp-json\/wp\/v2\/media?parent=21096"}],"wp:term":[{"taxonomy":"category","embeddable":true,"href":"https:\/\/www.latitude-15.com\/es\/wp-json\/wp\/v2\/categories?post=21096"},{"taxonomy":"post_tag","embeddable":true,"href":"https:\/\/www.latitude-15.com\/es\/wp-json\/wp\/v2\/tags?post=21096"}],"curies":[{"name":"wp","href":"https:\/\/api.w.org\/{rel}","templated":true}]}}