{"id":21078,"date":"2026-03-02T21:30:00","date_gmt":"2026-03-03T01:30:00","guid":{"rendered":"https:\/\/www.latitude-15.com\/el-corredor-energetico-guyana-surinam-esta-redibujando-la-geografia-maritima-del-caribe\/"},"modified":"2026-03-03T15:20:35","modified_gmt":"2026-03-03T19:20:35","slug":"el-corredor-energetico-guyana-surinam-esta-redibujando-la-geografia-maritima-del-caribe","status":"publish","type":"post","link":"https:\/\/www.latitude-15.com\/es\/el-corredor-energetico-guyana-surinam-esta-redibujando-la-geografia-maritima-del-caribe\/","title":{"rendered":"El corredor energ\u00e9tico Guyana-Surinam est\u00e1 redibujando la geograf\u00eda mar\u00edtima del Caribe"},"content":{"rendered":"\n<p>La aceleraci\u00f3n del desarrollo petrolero en alta mar en Guyana y Surinam ya no es solo una historia energ\u00e9tica. Se est\u00e1 convirtiendo en una historia mar\u00edtima y, potencialmente, estructural para la cuenca del Caribe en su conjunto. <\/p>\n\n<p>En la 55.\u00aa Conferencia Anual de la CSA, las proyecciones de carga presentadas por las autoridades portuarias de Surinam revelaron la magnitud del cambio en curso. Guyana registr\u00f3 un aumento del 77% en los vol\u00famenes de FCL entre 2020 y 2024. Las proyecciones apuntan a un crecimiento acumulado del +159% entre 2020 y 2028. En el mismo horizonte 2020-2028, se prev\u00e9 que Surinam se expanda un +69%, con estimaciones de crecimiento futuro de aproximadamente el 10% anual entre 2025 y 2028.   <\/p>\n\n<p>No se trata de ajustes incrementales. Reflejan una reconfiguraci\u00f3n estructural de la demanda log\u00edstica en el norte de Sudam\u00e9rica. <\/p>\n\n<h2 class=\"wp-block-heading\">La energ\u00eda como multiplicador log\u00edstico<\/h2>\n\n<p>El desarrollo petrolero no se limita a generar vol\u00famenes de exportaci\u00f3n. Crea un ecosistema log\u00edstico. Las plataformas en alta mar requieren cadenas de suministro continuas para equipos, componentes de perforaci\u00f3n, buques especializados, servicios de ingenier\u00eda y rotaci\u00f3n de personal. La infraestructura asociada (patios de fabricaci\u00f3n, instalaciones de almacenamiento, bases de servicios) multiplica los movimientos de carga.   <\/p>\n\n<p>En Guyana, el auge del petr\u00f3leo en alta mar ya ha transformado los patrones de utilizaci\u00f3n de los puertos, aumentando la carga contenerizada y la actividad de carga fraccionada vinculada a las operaciones energ\u00e9ticas. Surinam est\u00e1 posicionado para seguir una trayectoria similar a medida que sus bloques marinos avanzan hacia el desarrollo. <\/p>\n\n<p>El efecto mar\u00edtimo es acumulativo. Los proyectos energ\u00e9ticos generan importaciones en las fases iniciales mucho antes de que las exportaciones dominen el balance. Esto crea flujos sostenidos de carga de entrada que remodelan los perfiles de demanda portuaria. Los env\u00edos en contenedores de equipos especializados, materiales industriales y servicios de apoyo ampl\u00edan el rendimiento portuario incluso antes de que la producci\u00f3n alcance su punto m\u00e1ximo.   <\/p>\n\n<p>Por lo tanto, el eje Guyana-Surinam est\u00e1 evolucionando para convertirse en algo m\u00e1s que una zona de producci\u00f3n. Se est\u00e1 convirtiendo en un corredor log\u00edstico. <\/p>\n\n<h2 class=\"wp-block-heading\">Presi\u00f3n sobre la infraestructura y la capacidad portuaria<\/h2>\n\n<p>El r\u00e1pido crecimiento introduce una presi\u00f3n estructural. Los puertos que fueron dise\u00f1ados para un rendimiento regional moderado se enfrentan ahora a curvas de demanda aceleradas. <\/p>\n\n<p>El crecimiento anual proyectado de aproximadamente el 10% entre 2025 y 2028 implica una tensi\u00f3n acumulada en la capacidad de los atraques, el espacio de los patios, la programaci\u00f3n de los buques y la conectividad con el interior. Aunque los vol\u00famenes absolutos sigan siendo menores que los de los principales centros log\u00edsticos latinoamericanos, el ritmo de cambio es significativo para los sistemas portuarios peque\u00f1os y medianos. <\/p>\n\n<p>Tambi\u00e9n se espera que los vol\u00famenes de carga fraccionada aumenten de forma constante hasta 2028, lo que refleja la naturaleza industrial pesada de las cadenas de suministro de energ\u00eda en alta mar. A diferencia del comercio est\u00e1ndar en contenedores, las operaciones de carga fraccionada requieren una capacidad de manipulaci\u00f3n especializada, mayores superficies de almacenamiento y equipos espec\u00edficos. <\/p>\n\n<p>Este crecimiento crea tanto oportunidades como riesgos. Los puertos que se expandan estrat\u00e9gicamente, inviertan en dragado cuando sea necesario, mejoren la gesti\u00f3n de los patios e integren sistemas de coordinaci\u00f3n digital podr\u00e1n consolidar su papel como puertas de enlace principales para la industria en alta mar. Los puertos que no inviertan lo suficiente corren el riesgo de sufrir congesti\u00f3n, retrasos en los buques y un deterioro de su reputaci\u00f3n entre los transportistas y los operadores energ\u00e9ticos.  <\/p>\n\n<p>Sin embargo, los ciclos de planificaci\u00f3n de infraestructuras suelen ir a la zaga de los plazos de inversi\u00f3n energ\u00e9tica del sector privado. La brecha de coordinaci\u00f3n entre las autoridades portuarias p\u00fablicas y los desarrolladores privados de proyectos en alta mar se convertir\u00e1 en una variable determinante en el rendimiento del corredor. <\/p>\n\n<h2 class=\"wp-block-heading\">Efectos domin\u00f3 regionales<\/h2>\n\n<p>El surgimiento del corredor Guyana-Surinam no ocurre de forma aislada. Influye en el mapa mar\u00edtimo m\u00e1s amplio del Caribe. <\/p>\n\n<p>Hist\u00f3ricamente, Trinidad y Tobago funcion\u00f3 como un centro log\u00edstico y energ\u00e9tico clave en el sur del Caribe. A medida que Guyana ampl\u00eda la producci\u00f3n y Surinam avanza en la exploraci\u00f3n, la gravedad energ\u00e9tica regional puede desplazarse hacia el norte. Las redes de alimentaci\u00f3n que antes se concentraban en torno a centros establecidos pueden reorientarse para dar servicio a nuevos nodos de demanda.  <\/p>\n\n<p>Las islas del Caribe oriental, que dependen desde hace tiempo del transbordo a trav\u00e9s de un n\u00famero limitado de centros regionales, podr\u00edan experimentar efectos secundarios. El aumento de la actividad naviera en el norte de Sudam\u00e9rica puede crear nuevas opciones de rutas, pero tambi\u00e9n puede intensificar la competencia por la capacidad de alimentaci\u00f3n. <\/p>\n\n<p>Los transportistas globales reeval\u00faan continuamente la optimizaci\u00f3n de sus redes en funci\u00f3n de la concentraci\u00f3n de volumen y la eficiencia de los tiempos de respuesta. Si el corredor Guyana-Surinam mantiene el crecimiento proyectado, las decisiones sobre las rutas podr\u00edan priorizar cada vez m\u00e1s las conexiones directas o casi directas con estos puertos, reduciendo la dependencia de puntos de transbordo m\u00e1s distantes. <\/p>\n\n<p>La geograf\u00eda mar\u00edtima rara vez es est\u00e1tica. Cambia cuando cambia la densidad de la carga. Las proyecciones actuales sugieren que el norte de Sudam\u00e9rica est\u00e1 entrando en una fase de aceleraci\u00f3n de la densidad.  <\/p>\n\n<h2 class=\"wp-block-heading\">Gobernanza e integraci\u00f3n como variables estrat\u00e9gicas<\/h2>\n\n<p>El crecimiento del volumen por s\u00ed solo no garantiza la consolidaci\u00f3n del corredor. La coherencia institucional sigue siendo decisiva. <\/p>\n\n<p>Como se analiz\u00f3 en estudios anteriores de la CSA 2025, los sistemas portuarios del Caribe se enfrentan a una fragmentaci\u00f3n de la gobernanza, una integraci\u00f3n digital incompleta y una modernizaci\u00f3n aduanera desigual. Si el corredor Guyana-Surinam se expande sin marcos regulatorios armonizados, procesos aduaneros estandarizados y sistemas digitales interoperables, las ganancias de eficiencia pueden verse diluidas. <\/p>\n\n<p>Los flujos de carga impulsados por la energ\u00eda amplifican tanto las fortalezas como las debilidades. All\u00ed donde los marcos de gobernanza est\u00e1n alineados y la coordinaci\u00f3n de la comunidad portuaria es s\u00f3lida, el crecimiento se traduce en una ventaja competitiva. All\u00ed donde persiste la fragmentaci\u00f3n administrativa, el crecimiento magnifica los cuellos de botella.  <\/p>\n\n<p>Por lo tanto, la trayectoria del corredor depender\u00e1 no solo de los niveles de producci\u00f3n en alta mar, sino de la eficacia con la que las autoridades portuarias, las administraciones aduaneras y los operadores privados coordinen la expansi\u00f3n.<\/p>\n\n<h2 class=\"wp-block-heading\">\u00bfUn cambio estructural o un aumento c\u00edclico?<\/h2>\n\n<p>La pregunta que se plantean ahora los responsables regionales es si la expansi\u00f3n de Guyana-Surinam representa un auge temporal o un reequilibrio estructural del poder mar\u00edtimo dentro de la cuenca del Caribe.<\/p>\n\n<p>Las reservas de petr\u00f3leo en desarrollo en Guyana se encuentran entre los descubrimientos recientes m\u00e1s importantes a nivel mundial. El potencial en alta mar de Surinam sigue siendo sustancial. Los proyectos energ\u00e9ticos de esta escala suelen extenderse durante d\u00e9cadas en lugar de a\u00f1os.  <\/p>\n\n<p>Si el crecimiento de la carga proyectado se materializa hasta 2028 y contin\u00faa m\u00e1s all\u00e1, el corredor podr\u00eda consolidarse como un eje log\u00edstico permanente en el norte de Sudam\u00e9rica. Eso alterar\u00eda las jerarqu\u00edas de alimentaci\u00f3n, los flujos de inversi\u00f3n y, posiblemente, los patrones de seguros y financiaci\u00f3n en toda la regi\u00f3n. <\/p>\n\n<p>Hist\u00f3ricamente, el mapa mar\u00edtimo del Caribe se ha visto moldeado por la concentraci\u00f3n del comercio en un pu\u00f1ado de centros dominantes. El auge del corredor energ\u00e9tico Guyana-Surinam sugiere que se est\u00e1 formando un nuevo nodo de influencia. <\/p>\n\n<p>El hecho de que se convierta en un centro de poder mar\u00edtimo plenamente integrado depender\u00e1 de la ejecuci\u00f3n de las infraestructuras, la alineaci\u00f3n de la gobernanza y la capacidad de las partes interesadas regionales para convertir el impulso energ\u00e9tico en una arquitectura log\u00edstica a largo plazo.<\/p>\n\n<p>Lo que est\u00e1 claro es que el panorama mar\u00edtimo del Caribe ya no es est\u00e1tico. La energ\u00eda est\u00e1 acelerando su reconfiguraci\u00f3n. <\/p>\n","protected":false},"excerpt":{"rendered":"<p>La aceleraci\u00f3n del desarrollo petrolero en alta mar en Guyana y Surinam ya no es solo una historia energ\u00e9tica. Se est\u00e1 convirtiendo en una historia mar\u00edtima y, potencialmente, estructural para la cuenca del Caribe en su conjunto. En la 55.\u00aa Conferencia Anual de la CSA, las proyecciones de carga presentadas por las autoridades portuarias de [&hellip;]<\/p>\n","protected":false},"author":5,"featured_media":21077,"comment_status":"open","ping_status":"open","sticky":false,"template":"","format":"standard","meta":{"footnotes":""},"categories":[132,120],"tags":[],"class_list":["post-21078","post","type-post","status-publish","format-standard","has-post-thumbnail","hentry","category-conectividad-maritima-y-movilidad","category-maritimo"],"yoast_head":"<!-- This site is optimized with the Yoast SEO plugin v26.9 - https:\/\/yoast.com\/product\/yoast-seo-wordpress\/ -->\n<title>El corredor energ\u00e9tico Guyana-Surinam est\u00e1 redibujando la geograf\u00eda mar\u00edtima del Caribe - LATITUDE 15<\/title>\n<meta name=\"robots\" content=\"index, follow, max-snippet:-1, max-image-preview:large, max-video-preview:-1\" \/>\n<link rel=\"canonical\" href=\"https:\/\/www.latitude-15.com\/es\/el-corredor-energetico-guyana-surinam-esta-redibujando-la-geografia-maritima-del-caribe\/\" \/>\n<meta property=\"og:locale\" content=\"es_ES\" \/>\n<meta property=\"og:type\" content=\"article\" \/>\n<meta property=\"og:title\" content=\"El corredor energ\u00e9tico Guyana-Surinam est\u00e1 redibujando la geograf\u00eda mar\u00edtima del Caribe - LATITUDE 15\" \/>\n<meta property=\"og:description\" content=\"La aceleraci\u00f3n del desarrollo petrolero en alta mar en Guyana y Surinam ya no es solo una historia energ\u00e9tica. Se est\u00e1 convirtiendo en una historia mar\u00edtima y, potencialmente, estructural para la cuenca del Caribe en su conjunto. En la 55.\u00aa Conferencia Anual de la CSA, las proyecciones de carga presentadas por las autoridades portuarias de [&hellip;]\" \/>\n<meta property=\"og:url\" content=\"https:\/\/www.latitude-15.com\/es\/el-corredor-energetico-guyana-surinam-esta-redibujando-la-geografia-maritima-del-caribe\/\" \/>\n<meta property=\"og:site_name\" content=\"LATITUDE 15\" \/>\n<meta property=\"article:published_time\" content=\"2026-03-03T01:30:00+00:00\" \/>\n<meta property=\"article:modified_time\" content=\"2026-03-03T19:20:35+00:00\" \/>\n<meta property=\"og:image\" content=\"https:\/\/www.latitude-15.com\/wp-content\/uploads\/2026\/03\/img5698T7R67R-1024x683.png\" \/>\n\t<meta property=\"og:image:width\" content=\"1024\" \/>\n\t<meta property=\"og:image:height\" content=\"683\" \/>\n\t<meta property=\"og:image:type\" content=\"image\/png\" \/>\n<meta name=\"author\" content=\"Joda J\" \/>\n<meta name=\"twitter:card\" content=\"summary_large_image\" \/>\n<meta name=\"twitter:label1\" content=\"Escrito por\" \/>\n\t<meta name=\"twitter:data1\" content=\"Joda J\" \/>\n\t<meta name=\"twitter:label2\" content=\"Tiempo de lectura\" \/>\n\t<meta name=\"twitter:data2\" content=\"7 minutos\" \/>\n<script type=\"application\/ld+json\" class=\"yoast-schema-graph\">{\"@context\":\"https:\/\/schema.org\",\"@graph\":[{\"@type\":\"Article\",\"@id\":\"https:\/\/www.latitude-15.com\/es\/el-corredor-energetico-guyana-surinam-esta-redibujando-la-geografia-maritima-del-caribe\/#article\",\"isPartOf\":{\"@id\":\"https:\/\/www.latitude-15.com\/es\/el-corredor-energetico-guyana-surinam-esta-redibujando-la-geografia-maritima-del-caribe\/\"},\"author\":{\"name\":\"Joda J\",\"@id\":\"https:\/\/www.latitude-15.com\/es\/#\/schema\/person\/dac52e7ff44c78317f337da112e37252\"},\"headline\":\"El corredor energ\u00e9tico Guyana-Surinam est\u00e1 redibujando la geograf\u00eda mar\u00edtima del Caribe\",\"datePublished\":\"2026-03-03T01:30:00+00:00\",\"dateModified\":\"2026-03-03T19:20:35+00:00\",\"mainEntityOfPage\":{\"@id\":\"https:\/\/www.latitude-15.com\/es\/el-corredor-energetico-guyana-surinam-esta-redibujando-la-geografia-maritima-del-caribe\/\"},\"wordCount\":1390,\"commentCount\":0,\"publisher\":{\"@id\":\"https:\/\/www.latitude-15.com\/es\/#organization\"},\"image\":{\"@id\":\"https:\/\/www.latitude-15.com\/es\/el-corredor-energetico-guyana-surinam-esta-redibujando-la-geografia-maritima-del-caribe\/#primaryimage\"},\"thumbnailUrl\":\"https:\/\/www.latitude-15.com\/wp-content\/uploads\/2026\/03\/img5698T7R67R.png\",\"articleSection\":[\"Conectividad mar\u00edtima y movilidad\",\"MAR\u00cdTIMO\"],\"inLanguage\":\"es\",\"potentialAction\":[{\"@type\":\"CommentAction\",\"name\":\"Comment\",\"target\":[\"https:\/\/www.latitude-15.com\/es\/el-corredor-energetico-guyana-surinam-esta-redibujando-la-geografia-maritima-del-caribe\/#respond\"]}]},{\"@type\":\"WebPage\",\"@id\":\"https:\/\/www.latitude-15.com\/es\/el-corredor-energetico-guyana-surinam-esta-redibujando-la-geografia-maritima-del-caribe\/\",\"url\":\"https:\/\/www.latitude-15.com\/es\/el-corredor-energetico-guyana-surinam-esta-redibujando-la-geografia-maritima-del-caribe\/\",\"name\":\"El corredor energ\u00e9tico Guyana-Surinam est\u00e1 redibujando la geograf\u00eda mar\u00edtima del Caribe - LATITUDE 15\",\"isPartOf\":{\"@id\":\"https:\/\/www.latitude-15.com\/es\/#website\"},\"primaryImageOfPage\":{\"@id\":\"https:\/\/www.latitude-15.com\/es\/el-corredor-energetico-guyana-surinam-esta-redibujando-la-geografia-maritima-del-caribe\/#primaryimage\"},\"image\":{\"@id\":\"https:\/\/www.latitude-15.com\/es\/el-corredor-energetico-guyana-surinam-esta-redibujando-la-geografia-maritima-del-caribe\/#primaryimage\"},\"thumbnailUrl\":\"https:\/\/www.latitude-15.com\/wp-content\/uploads\/2026\/03\/img5698T7R67R.png\",\"datePublished\":\"2026-03-03T01:30:00+00:00\",\"dateModified\":\"2026-03-03T19:20:35+00:00\",\"breadcrumb\":{\"@id\":\"https:\/\/www.latitude-15.com\/es\/el-corredor-energetico-guyana-surinam-esta-redibujando-la-geografia-maritima-del-caribe\/#breadcrumb\"},\"inLanguage\":\"es\",\"potentialAction\":[{\"@type\":\"ReadAction\",\"target\":[\"https:\/\/www.latitude-15.com\/es\/el-corredor-energetico-guyana-surinam-esta-redibujando-la-geografia-maritima-del-caribe\/\"]}]},{\"@type\":\"ImageObject\",\"inLanguage\":\"es\",\"@id\":\"https:\/\/www.latitude-15.com\/es\/el-corredor-energetico-guyana-surinam-esta-redibujando-la-geografia-maritima-del-caribe\/#primaryimage\",\"url\":\"https:\/\/www.latitude-15.com\/wp-content\/uploads\/2026\/03\/img5698T7R67R.png\",\"contentUrl\":\"https:\/\/www.latitude-15.com\/wp-content\/uploads\/2026\/03\/img5698T7R67R.png\",\"width\":1536,\"height\":1024},{\"@type\":\"BreadcrumbList\",\"@id\":\"https:\/\/www.latitude-15.com\/es\/el-corredor-energetico-guyana-surinam-esta-redibujando-la-geografia-maritima-del-caribe\/#breadcrumb\",\"itemListElement\":[{\"@type\":\"ListItem\",\"position\":1,\"name\":\"Home\",\"item\":\"https:\/\/www.latitude-15.com\/es\/inicio\/\"},{\"@type\":\"ListItem\",\"position\":2,\"name\":\"El corredor energ\u00e9tico Guyana-Surinam est\u00e1 redibujando la geograf\u00eda mar\u00edtima del Caribe\"}]},{\"@type\":\"WebSite\",\"@id\":\"https:\/\/www.latitude-15.com\/es\/#website\",\"url\":\"https:\/\/www.latitude-15.com\/es\/\",\"name\":\"LATITUDE 15\",\"description\":\"Aviation and maritime Magazine - Caribbean &amp; Latin America\",\"publisher\":{\"@id\":\"https:\/\/www.latitude-15.com\/es\/#organization\"},\"potentialAction\":[{\"@type\":\"SearchAction\",\"target\":{\"@type\":\"EntryPoint\",\"urlTemplate\":\"https:\/\/www.latitude-15.com\/es\/?s={search_term_string}\"},\"query-input\":{\"@type\":\"PropertyValueSpecification\",\"valueRequired\":true,\"valueName\":\"search_term_string\"}}],\"inLanguage\":\"es\"},{\"@type\":\"Organization\",\"@id\":\"https:\/\/www.latitude-15.com\/es\/#organization\",\"name\":\"LATITUDE 15\",\"url\":\"https:\/\/www.latitude-15.com\/es\/\",\"logo\":{\"@type\":\"ImageObject\",\"inLanguage\":\"es\",\"@id\":\"https:\/\/www.latitude-15.com\/es\/#\/schema\/logo\/image\/\",\"url\":\"https:\/\/www.latitude-15.com\/wp-content\/uploads\/2026\/01\/cropped-logox500px.png\",\"contentUrl\":\"https:\/\/www.latitude-15.com\/wp-content\/uploads\/2026\/01\/cropped-logox500px.png\",\"width\":62,\"height\":75,\"caption\":\"LATITUDE 15\"},\"image\":{\"@id\":\"https:\/\/www.latitude-15.com\/es\/#\/schema\/logo\/image\/\"}},{\"@type\":\"Person\",\"@id\":\"https:\/\/www.latitude-15.com\/es\/#\/schema\/person\/dac52e7ff44c78317f337da112e37252\",\"name\":\"Joda J\",\"image\":{\"@type\":\"ImageObject\",\"inLanguage\":\"es\",\"@id\":\"https:\/\/www.latitude-15.com\/es\/#\/schema\/person\/image\/\",\"url\":\"https:\/\/secure.gravatar.com\/avatar\/6b1feae555e15404b76616f92d931d12b25ac58024f14ccb43d9d3c012e4c4cf?s=96&d=mm&r=g\",\"contentUrl\":\"https:\/\/secure.gravatar.com\/avatar\/6b1feae555e15404b76616f92d931d12b25ac58024f14ccb43d9d3c012e4c4cf?s=96&d=mm&r=g\",\"caption\":\"Joda J\"},\"url\":\"https:\/\/www.latitude-15.com\/es\/author\/joda\/\"}]}<\/script>\n<!-- \/ Yoast SEO plugin. -->","yoast_head_json":{"title":"El corredor energ\u00e9tico Guyana-Surinam est\u00e1 redibujando la geograf\u00eda mar\u00edtima del Caribe - LATITUDE 15","robots":{"index":"index","follow":"follow","max-snippet":"max-snippet:-1","max-image-preview":"max-image-preview:large","max-video-preview":"max-video-preview:-1"},"canonical":"https:\/\/www.latitude-15.com\/es\/el-corredor-energetico-guyana-surinam-esta-redibujando-la-geografia-maritima-del-caribe\/","og_locale":"es_ES","og_type":"article","og_title":"El corredor energ\u00e9tico Guyana-Surinam est\u00e1 redibujando la geograf\u00eda mar\u00edtima del Caribe - LATITUDE 15","og_description":"La aceleraci\u00f3n del desarrollo petrolero en alta mar en Guyana y Surinam ya no es solo una historia energ\u00e9tica. Se est\u00e1 convirtiendo en una historia mar\u00edtima y, potencialmente, estructural para la cuenca del Caribe en su conjunto. En la 55.\u00aa Conferencia Anual de la CSA, las proyecciones de carga presentadas por las autoridades portuarias de [&hellip;]","og_url":"https:\/\/www.latitude-15.com\/es\/el-corredor-energetico-guyana-surinam-esta-redibujando-la-geografia-maritima-del-caribe\/","og_site_name":"LATITUDE 15","article_published_time":"2026-03-03T01:30:00+00:00","article_modified_time":"2026-03-03T19:20:35+00:00","og_image":[{"width":1024,"height":683,"url":"https:\/\/www.latitude-15.com\/wp-content\/uploads\/2026\/03\/img5698T7R67R-1024x683.png","type":"image\/png"}],"author":"Joda J","twitter_card":"summary_large_image","twitter_misc":{"Escrito por":"Joda J","Tiempo de lectura":"7 minutos"},"schema":{"@context":"https:\/\/schema.org","@graph":[{"@type":"Article","@id":"https:\/\/www.latitude-15.com\/es\/el-corredor-energetico-guyana-surinam-esta-redibujando-la-geografia-maritima-del-caribe\/#article","isPartOf":{"@id":"https:\/\/www.latitude-15.com\/es\/el-corredor-energetico-guyana-surinam-esta-redibujando-la-geografia-maritima-del-caribe\/"},"author":{"name":"Joda J","@id":"https:\/\/www.latitude-15.com\/es\/#\/schema\/person\/dac52e7ff44c78317f337da112e37252"},"headline":"El corredor energ\u00e9tico Guyana-Surinam est\u00e1 redibujando la geograf\u00eda mar\u00edtima del Caribe","datePublished":"2026-03-03T01:30:00+00:00","dateModified":"2026-03-03T19:20:35+00:00","mainEntityOfPage":{"@id":"https:\/\/www.latitude-15.com\/es\/el-corredor-energetico-guyana-surinam-esta-redibujando-la-geografia-maritima-del-caribe\/"},"wordCount":1390,"commentCount":0,"publisher":{"@id":"https:\/\/www.latitude-15.com\/es\/#organization"},"image":{"@id":"https:\/\/www.latitude-15.com\/es\/el-corredor-energetico-guyana-surinam-esta-redibujando-la-geografia-maritima-del-caribe\/#primaryimage"},"thumbnailUrl":"https:\/\/www.latitude-15.com\/wp-content\/uploads\/2026\/03\/img5698T7R67R.png","articleSection":["Conectividad mar\u00edtima y movilidad","MAR\u00cdTIMO"],"inLanguage":"es","potentialAction":[{"@type":"CommentAction","name":"Comment","target":["https:\/\/www.latitude-15.com\/es\/el-corredor-energetico-guyana-surinam-esta-redibujando-la-geografia-maritima-del-caribe\/#respond"]}]},{"@type":"WebPage","@id":"https:\/\/www.latitude-15.com\/es\/el-corredor-energetico-guyana-surinam-esta-redibujando-la-geografia-maritima-del-caribe\/","url":"https:\/\/www.latitude-15.com\/es\/el-corredor-energetico-guyana-surinam-esta-redibujando-la-geografia-maritima-del-caribe\/","name":"El corredor energ\u00e9tico Guyana-Surinam est\u00e1 redibujando la geograf\u00eda mar\u00edtima del Caribe - LATITUDE 15","isPartOf":{"@id":"https:\/\/www.latitude-15.com\/es\/#website"},"primaryImageOfPage":{"@id":"https:\/\/www.latitude-15.com\/es\/el-corredor-energetico-guyana-surinam-esta-redibujando-la-geografia-maritima-del-caribe\/#primaryimage"},"image":{"@id":"https:\/\/www.latitude-15.com\/es\/el-corredor-energetico-guyana-surinam-esta-redibujando-la-geografia-maritima-del-caribe\/#primaryimage"},"thumbnailUrl":"https:\/\/www.latitude-15.com\/wp-content\/uploads\/2026\/03\/img5698T7R67R.png","datePublished":"2026-03-03T01:30:00+00:00","dateModified":"2026-03-03T19:20:35+00:00","breadcrumb":{"@id":"https:\/\/www.latitude-15.com\/es\/el-corredor-energetico-guyana-surinam-esta-redibujando-la-geografia-maritima-del-caribe\/#breadcrumb"},"inLanguage":"es","potentialAction":[{"@type":"ReadAction","target":["https:\/\/www.latitude-15.com\/es\/el-corredor-energetico-guyana-surinam-esta-redibujando-la-geografia-maritima-del-caribe\/"]}]},{"@type":"ImageObject","inLanguage":"es","@id":"https:\/\/www.latitude-15.com\/es\/el-corredor-energetico-guyana-surinam-esta-redibujando-la-geografia-maritima-del-caribe\/#primaryimage","url":"https:\/\/www.latitude-15.com\/wp-content\/uploads\/2026\/03\/img5698T7R67R.png","contentUrl":"https:\/\/www.latitude-15.com\/wp-content\/uploads\/2026\/03\/img5698T7R67R.png","width":1536,"height":1024},{"@type":"BreadcrumbList","@id":"https:\/\/www.latitude-15.com\/es\/el-corredor-energetico-guyana-surinam-esta-redibujando-la-geografia-maritima-del-caribe\/#breadcrumb","itemListElement":[{"@type":"ListItem","position":1,"name":"Home","item":"https:\/\/www.latitude-15.com\/es\/inicio\/"},{"@type":"ListItem","position":2,"name":"El corredor energ\u00e9tico Guyana-Surinam est\u00e1 redibujando la geograf\u00eda mar\u00edtima del Caribe"}]},{"@type":"WebSite","@id":"https:\/\/www.latitude-15.com\/es\/#website","url":"https:\/\/www.latitude-15.com\/es\/","name":"LATITUDE 15","description":"Aviation and maritime Magazine - Caribbean &amp; Latin America","publisher":{"@id":"https:\/\/www.latitude-15.com\/es\/#organization"},"potentialAction":[{"@type":"SearchAction","target":{"@type":"EntryPoint","urlTemplate":"https:\/\/www.latitude-15.com\/es\/?s={search_term_string}"},"query-input":{"@type":"PropertyValueSpecification","valueRequired":true,"valueName":"search_term_string"}}],"inLanguage":"es"},{"@type":"Organization","@id":"https:\/\/www.latitude-15.com\/es\/#organization","name":"LATITUDE 15","url":"https:\/\/www.latitude-15.com\/es\/","logo":{"@type":"ImageObject","inLanguage":"es","@id":"https:\/\/www.latitude-15.com\/es\/#\/schema\/logo\/image\/","url":"https:\/\/www.latitude-15.com\/wp-content\/uploads\/2026\/01\/cropped-logox500px.png","contentUrl":"https:\/\/www.latitude-15.com\/wp-content\/uploads\/2026\/01\/cropped-logox500px.png","width":62,"height":75,"caption":"LATITUDE 15"},"image":{"@id":"https:\/\/www.latitude-15.com\/es\/#\/schema\/logo\/image\/"}},{"@type":"Person","@id":"https:\/\/www.latitude-15.com\/es\/#\/schema\/person\/dac52e7ff44c78317f337da112e37252","name":"Joda J","image":{"@type":"ImageObject","inLanguage":"es","@id":"https:\/\/www.latitude-15.com\/es\/#\/schema\/person\/image\/","url":"https:\/\/secure.gravatar.com\/avatar\/6b1feae555e15404b76616f92d931d12b25ac58024f14ccb43d9d3c012e4c4cf?s=96&d=mm&r=g","contentUrl":"https:\/\/secure.gravatar.com\/avatar\/6b1feae555e15404b76616f92d931d12b25ac58024f14ccb43d9d3c012e4c4cf?s=96&d=mm&r=g","caption":"Joda J"},"url":"https:\/\/www.latitude-15.com\/es\/author\/joda\/"}]}},"_links":{"self":[{"href":"https:\/\/www.latitude-15.com\/es\/wp-json\/wp\/v2\/posts\/21078","targetHints":{"allow":["GET"]}}],"collection":[{"href":"https:\/\/www.latitude-15.com\/es\/wp-json\/wp\/v2\/posts"}],"about":[{"href":"https:\/\/www.latitude-15.com\/es\/wp-json\/wp\/v2\/types\/post"}],"author":[{"embeddable":true,"href":"https:\/\/www.latitude-15.com\/es\/wp-json\/wp\/v2\/users\/5"}],"replies":[{"embeddable":true,"href":"https:\/\/www.latitude-15.com\/es\/wp-json\/wp\/v2\/comments?post=21078"}],"version-history":[{"count":1,"href":"https:\/\/www.latitude-15.com\/es\/wp-json\/wp\/v2\/posts\/21078\/revisions"}],"predecessor-version":[{"id":21079,"href":"https:\/\/www.latitude-15.com\/es\/wp-json\/wp\/v2\/posts\/21078\/revisions\/21079"}],"wp:featuredmedia":[{"embeddable":true,"href":"https:\/\/www.latitude-15.com\/es\/wp-json\/wp\/v2\/media\/21077"}],"wp:attachment":[{"href":"https:\/\/www.latitude-15.com\/es\/wp-json\/wp\/v2\/media?parent=21078"}],"wp:term":[{"taxonomy":"category","embeddable":true,"href":"https:\/\/www.latitude-15.com\/es\/wp-json\/wp\/v2\/categories?post=21078"},{"taxonomy":"post_tag","embeddable":true,"href":"https:\/\/www.latitude-15.com\/es\/wp-json\/wp\/v2\/tags?post=21078"}],"curies":[{"name":"wp","href":"https:\/\/api.w.org\/{rel}","templated":true}]}}