{"id":21051,"date":"2026-03-03T09:13:00","date_gmt":"2026-03-03T13:13:00","guid":{"rendered":"https:\/\/www.latitude-15.com\/conectividad-aerea-en-el-caribe-de-la-fragmentacion-a-la-alineacion-estructural\/"},"modified":"2026-03-03T10:06:20","modified_gmt":"2026-03-03T14:06:20","slug":"conectividad-aerea-en-el-caribe-de-la-fragmentacion-a-la-alineacion-estructural","status":"publish","type":"post","link":"https:\/\/www.latitude-15.com\/es\/conectividad-aerea-en-el-caribe-de-la-fragmentacion-a-la-alineacion-estructural\/","title":{"rendered":"Conectividad a\u00e9rea en el Caribe: de la fragmentaci\u00f3n a la alineaci\u00f3n estructural"},"content":{"rendered":"\n<p>La cumbre inaugural de Conectividad A\u00e9rea de la CTO hizo m\u00e1s que reunir a ministros y actores del sector de la aviaci\u00f3n. Puso de manifiesto una realidad estructural: el reto de la conectividad a\u00e9rea del Caribe ya no es una cuesti\u00f3n de comercializar rutas, sino de alineaci\u00f3n econ\u00f3mica. <\/p>\n\n<p>Tras los debates sobre impuestos, tarifas intrarregionales y flujos tur\u00edsticos se esconde un problema m\u00e1s profundo: la fragmentaci\u00f3n incrementa el coste estructural, debilita el poder de negociaci\u00f3n con las aerol\u00edneas y distorsiona la asignaci\u00f3n regional de capital.<\/p>\n\n<p>Como afirm\u00f3 un ministro durante el panel:  <\/p>\n\n<blockquote class=\"wp-block-quote is-layout-flow wp-block-quote-is-layout-flow\">\n<h3 class=\"wp-block-heading has-text-align-left\">\u00abEl mayor competidor del Caribe no es Estados Unidos, no es Europa, no es Canad\u00e1; es nuestra propia fragmentaci\u00f3n\u00bb.  <\/h3>\n\n\n\n<p class=\"has-text-align-right\">\u2014 <em><strong>Grisha Heyliger-Marten \u2013 Viceprimera ministra \/ Ministra de Turismo, Asuntos Econ\u00f3micos, Transporte y Telecomunicaciones, Sint Maarten<\/strong><\/em><\/p>\n<\/blockquote>\n\n<p>La observaci\u00f3n no fue ret\u00f3rica. Reflejaba una preocupaci\u00f3n estructural por las ineficiencias econ\u00f3micas creadas por la desalineaci\u00f3n de pol\u00edticas entre jurisdicciones insulares. <\/p>\n\n<h2 class=\"wp-block-heading\"><strong>La fragmentaci\u00f3n como multiplicador de costes<\/strong><\/h2>\n\n<p>Varios ministros reconocieron que el Caribe a menudo compite internamente en lugar de operar como un bloque aeron\u00e1utico coordinado. Aunque se expres\u00f3 de forma diplom\u00e1tica, la implicaci\u00f3n subyacente era econ\u00f3mica: reg\u00edmenes fiscales fragmentados, estructuras impositivas incoherentes y marcos de pol\u00edticas no alineados incrementan el riesgo de las rutas. <\/p>\n\n<p>Los viajes intra-caribe\u00f1os siguen siendo desproporcionadamente caros en comparaci\u00f3n con los vuelos de largo recorrido. Una intervenci\u00f3n desde el p\u00fablico destac\u00f3 un ejemplo llamativo: volar entre islas vecinas puede costar m\u00e1s que viajar a Norteam\u00e9rica. <\/p>\n\n<p>Pero el panel fue m\u00e1s all\u00e1 de los argumentos emocionales sobre el coste. Un ministro se\u00f1al\u00f3 que reducir los impuestos a los viajes regionales en su jurisdicci\u00f3n no increment\u00f3 de forma significativa el tr\u00e1fico.   <\/p>\n\n<blockquote class=\"wp-block-quote is-style-default is-layout-flow wp-block-quote-is-layout-flow\">\n<h3 class=\"wp-block-heading has-text-align-left\">\u00abEn Santa Luc\u00eda, redujimos el impuesto sobre los viajes regionales. No marc\u00f3 ninguna diferencia\u00bb.  <\/h3>\n\n\n\n<p class=\"has-text-align-right\">\u2014 <strong><em>Dr. Ernest Hilaire, Viceprimer ministro y Ministro de Turismo, Comercio, Inversi\u00f3n, Industrias Creativas y Cultura, Santa Luc\u00eda<\/em><\/strong><\/p>\n<\/blockquote>\n\n<p>Los ajustes de precios por s\u00ed solos no resuelven la debilidad estructural de la demanda. Reducir las tarifas sin una estimulaci\u00f3n coordinada de la demanda simplemente comprime los m\u00e1rgenes sin garantizar un crecimiento sostenible del tr\u00e1fico. <\/p>\n\n<h2 class=\"wp-block-heading\"><strong>El mercado de 44 millones \u2014 potencial frente a demanda real<\/strong><\/h2>\n\n<p>La cifra de 44 millones de residentes caribe\u00f1os surgi\u00f3 como una oportunidad intrarregional te\u00f3rica. Sobre el papel, esta poblaci\u00f3n representa un mercado direccionable significativo. <\/p>\n\n<p>Sin embargo, el debate ministerial introdujo una perspectiva m\u00e1s sofisticada: la movilidad no es autom\u00e1tica. La demanda debe activarse. <\/p>\n\n<p>Hist\u00f3ricamente, los viajes regionales siguieron fuertes impulsores de demanda: torneos de cr\u00edquet, movimientos juveniles, carnavales, eventos culturales. Cuando esos impulsores se debilitan, el tr\u00e1fico se resiente. <\/p>\n\n<p>Para las aerol\u00edneas y los planificadores de rutas, esto desplaza la conversaci\u00f3n de \u00abtama\u00f1o de la poblaci\u00f3n\u00bb a \u00abarquitectura de la demanda\u00bb. Sin una estrategia coordinada de eventos, optimizaci\u00f3n de frecuencias y una estimulaci\u00f3n del tr\u00e1fico predecible, la cifra de 44 millones sigue siendo un potencial latente, no una demanda bancable. <\/p>\n\n<p>La cumbre dej\u00f3 claro que el tama\u00f1o de la poblaci\u00f3n no equivale a estabilidad del rendimiento.<\/p>\n\n<h2 class=\"wp-block-heading\"><strong>La pol\u00edtica fiscal como riesgo de ruta<\/strong><\/h2>\n\n<p>Uno de los matices m\u00e1s importantes de la cumbre fue el reconocimiento de que la conectividad a\u00e9rea est\u00e1 determinada tanto por los ministerios de finanzas como por los ministerios de turismo.<\/p>\n\n<p>Los impuestos de salida, las tasas por servicio al pasajero y la dependencia fiscal de los ingresos de la aviaci\u00f3n generan una tensi\u00f3n estructural:<\/p>\n\n<ul class=\"wp-block-list\">\n<li>Los gobiernos dependen de los impuestos a la aviaci\u00f3n para financiar infraestructuras.<\/li>\n\n\n\n<li>Las aerol\u00edneas buscan eficiencia de costes y estructuras de tasas predecibles.<\/li>\n\n\n\n<li>Los pasajeros asumen la volatilidad de los precios.<\/li>\n\n\n\n<li>La rentabilidad de las rutas se estrecha en tramos insulares de baja densidad.<\/li>\n<\/ul>\n\n<p>El llamamiento a incorporar a ministros de finanzas, aduanas y autoridades de inmigraci\u00f3n en futuros di\u00e1logos indica una creciente conciencia de que la viabilidad de la aviaci\u00f3n no puede seguir trat\u00e1ndose de forma aislada.<\/p>\n\n<p>Para las aerol\u00edneas, esto es importante. La imprevisibilidad fiscal incrementa las primas de riesgo de las rutas. Para los aeropuertos, afecta a la elasticidad del tr\u00e1fico. Para los inversores, condiciona los retornos de infraestructura a largo plazo.   <\/p>\n\n<p>La conectividad es pol\u00edtica fiscal disfrazada.<\/p>\n\n<h2 class=\"wp-block-heading\"><strong>Competencia frente a poder de negociaci\u00f3n colectiva<\/strong><\/h2>\n\n<p>El debate sobre una presencia coordinada en foros del sector como ROUTES refleja un cambio m\u00e1s amplio. Las estrategias fragmentadas de captaci\u00f3n de rutas debilitan la capacidad de negociaci\u00f3n con las aerol\u00edneas globales. <\/p>\n\n<p>Cuando cada isla compite de forma independiente por capacidad, los incentivos se disparan, el riesgo se socializa y la alineaci\u00f3n se erosiona.<\/p>\n\n<p>Varios panelistas sugirieron que un mensaje colectivo y marcos de datos estandarizados podr\u00edan reforzar la credibilidad regional. Para las aerol\u00edneas que eval\u00faan mercados de baja densidad, la previsibilidad reduce la volatilidad percibida. <\/p>\n\n<p>La alineaci\u00f3n refuerza el poder de negociaci\u00f3n.<\/p>\n\n<h2 class=\"wp-block-heading\"><strong>Dependencia de incentivos y asignaci\u00f3n del riesgo<\/strong> <\/h2>\n\n<p>La cumbre tambi\u00e9n revis\u00f3 la dependencia de la regi\u00f3n de los incentivos a las rutas como mecanismo para atraer capacidad. Aunque las Garant\u00edas de Ingresos M\u00ednimos se han utilizado para reducir el riesgo de nuevos servicios a\u00e9reos, varias intervenciones sugirieron que su impacto estructural merece un an\u00e1lisis m\u00e1s detallado. <\/p>\n\n<p>Como se afirm\u00f3 durante el debate:<\/p>\n\n<blockquote class=\"wp-block-quote is-layout-flow wp-block-quote-is-layout-flow\">\n<h3 class=\"wp-block-heading has-text-align-left\">\u00abLas garant\u00edas de ingresos m\u00ednimos trasladan todo el riesgo al destino\u00bb.  <\/h3>\n\n\n\n<p class=\"has-text-align-right\"><strong><em>\u2014 Collin James, Director Ejecutivo, Autoridad de Turismo de Antigua y Barbuda<\/em><\/strong><\/p>\n<\/blockquote>\n\n<p>Para las peque\u00f1as econom\u00edas insulares que operan en mercados de baja densidad, esta concentraci\u00f3n del riesgo en los balances p\u00fablicos plantea cuestiones fundamentales. Si el tr\u00e1fico no rinde como se esperaba, la exposici\u00f3n financiera no recae en la aerol\u00ednea, sino que la asume el destino. En una regi\u00f3n donde el margen fiscal es limitado, este modelo invita a debatir sobre la sostenibilidad a largo plazo y la dependencia de incentivos.  <\/p>\n\n<p>La cumbre no anunci\u00f3 reformas de gran calado. Pero el tono del debate sugiere que se ha alcanzado un umbral de madurez. <\/p>\n\n<p>En lugar de idealizar la unidad caribe\u00f1a, los ministros cuestionaron abiertamente supuestos:<\/p>\n\n<ul class=\"wp-block-list\">\n<li>\u00bfReducir los impuestos impulsa autom\u00e1ticamente la movilidad?<\/li>\n\n\n\n<li>\u00bfSe sobreestima la demanda intrarregional?<\/li>\n\n\n\n<li>\u00bfQui\u00e9n se beneficia realmente del posicionamiento de lujo?<\/li>\n\n\n\n<li>\u00bfC\u00f3mo circulan los ingresos dentro de las peque\u00f1as econom\u00edas insulares?<\/li>\n<\/ul>\n\n<p>Esto se\u00f1ala una transici\u00f3n del discurso promocional al an\u00e1lisis estructural.<\/p>\n\n<p>La conectividad a\u00e9rea ya no se plantea como una herramienta de marketing tur\u00edstico. Cada vez se reconoce m\u00e1s como infraestructura econ\u00f3mica, entrelazada con la pol\u00edtica fiscal, la asignaci\u00f3n de capital y la competitividad regional. <\/p>\n\n<p>Como se subray\u00f3 durante el debate:<\/p>\n\n<blockquote class=\"wp-block-quote has-text-align-center is-layout-flow wp-block-quote-is-layout-flow\">\n<h3 class=\"wp-block-heading has-text-align-left\">\u00abEl transporte dentro de la regi\u00f3n es un imperativo estrat\u00e9gico en el que los gobiernos deben invertir\u00bb.<\/h3>\n\n\n\n<p class=\"has-text-align-right\"><strong><em>\u2014 Dr. Ernest Hilaire, Viceprimer ministro y Ministro de Turismo, Comercio, Inversi\u00f3n, Industrias Creativas y Cultura, Santa Luc\u00eda<\/em><\/strong><\/p>\n<\/blockquote>\n\n<p>Este replanteamiento lleva la conversaci\u00f3n m\u00e1s all\u00e1 de la promoci\u00f3n y la sit\u00faa en el \u00e1mbito de la pol\u00edtica econ\u00f3mica.<\/p>\n\n<h2 class=\"wp-block-heading\"><strong>Un punto de inflexi\u00f3n estrat\u00e9gico<\/strong><\/h2>\n\n<p>Para aerol\u00edneas, aeropuertos e inversores, las implicaciones son claras:<\/p>\n\n<ul class=\"wp-block-list\">\n<li>La fragmentaci\u00f3n conlleva un coste medible.<\/li>\n\n\n\n<li>La desalineaci\u00f3n fiscal incrementa la volatilidad.<\/li>\n\n\n\n<li>La estimulaci\u00f3n de la demanda requiere una arquitectura coordinada.<\/li>\n\n\n\n<li>La integraci\u00f3n intrarregional exige reforma estructural, no declaraciones simb\u00f3licas.<\/li>\n<\/ul>\n\n<p>El ecosistema de la aviaci\u00f3n del Caribe parece estar acerc\u00e1ndose a un punto de inflexi\u00f3n. La conversaci\u00f3n ha pasado de \u00ab\u00bfC\u00f3mo atraemos m\u00e1s rutas?\u00bb a \u00ab\u00bfQu\u00e9 modelo econ\u00f3mico sostiene la conectividad?\u00bb. <\/p>\n\n<p>Esa distinci\u00f3n importa.<\/p>\n\n<p>Porque la conectividad sostenible en peque\u00f1as econom\u00edas insulares no se construye solo con incentivos, sino con alineaci\u00f3n.<\/p>\n","protected":false},"excerpt":{"rendered":"<p>La cumbre inaugural de Conectividad A\u00e9rea de la CTO hizo m\u00e1s que reunir a ministros y actores del sector de la aviaci\u00f3n. Puso de manifiesto una realidad estructural: el reto de la conectividad a\u00e9rea del Caribe ya no es una cuesti\u00f3n de comercializar rutas, sino de alineaci\u00f3n econ\u00f3mica. Tras los debates sobre impuestos, tarifas intrarregionales [&hellip;]<\/p>\n","protected":false},"author":5,"featured_media":21049,"comment_status":"open","ping_status":"open","sticky":false,"template":"","format":"standard","meta":{"footnotes":""},"categories":[99],"tags":[],"class_list":["post-21051","post","type-post","status-publish","format-standard","has-post-thumbnail","hentry","category-aviacion"],"yoast_head":"<!-- This site is optimized with the Yoast SEO plugin v26.9 - https:\/\/yoast.com\/product\/yoast-seo-wordpress\/ -->\n<title>Conectividad a\u00e9rea del Caribe: alineaci\u00f3n estructural - Cumbre de Conectividad A\u00e9rea de la CTO<\/title>\n<meta name=\"description\" content=\"En la cumbre inaugural de Conectividad A\u00e9rea de la CTO en Bermudas, los l\u00edderes caribe\u00f1os replantearon la aviaci\u00f3n regional como infraestructura econ\u00f3mica.\" \/>\n<meta name=\"robots\" content=\"index, follow, max-snippet:-1, max-image-preview:large, max-video-preview:-1\" \/>\n<link rel=\"canonical\" href=\"https:\/\/www.latitude-15.com\/es\/conectividad-aerea-en-el-caribe-de-la-fragmentacion-a-la-alineacion-estructural\/\" \/>\n<meta property=\"og:locale\" content=\"es_ES\" \/>\n<meta property=\"og:type\" content=\"article\" \/>\n<meta property=\"og:title\" content=\"Conectividad a\u00e9rea del Caribe: alineaci\u00f3n estructural - Cumbre de Conectividad A\u00e9rea de la CTO\" \/>\n<meta property=\"og:description\" content=\"En la cumbre inaugural de Conectividad A\u00e9rea de la CTO en Bermudas, los l\u00edderes caribe\u00f1os replantearon la aviaci\u00f3n regional como infraestructura econ\u00f3mica.\" \/>\n<meta property=\"og:url\" content=\"https:\/\/www.latitude-15.com\/es\/conectividad-aerea-en-el-caribe-de-la-fragmentacion-a-la-alineacion-estructural\/\" \/>\n<meta property=\"og:site_name\" content=\"LATITUDE 15\" \/>\n<meta property=\"article:published_time\" content=\"2026-03-03T13:13:00+00:00\" \/>\n<meta property=\"article:modified_time\" content=\"2026-03-03T14:06:20+00:00\" \/>\n<meta property=\"og:image\" content=\"https:\/\/www.latitude-15.com\/wp-content\/uploads\/2026\/03\/Page-14.jpg\" \/>\n\t<meta property=\"og:image:width\" content=\"1837\" \/>\n\t<meta property=\"og:image:height\" content=\"2048\" \/>\n\t<meta property=\"og:image:type\" content=\"image\/jpeg\" \/>\n<meta name=\"author\" content=\"Joda J\" \/>\n<meta name=\"twitter:card\" content=\"summary_large_image\" \/>\n<meta name=\"twitter:label1\" content=\"Escrito por\" \/>\n\t<meta name=\"twitter:data1\" content=\"Joda J\" \/>\n\t<meta name=\"twitter:label2\" content=\"Tiempo de lectura\" \/>\n\t<meta name=\"twitter:data2\" content=\"7 minutos\" \/>\n<script type=\"application\/ld+json\" class=\"yoast-schema-graph\">{\"@context\":\"https:\/\/schema.org\",\"@graph\":[{\"@type\":\"Article\",\"@id\":\"https:\/\/www.latitude-15.com\/es\/conectividad-aerea-en-el-caribe-de-la-fragmentacion-a-la-alineacion-estructural\/#article\",\"isPartOf\":{\"@id\":\"https:\/\/www.latitude-15.com\/es\/conectividad-aerea-en-el-caribe-de-la-fragmentacion-a-la-alineacion-estructural\/\"},\"author\":{\"name\":\"Joda J\",\"@id\":\"https:\/\/www.latitude-15.com\/es\/#\/schema\/person\/dac52e7ff44c78317f337da112e37252\"},\"headline\":\"Conectividad a\u00e9rea en el Caribe: de la fragmentaci\u00f3n a la alineaci\u00f3n estructural\",\"datePublished\":\"2026-03-03T13:13:00+00:00\",\"dateModified\":\"2026-03-03T14:06:20+00:00\",\"mainEntityOfPage\":{\"@id\":\"https:\/\/www.latitude-15.com\/es\/conectividad-aerea-en-el-caribe-de-la-fragmentacion-a-la-alineacion-estructural\/\"},\"wordCount\":1344,\"commentCount\":0,\"publisher\":{\"@id\":\"https:\/\/www.latitude-15.com\/es\/#organization\"},\"image\":{\"@id\":\"https:\/\/www.latitude-15.com\/es\/conectividad-aerea-en-el-caribe-de-la-fragmentacion-a-la-alineacion-estructural\/#primaryimage\"},\"thumbnailUrl\":\"https:\/\/www.latitude-15.com\/wp-content\/uploads\/2026\/03\/Page-14.jpg\",\"articleSection\":[\"AVIACI\u00d3N\"],\"inLanguage\":\"es\",\"potentialAction\":[{\"@type\":\"CommentAction\",\"name\":\"Comment\",\"target\":[\"https:\/\/www.latitude-15.com\/es\/conectividad-aerea-en-el-caribe-de-la-fragmentacion-a-la-alineacion-estructural\/#respond\"]}]},{\"@type\":\"WebPage\",\"@id\":\"https:\/\/www.latitude-15.com\/es\/conectividad-aerea-en-el-caribe-de-la-fragmentacion-a-la-alineacion-estructural\/\",\"url\":\"https:\/\/www.latitude-15.com\/es\/conectividad-aerea-en-el-caribe-de-la-fragmentacion-a-la-alineacion-estructural\/\",\"name\":\"Conectividad a\u00e9rea del Caribe: alineaci\u00f3n estructural - Cumbre de Conectividad A\u00e9rea de la CTO\",\"isPartOf\":{\"@id\":\"https:\/\/www.latitude-15.com\/es\/#website\"},\"primaryImageOfPage\":{\"@id\":\"https:\/\/www.latitude-15.com\/es\/conectividad-aerea-en-el-caribe-de-la-fragmentacion-a-la-alineacion-estructural\/#primaryimage\"},\"image\":{\"@id\":\"https:\/\/www.latitude-15.com\/es\/conectividad-aerea-en-el-caribe-de-la-fragmentacion-a-la-alineacion-estructural\/#primaryimage\"},\"thumbnailUrl\":\"https:\/\/www.latitude-15.com\/wp-content\/uploads\/2026\/03\/Page-14.jpg\",\"datePublished\":\"2026-03-03T13:13:00+00:00\",\"dateModified\":\"2026-03-03T14:06:20+00:00\",\"description\":\"En la cumbre inaugural de Conectividad A\u00e9rea de la CTO en Bermudas, los l\u00edderes caribe\u00f1os replantearon la aviaci\u00f3n regional como infraestructura econ\u00f3mica.\",\"breadcrumb\":{\"@id\":\"https:\/\/www.latitude-15.com\/es\/conectividad-aerea-en-el-caribe-de-la-fragmentacion-a-la-alineacion-estructural\/#breadcrumb\"},\"inLanguage\":\"es\",\"potentialAction\":[{\"@type\":\"ReadAction\",\"target\":[\"https:\/\/www.latitude-15.com\/es\/conectividad-aerea-en-el-caribe-de-la-fragmentacion-a-la-alineacion-estructural\/\"]}]},{\"@type\":\"ImageObject\",\"inLanguage\":\"es\",\"@id\":\"https:\/\/www.latitude-15.com\/es\/conectividad-aerea-en-el-caribe-de-la-fragmentacion-a-la-alineacion-estructural\/#primaryimage\",\"url\":\"https:\/\/www.latitude-15.com\/wp-content\/uploads\/2026\/03\/Page-14.jpg\",\"contentUrl\":\"https:\/\/www.latitude-15.com\/wp-content\/uploads\/2026\/03\/Page-14.jpg\",\"width\":1837,\"height\":2048},{\"@type\":\"BreadcrumbList\",\"@id\":\"https:\/\/www.latitude-15.com\/es\/conectividad-aerea-en-el-caribe-de-la-fragmentacion-a-la-alineacion-estructural\/#breadcrumb\",\"itemListElement\":[{\"@type\":\"ListItem\",\"position\":1,\"name\":\"Home\",\"item\":\"https:\/\/www.latitude-15.com\/es\/inicio\/\"},{\"@type\":\"ListItem\",\"position\":2,\"name\":\"Conectividad a\u00e9rea en el Caribe: de la fragmentaci\u00f3n a la alineaci\u00f3n estructural\"}]},{\"@type\":\"WebSite\",\"@id\":\"https:\/\/www.latitude-15.com\/es\/#website\",\"url\":\"https:\/\/www.latitude-15.com\/es\/\",\"name\":\"LATITUDE 15\",\"description\":\"Aviation and maritime Magazine - Caribbean &amp; Latin America\",\"publisher\":{\"@id\":\"https:\/\/www.latitude-15.com\/es\/#organization\"},\"potentialAction\":[{\"@type\":\"SearchAction\",\"target\":{\"@type\":\"EntryPoint\",\"urlTemplate\":\"https:\/\/www.latitude-15.com\/es\/?s={search_term_string}\"},\"query-input\":{\"@type\":\"PropertyValueSpecification\",\"valueRequired\":true,\"valueName\":\"search_term_string\"}}],\"inLanguage\":\"es\"},{\"@type\":\"Organization\",\"@id\":\"https:\/\/www.latitude-15.com\/es\/#organization\",\"name\":\"LATITUDE 15\",\"url\":\"https:\/\/www.latitude-15.com\/es\/\",\"logo\":{\"@type\":\"ImageObject\",\"inLanguage\":\"es\",\"@id\":\"https:\/\/www.latitude-15.com\/es\/#\/schema\/logo\/image\/\",\"url\":\"https:\/\/www.latitude-15.com\/wp-content\/uploads\/2026\/01\/cropped-logox500px.png\",\"contentUrl\":\"https:\/\/www.latitude-15.com\/wp-content\/uploads\/2026\/01\/cropped-logox500px.png\",\"width\":62,\"height\":75,\"caption\":\"LATITUDE 15\"},\"image\":{\"@id\":\"https:\/\/www.latitude-15.com\/es\/#\/schema\/logo\/image\/\"}},{\"@type\":\"Person\",\"@id\":\"https:\/\/www.latitude-15.com\/es\/#\/schema\/person\/dac52e7ff44c78317f337da112e37252\",\"name\":\"Joda J\",\"image\":{\"@type\":\"ImageObject\",\"inLanguage\":\"es\",\"@id\":\"https:\/\/www.latitude-15.com\/es\/#\/schema\/person\/image\/\",\"url\":\"https:\/\/secure.gravatar.com\/avatar\/6b1feae555e15404b76616f92d931d12b25ac58024f14ccb43d9d3c012e4c4cf?s=96&d=mm&r=g\",\"contentUrl\":\"https:\/\/secure.gravatar.com\/avatar\/6b1feae555e15404b76616f92d931d12b25ac58024f14ccb43d9d3c012e4c4cf?s=96&d=mm&r=g\",\"caption\":\"Joda J\"},\"url\":\"https:\/\/www.latitude-15.com\/es\/author\/joda\/\"}]}<\/script>\n<!-- \/ Yoast SEO plugin. -->","yoast_head_json":{"title":"Conectividad a\u00e9rea del Caribe: alineaci\u00f3n estructural - Cumbre de Conectividad A\u00e9rea de la CTO","description":"En la cumbre inaugural de Conectividad A\u00e9rea de la CTO en Bermudas, los l\u00edderes caribe\u00f1os replantearon la aviaci\u00f3n regional como infraestructura econ\u00f3mica.","robots":{"index":"index","follow":"follow","max-snippet":"max-snippet:-1","max-image-preview":"max-image-preview:large","max-video-preview":"max-video-preview:-1"},"canonical":"https:\/\/www.latitude-15.com\/es\/conectividad-aerea-en-el-caribe-de-la-fragmentacion-a-la-alineacion-estructural\/","og_locale":"es_ES","og_type":"article","og_title":"Conectividad a\u00e9rea del Caribe: alineaci\u00f3n estructural - Cumbre de Conectividad A\u00e9rea de la CTO","og_description":"En la cumbre inaugural de Conectividad A\u00e9rea de la CTO en Bermudas, los l\u00edderes caribe\u00f1os replantearon la aviaci\u00f3n regional como infraestructura econ\u00f3mica.","og_url":"https:\/\/www.latitude-15.com\/es\/conectividad-aerea-en-el-caribe-de-la-fragmentacion-a-la-alineacion-estructural\/","og_site_name":"LATITUDE 15","article_published_time":"2026-03-03T13:13:00+00:00","article_modified_time":"2026-03-03T14:06:20+00:00","og_image":[{"width":1837,"height":2048,"url":"https:\/\/www.latitude-15.com\/wp-content\/uploads\/2026\/03\/Page-14.jpg","type":"image\/jpeg"}],"author":"Joda J","twitter_card":"summary_large_image","twitter_misc":{"Escrito por":"Joda J","Tiempo de lectura":"7 minutos"},"schema":{"@context":"https:\/\/schema.org","@graph":[{"@type":"Article","@id":"https:\/\/www.latitude-15.com\/es\/conectividad-aerea-en-el-caribe-de-la-fragmentacion-a-la-alineacion-estructural\/#article","isPartOf":{"@id":"https:\/\/www.latitude-15.com\/es\/conectividad-aerea-en-el-caribe-de-la-fragmentacion-a-la-alineacion-estructural\/"},"author":{"name":"Joda J","@id":"https:\/\/www.latitude-15.com\/es\/#\/schema\/person\/dac52e7ff44c78317f337da112e37252"},"headline":"Conectividad a\u00e9rea en el Caribe: de la fragmentaci\u00f3n a la alineaci\u00f3n estructural","datePublished":"2026-03-03T13:13:00+00:00","dateModified":"2026-03-03T14:06:20+00:00","mainEntityOfPage":{"@id":"https:\/\/www.latitude-15.com\/es\/conectividad-aerea-en-el-caribe-de-la-fragmentacion-a-la-alineacion-estructural\/"},"wordCount":1344,"commentCount":0,"publisher":{"@id":"https:\/\/www.latitude-15.com\/es\/#organization"},"image":{"@id":"https:\/\/www.latitude-15.com\/es\/conectividad-aerea-en-el-caribe-de-la-fragmentacion-a-la-alineacion-estructural\/#primaryimage"},"thumbnailUrl":"https:\/\/www.latitude-15.com\/wp-content\/uploads\/2026\/03\/Page-14.jpg","articleSection":["AVIACI\u00d3N"],"inLanguage":"es","potentialAction":[{"@type":"CommentAction","name":"Comment","target":["https:\/\/www.latitude-15.com\/es\/conectividad-aerea-en-el-caribe-de-la-fragmentacion-a-la-alineacion-estructural\/#respond"]}]},{"@type":"WebPage","@id":"https:\/\/www.latitude-15.com\/es\/conectividad-aerea-en-el-caribe-de-la-fragmentacion-a-la-alineacion-estructural\/","url":"https:\/\/www.latitude-15.com\/es\/conectividad-aerea-en-el-caribe-de-la-fragmentacion-a-la-alineacion-estructural\/","name":"Conectividad a\u00e9rea del Caribe: alineaci\u00f3n estructural - Cumbre de Conectividad A\u00e9rea de la CTO","isPartOf":{"@id":"https:\/\/www.latitude-15.com\/es\/#website"},"primaryImageOfPage":{"@id":"https:\/\/www.latitude-15.com\/es\/conectividad-aerea-en-el-caribe-de-la-fragmentacion-a-la-alineacion-estructural\/#primaryimage"},"image":{"@id":"https:\/\/www.latitude-15.com\/es\/conectividad-aerea-en-el-caribe-de-la-fragmentacion-a-la-alineacion-estructural\/#primaryimage"},"thumbnailUrl":"https:\/\/www.latitude-15.com\/wp-content\/uploads\/2026\/03\/Page-14.jpg","datePublished":"2026-03-03T13:13:00+00:00","dateModified":"2026-03-03T14:06:20+00:00","description":"En la cumbre inaugural de Conectividad A\u00e9rea de la CTO en Bermudas, los l\u00edderes caribe\u00f1os replantearon la aviaci\u00f3n regional como infraestructura econ\u00f3mica.","breadcrumb":{"@id":"https:\/\/www.latitude-15.com\/es\/conectividad-aerea-en-el-caribe-de-la-fragmentacion-a-la-alineacion-estructural\/#breadcrumb"},"inLanguage":"es","potentialAction":[{"@type":"ReadAction","target":["https:\/\/www.latitude-15.com\/es\/conectividad-aerea-en-el-caribe-de-la-fragmentacion-a-la-alineacion-estructural\/"]}]},{"@type":"ImageObject","inLanguage":"es","@id":"https:\/\/www.latitude-15.com\/es\/conectividad-aerea-en-el-caribe-de-la-fragmentacion-a-la-alineacion-estructural\/#primaryimage","url":"https:\/\/www.latitude-15.com\/wp-content\/uploads\/2026\/03\/Page-14.jpg","contentUrl":"https:\/\/www.latitude-15.com\/wp-content\/uploads\/2026\/03\/Page-14.jpg","width":1837,"height":2048},{"@type":"BreadcrumbList","@id":"https:\/\/www.latitude-15.com\/es\/conectividad-aerea-en-el-caribe-de-la-fragmentacion-a-la-alineacion-estructural\/#breadcrumb","itemListElement":[{"@type":"ListItem","position":1,"name":"Home","item":"https:\/\/www.latitude-15.com\/es\/inicio\/"},{"@type":"ListItem","position":2,"name":"Conectividad a\u00e9rea en el Caribe: de la fragmentaci\u00f3n a la alineaci\u00f3n estructural"}]},{"@type":"WebSite","@id":"https:\/\/www.latitude-15.com\/es\/#website","url":"https:\/\/www.latitude-15.com\/es\/","name":"LATITUDE 15","description":"Aviation and maritime Magazine - Caribbean &amp; Latin America","publisher":{"@id":"https:\/\/www.latitude-15.com\/es\/#organization"},"potentialAction":[{"@type":"SearchAction","target":{"@type":"EntryPoint","urlTemplate":"https:\/\/www.latitude-15.com\/es\/?s={search_term_string}"},"query-input":{"@type":"PropertyValueSpecification","valueRequired":true,"valueName":"search_term_string"}}],"inLanguage":"es"},{"@type":"Organization","@id":"https:\/\/www.latitude-15.com\/es\/#organization","name":"LATITUDE 15","url":"https:\/\/www.latitude-15.com\/es\/","logo":{"@type":"ImageObject","inLanguage":"es","@id":"https:\/\/www.latitude-15.com\/es\/#\/schema\/logo\/image\/","url":"https:\/\/www.latitude-15.com\/wp-content\/uploads\/2026\/01\/cropped-logox500px.png","contentUrl":"https:\/\/www.latitude-15.com\/wp-content\/uploads\/2026\/01\/cropped-logox500px.png","width":62,"height":75,"caption":"LATITUDE 15"},"image":{"@id":"https:\/\/www.latitude-15.com\/es\/#\/schema\/logo\/image\/"}},{"@type":"Person","@id":"https:\/\/www.latitude-15.com\/es\/#\/schema\/person\/dac52e7ff44c78317f337da112e37252","name":"Joda J","image":{"@type":"ImageObject","inLanguage":"es","@id":"https:\/\/www.latitude-15.com\/es\/#\/schema\/person\/image\/","url":"https:\/\/secure.gravatar.com\/avatar\/6b1feae555e15404b76616f92d931d12b25ac58024f14ccb43d9d3c012e4c4cf?s=96&d=mm&r=g","contentUrl":"https:\/\/secure.gravatar.com\/avatar\/6b1feae555e15404b76616f92d931d12b25ac58024f14ccb43d9d3c012e4c4cf?s=96&d=mm&r=g","caption":"Joda J"},"url":"https:\/\/www.latitude-15.com\/es\/author\/joda\/"}]}},"_links":{"self":[{"href":"https:\/\/www.latitude-15.com\/es\/wp-json\/wp\/v2\/posts\/21051","targetHints":{"allow":["GET"]}}],"collection":[{"href":"https:\/\/www.latitude-15.com\/es\/wp-json\/wp\/v2\/posts"}],"about":[{"href":"https:\/\/www.latitude-15.com\/es\/wp-json\/wp\/v2\/types\/post"}],"author":[{"embeddable":true,"href":"https:\/\/www.latitude-15.com\/es\/wp-json\/wp\/v2\/users\/5"}],"replies":[{"embeddable":true,"href":"https:\/\/www.latitude-15.com\/es\/wp-json\/wp\/v2\/comments?post=21051"}],"version-history":[{"count":1,"href":"https:\/\/www.latitude-15.com\/es\/wp-json\/wp\/v2\/posts\/21051\/revisions"}],"predecessor-version":[{"id":21052,"href":"https:\/\/www.latitude-15.com\/es\/wp-json\/wp\/v2\/posts\/21051\/revisions\/21052"}],"wp:featuredmedia":[{"embeddable":true,"href":"https:\/\/www.latitude-15.com\/es\/wp-json\/wp\/v2\/media\/21049"}],"wp:attachment":[{"href":"https:\/\/www.latitude-15.com\/es\/wp-json\/wp\/v2\/media?parent=21051"}],"wp:term":[{"taxonomy":"category","embeddable":true,"href":"https:\/\/www.latitude-15.com\/es\/wp-json\/wp\/v2\/categories?post=21051"},{"taxonomy":"post_tag","embeddable":true,"href":"https:\/\/www.latitude-15.com\/es\/wp-json\/wp\/v2\/tags?post=21051"}],"curies":[{"name":"wp","href":"https:\/\/api.w.org\/{rel}","templated":true}]}}