{"id":21019,"date":"2026-03-02T09:01:18","date_gmt":"2026-03-02T13:01:18","guid":{"rendered":"https:\/\/www.latitude-15.com\/saf-latam-2026-sao-paulo-en-el-centro-de-la-transicion-del-combustible-sostenible-de-aviacion-en-america-latina\/"},"modified":"2026-03-02T21:00:18","modified_gmt":"2026-03-03T01:00:18","slug":"saf-latam-2026-sao-paulo-en-el-centro-de-la-transicion-del-combustible-sostenible-de-aviacion-en-america-latina","status":"publish","type":"post","link":"https:\/\/www.latitude-15.com\/es\/saf-latam-2026-sao-paulo-en-el-centro-de-la-transicion-del-combustible-sostenible-de-aviacion-en-america-latina\/","title":{"rendered":"SAF LATAM 2026: S\u00e3o Paulo en el centro de la transici\u00f3n del combustible sostenible de aviaci\u00f3n en Am\u00e9rica Latina"},"content":{"rendered":"\n<p>Del 2 al 4 de marzo de 2026, S\u00e3o Paulo ser\u00e1 sede de la segunda edici\u00f3n del Sustainable Aviation Futures LATAM Congress, que reunir\u00e1 a m\u00e1s de 400 l\u00edderes del sector y cerca de 100 ponentes provenientes de la aviaci\u00f3n, la energ\u00eda, las finanzas y el \u00e1mbito gubernamental. En apariencia, se trata de un encuentro sectorial centrado en el Sustainable Aviation Fuel (SAF). En t\u00e9rminos estructurales, sin embargo, refleja una evoluci\u00f3n m\u00e1s profunda: Am\u00e9rica Latina est\u00e1 pasando del discurso a la construcci\u00f3n efectiva de una arquitectura de mercado.  <\/p>\n\n<p>El momento es estrat\u00e9gico. El mandato brasile\u00f1o de mezcla obligatoria previsto para 2027 se aproxima, y la mayor claridad regulatoria comienza a traducirse en posicionamiento industrial. La agenda del congreso y el perfil de los participantes indican que el debate regional ya no gira en torno a si el SAF debe escalar, sino a c\u00f3mo hacerlo \u2014 y bajo qu\u00e9 condiciones financieras, regulatorias y log\u00edsticas.  <\/p>\n\n<h2 class=\"wp-block-heading\">Brasil como mercado ancla emergente<\/h2>\n\n<p>La centralidad de Brasil en el programa es evidente. Participar\u00e1n representantes de la ANAC, del Minist\u00e9rio de Minas e Energia, del Minist\u00e9rio do Desenvolvimento, Ind\u00fastria, Com\u00e9rcio e Servi\u00e7os, as\u00ed como del BNDES y Petrobras. Las discusiones abordar\u00e1n el proyecto de ley \u201cFuel of the Future\u201d, el mandato de 2027 y la implementaci\u00f3n de los mecanismos ProBioQAV, dise\u00f1ados para reducir las emisiones de gases de efecto invernadero del sector a\u00e9reo durante la pr\u00f3xima d\u00e9cada.  <\/p>\n\n<p>Este nivel de implicaci\u00f3n institucional confirma que el SAF en Brasil trasciende el \u00e1mbito ambiental y se integra en una estrategia de pol\u00edtica industrial. La articulaci\u00f3n entre marcos tributarios, mercados de carbono y financiamiento a trav\u00e9s del banco de desarrollo refleja un intento estructurado de crear una base dom\u00e9stica de producci\u00f3n capaz de abastecer tanto a las aerol\u00edneas nacionales como a los mercados internacionales. <\/p>\n\n<p>La cuesti\u00f3n ya no es si Brasil participar\u00e1 en el mercado global de SAF, sino si podr\u00e1 consolidarse como un polo competitivo de producci\u00f3n, aprovechando su experiencia en bioetanol y su escala agr\u00edcola para reducir la brecha de costos frente al combustible convencional. <\/p>\n\n<h2 class=\"wp-block-heading\">Del potencial agr\u00edcola a la madurez comercial<\/h2>\n\n<p>M\u00e1s all\u00e1 de las obligaciones regulatorias, el programa pone el foco en los fundamentos t\u00e9cnicos y agr\u00edcolas necesarios para la expansi\u00f3n del SAF. Se analizar\u00e1n rutas ethanol-to-jet, soluciones de co-processing y disponibilidad de materias primas \u2014 incluyendo ca\u00f1a de az\u00facar, soja, maca\u00faba y otros cultivos regionales. <\/p>\n\n<p>Este enfoque responde a una narrativa regional m\u00e1s amplia: Am\u00e9rica Latina dispone de un importante potencial en biomasa y bioenerg\u00eda. No obstante, la abundancia de insumos no garantiza la escalabilidad industrial. La certificaci\u00f3n de intensidad de carbono, la alineaci\u00f3n con est\u00e1ndares como CORSIA y RED III, y la gesti\u00f3n de los riesgos asociados al Indirect Land-Use Change (ILUC) son factores determinantes.  <\/p>\n\n<p>El ILUC resulta especialmente sensible para los productores sudamericanos que buscan acceso al mercado europeo. Los debates sobre transparencia, trazabilidad y armonizaci\u00f3n de metodolog\u00edas de contabilidad de carbono evidencian que la credibilidad internacional ser\u00e1 clave para asegurar acceso comercial. <\/p>\n\n<p>Asimismo, el paso de proyectos piloto a Final Investment Decisions (FID) aparece como otro indicador de madurez. Los casos pr\u00e1cticos abordar\u00e1n c\u00f3mo las primeras instalaciones han superado desaf\u00edos tecnol\u00f3gicos, de ingenier\u00eda y de financiamiento \u2014 se\u00f1al de que la conversaci\u00f3n se desplaza hacia la fase comercial. <\/p>\n\n<h2 class=\"wp-block-heading\"><br\/>La dimensi\u00f3n financiera en primer plano<\/h2>\n\n<p>Uno de los elementos m\u00e1s destacados de esta edici\u00f3n es el protagonismo de los actores financieros. BNDES, IDB Invest, CAF y BloombergNEF figuran entre los participantes, junto con paneles dedicados a due diligence, evaluaci\u00f3n de riesgos y m\u00e9tricas de inversi\u00f3n. <\/p>\n\n<p>El SAF sigue siendo m\u00e1s costoso que el combustible convencional. Sin mecanismos financieros estructurados, los mercados latinoamericanos \u2014 tradicionalmente sensibles al precio \u2014 podr\u00edan enfrentar dificultades para absorber primas sostenidas. La presencia de bancos de desarrollo indica el reconocimiento de que el capital p\u00fablico desempe\u00f1ar\u00e1 un papel catalizador, especialmente en proyectos pioneros.SAF remains costlier than conventional jet fuel. Without structured financial support, price-sensitive Latin American markets could struggle to absorb sustained premiums. The presence of development banks suggests recognition that public capital will play a catalytic role, particularly for first-of-a-kind facilities.  <\/p>\n\n<p>Los debates sobre contratos de compra a largo plazo (offtake agreements), esquemas de precios m\u00ednimos y mecanismos de reparto de riesgos ser\u00e1n centrales. Los inversores buscar\u00e1n estabilidad regulatoria y se\u00f1ales claras de demanda antes de comprometer capital. En este sentido, el congreso act\u00faa no solo como foro t\u00e9cnico, sino como plataforma de generaci\u00f3n de confianza.  <\/p>\n\n<h2 class=\"wp-block-heading\">Aerol\u00edneas bajo presi\u00f3n<\/h2>\n\n<p>La participaci\u00f3n de ejecutivos de LATAM Airlines, Azul, GOL y compa\u00f1\u00edas internacionales como JetBlue a\u00f1ade una dimensi\u00f3n comercial al debate.<\/p>\n\n<p>Las aerol\u00edneas enfrentan crecientes exigencias de sostenibilidad por parte de clientes corporativos, reguladores y marcos internacionales. Al mismo tiempo, la rentabilidad sigue siendo fr\u00e1gil en buena parte de la regi\u00f3n. Integrar SAF en las estrategias de adquisici\u00f3n sin comprometer m\u00e1rgenes requiere un equilibrio delicado.  <\/p>\n\n<p>Las sesiones dedicadas a reportes Scope 3 y a mecanismos book-and-claim evidencian los intentos de compatibilizar descarbonizaci\u00f3n y viabilidad financiera. El desarrollo de registros confiables y sistemas interoperables de trazabilidad ser\u00e1 determinante para consolidar la aceptaci\u00f3n de cr\u00e9ditos SAF en el mercado. <\/p>\n\n<h2 class=\"wp-block-heading\">Corredores comerciales y alineamiento geopol\u00edtico<\/h2>\n\n<p>El congreso tambi\u00e9n sit\u00faa a Am\u00e9rica Latina dentro del contexto geopol\u00edtico m\u00e1s amplio de la transici\u00f3n energ\u00e9tica. Se espera debate sobre los incentivos fiscales de Estados Unidos, los requisitos de certificaci\u00f3n europeos y la demanda emergente en Asia-Pac\u00edfico. <\/p>\n\n<p>La posici\u00f3n estrat\u00e9gica de la regi\u00f3n entre Washington, Bruselas y los mercados asi\u00e1ticos representa tanto una oportunidad como un desaf\u00edo. Los acuerdos comerciales, los est\u00e1ndares de exportaci\u00f3n y los modelos de cumplimiento de carbono influir\u00e1n en la direcci\u00f3n de los flujos de SAF y en el marco regulatorio predominante. <\/p>\n\n<p>En un entorno de pol\u00edticas fragmentadas, la alineaci\u00f3n \u2014 o al menos la compatibilidad \u2014 con est\u00e1ndares internacionales ser\u00e1 determinante para la integraci\u00f3n de la producci\u00f3n latinoamericana en las cadenas globales de suministro. <\/p>\n\n<h2 class=\"wp-block-heading\">Un momento de inflexi\u00f3n<\/h2>\n\n<p>El Sustainable Aviation Futures LATAM Congress 2026 va m\u00e1s all\u00e1 de un evento sectorial. Representa un punto de convergencia entre marcos regulatorios en maduraci\u00f3n, estrategias de materias primas en definici\u00f3n, instituciones financieras comprometidas y aerol\u00edneas ajustando sus modelos de adquisici\u00f3n. <\/p>\n\n<p>Para Am\u00e9rica Latina, la transici\u00f3n hacia combustibles sostenibles de aviaci\u00f3n deja de ser abstracta y entra en la fase operativa. Los pr\u00f3ximos a\u00f1os determinar\u00e1n si la regi\u00f3n puede transformar su potencial bioenerg\u00e9tico en una ventaja competitiva duradera \u2014 o si las presiones de costos y la fragmentaci\u00f3n regulatoria ralentizar\u00e1n el proceso.  <\/p>\n\n<p>A medida que se aproxima el mandato de 2027, S\u00e3o Paulo se consolida como term\u00f3metro de la ambici\u00f3n regional. La verdadera prueba no se dar\u00e1 en las salas de conferencia, sino en la velocidad con la que los proyectos pasen del debate a la implementaci\u00f3n. <\/p>\n\n<p><a href=\"https:\/\/www.safcongresslatam.com\">LEER M\u00c1S SOBRE EL EVENTO<\/a><\/p>\n","protected":false},"excerpt":{"rendered":"<p>Del 2 al 4 de marzo de 2026, S\u00e3o Paulo ser\u00e1 sede de la segunda edici\u00f3n del Sustainable Aviation Futures LATAM Congress, que reunir\u00e1 a m\u00e1s de 400 l\u00edderes del sector y cerca de 100 ponentes provenientes de la aviaci\u00f3n, la energ\u00eda, las finanzas y el \u00e1mbito gubernamental. En apariencia, se trata de un encuentro [&hellip;]<\/p>\n","protected":false},"author":5,"featured_media":0,"comment_status":"open","ping_status":"open","sticky":false,"template":"","format":"standard","meta":{"footnotes":""},"categories":[99,114],"tags":[],"class_list":["post-21019","post","type-post","status-publish","format-standard","hentry","category-aviacion","category-sostenibilidad-y-transicion-energetica"],"yoast_head":"<!-- This site is optimized with the Yoast SEO plugin v26.9 - https:\/\/yoast.com\/product\/yoast-seo-wordpress\/ -->\n<title>SAF LATAM 2026: S\u00e3o Paulo en el centro de la transici\u00f3n del combustible sostenible de aviaci\u00f3n en Am\u00e9rica Latina - LATITUDE 15<\/title>\n<meta name=\"robots\" content=\"index, follow, max-snippet:-1, max-image-preview:large, max-video-preview:-1\" \/>\n<link rel=\"canonical\" href=\"https:\/\/www.latitude-15.com\/es\/saf-latam-2026-sao-paulo-en-el-centro-de-la-transicion-del-combustible-sostenible-de-aviacion-en-america-latina\/\" \/>\n<meta property=\"og:locale\" content=\"es_ES\" \/>\n<meta property=\"og:type\" content=\"article\" \/>\n<meta property=\"og:title\" content=\"SAF LATAM 2026: S\u00e3o Paulo en el centro de la transici\u00f3n del combustible sostenible de aviaci\u00f3n en Am\u00e9rica Latina - LATITUDE 15\" \/>\n<meta property=\"og:description\" content=\"Del 2 al 4 de marzo de 2026, S\u00e3o Paulo ser\u00e1 sede de la segunda edici\u00f3n del Sustainable Aviation Futures LATAM Congress, que reunir\u00e1 a m\u00e1s de 400 l\u00edderes del sector y cerca de 100 ponentes provenientes de la aviaci\u00f3n, la energ\u00eda, las finanzas y el \u00e1mbito gubernamental. En apariencia, se trata de un encuentro [&hellip;]\" \/>\n<meta property=\"og:url\" content=\"https:\/\/www.latitude-15.com\/es\/saf-latam-2026-sao-paulo-en-el-centro-de-la-transicion-del-combustible-sostenible-de-aviacion-en-america-latina\/\" \/>\n<meta property=\"og:site_name\" content=\"LATITUDE 15\" \/>\n<meta property=\"article:published_time\" content=\"2026-03-02T13:01:18+00:00\" \/>\n<meta property=\"article:modified_time\" content=\"2026-03-03T01:00:18+00:00\" \/>\n<meta property=\"og:image\" content=\"https:\/\/www.latitude-15.com\/wp-content\/uploads\/2026\/03\/imgARTICLE.jpg\" \/>\n\t<meta property=\"og:image:width\" content=\"1088\" \/>\n\t<meta property=\"og:image:height\" content=\"740\" \/>\n\t<meta property=\"og:image:type\" content=\"image\/jpeg\" \/>\n<meta name=\"author\" content=\"Joda J\" \/>\n<meta name=\"twitter:card\" content=\"summary_large_image\" \/>\n<meta name=\"twitter:label1\" content=\"Escrito por\" \/>\n\t<meta name=\"twitter:data1\" content=\"Joda J\" \/>\n\t<meta name=\"twitter:label2\" content=\"Tiempo de lectura\" \/>\n\t<meta name=\"twitter:data2\" content=\"6 minutos\" \/>\n<script type=\"application\/ld+json\" class=\"yoast-schema-graph\">{\"@context\":\"https:\/\/schema.org\",\"@graph\":[{\"@type\":\"Article\",\"@id\":\"https:\/\/www.latitude-15.com\/es\/saf-latam-2026-sao-paulo-en-el-centro-de-la-transicion-del-combustible-sostenible-de-aviacion-en-america-latina\/#article\",\"isPartOf\":{\"@id\":\"https:\/\/www.latitude-15.com\/es\/saf-latam-2026-sao-paulo-en-el-centro-de-la-transicion-del-combustible-sostenible-de-aviacion-en-america-latina\/\"},\"author\":{\"name\":\"Joda J\",\"@id\":\"https:\/\/www.latitude-15.com\/es\/#\/schema\/person\/dac52e7ff44c78317f337da112e37252\"},\"headline\":\"SAF LATAM 2026: S\u00e3o Paulo en el centro de la transici\u00f3n del combustible sostenible de aviaci\u00f3n en Am\u00e9rica Latina\",\"datePublished\":\"2026-03-02T13:01:18+00:00\",\"dateModified\":\"2026-03-03T01:00:18+00:00\",\"mainEntityOfPage\":{\"@id\":\"https:\/\/www.latitude-15.com\/es\/saf-latam-2026-sao-paulo-en-el-centro-de-la-transicion-del-combustible-sostenible-de-aviacion-en-america-latina\/\"},\"wordCount\":1252,\"commentCount\":0,\"publisher\":{\"@id\":\"https:\/\/www.latitude-15.com\/es\/#organization\"},\"articleSection\":[\"AVIACI\u00d3N\",\"Sostenibilidad y transici\u00f3n energ\u00e9tica\"],\"inLanguage\":\"es\",\"potentialAction\":[{\"@type\":\"CommentAction\",\"name\":\"Comment\",\"target\":[\"https:\/\/www.latitude-15.com\/es\/saf-latam-2026-sao-paulo-en-el-centro-de-la-transicion-del-combustible-sostenible-de-aviacion-en-america-latina\/#respond\"]}]},{\"@type\":\"WebPage\",\"@id\":\"https:\/\/www.latitude-15.com\/es\/saf-latam-2026-sao-paulo-en-el-centro-de-la-transicion-del-combustible-sostenible-de-aviacion-en-america-latina\/\",\"url\":\"https:\/\/www.latitude-15.com\/es\/saf-latam-2026-sao-paulo-en-el-centro-de-la-transicion-del-combustible-sostenible-de-aviacion-en-america-latina\/\",\"name\":\"SAF LATAM 2026: S\u00e3o Paulo en el centro de la transici\u00f3n del combustible sostenible de aviaci\u00f3n en Am\u00e9rica Latina - LATITUDE 15\",\"isPartOf\":{\"@id\":\"https:\/\/www.latitude-15.com\/es\/#website\"},\"datePublished\":\"2026-03-02T13:01:18+00:00\",\"dateModified\":\"2026-03-03T01:00:18+00:00\",\"breadcrumb\":{\"@id\":\"https:\/\/www.latitude-15.com\/es\/saf-latam-2026-sao-paulo-en-el-centro-de-la-transicion-del-combustible-sostenible-de-aviacion-en-america-latina\/#breadcrumb\"},\"inLanguage\":\"es\",\"potentialAction\":[{\"@type\":\"ReadAction\",\"target\":[\"https:\/\/www.latitude-15.com\/es\/saf-latam-2026-sao-paulo-en-el-centro-de-la-transicion-del-combustible-sostenible-de-aviacion-en-america-latina\/\"]}]},{\"@type\":\"BreadcrumbList\",\"@id\":\"https:\/\/www.latitude-15.com\/es\/saf-latam-2026-sao-paulo-en-el-centro-de-la-transicion-del-combustible-sostenible-de-aviacion-en-america-latina\/#breadcrumb\",\"itemListElement\":[{\"@type\":\"ListItem\",\"position\":1,\"name\":\"Home\",\"item\":\"https:\/\/www.latitude-15.com\/es\/inicio\/\"},{\"@type\":\"ListItem\",\"position\":2,\"name\":\"SAF LATAM 2026: S\u00e3o Paulo en el centro de la transici\u00f3n del combustible sostenible de aviaci\u00f3n en Am\u00e9rica Latina\"}]},{\"@type\":\"WebSite\",\"@id\":\"https:\/\/www.latitude-15.com\/es\/#website\",\"url\":\"https:\/\/www.latitude-15.com\/es\/\",\"name\":\"LATITUDE 15\",\"description\":\"Aviation and maritime Magazine - Caribbean &amp; Latin America\",\"publisher\":{\"@id\":\"https:\/\/www.latitude-15.com\/es\/#organization\"},\"potentialAction\":[{\"@type\":\"SearchAction\",\"target\":{\"@type\":\"EntryPoint\",\"urlTemplate\":\"https:\/\/www.latitude-15.com\/es\/?s={search_term_string}\"},\"query-input\":{\"@type\":\"PropertyValueSpecification\",\"valueRequired\":true,\"valueName\":\"search_term_string\"}}],\"inLanguage\":\"es\"},{\"@type\":\"Organization\",\"@id\":\"https:\/\/www.latitude-15.com\/es\/#organization\",\"name\":\"LATITUDE 15\",\"url\":\"https:\/\/www.latitude-15.com\/es\/\",\"logo\":{\"@type\":\"ImageObject\",\"inLanguage\":\"es\",\"@id\":\"https:\/\/www.latitude-15.com\/es\/#\/schema\/logo\/image\/\",\"url\":\"https:\/\/www.latitude-15.com\/wp-content\/uploads\/2026\/01\/cropped-logox500px.png\",\"contentUrl\":\"https:\/\/www.latitude-15.com\/wp-content\/uploads\/2026\/01\/cropped-logox500px.png\",\"width\":62,\"height\":75,\"caption\":\"LATITUDE 15\"},\"image\":{\"@id\":\"https:\/\/www.latitude-15.com\/es\/#\/schema\/logo\/image\/\"}},{\"@type\":\"Person\",\"@id\":\"https:\/\/www.latitude-15.com\/es\/#\/schema\/person\/dac52e7ff44c78317f337da112e37252\",\"name\":\"Joda J\",\"image\":{\"@type\":\"ImageObject\",\"inLanguage\":\"es\",\"@id\":\"https:\/\/www.latitude-15.com\/es\/#\/schema\/person\/image\/\",\"url\":\"https:\/\/secure.gravatar.com\/avatar\/6b1feae555e15404b76616f92d931d12b25ac58024f14ccb43d9d3c012e4c4cf?s=96&d=mm&r=g\",\"contentUrl\":\"https:\/\/secure.gravatar.com\/avatar\/6b1feae555e15404b76616f92d931d12b25ac58024f14ccb43d9d3c012e4c4cf?s=96&d=mm&r=g\",\"caption\":\"Joda J\"},\"url\":\"https:\/\/www.latitude-15.com\/es\/author\/joda\/\"}]}<\/script>\n<!-- \/ Yoast SEO plugin. -->","yoast_head_json":{"title":"SAF LATAM 2026: S\u00e3o Paulo en el centro de la transici\u00f3n del combustible sostenible de aviaci\u00f3n en Am\u00e9rica Latina - LATITUDE 15","robots":{"index":"index","follow":"follow","max-snippet":"max-snippet:-1","max-image-preview":"max-image-preview:large","max-video-preview":"max-video-preview:-1"},"canonical":"https:\/\/www.latitude-15.com\/es\/saf-latam-2026-sao-paulo-en-el-centro-de-la-transicion-del-combustible-sostenible-de-aviacion-en-america-latina\/","og_locale":"es_ES","og_type":"article","og_title":"SAF LATAM 2026: S\u00e3o Paulo en el centro de la transici\u00f3n del combustible sostenible de aviaci\u00f3n en Am\u00e9rica Latina - LATITUDE 15","og_description":"Del 2 al 4 de marzo de 2026, S\u00e3o Paulo ser\u00e1 sede de la segunda edici\u00f3n del Sustainable Aviation Futures LATAM Congress, que reunir\u00e1 a m\u00e1s de 400 l\u00edderes del sector y cerca de 100 ponentes provenientes de la aviaci\u00f3n, la energ\u00eda, las finanzas y el \u00e1mbito gubernamental. En apariencia, se trata de un encuentro [&hellip;]","og_url":"https:\/\/www.latitude-15.com\/es\/saf-latam-2026-sao-paulo-en-el-centro-de-la-transicion-del-combustible-sostenible-de-aviacion-en-america-latina\/","og_site_name":"LATITUDE 15","article_published_time":"2026-03-02T13:01:18+00:00","article_modified_time":"2026-03-03T01:00:18+00:00","og_image":[{"width":1088,"height":740,"url":"https:\/\/www.latitude-15.com\/wp-content\/uploads\/2026\/03\/imgARTICLE.jpg","type":"image\/jpeg"}],"author":"Joda J","twitter_card":"summary_large_image","twitter_misc":{"Escrito por":"Joda J","Tiempo de lectura":"6 minutos"},"schema":{"@context":"https:\/\/schema.org","@graph":[{"@type":"Article","@id":"https:\/\/www.latitude-15.com\/es\/saf-latam-2026-sao-paulo-en-el-centro-de-la-transicion-del-combustible-sostenible-de-aviacion-en-america-latina\/#article","isPartOf":{"@id":"https:\/\/www.latitude-15.com\/es\/saf-latam-2026-sao-paulo-en-el-centro-de-la-transicion-del-combustible-sostenible-de-aviacion-en-america-latina\/"},"author":{"name":"Joda J","@id":"https:\/\/www.latitude-15.com\/es\/#\/schema\/person\/dac52e7ff44c78317f337da112e37252"},"headline":"SAF LATAM 2026: S\u00e3o Paulo en el centro de la transici\u00f3n del combustible sostenible de aviaci\u00f3n en Am\u00e9rica Latina","datePublished":"2026-03-02T13:01:18+00:00","dateModified":"2026-03-03T01:00:18+00:00","mainEntityOfPage":{"@id":"https:\/\/www.latitude-15.com\/es\/saf-latam-2026-sao-paulo-en-el-centro-de-la-transicion-del-combustible-sostenible-de-aviacion-en-america-latina\/"},"wordCount":1252,"commentCount":0,"publisher":{"@id":"https:\/\/www.latitude-15.com\/es\/#organization"},"articleSection":["AVIACI\u00d3N","Sostenibilidad y transici\u00f3n energ\u00e9tica"],"inLanguage":"es","potentialAction":[{"@type":"CommentAction","name":"Comment","target":["https:\/\/www.latitude-15.com\/es\/saf-latam-2026-sao-paulo-en-el-centro-de-la-transicion-del-combustible-sostenible-de-aviacion-en-america-latina\/#respond"]}]},{"@type":"WebPage","@id":"https:\/\/www.latitude-15.com\/es\/saf-latam-2026-sao-paulo-en-el-centro-de-la-transicion-del-combustible-sostenible-de-aviacion-en-america-latina\/","url":"https:\/\/www.latitude-15.com\/es\/saf-latam-2026-sao-paulo-en-el-centro-de-la-transicion-del-combustible-sostenible-de-aviacion-en-america-latina\/","name":"SAF LATAM 2026: S\u00e3o Paulo en el centro de la transici\u00f3n del combustible sostenible de aviaci\u00f3n en Am\u00e9rica Latina - LATITUDE 15","isPartOf":{"@id":"https:\/\/www.latitude-15.com\/es\/#website"},"datePublished":"2026-03-02T13:01:18+00:00","dateModified":"2026-03-03T01:00:18+00:00","breadcrumb":{"@id":"https:\/\/www.latitude-15.com\/es\/saf-latam-2026-sao-paulo-en-el-centro-de-la-transicion-del-combustible-sostenible-de-aviacion-en-america-latina\/#breadcrumb"},"inLanguage":"es","potentialAction":[{"@type":"ReadAction","target":["https:\/\/www.latitude-15.com\/es\/saf-latam-2026-sao-paulo-en-el-centro-de-la-transicion-del-combustible-sostenible-de-aviacion-en-america-latina\/"]}]},{"@type":"BreadcrumbList","@id":"https:\/\/www.latitude-15.com\/es\/saf-latam-2026-sao-paulo-en-el-centro-de-la-transicion-del-combustible-sostenible-de-aviacion-en-america-latina\/#breadcrumb","itemListElement":[{"@type":"ListItem","position":1,"name":"Home","item":"https:\/\/www.latitude-15.com\/es\/inicio\/"},{"@type":"ListItem","position":2,"name":"SAF LATAM 2026: S\u00e3o Paulo en el centro de la transici\u00f3n del combustible sostenible de aviaci\u00f3n en Am\u00e9rica Latina"}]},{"@type":"WebSite","@id":"https:\/\/www.latitude-15.com\/es\/#website","url":"https:\/\/www.latitude-15.com\/es\/","name":"LATITUDE 15","description":"Aviation and maritime Magazine - Caribbean &amp; Latin America","publisher":{"@id":"https:\/\/www.latitude-15.com\/es\/#organization"},"potentialAction":[{"@type":"SearchAction","target":{"@type":"EntryPoint","urlTemplate":"https:\/\/www.latitude-15.com\/es\/?s={search_term_string}"},"query-input":{"@type":"PropertyValueSpecification","valueRequired":true,"valueName":"search_term_string"}}],"inLanguage":"es"},{"@type":"Organization","@id":"https:\/\/www.latitude-15.com\/es\/#organization","name":"LATITUDE 15","url":"https:\/\/www.latitude-15.com\/es\/","logo":{"@type":"ImageObject","inLanguage":"es","@id":"https:\/\/www.latitude-15.com\/es\/#\/schema\/logo\/image\/","url":"https:\/\/www.latitude-15.com\/wp-content\/uploads\/2026\/01\/cropped-logox500px.png","contentUrl":"https:\/\/www.latitude-15.com\/wp-content\/uploads\/2026\/01\/cropped-logox500px.png","width":62,"height":75,"caption":"LATITUDE 15"},"image":{"@id":"https:\/\/www.latitude-15.com\/es\/#\/schema\/logo\/image\/"}},{"@type":"Person","@id":"https:\/\/www.latitude-15.com\/es\/#\/schema\/person\/dac52e7ff44c78317f337da112e37252","name":"Joda J","image":{"@type":"ImageObject","inLanguage":"es","@id":"https:\/\/www.latitude-15.com\/es\/#\/schema\/person\/image\/","url":"https:\/\/secure.gravatar.com\/avatar\/6b1feae555e15404b76616f92d931d12b25ac58024f14ccb43d9d3c012e4c4cf?s=96&d=mm&r=g","contentUrl":"https:\/\/secure.gravatar.com\/avatar\/6b1feae555e15404b76616f92d931d12b25ac58024f14ccb43d9d3c012e4c4cf?s=96&d=mm&r=g","caption":"Joda J"},"url":"https:\/\/www.latitude-15.com\/es\/author\/joda\/"}]}},"_links":{"self":[{"href":"https:\/\/www.latitude-15.com\/es\/wp-json\/wp\/v2\/posts\/21019","targetHints":{"allow":["GET"]}}],"collection":[{"href":"https:\/\/www.latitude-15.com\/es\/wp-json\/wp\/v2\/posts"}],"about":[{"href":"https:\/\/www.latitude-15.com\/es\/wp-json\/wp\/v2\/types\/post"}],"author":[{"embeddable":true,"href":"https:\/\/www.latitude-15.com\/es\/wp-json\/wp\/v2\/users\/5"}],"replies":[{"embeddable":true,"href":"https:\/\/www.latitude-15.com\/es\/wp-json\/wp\/v2\/comments?post=21019"}],"version-history":[{"count":1,"href":"https:\/\/www.latitude-15.com\/es\/wp-json\/wp\/v2\/posts\/21019\/revisions"}],"predecessor-version":[{"id":21020,"href":"https:\/\/www.latitude-15.com\/es\/wp-json\/wp\/v2\/posts\/21019\/revisions\/21020"}],"wp:attachment":[{"href":"https:\/\/www.latitude-15.com\/es\/wp-json\/wp\/v2\/media?parent=21019"}],"wp:term":[{"taxonomy":"category","embeddable":true,"href":"https:\/\/www.latitude-15.com\/es\/wp-json\/wp\/v2\/categories?post=21019"},{"taxonomy":"post_tag","embeddable":true,"href":"https:\/\/www.latitude-15.com\/es\/wp-json\/wp\/v2\/tags?post=21019"}],"curies":[{"name":"wp","href":"https:\/\/api.w.org\/{rel}","templated":true}]}}