{"id":21010,"date":"2026-03-02T09:54:58","date_gmt":"2026-03-02T13:54:58","guid":{"rendered":"https:\/\/www.latitude-15.com\/el-caribe-como-frontera-maritima-de-estados-unidos-senales-estrategicas-del-us-caribbean-ports-forum-2026\/"},"modified":"2026-03-02T14:40:17","modified_gmt":"2026-03-02T18:40:17","slug":"el-caribe-como-frontera-maritima-de-estados-unidos-senales-estrategicas-del-us-caribbean-ports-forum-2026","status":"publish","type":"post","link":"https:\/\/www.latitude-15.com\/es\/el-caribe-como-frontera-maritima-de-estados-unidos-senales-estrategicas-del-us-caribbean-ports-forum-2026\/","title":{"rendered":"El Caribe como Frontera Mar\u00edtima de Estados Unidos: Se\u00f1ales Estrat\u00e9gicas del US\u2013Caribbean Ports Forum 2026"},"content":{"rendered":"\n<p>El 20 de febrero de 2026, la Caribbean Initiative del Atlantic Council celebr\u00f3 en Miami la edici\u00f3n inaugural del US\u2013Caribbean Maritime and Ports Forum. El encuentro, realizado en el Fontainebleau Hotel, marc\u00f3 el lanzamiento formal de una plataforma de largo plazo destinada a fortalecer la cooperaci\u00f3n entre Estados Unidos y los pa\u00edses del Caribe en materia portuaria, mar\u00edtima y log\u00edstica. <\/p>\n\n<p>El foro no fue concebido como un evento aislado, sino como el punto de partida de un di\u00e1logo estructurado y sostenido en torno a pol\u00edticas p\u00fablicas e inversi\u00f3n. Las discusiones abordaron infraestructura portuaria, seguridad mar\u00edtima, desarrollo de capital humano, reformas regulatorias y el papel de la tecnolog\u00eda en el crecimiento del sector. La iniciativa se apoya en el impulso generado durante las reuniones de los Jefes de Gobierno de CARICOM en 2025, donde la cooperaci\u00f3n mar\u00edtima fue definida como prioridad regional.  <\/p>\n\n<h2 class=\"wp-block-heading\">Los puertos como infraestructuras cr\u00edticas<\/h2>\n\n<p>A lo largo del foro, los puertos fueron presentados como sistemas esenciales que sostienen el comercio regional, los flujos de inversi\u00f3n, la seguridad energ\u00e9tica, la seguridad p\u00fablica y las cadenas de suministro alimentarias. Este enfoque trasciende la narrativa comercial tradicional y posiciona la infraestructura portuaria como un activo estrat\u00e9gico nacional. <\/p>\n\n<p>Tambi\u00e9n se subray\u00f3 el papel central del Caribe en la industria global de cruceros. La regi\u00f3n fue descrita como el principal destino mundial de cruceros, con Miami reconocida como la capital global del sector. La conectividad de cruceros, el movimiento de carga y la funci\u00f3n de puerta de entrada fueron planteados como componentes interdependientes de la estabilidad econ\u00f3mica regional.  <\/p>\n\n<p>M\u00e1s all\u00e1 de su funci\u00f3n log\u00edstica, los puertos fueron reiteradamente definidos como \u201cl\u00edneas de vida\u201d para las econom\u00edas insulares \u2014 infraestructuras que inciden directamente en la continuidad econ\u00f3mica y la resiliencia.<\/p>\n\n<h2 class=\"wp-block-heading\">El riesgo clim\u00e1tico como condicionante estructural<\/h2>\n\n<p>La exposici\u00f3n clim\u00e1tica emergi\u00f3 como una realidad operativa determinante para los sistemas portuarios caribe\u00f1os. Durante el foro, el representante de Jamaica present\u00f3 datos concretos que ilustran la magnitud de las presiones clim\u00e1ticas en los \u00faltimos cinco a\u00f1os: <\/p>\n\n<ul class=\"wp-block-list\">\n<li>Un hurac\u00e1n de categor\u00eda 4<\/li>\n\n\n\n<li>Un hurac\u00e1n de categor\u00eda 5<\/li>\n\n\n\n<li>Dos tormentas tropicales con impacto directo<\/li>\n\n\n\n<li>El d\u00eda m\u00e1s caluroso jam\u00e1s registrado<\/li>\n\n\n\n<li>Tres de las cuatro peores sequ\u00edas en 120 a\u00f1os<\/li>\n\n\n\n<li>Tres de los diez d\u00edas m\u00e1s lluviosos en 120 a\u00f1os<br\/><\/li>\n<\/ul>\n\n<p>Estos datos evidencian la vulnerabilidad estructural de la infraestructura portuaria en los peque\u00f1os Estados insulares.<\/p>\n\n<p>Jamaica ha implementado una herramienta integral de evaluaci\u00f3n de riesgos para medir la exposici\u00f3n a marejadas cicl\u00f3nicas, inundaciones y da\u00f1os por viento. Seg\u00fan lo expuesto, el sistema result\u00f3 \u201ccasi 100% preciso\u201d en los dos \u00faltimos eventos de hurac\u00e1n. El pa\u00eds tambi\u00e9n ha invertido en un supercomputador para fortalecer su capacidad de modelizaci\u00f3n y orientar decisiones de inversi\u00f3n p\u00fablica. Se mencionaron estudios de protecci\u00f3n costera que contemplan escenarios de marejada de hasta 20 pies, as\u00ed como cooperaci\u00f3n con el Port of Miami en materia de preparaci\u00f3n ante huracanes.   <\/p>\n\n<p>El mensaje fue claro: la resiliencia clim\u00e1tica no es opcional para los puertos del Caribe, sino un requisito fundamental para la continuidad operativa.<\/p>\n\n<h2 class=\"wp-block-heading\">La narrativa de la \u201ctercera frontera\u201d<\/h2>\n\n<p>Durante el foro surgi\u00f3 una formulaci\u00f3n geopol\u00edtica relevante. Un participante describi\u00f3 a Estados Unidos como un pa\u00eds con \u201ctres fronteras: Canad\u00e1, M\u00e9xico y el Caribe\u201d. Esta caracterizaci\u00f3n reposiciona al Caribe no como periferia, sino como frontera mar\u00edtima directamente vinculada a los intereses econ\u00f3micos y de seguridad estadounidenses. <\/p>\n\n<p>Se hizo referencia a la necesidad de una mayor coordinaci\u00f3n entre los gobiernos caribe\u00f1os y entidades estadounidenses como la Development Finance Corporation (DFC), el Export-Import Bank (EXIM) y el Departamento de Estado. Se reconoci\u00f3 que Estados Unidos a menudo \u201cavanza con lentitud\u201d, mientras que otros actores \u2014 con menci\u00f3n expl\u00edcita a China \u2014 \u201cact\u00faan con rapidez\u201d. <\/p>\n\n<p>Sin profundizar en confrontaciones geopol\u00edticas, qued\u00f3 impl\u00edcito que la cooperaci\u00f3n en infraestructura mar\u00edtima trasciende el comercio.<\/p>\n\n<p>Los puertos fueron presentados como instrumentos de influencia, alineamiento econ\u00f3mico e integraci\u00f3n regional en materia de seguridad.<\/p>\n\n<figure class=\"wp-block-image size-large\"><img fetchpriority=\"high\" decoding=\"async\" width=\"1024\" height=\"560\" src=\"https:\/\/www.latitude-15.com\/wp-content\/uploads\/2026\/03\/image-1024x560.png\" alt=\"\" class=\"wp-image-20927\" srcset=\"https:\/\/www.latitude-15.com\/wp-content\/uploads\/2026\/03\/image-1024x560.png 1024w, https:\/\/www.latitude-15.com\/wp-content\/uploads\/2026\/03\/image-300x164.png 300w, https:\/\/www.latitude-15.com\/wp-content\/uploads\/2026\/03\/image-768x420.png 768w, https:\/\/www.latitude-15.com\/wp-content\/uploads\/2026\/03\/image-1320x722.png 1320w, https:\/\/www.latitude-15.com\/wp-content\/uploads\/2026\/03\/image.png 1356w\" sizes=\"(max-width: 1024px) 100vw, 1024px\" \/><\/figure>\n\n<h2 class=\"wp-block-heading\">Brechas de infraestructura y limitaciones operativas<\/h2>\n\n<p>M\u00e1s all\u00e1 de las consideraciones estrat\u00e9gicas, el foro puso de relieve desaf\u00edos operativos concretos que enfrentan los puertos caribe\u00f1os.<\/p>\n\n<p>Varios participantes se\u00f1alaron la necesidad de modernizar equipos de manipulaci\u00f3n de carga. En jurisdicciones m\u00e1s peque\u00f1as, gr\u00faas obsoletas e infraestructura limitada afectan directamente los tiempos de operaci\u00f3n. En un entorno donde las navieras priorizan confiabilidad y eficiencia, incluso peque\u00f1as ineficiencias pueden influir en las decisiones de escala.  <\/p>\n\n<p>La digitalizaci\u00f3n fue identificada como un paso imprescindible. La agilizaci\u00f3n de los procedimientos aduaneros y una mayor coordinaci\u00f3n entre autoridades portuarias, agencias de inspecci\u00f3n y servicios fronterizos fueron consideradas fundamentales para mejorar la previsibilidad. Se mencion\u00f3, por ejemplo, que el cierre de aduanas durante fines de semana puede retrasar la liberaci\u00f3n de carga hasta mitad de semana, generando demoras evitables en toda la cadena log\u00edstica.  <\/p>\n\n<p>La conclusi\u00f3n fue clara: la inversi\u00f3n en infraestructura f\u00edsica no basta. La eficiencia administrativa y la coordinaci\u00f3n institucional son igualmente determinantes en el desempe\u00f1o portuario. <\/p>\n\n<p>La ciberseguridad tambi\u00e9n emergi\u00f3 como una preocupaci\u00f3n creciente. A medida que los puertos incorporan sistemas digitales y herramientas basadas en datos, aumenta su exposici\u00f3n a amenazas cibern\u00e9ticas. Dado su papel central en las cadenas de suministro nacionales, cualquier interrupci\u00f3n operativa tendr\u00eda repercusiones econ\u00f3micas amplias.  <\/p>\n\n<p>Tambi\u00e9n se discutieron riesgos de congesti\u00f3n, cit\u00e1ndose a Nassau como ejemplo de c\u00f3mo las presiones de capacidad pueden tensionar simult\u00e1neamente las operaciones de cruceros y carga. En puertos que operan cerca de sus l\u00edmites, variaciones en el volumen pueden traducirse r\u00e1pidamente en estr\u00e9s sist\u00e9mico. <\/p>\n\n<p>Por \u00faltimo, se reconocieron limitaciones estructurales vinculadas a la escala. Los puertos insulares operan con vol\u00famenes de carga reducidos, lo que limita ingresos y complica la financiaci\u00f3n de grandes proyectos de capital. Sin masa cr\u00edtica, amortizar inversiones resulta m\u00e1s complejo, reforzando la necesidad de esquemas de financiaci\u00f3n coordinados y mecanismos de apoyo externo.  <\/p>\n\n<h2 class=\"wp-block-heading\">Desaf\u00edos de financiamiento y bancabilidad<\/h2>\n\n<p>El marco de inversi\u00f3n fue otro eje central del debate. Las asociaciones p\u00fablico-privadas (PPP) fueron identificadas como instrumentos clave para la modernizaci\u00f3n portuaria, aunque se mencionaron sensibilidades pol\u00edticas y complejidades en los procesos de contrataci\u00f3n que pueden ralentizar su implementaci\u00f3n. La creaci\u00f3n de un entorno habilitante estable \u2014 con claridad regulatoria y mecanismos adecuados de distribuci\u00f3n de riesgos \u2014 fue considerada esencial para atraer capital privado.  <\/p>\n\n<p>Se destac\u00f3 el papel de las instituciones financieras multilaterales en la reducci\u00f3n de brechas de financiamiento. Asimismo, se mencionaron los canjes de deuda por clima como herramientas emergentes en el panorama financiero regional. <\/p>\n\n<p>Desde la perspectiva de los inversionistas, la claridad en los modelos de ingresos, la estabilidad de la demanda y la solidez de la gobernanza operativa siguen siendo factores determinantes para evaluar la bancabilidad.<\/p>\n\n<h2 class=\"wp-block-heading\">La institucionalizaci\u00f3n de un di\u00e1logo estrat\u00e9gico<\/h2>\n\n<p>El foro inaugural no anunci\u00f3 proyectos espec\u00edficos ni compromisos financieros inmediatos. En cambio, formaliz\u00f3 un espacio estructurado de di\u00e1logo en la intersecci\u00f3n de infraestructura, resiliencia clim\u00e1tica, seguridad mar\u00edtima y cooperaci\u00f3n regional. <\/p>\n\n<p>Al lanzar una plataforma de largo plazo centrada en la colaboraci\u00f3n mar\u00edtima entre Estados Unidos y el Caribe, el evento elev\u00f3 a los puertos de infraestructura sectorial a sistemas estrat\u00e9gicos con implicaciones econ\u00f3micas y de seguridad.<\/p>\n\n<p>Los temas recurrentes \u2014 exposici\u00f3n clim\u00e1tica, modernizaci\u00f3n de infraestructura, restricciones financieras, digitalizaci\u00f3n y coordinaci\u00f3n institucional \u2014 reflejan una regi\u00f3n que equilibra vulnerabilidad con posicionamiento estrat\u00e9gico.<\/p>\n\n<p>Ya sea considerados como l\u00edneas de vida econ\u00f3micas o como la frontera mar\u00edtima de Am\u00e9rica, los puertos del Caribe se sit\u00faan ahora en el centro de un di\u00e1logo estructurado que vincula comercio, resiliencia y alineamiento regional. El foro de 2026 marc\u00f3 el inicio institucional de esa conversaci\u00f3n. <\/p>\n","protected":false},"excerpt":{"rendered":"<p>El 20 de febrero de 2026, la Caribbean Initiative del Atlantic Council celebr\u00f3 en Miami la edici\u00f3n inaugural del US\u2013Caribbean Maritime and Ports Forum. El encuentro, realizado en el Fontainebleau Hotel, marc\u00f3 el lanzamiento formal de una plataforma de largo plazo destinada a fortalecer la cooperaci\u00f3n entre Estados Unidos y los pa\u00edses del Caribe en [&hellip;]<\/p>\n","protected":false},"author":5,"featured_media":21006,"comment_status":"open","ping_status":"open","sticky":false,"template":"","format":"standard","meta":{"footnotes":""},"categories":[132,120],"tags":[],"class_list":["post-21010","post","type-post","status-publish","format-standard","has-post-thumbnail","hentry","category-conectividad-maritima-y-movilidad","category-maritimo"],"yoast_head":"<!-- This site is optimized with the Yoast SEO plugin v26.9 - https:\/\/yoast.com\/product\/yoast-seo-wordpress\/ -->\n<title>Se\u00f1ales estrat\u00e9gicas del Foro de Puertos EE. UU.\u2013Caribe 2026<\/title>\n<meta name=\"robots\" content=\"index, follow, max-snippet:-1, max-image-preview:large, max-video-preview:-1\" \/>\n<link rel=\"canonical\" href=\"https:\/\/www.latitude-15.com\/es\/el-caribe-como-frontera-maritima-de-estados-unidos-senales-estrategicas-del-us-caribbean-ports-forum-2026\/\" \/>\n<meta property=\"og:locale\" content=\"es_ES\" \/>\n<meta property=\"og:type\" content=\"article\" \/>\n<meta property=\"og:title\" content=\"Se\u00f1ales estrat\u00e9gicas del Foro de Puertos EE. UU.\u2013Caribe 2026\" \/>\n<meta property=\"og:description\" content=\"El 20 de febrero de 2026, la Caribbean Initiative del Atlantic Council celebr\u00f3 en Miami la edici\u00f3n inaugural del US\u2013Caribbean Maritime and Ports Forum. El encuentro, realizado en el Fontainebleau Hotel, marc\u00f3 el lanzamiento formal de una plataforma de largo plazo destinada a fortalecer la cooperaci\u00f3n entre Estados Unidos y los pa\u00edses del Caribe en [&hellip;]\" \/>\n<meta property=\"og:url\" content=\"https:\/\/www.latitude-15.com\/es\/el-caribe-como-frontera-maritima-de-estados-unidos-senales-estrategicas-del-us-caribbean-ports-forum-2026\/\" \/>\n<meta property=\"og:site_name\" content=\"LATITUDE 15\" \/>\n<meta property=\"article:published_time\" content=\"2026-03-02T13:54:58+00:00\" \/>\n<meta property=\"article:modified_time\" content=\"2026-03-02T18:40:17+00:00\" \/>\n<meta property=\"og:image\" content=\"https:\/\/www.latitude-15.com\/wp-content\/uploads\/2026\/03\/imgCOUV.png\" \/>\n\t<meta property=\"og:image:width\" content=\"1357\" \/>\n\t<meta property=\"og:image:height\" content=\"731\" \/>\n\t<meta property=\"og:image:type\" content=\"image\/png\" \/>\n<meta name=\"author\" content=\"Joda J\" \/>\n<meta name=\"twitter:card\" content=\"summary_large_image\" \/>\n<meta name=\"twitter:label1\" content=\"Escrito por\" \/>\n\t<meta name=\"twitter:data1\" content=\"Joda J\" \/>\n\t<meta name=\"twitter:label2\" content=\"Tiempo de lectura\" \/>\n\t<meta name=\"twitter:data2\" content=\"7 minutos\" \/>\n<script type=\"application\/ld+json\" class=\"yoast-schema-graph\">{\"@context\":\"https:\/\/schema.org\",\"@graph\":[{\"@type\":\"Article\",\"@id\":\"https:\/\/www.latitude-15.com\/es\/el-caribe-como-frontera-maritima-de-estados-unidos-senales-estrategicas-del-us-caribbean-ports-forum-2026\/#article\",\"isPartOf\":{\"@id\":\"https:\/\/www.latitude-15.com\/es\/el-caribe-como-frontera-maritima-de-estados-unidos-senales-estrategicas-del-us-caribbean-ports-forum-2026\/\"},\"author\":{\"name\":\"Joda J\",\"@id\":\"https:\/\/www.latitude-15.com\/es\/#\/schema\/person\/dac52e7ff44c78317f337da112e37252\"},\"headline\":\"El Caribe como Frontera Mar\u00edtima de Estados Unidos: Se\u00f1ales Estrat\u00e9gicas del US\u2013Caribbean Ports Forum 2026\",\"datePublished\":\"2026-03-02T13:54:58+00:00\",\"dateModified\":\"2026-03-02T18:40:17+00:00\",\"mainEntityOfPage\":{\"@id\":\"https:\/\/www.latitude-15.com\/es\/el-caribe-como-frontera-maritima-de-estados-unidos-senales-estrategicas-del-us-caribbean-ports-forum-2026\/\"},\"wordCount\":1384,\"commentCount\":0,\"publisher\":{\"@id\":\"https:\/\/www.latitude-15.com\/es\/#organization\"},\"image\":{\"@id\":\"https:\/\/www.latitude-15.com\/es\/el-caribe-como-frontera-maritima-de-estados-unidos-senales-estrategicas-del-us-caribbean-ports-forum-2026\/#primaryimage\"},\"thumbnailUrl\":\"https:\/\/www.latitude-15.com\/wp-content\/uploads\/2026\/03\/imgCOUV.png\",\"articleSection\":[\"Conectividad mar\u00edtima y movilidad\",\"MAR\u00cdTIMO\"],\"inLanguage\":\"es\",\"potentialAction\":[{\"@type\":\"CommentAction\",\"name\":\"Comment\",\"target\":[\"https:\/\/www.latitude-15.com\/es\/el-caribe-como-frontera-maritima-de-estados-unidos-senales-estrategicas-del-us-caribbean-ports-forum-2026\/#respond\"]}]},{\"@type\":\"WebPage\",\"@id\":\"https:\/\/www.latitude-15.com\/es\/el-caribe-como-frontera-maritima-de-estados-unidos-senales-estrategicas-del-us-caribbean-ports-forum-2026\/\",\"url\":\"https:\/\/www.latitude-15.com\/es\/el-caribe-como-frontera-maritima-de-estados-unidos-senales-estrategicas-del-us-caribbean-ports-forum-2026\/\",\"name\":\"Se\u00f1ales estrat\u00e9gicas del Foro de Puertos EE. UU.\u2013Caribe 2026\",\"isPartOf\":{\"@id\":\"https:\/\/www.latitude-15.com\/es\/#website\"},\"primaryImageOfPage\":{\"@id\":\"https:\/\/www.latitude-15.com\/es\/el-caribe-como-frontera-maritima-de-estados-unidos-senales-estrategicas-del-us-caribbean-ports-forum-2026\/#primaryimage\"},\"image\":{\"@id\":\"https:\/\/www.latitude-15.com\/es\/el-caribe-como-frontera-maritima-de-estados-unidos-senales-estrategicas-del-us-caribbean-ports-forum-2026\/#primaryimage\"},\"thumbnailUrl\":\"https:\/\/www.latitude-15.com\/wp-content\/uploads\/2026\/03\/imgCOUV.png\",\"datePublished\":\"2026-03-02T13:54:58+00:00\",\"dateModified\":\"2026-03-02T18:40:17+00:00\",\"breadcrumb\":{\"@id\":\"https:\/\/www.latitude-15.com\/es\/el-caribe-como-frontera-maritima-de-estados-unidos-senales-estrategicas-del-us-caribbean-ports-forum-2026\/#breadcrumb\"},\"inLanguage\":\"es\",\"potentialAction\":[{\"@type\":\"ReadAction\",\"target\":[\"https:\/\/www.latitude-15.com\/es\/el-caribe-como-frontera-maritima-de-estados-unidos-senales-estrategicas-del-us-caribbean-ports-forum-2026\/\"]}]},{\"@type\":\"ImageObject\",\"inLanguage\":\"es\",\"@id\":\"https:\/\/www.latitude-15.com\/es\/el-caribe-como-frontera-maritima-de-estados-unidos-senales-estrategicas-del-us-caribbean-ports-forum-2026\/#primaryimage\",\"url\":\"https:\/\/www.latitude-15.com\/wp-content\/uploads\/2026\/03\/imgCOUV.png\",\"contentUrl\":\"https:\/\/www.latitude-15.com\/wp-content\/uploads\/2026\/03\/imgCOUV.png\",\"width\":1357,\"height\":731},{\"@type\":\"BreadcrumbList\",\"@id\":\"https:\/\/www.latitude-15.com\/es\/el-caribe-como-frontera-maritima-de-estados-unidos-senales-estrategicas-del-us-caribbean-ports-forum-2026\/#breadcrumb\",\"itemListElement\":[{\"@type\":\"ListItem\",\"position\":1,\"name\":\"Home\",\"item\":\"https:\/\/www.latitude-15.com\/es\/inicio\/\"},{\"@type\":\"ListItem\",\"position\":2,\"name\":\"El Caribe como Frontera Mar\u00edtima de Estados Unidos: Se\u00f1ales Estrat\u00e9gicas del US\u2013Caribbean Ports Forum 2026\"}]},{\"@type\":\"WebSite\",\"@id\":\"https:\/\/www.latitude-15.com\/es\/#website\",\"url\":\"https:\/\/www.latitude-15.com\/es\/\",\"name\":\"LATITUDE 15\",\"description\":\"Aviation and maritime Magazine - Caribbean &amp; Latin America\",\"publisher\":{\"@id\":\"https:\/\/www.latitude-15.com\/es\/#organization\"},\"potentialAction\":[{\"@type\":\"SearchAction\",\"target\":{\"@type\":\"EntryPoint\",\"urlTemplate\":\"https:\/\/www.latitude-15.com\/es\/?s={search_term_string}\"},\"query-input\":{\"@type\":\"PropertyValueSpecification\",\"valueRequired\":true,\"valueName\":\"search_term_string\"}}],\"inLanguage\":\"es\"},{\"@type\":\"Organization\",\"@id\":\"https:\/\/www.latitude-15.com\/es\/#organization\",\"name\":\"LATITUDE 15\",\"url\":\"https:\/\/www.latitude-15.com\/es\/\",\"logo\":{\"@type\":\"ImageObject\",\"inLanguage\":\"es\",\"@id\":\"https:\/\/www.latitude-15.com\/es\/#\/schema\/logo\/image\/\",\"url\":\"https:\/\/www.latitude-15.com\/wp-content\/uploads\/2026\/01\/cropped-logox500px.png\",\"contentUrl\":\"https:\/\/www.latitude-15.com\/wp-content\/uploads\/2026\/01\/cropped-logox500px.png\",\"width\":62,\"height\":75,\"caption\":\"LATITUDE 15\"},\"image\":{\"@id\":\"https:\/\/www.latitude-15.com\/es\/#\/schema\/logo\/image\/\"}},{\"@type\":\"Person\",\"@id\":\"https:\/\/www.latitude-15.com\/es\/#\/schema\/person\/dac52e7ff44c78317f337da112e37252\",\"name\":\"Joda J\",\"image\":{\"@type\":\"ImageObject\",\"inLanguage\":\"es\",\"@id\":\"https:\/\/www.latitude-15.com\/es\/#\/schema\/person\/image\/\",\"url\":\"https:\/\/secure.gravatar.com\/avatar\/6b1feae555e15404b76616f92d931d12b25ac58024f14ccb43d9d3c012e4c4cf?s=96&d=mm&r=g\",\"contentUrl\":\"https:\/\/secure.gravatar.com\/avatar\/6b1feae555e15404b76616f92d931d12b25ac58024f14ccb43d9d3c012e4c4cf?s=96&d=mm&r=g\",\"caption\":\"Joda J\"},\"url\":\"https:\/\/www.latitude-15.com\/es\/author\/joda\/\"}]}<\/script>\n<!-- \/ Yoast SEO plugin. -->","yoast_head_json":{"title":"Se\u00f1ales estrat\u00e9gicas del Foro de Puertos EE. UU.\u2013Caribe 2026","robots":{"index":"index","follow":"follow","max-snippet":"max-snippet:-1","max-image-preview":"max-image-preview:large","max-video-preview":"max-video-preview:-1"},"canonical":"https:\/\/www.latitude-15.com\/es\/el-caribe-como-frontera-maritima-de-estados-unidos-senales-estrategicas-del-us-caribbean-ports-forum-2026\/","og_locale":"es_ES","og_type":"article","og_title":"Se\u00f1ales estrat\u00e9gicas del Foro de Puertos EE. UU.\u2013Caribe 2026","og_description":"El 20 de febrero de 2026, la Caribbean Initiative del Atlantic Council celebr\u00f3 en Miami la edici\u00f3n inaugural del US\u2013Caribbean Maritime and Ports Forum. El encuentro, realizado en el Fontainebleau Hotel, marc\u00f3 el lanzamiento formal de una plataforma de largo plazo destinada a fortalecer la cooperaci\u00f3n entre Estados Unidos y los pa\u00edses del Caribe en [&hellip;]","og_url":"https:\/\/www.latitude-15.com\/es\/el-caribe-como-frontera-maritima-de-estados-unidos-senales-estrategicas-del-us-caribbean-ports-forum-2026\/","og_site_name":"LATITUDE 15","article_published_time":"2026-03-02T13:54:58+00:00","article_modified_time":"2026-03-02T18:40:17+00:00","og_image":[{"width":1357,"height":731,"url":"https:\/\/www.latitude-15.com\/wp-content\/uploads\/2026\/03\/imgCOUV.png","type":"image\/png"}],"author":"Joda J","twitter_card":"summary_large_image","twitter_misc":{"Escrito por":"Joda J","Tiempo de lectura":"7 minutos"},"schema":{"@context":"https:\/\/schema.org","@graph":[{"@type":"Article","@id":"https:\/\/www.latitude-15.com\/es\/el-caribe-como-frontera-maritima-de-estados-unidos-senales-estrategicas-del-us-caribbean-ports-forum-2026\/#article","isPartOf":{"@id":"https:\/\/www.latitude-15.com\/es\/el-caribe-como-frontera-maritima-de-estados-unidos-senales-estrategicas-del-us-caribbean-ports-forum-2026\/"},"author":{"name":"Joda J","@id":"https:\/\/www.latitude-15.com\/es\/#\/schema\/person\/dac52e7ff44c78317f337da112e37252"},"headline":"El Caribe como Frontera Mar\u00edtima de Estados Unidos: Se\u00f1ales Estrat\u00e9gicas del US\u2013Caribbean Ports Forum 2026","datePublished":"2026-03-02T13:54:58+00:00","dateModified":"2026-03-02T18:40:17+00:00","mainEntityOfPage":{"@id":"https:\/\/www.latitude-15.com\/es\/el-caribe-como-frontera-maritima-de-estados-unidos-senales-estrategicas-del-us-caribbean-ports-forum-2026\/"},"wordCount":1384,"commentCount":0,"publisher":{"@id":"https:\/\/www.latitude-15.com\/es\/#organization"},"image":{"@id":"https:\/\/www.latitude-15.com\/es\/el-caribe-como-frontera-maritima-de-estados-unidos-senales-estrategicas-del-us-caribbean-ports-forum-2026\/#primaryimage"},"thumbnailUrl":"https:\/\/www.latitude-15.com\/wp-content\/uploads\/2026\/03\/imgCOUV.png","articleSection":["Conectividad mar\u00edtima y movilidad","MAR\u00cdTIMO"],"inLanguage":"es","potentialAction":[{"@type":"CommentAction","name":"Comment","target":["https:\/\/www.latitude-15.com\/es\/el-caribe-como-frontera-maritima-de-estados-unidos-senales-estrategicas-del-us-caribbean-ports-forum-2026\/#respond"]}]},{"@type":"WebPage","@id":"https:\/\/www.latitude-15.com\/es\/el-caribe-como-frontera-maritima-de-estados-unidos-senales-estrategicas-del-us-caribbean-ports-forum-2026\/","url":"https:\/\/www.latitude-15.com\/es\/el-caribe-como-frontera-maritima-de-estados-unidos-senales-estrategicas-del-us-caribbean-ports-forum-2026\/","name":"Se\u00f1ales estrat\u00e9gicas del Foro de Puertos EE. UU.\u2013Caribe 2026","isPartOf":{"@id":"https:\/\/www.latitude-15.com\/es\/#website"},"primaryImageOfPage":{"@id":"https:\/\/www.latitude-15.com\/es\/el-caribe-como-frontera-maritima-de-estados-unidos-senales-estrategicas-del-us-caribbean-ports-forum-2026\/#primaryimage"},"image":{"@id":"https:\/\/www.latitude-15.com\/es\/el-caribe-como-frontera-maritima-de-estados-unidos-senales-estrategicas-del-us-caribbean-ports-forum-2026\/#primaryimage"},"thumbnailUrl":"https:\/\/www.latitude-15.com\/wp-content\/uploads\/2026\/03\/imgCOUV.png","datePublished":"2026-03-02T13:54:58+00:00","dateModified":"2026-03-02T18:40:17+00:00","breadcrumb":{"@id":"https:\/\/www.latitude-15.com\/es\/el-caribe-como-frontera-maritima-de-estados-unidos-senales-estrategicas-del-us-caribbean-ports-forum-2026\/#breadcrumb"},"inLanguage":"es","potentialAction":[{"@type":"ReadAction","target":["https:\/\/www.latitude-15.com\/es\/el-caribe-como-frontera-maritima-de-estados-unidos-senales-estrategicas-del-us-caribbean-ports-forum-2026\/"]}]},{"@type":"ImageObject","inLanguage":"es","@id":"https:\/\/www.latitude-15.com\/es\/el-caribe-como-frontera-maritima-de-estados-unidos-senales-estrategicas-del-us-caribbean-ports-forum-2026\/#primaryimage","url":"https:\/\/www.latitude-15.com\/wp-content\/uploads\/2026\/03\/imgCOUV.png","contentUrl":"https:\/\/www.latitude-15.com\/wp-content\/uploads\/2026\/03\/imgCOUV.png","width":1357,"height":731},{"@type":"BreadcrumbList","@id":"https:\/\/www.latitude-15.com\/es\/el-caribe-como-frontera-maritima-de-estados-unidos-senales-estrategicas-del-us-caribbean-ports-forum-2026\/#breadcrumb","itemListElement":[{"@type":"ListItem","position":1,"name":"Home","item":"https:\/\/www.latitude-15.com\/es\/inicio\/"},{"@type":"ListItem","position":2,"name":"El Caribe como Frontera Mar\u00edtima de Estados Unidos: Se\u00f1ales Estrat\u00e9gicas del US\u2013Caribbean Ports Forum 2026"}]},{"@type":"WebSite","@id":"https:\/\/www.latitude-15.com\/es\/#website","url":"https:\/\/www.latitude-15.com\/es\/","name":"LATITUDE 15","description":"Aviation and maritime Magazine - Caribbean &amp; Latin America","publisher":{"@id":"https:\/\/www.latitude-15.com\/es\/#organization"},"potentialAction":[{"@type":"SearchAction","target":{"@type":"EntryPoint","urlTemplate":"https:\/\/www.latitude-15.com\/es\/?s={search_term_string}"},"query-input":{"@type":"PropertyValueSpecification","valueRequired":true,"valueName":"search_term_string"}}],"inLanguage":"es"},{"@type":"Organization","@id":"https:\/\/www.latitude-15.com\/es\/#organization","name":"LATITUDE 15","url":"https:\/\/www.latitude-15.com\/es\/","logo":{"@type":"ImageObject","inLanguage":"es","@id":"https:\/\/www.latitude-15.com\/es\/#\/schema\/logo\/image\/","url":"https:\/\/www.latitude-15.com\/wp-content\/uploads\/2026\/01\/cropped-logox500px.png","contentUrl":"https:\/\/www.latitude-15.com\/wp-content\/uploads\/2026\/01\/cropped-logox500px.png","width":62,"height":75,"caption":"LATITUDE 15"},"image":{"@id":"https:\/\/www.latitude-15.com\/es\/#\/schema\/logo\/image\/"}},{"@type":"Person","@id":"https:\/\/www.latitude-15.com\/es\/#\/schema\/person\/dac52e7ff44c78317f337da112e37252","name":"Joda J","image":{"@type":"ImageObject","inLanguage":"es","@id":"https:\/\/www.latitude-15.com\/es\/#\/schema\/person\/image\/","url":"https:\/\/secure.gravatar.com\/avatar\/6b1feae555e15404b76616f92d931d12b25ac58024f14ccb43d9d3c012e4c4cf?s=96&d=mm&r=g","contentUrl":"https:\/\/secure.gravatar.com\/avatar\/6b1feae555e15404b76616f92d931d12b25ac58024f14ccb43d9d3c012e4c4cf?s=96&d=mm&r=g","caption":"Joda J"},"url":"https:\/\/www.latitude-15.com\/es\/author\/joda\/"}]}},"_links":{"self":[{"href":"https:\/\/www.latitude-15.com\/es\/wp-json\/wp\/v2\/posts\/21010","targetHints":{"allow":["GET"]}}],"collection":[{"href":"https:\/\/www.latitude-15.com\/es\/wp-json\/wp\/v2\/posts"}],"about":[{"href":"https:\/\/www.latitude-15.com\/es\/wp-json\/wp\/v2\/types\/post"}],"author":[{"embeddable":true,"href":"https:\/\/www.latitude-15.com\/es\/wp-json\/wp\/v2\/users\/5"}],"replies":[{"embeddable":true,"href":"https:\/\/www.latitude-15.com\/es\/wp-json\/wp\/v2\/comments?post=21010"}],"version-history":[{"count":1,"href":"https:\/\/www.latitude-15.com\/es\/wp-json\/wp\/v2\/posts\/21010\/revisions"}],"predecessor-version":[{"id":21011,"href":"https:\/\/www.latitude-15.com\/es\/wp-json\/wp\/v2\/posts\/21010\/revisions\/21011"}],"wp:featuredmedia":[{"embeddable":true,"href":"https:\/\/www.latitude-15.com\/es\/wp-json\/wp\/v2\/media\/21006"}],"wp:attachment":[{"href":"https:\/\/www.latitude-15.com\/es\/wp-json\/wp\/v2\/media?parent=21010"}],"wp:term":[{"taxonomy":"category","embeddable":true,"href":"https:\/\/www.latitude-15.com\/es\/wp-json\/wp\/v2\/categories?post=21010"},{"taxonomy":"post_tag","embeddable":true,"href":"https:\/\/www.latitude-15.com\/es\/wp-json\/wp\/v2\/tags?post=21010"}],"curies":[{"name":"wp","href":"https:\/\/api.w.org\/{rel}","templated":true}]}}