{"id":20916,"date":"2026-02-24T13:02:45","date_gmt":"2026-02-24T17:02:45","guid":{"rendered":"https:\/\/www.latitude-15.com\/lideres-de-la-aviacion-caribena-se-reunen-en-bermudas-mientras-la-conectividad-aerea-ocupa-el-centro-del-debate\/"},"modified":"2026-02-26T11:24:56","modified_gmt":"2026-02-26T15:24:56","slug":"lideres-de-la-aviacion-caribena-se-reunen-en-bermudas-mientras-la-conectividad-aerea-ocupa-el-centro-del-debate","status":"publish","type":"post","link":"https:\/\/www.latitude-15.com\/es\/lideres-de-la-aviacion-caribena-se-reunen-en-bermudas-mientras-la-conectividad-aerea-ocupa-el-centro-del-debate\/","title":{"rendered":"L\u00edderes de la aviaci\u00f3n caribe\u00f1a se re\u00fanen en Bermudas mientras la conectividad a\u00e9rea ocupa el centro del debate"},"content":{"rendered":"\n<p>Bermudas, 24 de febrero de 2026 \u2014 Uno de los encuentros m\u00e1s estrat\u00e9gicos del a\u00f1o para la aviaci\u00f3n del Caribe est\u00e1 en marcha, ya que la Caribbean Tourism Organization (CTO) celebra su Air Connectivity Summit en el Hamilton Princess &amp; Beach Club.<\/p>\n\n<p>El foro, de una jornada, re\u00fane a 16 ministros de turismo del Caribe, altos ejecutivos de aerol\u00edneas, autoridades aeroportuarias, reguladores y responsables de infraestructura bajo el lema \u201cIntegrating Aviation and Regional Tourism Development\u201d. Cerca de 175 delegados est\u00e1n registrados.<\/p>\n\n<p>Lo que est\u00e1 en juego va m\u00e1s all\u00e1 de la simple expansi\u00f3n de rutas. En una regi\u00f3n estructuralmente dependiente del acceso a\u00e9reo, la conectividad define la competitividad, la resiliencia tur\u00edstica y la integraci\u00f3n econ\u00f3mica. <\/p>\n\n<h2 class=\"wp-block-heading\">Un foro donde la econom\u00eda de redes se encuentra con la pol\u00edtica p\u00fablica<\/h2>\n\n<p>El programa refleja esta doble dimensi\u00f3n. La ponencia principal de la ma\u00f1ana incluye la presentaci\u00f3n del Air Connectivity Study de la CTO, elaborado por ASM, que aporta un an\u00e1lisis basado en datos sobre las tendencias regionales. Para los planificadores de aviaci\u00f3n, este tipo de estudios suele influir en las discusiones sobre viabilidad de rutas, estructuras de incentivos y planificaci\u00f3n de capacidad a largo plazo.  <\/p>\n\n<p>Dos sesiones espec\u00edficas, denominadas \u201cAirside Chat\u201d, dividen el debate entre la conectividad global y las redes intra-caribe\u00f1as \u2014 una distinci\u00f3n que refleja el desaf\u00edo estructural hist\u00f3rico de la regi\u00f3n.<\/p>\n\n<p>El Airside Chat I se centra en la conexi\u00f3n del Caribe con los mercados internacionales, con la participaci\u00f3n de ejecutivos de American Airlines, JetBlue, Virgin Atlantic, Contour Aviation y BermudAir, quienes analizan las din\u00e1micas globales del desarrollo de rutas.<\/p>\n\n<p>El Airside Chat II desplaza el enfoque hacia el interior de la regi\u00f3n, abordando las redes regionales y las realidades operativas de compa\u00f1\u00edas como interCaribbean Airways, Sunrise Airways y Breeze Travel Solutions, adem\u00e1s de explorar c\u00f3mo las estrategias de homeporting y el sector de cruceros se integran en la planificaci\u00f3n a\u00e9rea.<\/p>\n\n<h2 class=\"wp-block-heading\">La dimensi\u00f3n ministerial<\/h2>\n\n<p>El panel ministerial de la tarde, titulado \u201cRegional Skies \u2013 Ministerial Dialogue\u201d, re\u00fane a l\u00edderes de turismo de Santa Luc\u00eda, Sint Maarten, Anguilla, Antigua y Barbuda, Barbados y Bermudas.<\/p>\n\n<p>Este alineamiento pol\u00edtico es significativo. Hist\u00f3ricamente, la conectividad caribe\u00f1a ha evolucionado mediante negociaciones bilaterales y programas nacionales de incentivos, m\u00e1s que a trav\u00e9s de marcos regionales coordinados. La cuesti\u00f3n clave es si estas conversaciones avanzar\u00e1n hacia una mayor armonizaci\u00f3n de pol\u00edticas.  <\/p>\n\n<h2 class=\"wp-block-heading\">El posicionamiento estrat\u00e9gico de Bermudas<\/h2>\n\n<p>La organizaci\u00f3n del summit tambi\u00e9n refleja las propias ambiciones de Bermudas en materia de desarrollo de servicios a\u00e9reos.<\/p>\n\n<p>Las recientes gestiones con grandes aerol\u00edneas han dado lugar a ajustes de capacidad, incluido el uso de aeronaves de mayor tama\u00f1o en determinadas rutas y el mantenimiento del servicio diario a Miami durante el invierno. La estrategia de la isla est\u00e1 estrechamente vinculada a la prevista reapertura en 2026 del Fairmont Southampton, que ampliar\u00e1 significativamente la oferta hotelera y la capacidad de recepci\u00f3n de visitantes. <\/p>\n\n<p>El lanzamiento de BermudAir refuerza asimismo el posicionamiento de Bermudas como ejemplo de c\u00f3mo un desarrollo estrat\u00e9gico del servicio a\u00e9reo puede respaldar objetivos econ\u00f3micos m\u00e1s amplios.<\/p>\n\n<h2 class=\"wp-block-heading\">Aspectos clave a seguir<\/h2>\n\n<p>Tres elementos permitir\u00e1n medir el impacto real del summit:<\/p>\n\n<ul class=\"wp-block-list\">\n<li>Las conclusiones y recomendaciones del estudio de conectividad elaborado por ASM<\/li>\n\n\n\n<li>Las se\u00f1ales surgidas del di\u00e1logo ministerial en relaci\u00f3n con la coordinaci\u00f3n regional<\/li>\n\n\n\n<li>Las negociaciones bilaterales concretas entre gobiernos y planificadores de aerol\u00edneas<\/li>\n<\/ul>\n\n<p>La conectividad a\u00e9rea en el Caribe no es \u00fanicamente una variable tur\u00edstica. Es infraestructura en movimiento \u2014 que configura los flujos comerciales, la movilidad laboral, los patrones de inversi\u00f3n y la resiliencia territorial. <\/p>\n\n<p>Mientras avanzan las conversaciones en Bermudas el 24 de febrero, la arquitectura de la aviaci\u00f3n regional vuelve a situarse en el centro del an\u00e1lisis estrat\u00e9gico.<\/p>\n","protected":false},"excerpt":{"rendered":"<p>Bermudas, 24 de febrero de 2026 \u2014 Uno de los encuentros m\u00e1s estrat\u00e9gicos del a\u00f1o para la aviaci\u00f3n del Caribe est\u00e1 en marcha, ya que la Caribbean Tourism Organization (CTO) celebra su Air Connectivity Summit en el Hamilton Princess &amp; Beach Club. El foro, de una jornada, re\u00fane a 16 ministros de turismo del Caribe, [&hellip;]<\/p>\n","protected":false},"author":5,"featured_media":0,"comment_status":"open","ping_status":"open","sticky":false,"template":"","format":"standard","meta":{"footnotes":""},"categories":[99,102],"tags":[],"class_list":["post-20916","post","type-post","status-publish","format-standard","hentry","category-aviacion","category-conectividad-aerea-y-desarrollo-de-rutas"],"yoast_head":"<!-- This site is optimized with the Yoast SEO plugin v26.9 - https:\/\/yoast.com\/product\/yoast-seo-wordpress\/ -->\n<title>L\u00edderes de la aviaci\u00f3n caribe\u00f1a se re\u00fanen en Bermudas mientras la conectividad a\u00e9rea ocupa el centro del debate<\/title>\n<meta name=\"robots\" content=\"index, follow, max-snippet:-1, max-image-preview:large, max-video-preview:-1\" \/>\n<link rel=\"canonical\" href=\"https:\/\/www.latitude-15.com\/es\/lideres-de-la-aviacion-caribena-se-reunen-en-bermudas-mientras-la-conectividad-aerea-ocupa-el-centro-del-debate\/\" \/>\n<meta property=\"og:locale\" content=\"es_ES\" \/>\n<meta property=\"og:type\" content=\"article\" \/>\n<meta property=\"og:title\" content=\"L\u00edderes de la aviaci\u00f3n caribe\u00f1a se re\u00fanen en Bermudas mientras la conectividad a\u00e9rea ocupa el centro del debate\" \/>\n<meta property=\"og:description\" content=\"Bermudas, 24 de febrero de 2026 \u2014 Uno de los encuentros m\u00e1s estrat\u00e9gicos del a\u00f1o para la aviaci\u00f3n del Caribe est\u00e1 en marcha, ya que la Caribbean Tourism Organization (CTO) celebra su Air Connectivity Summit en el Hamilton Princess &amp; Beach Club. El foro, de una jornada, re\u00fane a 16 ministros de turismo del Caribe, [&hellip;]\" \/>\n<meta property=\"og:url\" content=\"https:\/\/www.latitude-15.com\/es\/lideres-de-la-aviacion-caribena-se-reunen-en-bermudas-mientras-la-conectividad-aerea-ocupa-el-centro-del-debate\/\" \/>\n<meta property=\"og:site_name\" content=\"LATITUDE 15\" \/>\n<meta property=\"article:published_time\" content=\"2026-02-24T17:02:45+00:00\" \/>\n<meta property=\"article:modified_time\" content=\"2026-02-26T15:24:56+00:00\" \/>\n<meta property=\"og:image\" content=\"https:\/\/www.latitude-15.com\/wp-content\/uploads\/2026\/02\/airconnectivityimage.png\" \/>\n\t<meta property=\"og:image:width\" content=\"487\" \/>\n\t<meta property=\"og:image:height\" content=\"517\" \/>\n\t<meta property=\"og:image:type\" content=\"image\/png\" \/>\n<meta name=\"author\" content=\"Joda J\" \/>\n<meta name=\"twitter:card\" content=\"summary_large_image\" \/>\n<meta name=\"twitter:label1\" content=\"Escrito por\" \/>\n\t<meta name=\"twitter:data1\" content=\"Joda J\" \/>\n\t<meta name=\"twitter:label2\" content=\"Tiempo de lectura\" \/>\n\t<meta name=\"twitter:data2\" content=\"3 minutos\" \/>\n<script type=\"application\/ld+json\" class=\"yoast-schema-graph\">{\"@context\":\"https:\/\/schema.org\",\"@graph\":[{\"@type\":\"Article\",\"@id\":\"https:\/\/www.latitude-15.com\/es\/lideres-de-la-aviacion-caribena-se-reunen-en-bermudas-mientras-la-conectividad-aerea-ocupa-el-centro-del-debate\/#article\",\"isPartOf\":{\"@id\":\"https:\/\/www.latitude-15.com\/es\/lideres-de-la-aviacion-caribena-se-reunen-en-bermudas-mientras-la-conectividad-aerea-ocupa-el-centro-del-debate\/\"},\"author\":{\"name\":\"Joda J\",\"@id\":\"https:\/\/www.latitude-15.com\/es\/#\/schema\/person\/dac52e7ff44c78317f337da112e37252\"},\"headline\":\"L\u00edderes de la aviaci\u00f3n caribe\u00f1a se re\u00fanen en Bermudas mientras la conectividad a\u00e9rea ocupa el centro del debate\",\"datePublished\":\"2026-02-24T17:02:45+00:00\",\"dateModified\":\"2026-02-26T15:24:56+00:00\",\"mainEntityOfPage\":{\"@id\":\"https:\/\/www.latitude-15.com\/es\/lideres-de-la-aviacion-caribena-se-reunen-en-bermudas-mientras-la-conectividad-aerea-ocupa-el-centro-del-debate\/\"},\"wordCount\":690,\"commentCount\":0,\"publisher\":{\"@id\":\"https:\/\/www.latitude-15.com\/es\/#organization\"},\"articleSection\":[\"AVIACI\u00d3N\",\"Conectividad a\u00e9rea y Atractivo territorial\"],\"inLanguage\":\"es\",\"potentialAction\":[{\"@type\":\"CommentAction\",\"name\":\"Comment\",\"target\":[\"https:\/\/www.latitude-15.com\/es\/lideres-de-la-aviacion-caribena-se-reunen-en-bermudas-mientras-la-conectividad-aerea-ocupa-el-centro-del-debate\/#respond\"]}]},{\"@type\":\"WebPage\",\"@id\":\"https:\/\/www.latitude-15.com\/es\/lideres-de-la-aviacion-caribena-se-reunen-en-bermudas-mientras-la-conectividad-aerea-ocupa-el-centro-del-debate\/\",\"url\":\"https:\/\/www.latitude-15.com\/es\/lideres-de-la-aviacion-caribena-se-reunen-en-bermudas-mientras-la-conectividad-aerea-ocupa-el-centro-del-debate\/\",\"name\":\"L\u00edderes de la aviaci\u00f3n caribe\u00f1a se re\u00fanen en Bermudas mientras la conectividad a\u00e9rea ocupa el centro del debate\",\"isPartOf\":{\"@id\":\"https:\/\/www.latitude-15.com\/es\/#website\"},\"datePublished\":\"2026-02-24T17:02:45+00:00\",\"dateModified\":\"2026-02-26T15:24:56+00:00\",\"breadcrumb\":{\"@id\":\"https:\/\/www.latitude-15.com\/es\/lideres-de-la-aviacion-caribena-se-reunen-en-bermudas-mientras-la-conectividad-aerea-ocupa-el-centro-del-debate\/#breadcrumb\"},\"inLanguage\":\"es\",\"potentialAction\":[{\"@type\":\"ReadAction\",\"target\":[\"https:\/\/www.latitude-15.com\/es\/lideres-de-la-aviacion-caribena-se-reunen-en-bermudas-mientras-la-conectividad-aerea-ocupa-el-centro-del-debate\/\"]}]},{\"@type\":\"BreadcrumbList\",\"@id\":\"https:\/\/www.latitude-15.com\/es\/lideres-de-la-aviacion-caribena-se-reunen-en-bermudas-mientras-la-conectividad-aerea-ocupa-el-centro-del-debate\/#breadcrumb\",\"itemListElement\":[{\"@type\":\"ListItem\",\"position\":1,\"name\":\"Home\",\"item\":\"https:\/\/www.latitude-15.com\/es\/inicio\/\"},{\"@type\":\"ListItem\",\"position\":2,\"name\":\"L\u00edderes de la aviaci\u00f3n caribe\u00f1a se re\u00fanen en Bermudas mientras la conectividad a\u00e9rea ocupa el centro del debate\"}]},{\"@type\":\"WebSite\",\"@id\":\"https:\/\/www.latitude-15.com\/es\/#website\",\"url\":\"https:\/\/www.latitude-15.com\/es\/\",\"name\":\"LATITUDE 15\",\"description\":\"Aviation and maritime Magazine - Caribbean &amp; Latin America\",\"publisher\":{\"@id\":\"https:\/\/www.latitude-15.com\/es\/#organization\"},\"potentialAction\":[{\"@type\":\"SearchAction\",\"target\":{\"@type\":\"EntryPoint\",\"urlTemplate\":\"https:\/\/www.latitude-15.com\/es\/?s={search_term_string}\"},\"query-input\":{\"@type\":\"PropertyValueSpecification\",\"valueRequired\":true,\"valueName\":\"search_term_string\"}}],\"inLanguage\":\"es\"},{\"@type\":\"Organization\",\"@id\":\"https:\/\/www.latitude-15.com\/es\/#organization\",\"name\":\"LATITUDE 15\",\"url\":\"https:\/\/www.latitude-15.com\/es\/\",\"logo\":{\"@type\":\"ImageObject\",\"inLanguage\":\"es\",\"@id\":\"https:\/\/www.latitude-15.com\/es\/#\/schema\/logo\/image\/\",\"url\":\"https:\/\/www.latitude-15.com\/wp-content\/uploads\/2026\/01\/cropped-logox500px.png\",\"contentUrl\":\"https:\/\/www.latitude-15.com\/wp-content\/uploads\/2026\/01\/cropped-logox500px.png\",\"width\":62,\"height\":75,\"caption\":\"LATITUDE 15\"},\"image\":{\"@id\":\"https:\/\/www.latitude-15.com\/es\/#\/schema\/logo\/image\/\"}},{\"@type\":\"Person\",\"@id\":\"https:\/\/www.latitude-15.com\/es\/#\/schema\/person\/dac52e7ff44c78317f337da112e37252\",\"name\":\"Joda J\",\"image\":{\"@type\":\"ImageObject\",\"inLanguage\":\"es\",\"@id\":\"https:\/\/www.latitude-15.com\/es\/#\/schema\/person\/image\/\",\"url\":\"https:\/\/secure.gravatar.com\/avatar\/6b1feae555e15404b76616f92d931d12b25ac58024f14ccb43d9d3c012e4c4cf?s=96&d=mm&r=g\",\"contentUrl\":\"https:\/\/secure.gravatar.com\/avatar\/6b1feae555e15404b76616f92d931d12b25ac58024f14ccb43d9d3c012e4c4cf?s=96&d=mm&r=g\",\"caption\":\"Joda J\"},\"url\":\"https:\/\/www.latitude-15.com\/es\/author\/joda\/\"}]}<\/script>\n<!-- \/ Yoast SEO plugin. -->","yoast_head_json":{"title":"L\u00edderes de la aviaci\u00f3n caribe\u00f1a se re\u00fanen en Bermudas mientras la conectividad a\u00e9rea ocupa el centro del debate","robots":{"index":"index","follow":"follow","max-snippet":"max-snippet:-1","max-image-preview":"max-image-preview:large","max-video-preview":"max-video-preview:-1"},"canonical":"https:\/\/www.latitude-15.com\/es\/lideres-de-la-aviacion-caribena-se-reunen-en-bermudas-mientras-la-conectividad-aerea-ocupa-el-centro-del-debate\/","og_locale":"es_ES","og_type":"article","og_title":"L\u00edderes de la aviaci\u00f3n caribe\u00f1a se re\u00fanen en Bermudas mientras la conectividad a\u00e9rea ocupa el centro del debate","og_description":"Bermudas, 24 de febrero de 2026 \u2014 Uno de los encuentros m\u00e1s estrat\u00e9gicos del a\u00f1o para la aviaci\u00f3n del Caribe est\u00e1 en marcha, ya que la Caribbean Tourism Organization (CTO) celebra su Air Connectivity Summit en el Hamilton Princess &amp; Beach Club. El foro, de una jornada, re\u00fane a 16 ministros de turismo del Caribe, [&hellip;]","og_url":"https:\/\/www.latitude-15.com\/es\/lideres-de-la-aviacion-caribena-se-reunen-en-bermudas-mientras-la-conectividad-aerea-ocupa-el-centro-del-debate\/","og_site_name":"LATITUDE 15","article_published_time":"2026-02-24T17:02:45+00:00","article_modified_time":"2026-02-26T15:24:56+00:00","og_image":[{"width":487,"height":517,"url":"https:\/\/www.latitude-15.com\/wp-content\/uploads\/2026\/02\/airconnectivityimage.png","type":"image\/png"}],"author":"Joda J","twitter_card":"summary_large_image","twitter_misc":{"Escrito por":"Joda J","Tiempo de lectura":"3 minutos"},"schema":{"@context":"https:\/\/schema.org","@graph":[{"@type":"Article","@id":"https:\/\/www.latitude-15.com\/es\/lideres-de-la-aviacion-caribena-se-reunen-en-bermudas-mientras-la-conectividad-aerea-ocupa-el-centro-del-debate\/#article","isPartOf":{"@id":"https:\/\/www.latitude-15.com\/es\/lideres-de-la-aviacion-caribena-se-reunen-en-bermudas-mientras-la-conectividad-aerea-ocupa-el-centro-del-debate\/"},"author":{"name":"Joda J","@id":"https:\/\/www.latitude-15.com\/es\/#\/schema\/person\/dac52e7ff44c78317f337da112e37252"},"headline":"L\u00edderes de la aviaci\u00f3n caribe\u00f1a se re\u00fanen en Bermudas mientras la conectividad a\u00e9rea ocupa el centro del debate","datePublished":"2026-02-24T17:02:45+00:00","dateModified":"2026-02-26T15:24:56+00:00","mainEntityOfPage":{"@id":"https:\/\/www.latitude-15.com\/es\/lideres-de-la-aviacion-caribena-se-reunen-en-bermudas-mientras-la-conectividad-aerea-ocupa-el-centro-del-debate\/"},"wordCount":690,"commentCount":0,"publisher":{"@id":"https:\/\/www.latitude-15.com\/es\/#organization"},"articleSection":["AVIACI\u00d3N","Conectividad a\u00e9rea y Atractivo territorial"],"inLanguage":"es","potentialAction":[{"@type":"CommentAction","name":"Comment","target":["https:\/\/www.latitude-15.com\/es\/lideres-de-la-aviacion-caribena-se-reunen-en-bermudas-mientras-la-conectividad-aerea-ocupa-el-centro-del-debate\/#respond"]}]},{"@type":"WebPage","@id":"https:\/\/www.latitude-15.com\/es\/lideres-de-la-aviacion-caribena-se-reunen-en-bermudas-mientras-la-conectividad-aerea-ocupa-el-centro-del-debate\/","url":"https:\/\/www.latitude-15.com\/es\/lideres-de-la-aviacion-caribena-se-reunen-en-bermudas-mientras-la-conectividad-aerea-ocupa-el-centro-del-debate\/","name":"L\u00edderes de la aviaci\u00f3n caribe\u00f1a se re\u00fanen en Bermudas mientras la conectividad a\u00e9rea ocupa el centro del debate","isPartOf":{"@id":"https:\/\/www.latitude-15.com\/es\/#website"},"datePublished":"2026-02-24T17:02:45+00:00","dateModified":"2026-02-26T15:24:56+00:00","breadcrumb":{"@id":"https:\/\/www.latitude-15.com\/es\/lideres-de-la-aviacion-caribena-se-reunen-en-bermudas-mientras-la-conectividad-aerea-ocupa-el-centro-del-debate\/#breadcrumb"},"inLanguage":"es","potentialAction":[{"@type":"ReadAction","target":["https:\/\/www.latitude-15.com\/es\/lideres-de-la-aviacion-caribena-se-reunen-en-bermudas-mientras-la-conectividad-aerea-ocupa-el-centro-del-debate\/"]}]},{"@type":"BreadcrumbList","@id":"https:\/\/www.latitude-15.com\/es\/lideres-de-la-aviacion-caribena-se-reunen-en-bermudas-mientras-la-conectividad-aerea-ocupa-el-centro-del-debate\/#breadcrumb","itemListElement":[{"@type":"ListItem","position":1,"name":"Home","item":"https:\/\/www.latitude-15.com\/es\/inicio\/"},{"@type":"ListItem","position":2,"name":"L\u00edderes de la aviaci\u00f3n caribe\u00f1a se re\u00fanen en Bermudas mientras la conectividad a\u00e9rea ocupa el centro del debate"}]},{"@type":"WebSite","@id":"https:\/\/www.latitude-15.com\/es\/#website","url":"https:\/\/www.latitude-15.com\/es\/","name":"LATITUDE 15","description":"Aviation and maritime Magazine - Caribbean &amp; Latin America","publisher":{"@id":"https:\/\/www.latitude-15.com\/es\/#organization"},"potentialAction":[{"@type":"SearchAction","target":{"@type":"EntryPoint","urlTemplate":"https:\/\/www.latitude-15.com\/es\/?s={search_term_string}"},"query-input":{"@type":"PropertyValueSpecification","valueRequired":true,"valueName":"search_term_string"}}],"inLanguage":"es"},{"@type":"Organization","@id":"https:\/\/www.latitude-15.com\/es\/#organization","name":"LATITUDE 15","url":"https:\/\/www.latitude-15.com\/es\/","logo":{"@type":"ImageObject","inLanguage":"es","@id":"https:\/\/www.latitude-15.com\/es\/#\/schema\/logo\/image\/","url":"https:\/\/www.latitude-15.com\/wp-content\/uploads\/2026\/01\/cropped-logox500px.png","contentUrl":"https:\/\/www.latitude-15.com\/wp-content\/uploads\/2026\/01\/cropped-logox500px.png","width":62,"height":75,"caption":"LATITUDE 15"},"image":{"@id":"https:\/\/www.latitude-15.com\/es\/#\/schema\/logo\/image\/"}},{"@type":"Person","@id":"https:\/\/www.latitude-15.com\/es\/#\/schema\/person\/dac52e7ff44c78317f337da112e37252","name":"Joda J","image":{"@type":"ImageObject","inLanguage":"es","@id":"https:\/\/www.latitude-15.com\/es\/#\/schema\/person\/image\/","url":"https:\/\/secure.gravatar.com\/avatar\/6b1feae555e15404b76616f92d931d12b25ac58024f14ccb43d9d3c012e4c4cf?s=96&d=mm&r=g","contentUrl":"https:\/\/secure.gravatar.com\/avatar\/6b1feae555e15404b76616f92d931d12b25ac58024f14ccb43d9d3c012e4c4cf?s=96&d=mm&r=g","caption":"Joda J"},"url":"https:\/\/www.latitude-15.com\/es\/author\/joda\/"}]}},"_links":{"self":[{"href":"https:\/\/www.latitude-15.com\/es\/wp-json\/wp\/v2\/posts\/20916","targetHints":{"allow":["GET"]}}],"collection":[{"href":"https:\/\/www.latitude-15.com\/es\/wp-json\/wp\/v2\/posts"}],"about":[{"href":"https:\/\/www.latitude-15.com\/es\/wp-json\/wp\/v2\/types\/post"}],"author":[{"embeddable":true,"href":"https:\/\/www.latitude-15.com\/es\/wp-json\/wp\/v2\/users\/5"}],"replies":[{"embeddable":true,"href":"https:\/\/www.latitude-15.com\/es\/wp-json\/wp\/v2\/comments?post=20916"}],"version-history":[{"count":1,"href":"https:\/\/www.latitude-15.com\/es\/wp-json\/wp\/v2\/posts\/20916\/revisions"}],"predecessor-version":[{"id":20917,"href":"https:\/\/www.latitude-15.com\/es\/wp-json\/wp\/v2\/posts\/20916\/revisions\/20917"}],"wp:attachment":[{"href":"https:\/\/www.latitude-15.com\/es\/wp-json\/wp\/v2\/media?parent=20916"}],"wp:term":[{"taxonomy":"category","embeddable":true,"href":"https:\/\/www.latitude-15.com\/es\/wp-json\/wp\/v2\/categories?post=20916"},{"taxonomy":"post_tag","embeddable":true,"href":"https:\/\/www.latitude-15.com\/es\/wp-json\/wp\/v2\/tags?post=20916"}],"curies":[{"name":"wp","href":"https:\/\/api.w.org\/{rel}","templated":true}]}}