{"id":20886,"date":"2026-02-23T11:03:33","date_gmt":"2026-02-23T15:03:33","guid":{"rendered":"https:\/\/www.latitude-15.com\/woca-2026-en-santiago-un-momento-de-alineacion-estrategica-para-la-aviacion-latinoamericana\/"},"modified":"2026-02-24T03:13:19","modified_gmt":"2026-02-24T07:13:19","slug":"woca-2026-en-santiago-un-momento-de-alineacion-estrategica-para-la-aviacion-latinoamericana","status":"publish","type":"post","link":"https:\/\/www.latitude-15.com\/es\/woca-2026-en-santiago-un-momento-de-alineacion-estrategica-para-la-aviacion-latinoamericana\/","title":{"rendered":"WOCA 2026 en Santiago: un momento de alineaci\u00f3n estrat\u00e9gica para la aviaci\u00f3n latinoamericana"},"content":{"rendered":"\n<p>Cuando los l\u00edderes del sector se re\u00fanan en Santiago de Chile los d\u00edas 8 y 9 de abril para la 16\u00aa edici\u00f3n del Wings of Change Americas (WOCA) de IATA, el encuentro representar\u00e1 mucho m\u00e1s que una conferencia regional peri\u00f3dica. Llega en un momento decisivo para la aviaci\u00f3n en Am\u00e9rica Latina y el Caribe \u2014 una etapa marcada por ajustes regulatorios, reconfiguraci\u00f3n de las cadenas de suministro, expansi\u00f3n de infraestructura y crecientes presiones en materia de sostenibilidad. <\/p>\n\n<p>Organizado por LATAM Airlines Group bajo el lema \u201cBeyond Borders \u2013 Aviation as a Catalyst for Economic Transformation\u201d, WOCA 2026 refleja una industria cada vez m\u00e1s consciente de que la conectividad ya no es un objetivo operativo aislado. Es un instrumento econ\u00f3mico. <\/p>\n\n<h2 class=\"wp-block-heading\">La aviaci\u00f3n como palanca macroecon\u00f3mica<\/h2>\n\n<p>La magnitud del impacto econ\u00f3mico del sector en la regi\u00f3n explica por qu\u00e9 la alineaci\u00f3n de pol\u00edticas p\u00fablicas se ha vuelto central. Seg\u00fan IATA, la aviaci\u00f3n sostiene m\u00e1s de 8,3 millones de empleos en Am\u00e9rica Latina y el Caribe y contribuye aproximadamente con USD 240 mil millones al PIB (2023). Las proyecciones indican que para 2043 estas cifras podr\u00edan casi duplicarse, alcanzando 15 millones de empleos apoyados y USD 500 mil millones en contribuci\u00f3n al PIB.  <\/p>\n\n<p>Estos datos posicionan a la aviaci\u00f3n no solo como un servicio de transporte, sino como una capa estructural de infraestructura que respalda el comercio, el turismo, la inversi\u00f3n extranjera y la competitividad territorial. En mercados emergentes y geogr\u00e1ficamente fragmentados, la conectividad a\u00e9rea act\u00faa con frecuencia como factor de integraci\u00f3n, conectando econom\u00edas perif\u00e9ricas con las cadenas globales de valor. <\/p>\n\n<p>El \u00e9nfasis de WOCA en la colaboraci\u00f3n estrat\u00e9gica entre el sector y las autoridades gubernamentales refleja una realidad clara: el crecimiento depender\u00e1 menos de la mera expansi\u00f3n de capacidad y m\u00e1s de una planificaci\u00f3n econ\u00f3mica coordinada.<\/p>\n\n<h2 class=\"wp-block-heading\">El di\u00e1logo regulatorio vuelve al primer plano<\/h2>\n\n<p>WOCA 2026 ser\u00e1 adem\u00e1s el primer evento relevante de la industria aeron\u00e1utica en Chile que contar\u00e1 con la participaci\u00f3n de representantes de la nueva administraci\u00f3n elegida del pa\u00eds. Este detalle no es menor. <\/p>\n\n<p>En toda la regi\u00f3n, la aviaci\u00f3n enfrenta una creciente complejidad regulatoria \u2014 desde marcos de protecci\u00f3n al consumidor y debates fiscales hasta normas de asignaci\u00f3n de slots y mandatos de sostenibilidad. La mesa redonda regulatoria de WOCA, centrada en equilibrar la protecci\u00f3n al consumidor con la viabilidad del sector, refleja las tensiones entre accesibilidad tarifaria, competitividad y sostenibilidad operativa. <\/p>\n\n<p>Para las aerol\u00edneas que operan en entornos estructuralmente costosos, la coherencia regulatoria se ha convertido en una variable clave de competitividad. El encuentro en Santiago ofrece un espacio para recalibrar pol\u00edticas p\u00fablicas en l\u00ednea con objetivos de conectividad de largo plazo. <\/p>\n\n<h2 class=\"wp-block-heading\">Infraestructura y la competencia por el posicionamiento regional<\/h2>\n\n<p>La mesa redonda ejecutiva \u201cPowering the Next Generation of Infrastructure in the Americas\u201d refuerza una transformaci\u00f3n estructural en curso. Los aeropuertos de Am\u00e9rica Latina y el Caribe ya no son simples puntos de tr\u00e1nsito. Se est\u00e1n posicionando como plataformas econ\u00f3micas.  <\/p>\n\n<p>La ampliaci\u00f3n de capacidad, la modernizaci\u00f3n de terminales, la digitalizaci\u00f3n de los flujos de pasajeros y la integraci\u00f3n con corredores log\u00edsticos se han convertido en elementos centrales de las estrategias territoriales. A medida que el nearshoring y la diversificaci\u00f3n de las cadenas de suministro reconfiguran el comercio global, la resiliencia y la escalabilidad de la infraestructura determinar\u00e1n qu\u00e9 hubs captar\u00e1n el crecimiento incremental. <\/p>\n\n<p>La elecci\u00f3n de Santiago como ciudad anfitriona es simb\u00f3lica. Chile se ha consolidado como uno de los mercados m\u00e1s estables de la regi\u00f3n, con un entorno regulatorio relativamente maduro y un transportista bandera s\u00f3lido, LATAM Airlines. El evento sit\u00faa al pa\u00eds en el centro del di\u00e1logo regional sobre conectividad.  <\/p>\n\n<h2 class=\"wp-block-heading\">La carga a\u00e9rea en el n\u00facleo estrat\u00e9gico<\/h2>\n\n<p>Uno de los puntos m\u00e1s reveladores de la agenda es el enfoque dedicado a la carga a\u00e9rea y la log\u00edstica. Hist\u00f3ricamente considerada un segmento complementario, la carga ocupa ahora una posici\u00f3n estrat\u00e9gica en las discusiones sobre desarrollo regional. <\/p>\n\n<p>La fragmentaci\u00f3n de las cadenas de suministro, el auge del comercio electr\u00f3nico y el nearshoring en las Am\u00e9ricas han elevado la relevancia de redes eficientes de carga a\u00e9rea. Para econom\u00edas exportadoras \u2014 desde productos farmac\u00e9uticos hasta perecederos de alto valor \u2014 la fiabilidad log\u00edstica se traduce directamente en competitividad comercial. <\/p>\n\n<p>Al integrar la carga en el n\u00facleo del programa, WOCA reconoce que la conectividad es multidimensional. Los flujos de pasajeros por s\u00ed solos no definen el impacto econ\u00f3mico de la aviaci\u00f3n. <\/p>\n\n<h2 class=\"wp-block-heading\">Tecnolog\u00eda e IA: de la experimentaci\u00f3n a la implementaci\u00f3n estructural<\/h2>\n\n<p>La sesi\u00f3n titulada <em>\u201cCode, Cloud, Cabin \u2013 AI\u2019s Triple Play in Aviation\u201d<\/em> evidencia otro punto de inflexi\u00f3n. La inteligencia artificial ya no se limita a proyectos piloto o chatbots de atenci\u00f3n al cliente. Est\u00e1 transformando la gesti\u00f3n de ingresos, el mantenimiento predictivo, la previsi\u00f3n de demanda, la eficiencia operativa y la personalizaci\u00f3n de la experiencia del pasajero.  <\/p>\n\n<p>En mercados donde los m\u00e1rgenes siguen siendo reducidos y la volatilidad elevada, la adopci\u00f3n tecnol\u00f3gica puede actuar como un ecualizador estructural. La infraestructura digital puede llegar a ser tan determinante como las pistas f\u00edsicas para la competitividad futura. <\/p>\n\n<p>El debate sobre la IA en WOCA sugiere que la aviaci\u00f3n latinoamericana est\u00e1 acelerando su transici\u00f3n digital \u2014 no como tendencia, sino como necesidad operativa.<\/p>\n\n<h2 class=\"wp-block-heading\">Sostenibilidad bajo restricciones estructurales<\/h2>\n\n<p>La sostenibilidad sigue siendo uno de los desaf\u00edos m\u00e1s complejos para la regi\u00f3n. El panel Sustainability &amp; Innovation abordar\u00e1 las barreras para alcanzar emisiones netas cero, un tema particularmente sensible en mercados emergentes donde las limitaciones de financiamiento y el acceso desigual al Sustainable Aviation Fuel (SAF) complican las rutas de descarbonizaci\u00f3n. <\/p>\n\n<p>En Am\u00e9rica Latina y el Caribe, la responsabilidad ambiental debe equilibrarse con el realismo econ\u00f3mico. La inversi\u00f3n en infraestructura, la modernizaci\u00f3n de flotas y los incentivos regulatorios deben avanzar de manera coordinada. Sin marcos coherentes, la sostenibilidad corre el riesgo de convertirse en una carga de costos en lugar de un motor de competitividad.  <\/p>\n\n<h2 class=\"wp-block-heading\">Un punto de inflexi\u00f3n regional<\/h2>\n\n<p>WOCA 2026 reunir\u00e1 a m\u00e1s de 400 l\u00edderes del sector, incluido el Vicepresidente Regional de IATA, Peter Cerd\u00e1, as\u00ed como directivos de LATAM Airlines Group, Sky Airline, Abra Group, Avianca Group y JetSMART Airlines. La concentraci\u00f3n de tomadores de decisi\u00f3n en un solo foro refleja la magnitud de la transformaci\u00f3n en curso. <\/p>\n\n<p>La aviaci\u00f3n en las Am\u00e9ricas se encuentra en una encrucijada estructural. La conectividad se expande, pero las presiones de costos persisten. La tecnolog\u00eda ofrece ganancias de eficiencia, aunque las brechas de implementaci\u00f3n siguen presentes. Los gobiernos reconocen el efecto multiplicador econ\u00f3mico del sector, pero la fragmentaci\u00f3n regulatoria contin\u00faa generando fricciones.   <\/p>\n\n<p>El encuentro en Santiago no resolver\u00e1 estas tensiones en dos d\u00edas. Pero puede marcar un momento de alineaci\u00f3n estrat\u00e9gica \u2014 un reajuste de prioridades en torno a la competitividad, la integraci\u00f3n y la resiliencia. <\/p>\n\n<p>En ese sentido, WOCA 2026 es menos un evento y m\u00e1s una direcci\u00f3n estrat\u00e9gica. La cuesti\u00f3n ya no es si la aviaci\u00f3n puede impulsar la transformaci\u00f3n econ\u00f3mica en Am\u00e9rica Latina y el Caribe, sino cu\u00e1n eficazmente la regi\u00f3n lograr\u00e1 alinear infraestructura, regulaci\u00f3n, tecnolog\u00eda y sostenibilidad para hacer que esa transformaci\u00f3n sea duradera.  <\/p>\n\n<p>En una regi\u00f3n definida por la distancia, la fragmentaci\u00f3n y el potencial, esa alineaci\u00f3n podr\u00eda resultar decisiva.<\/p>\n","protected":false},"excerpt":{"rendered":"<p>Cuando los l\u00edderes del sector se re\u00fanan en Santiago de Chile los d\u00edas 8 y 9 de abril para la 16\u00aa edici\u00f3n del Wings of Change Americas (WOCA) de IATA, el encuentro representar\u00e1 mucho m\u00e1s que una conferencia regional peri\u00f3dica. Llega en un momento decisivo para la aviaci\u00f3n en Am\u00e9rica Latina y el Caribe \u2014 [&hellip;]<\/p>\n","protected":false},"author":5,"featured_media":0,"comment_status":"open","ping_status":"open","sticky":false,"template":"","format":"standard","meta":{"footnotes":""},"categories":[99,102],"tags":[],"class_list":["post-20886","post","type-post","status-publish","format-standard","hentry","category-aviacion","category-conectividad-aerea-y-desarrollo-de-rutas"],"yoast_head":"<!-- This site is optimized with the Yoast SEO plugin v26.9 - https:\/\/yoast.com\/product\/yoast-seo-wordpress\/ -->\n<title>WOCA 2026: un momento de alineaci\u00f3n estrat\u00e9gica para la aviaci\u00f3n en Am\u00e9rica Latina<\/title>\n<meta name=\"robots\" content=\"index, follow, max-snippet:-1, max-image-preview:large, max-video-preview:-1\" \/>\n<link rel=\"canonical\" href=\"https:\/\/www.latitude-15.com\/es\/woca-2026-en-santiago-un-momento-de-alineacion-estrategica-para-la-aviacion-latinoamericana\/\" \/>\n<meta property=\"og:locale\" content=\"es_ES\" \/>\n<meta property=\"og:type\" content=\"article\" \/>\n<meta property=\"og:title\" content=\"WOCA 2026: un momento de alineaci\u00f3n estrat\u00e9gica para la aviaci\u00f3n en Am\u00e9rica Latina\" \/>\n<meta property=\"og:description\" content=\"Cuando los l\u00edderes del sector se re\u00fanan en Santiago de Chile los d\u00edas 8 y 9 de abril para la 16\u00aa edici\u00f3n del Wings of Change Americas (WOCA) de IATA, el encuentro representar\u00e1 mucho m\u00e1s que una conferencia regional peri\u00f3dica. Llega en un momento decisivo para la aviaci\u00f3n en Am\u00e9rica Latina y el Caribe \u2014 [&hellip;]\" \/>\n<meta property=\"og:url\" content=\"https:\/\/www.latitude-15.com\/es\/woca-2026-en-santiago-un-momento-de-alineacion-estrategica-para-la-aviacion-latinoamericana\/\" \/>\n<meta property=\"og:site_name\" content=\"LATITUDE 15\" \/>\n<meta property=\"article:published_time\" content=\"2026-02-23T15:03:33+00:00\" \/>\n<meta property=\"article:modified_time\" content=\"2026-02-24T07:13:19+00:00\" \/>\n<meta property=\"og:image\" content=\"https:\/\/www.latitude-15.com\/wp-content\/uploads\/2026\/02\/join-me-at-woca-2026.jpg\" \/>\n\t<meta property=\"og:image:width\" content=\"2000\" \/>\n\t<meta property=\"og:image:height\" content=\"1125\" \/>\n\t<meta property=\"og:image:type\" content=\"image\/jpeg\" \/>\n<meta name=\"author\" content=\"Joda J\" \/>\n<meta name=\"twitter:card\" content=\"summary_large_image\" \/>\n<meta name=\"twitter:label1\" content=\"Escrito por\" \/>\n\t<meta name=\"twitter:data1\" content=\"Joda J\" \/>\n\t<meta name=\"twitter:label2\" content=\"Tiempo de lectura\" \/>\n\t<meta name=\"twitter:data2\" content=\"7 minutos\" \/>\n<script type=\"application\/ld+json\" class=\"yoast-schema-graph\">{\"@context\":\"https:\/\/schema.org\",\"@graph\":[{\"@type\":\"Article\",\"@id\":\"https:\/\/www.latitude-15.com\/es\/woca-2026-en-santiago-un-momento-de-alineacion-estrategica-para-la-aviacion-latinoamericana\/#article\",\"isPartOf\":{\"@id\":\"https:\/\/www.latitude-15.com\/es\/woca-2026-en-santiago-un-momento-de-alineacion-estrategica-para-la-aviacion-latinoamericana\/\"},\"author\":{\"name\":\"Joda J\",\"@id\":\"https:\/\/www.latitude-15.com\/es\/#\/schema\/person\/dac52e7ff44c78317f337da112e37252\"},\"headline\":\"WOCA 2026 en Santiago: un momento de alineaci\u00f3n estrat\u00e9gica para la aviaci\u00f3n latinoamericana\",\"datePublished\":\"2026-02-23T15:03:33+00:00\",\"dateModified\":\"2026-02-24T07:13:19+00:00\",\"mainEntityOfPage\":{\"@id\":\"https:\/\/www.latitude-15.com\/es\/woca-2026-en-santiago-un-momento-de-alineacion-estrategica-para-la-aviacion-latinoamericana\/\"},\"wordCount\":1315,\"commentCount\":0,\"publisher\":{\"@id\":\"https:\/\/www.latitude-15.com\/es\/#organization\"},\"articleSection\":[\"AVIACI\u00d3N\",\"Conectividad a\u00e9rea y Atractivo territorial\"],\"inLanguage\":\"es\",\"potentialAction\":[{\"@type\":\"CommentAction\",\"name\":\"Comment\",\"target\":[\"https:\/\/www.latitude-15.com\/es\/woca-2026-en-santiago-un-momento-de-alineacion-estrategica-para-la-aviacion-latinoamericana\/#respond\"]}]},{\"@type\":\"WebPage\",\"@id\":\"https:\/\/www.latitude-15.com\/es\/woca-2026-en-santiago-un-momento-de-alineacion-estrategica-para-la-aviacion-latinoamericana\/\",\"url\":\"https:\/\/www.latitude-15.com\/es\/woca-2026-en-santiago-un-momento-de-alineacion-estrategica-para-la-aviacion-latinoamericana\/\",\"name\":\"WOCA 2026: un momento de alineaci\u00f3n estrat\u00e9gica para la aviaci\u00f3n en Am\u00e9rica Latina\",\"isPartOf\":{\"@id\":\"https:\/\/www.latitude-15.com\/es\/#website\"},\"datePublished\":\"2026-02-23T15:03:33+00:00\",\"dateModified\":\"2026-02-24T07:13:19+00:00\",\"breadcrumb\":{\"@id\":\"https:\/\/www.latitude-15.com\/es\/woca-2026-en-santiago-un-momento-de-alineacion-estrategica-para-la-aviacion-latinoamericana\/#breadcrumb\"},\"inLanguage\":\"es\",\"potentialAction\":[{\"@type\":\"ReadAction\",\"target\":[\"https:\/\/www.latitude-15.com\/es\/woca-2026-en-santiago-un-momento-de-alineacion-estrategica-para-la-aviacion-latinoamericana\/\"]}]},{\"@type\":\"BreadcrumbList\",\"@id\":\"https:\/\/www.latitude-15.com\/es\/woca-2026-en-santiago-un-momento-de-alineacion-estrategica-para-la-aviacion-latinoamericana\/#breadcrumb\",\"itemListElement\":[{\"@type\":\"ListItem\",\"position\":1,\"name\":\"Home\",\"item\":\"https:\/\/www.latitude-15.com\/es\/inicio\/\"},{\"@type\":\"ListItem\",\"position\":2,\"name\":\"WOCA 2026 en Santiago: un momento de alineaci\u00f3n estrat\u00e9gica para la aviaci\u00f3n latinoamericana\"}]},{\"@type\":\"WebSite\",\"@id\":\"https:\/\/www.latitude-15.com\/es\/#website\",\"url\":\"https:\/\/www.latitude-15.com\/es\/\",\"name\":\"LATITUDE 15\",\"description\":\"Aviation and maritime Magazine - Caribbean &amp; Latin America\",\"publisher\":{\"@id\":\"https:\/\/www.latitude-15.com\/es\/#organization\"},\"potentialAction\":[{\"@type\":\"SearchAction\",\"target\":{\"@type\":\"EntryPoint\",\"urlTemplate\":\"https:\/\/www.latitude-15.com\/es\/?s={search_term_string}\"},\"query-input\":{\"@type\":\"PropertyValueSpecification\",\"valueRequired\":true,\"valueName\":\"search_term_string\"}}],\"inLanguage\":\"es\"},{\"@type\":\"Organization\",\"@id\":\"https:\/\/www.latitude-15.com\/es\/#organization\",\"name\":\"LATITUDE 15\",\"url\":\"https:\/\/www.latitude-15.com\/es\/\",\"logo\":{\"@type\":\"ImageObject\",\"inLanguage\":\"es\",\"@id\":\"https:\/\/www.latitude-15.com\/es\/#\/schema\/logo\/image\/\",\"url\":\"https:\/\/www.latitude-15.com\/wp-content\/uploads\/2026\/01\/cropped-logox500px.png\",\"contentUrl\":\"https:\/\/www.latitude-15.com\/wp-content\/uploads\/2026\/01\/cropped-logox500px.png\",\"width\":62,\"height\":75,\"caption\":\"LATITUDE 15\"},\"image\":{\"@id\":\"https:\/\/www.latitude-15.com\/es\/#\/schema\/logo\/image\/\"}},{\"@type\":\"Person\",\"@id\":\"https:\/\/www.latitude-15.com\/es\/#\/schema\/person\/dac52e7ff44c78317f337da112e37252\",\"name\":\"Joda J\",\"image\":{\"@type\":\"ImageObject\",\"inLanguage\":\"es\",\"@id\":\"https:\/\/www.latitude-15.com\/es\/#\/schema\/person\/image\/\",\"url\":\"https:\/\/secure.gravatar.com\/avatar\/6b1feae555e15404b76616f92d931d12b25ac58024f14ccb43d9d3c012e4c4cf?s=96&d=mm&r=g\",\"contentUrl\":\"https:\/\/secure.gravatar.com\/avatar\/6b1feae555e15404b76616f92d931d12b25ac58024f14ccb43d9d3c012e4c4cf?s=96&d=mm&r=g\",\"caption\":\"Joda J\"},\"url\":\"https:\/\/www.latitude-15.com\/es\/author\/joda\/\"}]}<\/script>\n<!-- \/ Yoast SEO plugin. -->","yoast_head_json":{"title":"WOCA 2026: un momento de alineaci\u00f3n estrat\u00e9gica para la aviaci\u00f3n en Am\u00e9rica Latina","robots":{"index":"index","follow":"follow","max-snippet":"max-snippet:-1","max-image-preview":"max-image-preview:large","max-video-preview":"max-video-preview:-1"},"canonical":"https:\/\/www.latitude-15.com\/es\/woca-2026-en-santiago-un-momento-de-alineacion-estrategica-para-la-aviacion-latinoamericana\/","og_locale":"es_ES","og_type":"article","og_title":"WOCA 2026: un momento de alineaci\u00f3n estrat\u00e9gica para la aviaci\u00f3n en Am\u00e9rica Latina","og_description":"Cuando los l\u00edderes del sector se re\u00fanan en Santiago de Chile los d\u00edas 8 y 9 de abril para la 16\u00aa edici\u00f3n del Wings of Change Americas (WOCA) de IATA, el encuentro representar\u00e1 mucho m\u00e1s que una conferencia regional peri\u00f3dica. Llega en un momento decisivo para la aviaci\u00f3n en Am\u00e9rica Latina y el Caribe \u2014 [&hellip;]","og_url":"https:\/\/www.latitude-15.com\/es\/woca-2026-en-santiago-un-momento-de-alineacion-estrategica-para-la-aviacion-latinoamericana\/","og_site_name":"LATITUDE 15","article_published_time":"2026-02-23T15:03:33+00:00","article_modified_time":"2026-02-24T07:13:19+00:00","og_image":[{"width":2000,"height":1125,"url":"https:\/\/www.latitude-15.com\/wp-content\/uploads\/2026\/02\/join-me-at-woca-2026.jpg","type":"image\/jpeg"}],"author":"Joda J","twitter_card":"summary_large_image","twitter_misc":{"Escrito por":"Joda J","Tiempo de lectura":"7 minutos"},"schema":{"@context":"https:\/\/schema.org","@graph":[{"@type":"Article","@id":"https:\/\/www.latitude-15.com\/es\/woca-2026-en-santiago-un-momento-de-alineacion-estrategica-para-la-aviacion-latinoamericana\/#article","isPartOf":{"@id":"https:\/\/www.latitude-15.com\/es\/woca-2026-en-santiago-un-momento-de-alineacion-estrategica-para-la-aviacion-latinoamericana\/"},"author":{"name":"Joda J","@id":"https:\/\/www.latitude-15.com\/es\/#\/schema\/person\/dac52e7ff44c78317f337da112e37252"},"headline":"WOCA 2026 en Santiago: un momento de alineaci\u00f3n estrat\u00e9gica para la aviaci\u00f3n latinoamericana","datePublished":"2026-02-23T15:03:33+00:00","dateModified":"2026-02-24T07:13:19+00:00","mainEntityOfPage":{"@id":"https:\/\/www.latitude-15.com\/es\/woca-2026-en-santiago-un-momento-de-alineacion-estrategica-para-la-aviacion-latinoamericana\/"},"wordCount":1315,"commentCount":0,"publisher":{"@id":"https:\/\/www.latitude-15.com\/es\/#organization"},"articleSection":["AVIACI\u00d3N","Conectividad a\u00e9rea y Atractivo territorial"],"inLanguage":"es","potentialAction":[{"@type":"CommentAction","name":"Comment","target":["https:\/\/www.latitude-15.com\/es\/woca-2026-en-santiago-un-momento-de-alineacion-estrategica-para-la-aviacion-latinoamericana\/#respond"]}]},{"@type":"WebPage","@id":"https:\/\/www.latitude-15.com\/es\/woca-2026-en-santiago-un-momento-de-alineacion-estrategica-para-la-aviacion-latinoamericana\/","url":"https:\/\/www.latitude-15.com\/es\/woca-2026-en-santiago-un-momento-de-alineacion-estrategica-para-la-aviacion-latinoamericana\/","name":"WOCA 2026: un momento de alineaci\u00f3n estrat\u00e9gica para la aviaci\u00f3n en Am\u00e9rica Latina","isPartOf":{"@id":"https:\/\/www.latitude-15.com\/es\/#website"},"datePublished":"2026-02-23T15:03:33+00:00","dateModified":"2026-02-24T07:13:19+00:00","breadcrumb":{"@id":"https:\/\/www.latitude-15.com\/es\/woca-2026-en-santiago-un-momento-de-alineacion-estrategica-para-la-aviacion-latinoamericana\/#breadcrumb"},"inLanguage":"es","potentialAction":[{"@type":"ReadAction","target":["https:\/\/www.latitude-15.com\/es\/woca-2026-en-santiago-un-momento-de-alineacion-estrategica-para-la-aviacion-latinoamericana\/"]}]},{"@type":"BreadcrumbList","@id":"https:\/\/www.latitude-15.com\/es\/woca-2026-en-santiago-un-momento-de-alineacion-estrategica-para-la-aviacion-latinoamericana\/#breadcrumb","itemListElement":[{"@type":"ListItem","position":1,"name":"Home","item":"https:\/\/www.latitude-15.com\/es\/inicio\/"},{"@type":"ListItem","position":2,"name":"WOCA 2026 en Santiago: un momento de alineaci\u00f3n estrat\u00e9gica para la aviaci\u00f3n latinoamericana"}]},{"@type":"WebSite","@id":"https:\/\/www.latitude-15.com\/es\/#website","url":"https:\/\/www.latitude-15.com\/es\/","name":"LATITUDE 15","description":"Aviation and maritime Magazine - Caribbean &amp; Latin America","publisher":{"@id":"https:\/\/www.latitude-15.com\/es\/#organization"},"potentialAction":[{"@type":"SearchAction","target":{"@type":"EntryPoint","urlTemplate":"https:\/\/www.latitude-15.com\/es\/?s={search_term_string}"},"query-input":{"@type":"PropertyValueSpecification","valueRequired":true,"valueName":"search_term_string"}}],"inLanguage":"es"},{"@type":"Organization","@id":"https:\/\/www.latitude-15.com\/es\/#organization","name":"LATITUDE 15","url":"https:\/\/www.latitude-15.com\/es\/","logo":{"@type":"ImageObject","inLanguage":"es","@id":"https:\/\/www.latitude-15.com\/es\/#\/schema\/logo\/image\/","url":"https:\/\/www.latitude-15.com\/wp-content\/uploads\/2026\/01\/cropped-logox500px.png","contentUrl":"https:\/\/www.latitude-15.com\/wp-content\/uploads\/2026\/01\/cropped-logox500px.png","width":62,"height":75,"caption":"LATITUDE 15"},"image":{"@id":"https:\/\/www.latitude-15.com\/es\/#\/schema\/logo\/image\/"}},{"@type":"Person","@id":"https:\/\/www.latitude-15.com\/es\/#\/schema\/person\/dac52e7ff44c78317f337da112e37252","name":"Joda J","image":{"@type":"ImageObject","inLanguage":"es","@id":"https:\/\/www.latitude-15.com\/es\/#\/schema\/person\/image\/","url":"https:\/\/secure.gravatar.com\/avatar\/6b1feae555e15404b76616f92d931d12b25ac58024f14ccb43d9d3c012e4c4cf?s=96&d=mm&r=g","contentUrl":"https:\/\/secure.gravatar.com\/avatar\/6b1feae555e15404b76616f92d931d12b25ac58024f14ccb43d9d3c012e4c4cf?s=96&d=mm&r=g","caption":"Joda J"},"url":"https:\/\/www.latitude-15.com\/es\/author\/joda\/"}]}},"_links":{"self":[{"href":"https:\/\/www.latitude-15.com\/es\/wp-json\/wp\/v2\/posts\/20886","targetHints":{"allow":["GET"]}}],"collection":[{"href":"https:\/\/www.latitude-15.com\/es\/wp-json\/wp\/v2\/posts"}],"about":[{"href":"https:\/\/www.latitude-15.com\/es\/wp-json\/wp\/v2\/types\/post"}],"author":[{"embeddable":true,"href":"https:\/\/www.latitude-15.com\/es\/wp-json\/wp\/v2\/users\/5"}],"replies":[{"embeddable":true,"href":"https:\/\/www.latitude-15.com\/es\/wp-json\/wp\/v2\/comments?post=20886"}],"version-history":[{"count":1,"href":"https:\/\/www.latitude-15.com\/es\/wp-json\/wp\/v2\/posts\/20886\/revisions"}],"predecessor-version":[{"id":20887,"href":"https:\/\/www.latitude-15.com\/es\/wp-json\/wp\/v2\/posts\/20886\/revisions\/20887"}],"wp:attachment":[{"href":"https:\/\/www.latitude-15.com\/es\/wp-json\/wp\/v2\/media?parent=20886"}],"wp:term":[{"taxonomy":"category","embeddable":true,"href":"https:\/\/www.latitude-15.com\/es\/wp-json\/wp\/v2\/categories?post=20886"},{"taxonomy":"post_tag","embeddable":true,"href":"https:\/\/www.latitude-15.com\/es\/wp-json\/wp\/v2\/tags?post=20886"}],"curies":[{"name":"wp","href":"https:\/\/api.w.org\/{rel}","templated":true}]}}