{"id":20853,"date":"2026-02-17T10:50:45","date_gmt":"2026-02-17T14:50:45","guid":{"rendered":"https:\/\/www.latitude-15.com\/aer-lingus-lanza-vuelo-directo-dublin-barbados-y-refuerza-la-conectividad-transatlantica-con-el-caribe\/"},"modified":"2026-02-23T10:14:55","modified_gmt":"2026-02-23T14:14:55","slug":"aer-lingus-lanza-vuelo-directo-dublin-barbados-y-refuerza-la-conectividad-transatlantica-con-el-caribe","status":"publish","type":"post","link":"https:\/\/www.latitude-15.com\/es\/aer-lingus-lanza-vuelo-directo-dublin-barbados-y-refuerza-la-conectividad-transatlantica-con-el-caribe\/","title":{"rendered":"Aer Lingus lanza vuelo directo Dubl\u00edn\u2013Barbados y refuerza la conectividad transatl\u00e1ntica con el Caribe"},"content":{"rendered":"\n<p>Aer Lingus inaugurar\u00e1 en la primavera de 2026 una nueva ruta directa entre Dubl\u00edn y Bridgetown, marcando un avance significativo en la conectividad a\u00e9rea entre Europa y el Caribe. Operativa del 31 de marzo al 31 de mayo de 2026 con tres frecuencias semanales, la conexi\u00f3n ser\u00e1 el primer enlace sin escalas entre Irlanda y la regi\u00f3n, creando un nuevo corredor transatl\u00e1ntico y consolidando a Barbados como puerta de entrada estrat\u00e9gica al Caribe Oriental. <\/p>\n\n<h2 class=\"wp-block-heading\">Nueva ruta operada con el Airbus A321XLR<\/h2>\n\n<p>El servicio se operar\u00e1 los martes, viernes y domingos, conectando el Aeropuerto de Dubl\u00edn con el Aeropuerto Internacional Grantley Adams en Bridgetown. Aer Lingus desplegar\u00e1 el Airbus A321XLR, el m\u00e1s reciente avi\u00f3n de fuselaje estrecho de largo alcance de su flota. Configurado con 184 asientos \u2014incluyendo 16 asientos full-flat en Clase Business y 168 en Clase Econ\u00f3mica\u2014, el avi\u00f3n ofrece una capacidad adaptada a rutas long-haul de menor densidad, manteniendo est\u00e1ndares de confort propios del largo recorrido.  <\/p>\n\n<p>La incorporaci\u00f3n del A321XLR es un elemento clave de esta expansi\u00f3n. Gracias a su mayor autonom\u00eda y eficiencia de combustible mejorada, la aeronave permite operar rutas transatl\u00e1nticas con menores costos operativos y un riesgo financiero m\u00e1s controlado. Esta flexibilidad abre la puerta a mercados que anteriormente resultaban inaccesibles o comercialmente inviables para aviones widebody de mayor tama\u00f1o.  <\/p>\n\n<h2 class=\"wp-block-heading\">Parte de la reorganizaci\u00f3n de la red transatl\u00e1ntica de Aer Lingus<\/h2>\n\n<p>El lanzamiento de la ruta Dubl\u00edn\u2013Barbados se enmarca en una reorganizaci\u00f3n estrat\u00e9gica m\u00e1s amplia de la red de largo recorrido de Aer Lingus. La aerol\u00ednea cesar\u00e1 sus operaciones transatl\u00e1nticas desde Manchester el 31 de marzo de 2026, liberando capacidad de flota y recursos operativos. La nueva ruta hacia Barbados ha sido incorporada en parte para absorber demanda existente y optimizar la utilizaci\u00f3n de aeronaves desde el hub principal de la compa\u00f1\u00eda en Dubl\u00edn.  <\/p>\n\n<p>Este movimiento refleja una tendencia m\u00e1s amplia del sector, en la que las aerol\u00edneas est\u00e1n afinando sus redes long-haul para priorizar eficiencia operativa y valor estrat\u00e9gico. Dubl\u00edn, ya consolidado como hub transatl\u00e1ntico clave de Aer Lingus, ampl\u00eda as\u00ed su papel como puerta de enlace de Europa no solo hacia Norteam\u00e9rica, sino cada vez m\u00e1s hacia el Caribe. <\/p>\n\n<h2 class=\"wp-block-heading\">Bridgetown consolida su papel como hub regional<\/h2>\n\n<p>La elecci\u00f3n de Bridgetown subraya su importancia como plataforma a\u00e9rea regional en el Caribe Oriental. El Aeropuerto Internacional Grantley Adams funciona como punto de entrada estrat\u00e9gico con conexiones hacia destinos como Santa Luc\u00eda, Granada, Antigua, Trinidad y Tobago y Jamaica. Esta red permite a Barbados actuar como centro de redistribuci\u00f3n de flujos de pasajeros dentro de la regi\u00f3n.  <\/p>\n\n<p>La incorporaci\u00f3n de una conexi\u00f3n directa con Irlanda fortalece esta posici\u00f3n al ampliar la red de acceso internacional de Barbados. Hasta ahora, los pasajeros irlandeses con destino al Caribe deb\u00edan transitar por grandes hubs como Londres, Par\u00eds, \u00c1msterdam, Miami o Nueva York. La nueva ruta reduce la dependencia de estos intermediarios y diversifica los corredores de acceso hacia la regi\u00f3n.  <\/p>\n\n<h2 class=\"wp-block-heading\">Reflejo de transformaciones estructurales en la aviaci\u00f3n de largo recorrido<\/h2>\n\n<p>M\u00e1s all\u00e1 de su car\u00e1cter estacional, la ruta Dubl\u00edn\u2013Barbados pone de relieve cambios estructurales m\u00e1s profundos en la aviaci\u00f3n long-haul. Aeronaves como el Airbus A321XLR est\u00e1n permitiendo el desarrollo de servicios punto a punto a trav\u00e9s del Atl\u00e1ntico, reduciendo la concentraci\u00f3n del tr\u00e1fico en un n\u00famero limitado de grandes hubs internacionales. <\/p>\n\n<p>Este cambio favorece la aparici\u00f3n de nuevas conexiones directas entre Europa y el Caribe, fortaleciendo la accesibilidad global de la regi\u00f3n. Asimismo, brinda a hubs regionales como Bridgetown nuevas oportunidades para consolidar su posici\u00f3n dentro de las redes internacionales de transporte a\u00e9reo. <\/p>\n\n<p>En este contexto, el lanzamiento del servicio Dubl\u00edn\u2013Barbados por parte de Aer Lingus ilustra c\u00f3mo los avances tecnol\u00f3gicos y la evoluci\u00f3n de las estrategias de red de las aerol\u00edneas est\u00e1n redefiniendo progresivamente la conectividad transatl\u00e1ntica, con implicaciones directas para la integraci\u00f3n del Caribe en los flujos globales de la aviaci\u00f3n.<\/p>\n","protected":false},"excerpt":{"rendered":"<p>Aer Lingus inaugurar\u00e1 en la primavera de 2026 una nueva ruta directa entre Dubl\u00edn y Bridgetown, marcando un avance significativo en la conectividad a\u00e9rea entre Europa y el Caribe. Operativa del 31 de marzo al 31 de mayo de 2026 con tres frecuencias semanales, la conexi\u00f3n ser\u00e1 el primer enlace sin escalas entre Irlanda y [&hellip;]<\/p>\n","protected":false},"author":5,"featured_media":0,"comment_status":"open","ping_status":"open","sticky":false,"template":"","format":"standard","meta":{"footnotes":""},"categories":[99,102],"tags":[],"class_list":["post-20853","post","type-post","status-publish","format-standard","hentry","category-aviacion","category-conectividad-aerea-y-desarrollo-de-rutas"],"yoast_head":"<!-- This site is optimized with the Yoast SEO plugin v26.9 - https:\/\/yoast.com\/product\/yoast-seo-wordpress\/ -->\n<title>Aer Lingus lanza vuelo directo Dubl\u00edn\u2013Barbados y refuerza la conectividad transatl\u00e1ntica con el Caribe - LATITUDE 15<\/title>\n<meta name=\"robots\" content=\"index, follow, max-snippet:-1, max-image-preview:large, max-video-preview:-1\" \/>\n<link rel=\"canonical\" href=\"https:\/\/www.latitude-15.com\/es\/aer-lingus-lanza-vuelo-directo-dublin-barbados-y-refuerza-la-conectividad-transatlantica-con-el-caribe\/\" \/>\n<meta property=\"og:locale\" content=\"es_ES\" \/>\n<meta property=\"og:type\" content=\"article\" \/>\n<meta property=\"og:title\" content=\"Aer Lingus lanza vuelo directo Dubl\u00edn\u2013Barbados y refuerza la conectividad transatl\u00e1ntica con el Caribe - LATITUDE 15\" \/>\n<meta property=\"og:description\" content=\"Aer Lingus inaugurar\u00e1 en la primavera de 2026 una nueva ruta directa entre Dubl\u00edn y Bridgetown, marcando un avance significativo en la conectividad a\u00e9rea entre Europa y el Caribe. Operativa del 31 de marzo al 31 de mayo de 2026 con tres frecuencias semanales, la conexi\u00f3n ser\u00e1 el primer enlace sin escalas entre Irlanda y [&hellip;]\" \/>\n<meta property=\"og:url\" content=\"https:\/\/www.latitude-15.com\/es\/aer-lingus-lanza-vuelo-directo-dublin-barbados-y-refuerza-la-conectividad-transatlantica-con-el-caribe\/\" \/>\n<meta property=\"og:site_name\" content=\"LATITUDE 15\" \/>\n<meta property=\"article:published_time\" content=\"2026-02-17T14:50:45+00:00\" \/>\n<meta property=\"article:modified_time\" content=\"2026-02-23T14:14:55+00:00\" \/>\n<meta property=\"og:image\" content=\"https:\/\/www.latitude-15.com\/wp-content\/uploads\/2026\/02\/aerlingus_065d20213728b_thumb.jpg\" \/>\n\t<meta property=\"og:image:width\" content=\"730\" \/>\n\t<meta property=\"og:image:height\" content=\"486\" \/>\n\t<meta property=\"og:image:type\" content=\"image\/jpeg\" \/>\n<meta name=\"author\" content=\"Joda J\" \/>\n<meta name=\"twitter:card\" content=\"summary_large_image\" \/>\n<meta name=\"twitter:label1\" content=\"Escrito por\" \/>\n\t<meta name=\"twitter:data1\" content=\"Joda J\" \/>\n\t<meta name=\"twitter:label2\" content=\"Tiempo de lectura\" \/>\n\t<meta name=\"twitter:data2\" content=\"4 minutos\" \/>\n<script type=\"application\/ld+json\" class=\"yoast-schema-graph\">{\"@context\":\"https:\/\/schema.org\",\"@graph\":[{\"@type\":\"Article\",\"@id\":\"https:\/\/www.latitude-15.com\/es\/aer-lingus-lanza-vuelo-directo-dublin-barbados-y-refuerza-la-conectividad-transatlantica-con-el-caribe\/#article\",\"isPartOf\":{\"@id\":\"https:\/\/www.latitude-15.com\/es\/aer-lingus-lanza-vuelo-directo-dublin-barbados-y-refuerza-la-conectividad-transatlantica-con-el-caribe\/\"},\"author\":{\"name\":\"Joda J\",\"@id\":\"https:\/\/www.latitude-15.com\/es\/#\/schema\/person\/dac52e7ff44c78317f337da112e37252\"},\"headline\":\"Aer Lingus lanza vuelo directo Dubl\u00edn\u2013Barbados y refuerza la conectividad transatl\u00e1ntica con el Caribe\",\"datePublished\":\"2026-02-17T14:50:45+00:00\",\"dateModified\":\"2026-02-23T14:14:55+00:00\",\"mainEntityOfPage\":{\"@id\":\"https:\/\/www.latitude-15.com\/es\/aer-lingus-lanza-vuelo-directo-dublin-barbados-y-refuerza-la-conectividad-transatlantica-con-el-caribe\/\"},\"wordCount\":724,\"commentCount\":0,\"publisher\":{\"@id\":\"https:\/\/www.latitude-15.com\/es\/#organization\"},\"articleSection\":[\"AVIACI\u00d3N\",\"Conectividad a\u00e9rea y Atractivo territorial\"],\"inLanguage\":\"es\",\"potentialAction\":[{\"@type\":\"CommentAction\",\"name\":\"Comment\",\"target\":[\"https:\/\/www.latitude-15.com\/es\/aer-lingus-lanza-vuelo-directo-dublin-barbados-y-refuerza-la-conectividad-transatlantica-con-el-caribe\/#respond\"]}]},{\"@type\":\"WebPage\",\"@id\":\"https:\/\/www.latitude-15.com\/es\/aer-lingus-lanza-vuelo-directo-dublin-barbados-y-refuerza-la-conectividad-transatlantica-con-el-caribe\/\",\"url\":\"https:\/\/www.latitude-15.com\/es\/aer-lingus-lanza-vuelo-directo-dublin-barbados-y-refuerza-la-conectividad-transatlantica-con-el-caribe\/\",\"name\":\"Aer Lingus lanza vuelo directo Dubl\u00edn\u2013Barbados y refuerza la conectividad transatl\u00e1ntica con el Caribe - LATITUDE 15\",\"isPartOf\":{\"@id\":\"https:\/\/www.latitude-15.com\/es\/#website\"},\"datePublished\":\"2026-02-17T14:50:45+00:00\",\"dateModified\":\"2026-02-23T14:14:55+00:00\",\"breadcrumb\":{\"@id\":\"https:\/\/www.latitude-15.com\/es\/aer-lingus-lanza-vuelo-directo-dublin-barbados-y-refuerza-la-conectividad-transatlantica-con-el-caribe\/#breadcrumb\"},\"inLanguage\":\"es\",\"potentialAction\":[{\"@type\":\"ReadAction\",\"target\":[\"https:\/\/www.latitude-15.com\/es\/aer-lingus-lanza-vuelo-directo-dublin-barbados-y-refuerza-la-conectividad-transatlantica-con-el-caribe\/\"]}]},{\"@type\":\"BreadcrumbList\",\"@id\":\"https:\/\/www.latitude-15.com\/es\/aer-lingus-lanza-vuelo-directo-dublin-barbados-y-refuerza-la-conectividad-transatlantica-con-el-caribe\/#breadcrumb\",\"itemListElement\":[{\"@type\":\"ListItem\",\"position\":1,\"name\":\"Home\",\"item\":\"https:\/\/www.latitude-15.com\/es\/inicio\/\"},{\"@type\":\"ListItem\",\"position\":2,\"name\":\"Aer Lingus lanza vuelo directo Dubl\u00edn\u2013Barbados y refuerza la conectividad transatl\u00e1ntica con el Caribe\"}]},{\"@type\":\"WebSite\",\"@id\":\"https:\/\/www.latitude-15.com\/es\/#website\",\"url\":\"https:\/\/www.latitude-15.com\/es\/\",\"name\":\"LATITUDE 15\",\"description\":\"Aviation and maritime Magazine - Caribbean &amp; Latin America\",\"publisher\":{\"@id\":\"https:\/\/www.latitude-15.com\/es\/#organization\"},\"potentialAction\":[{\"@type\":\"SearchAction\",\"target\":{\"@type\":\"EntryPoint\",\"urlTemplate\":\"https:\/\/www.latitude-15.com\/es\/?s={search_term_string}\"},\"query-input\":{\"@type\":\"PropertyValueSpecification\",\"valueRequired\":true,\"valueName\":\"search_term_string\"}}],\"inLanguage\":\"es\"},{\"@type\":\"Organization\",\"@id\":\"https:\/\/www.latitude-15.com\/es\/#organization\",\"name\":\"LATITUDE 15\",\"url\":\"https:\/\/www.latitude-15.com\/es\/\",\"logo\":{\"@type\":\"ImageObject\",\"inLanguage\":\"es\",\"@id\":\"https:\/\/www.latitude-15.com\/es\/#\/schema\/logo\/image\/\",\"url\":\"https:\/\/www.latitude-15.com\/wp-content\/uploads\/2026\/01\/cropped-logox500px.png\",\"contentUrl\":\"https:\/\/www.latitude-15.com\/wp-content\/uploads\/2026\/01\/cropped-logox500px.png\",\"width\":62,\"height\":75,\"caption\":\"LATITUDE 15\"},\"image\":{\"@id\":\"https:\/\/www.latitude-15.com\/es\/#\/schema\/logo\/image\/\"}},{\"@type\":\"Person\",\"@id\":\"https:\/\/www.latitude-15.com\/es\/#\/schema\/person\/dac52e7ff44c78317f337da112e37252\",\"name\":\"Joda J\",\"image\":{\"@type\":\"ImageObject\",\"inLanguage\":\"es\",\"@id\":\"https:\/\/www.latitude-15.com\/es\/#\/schema\/person\/image\/\",\"url\":\"https:\/\/secure.gravatar.com\/avatar\/6b1feae555e15404b76616f92d931d12b25ac58024f14ccb43d9d3c012e4c4cf?s=96&d=mm&r=g\",\"contentUrl\":\"https:\/\/secure.gravatar.com\/avatar\/6b1feae555e15404b76616f92d931d12b25ac58024f14ccb43d9d3c012e4c4cf?s=96&d=mm&r=g\",\"caption\":\"Joda J\"},\"url\":\"https:\/\/www.latitude-15.com\/es\/author\/joda\/\"}]}<\/script>\n<!-- \/ Yoast SEO plugin. -->","yoast_head_json":{"title":"Aer Lingus lanza vuelo directo Dubl\u00edn\u2013Barbados y refuerza la conectividad transatl\u00e1ntica con el Caribe - LATITUDE 15","robots":{"index":"index","follow":"follow","max-snippet":"max-snippet:-1","max-image-preview":"max-image-preview:large","max-video-preview":"max-video-preview:-1"},"canonical":"https:\/\/www.latitude-15.com\/es\/aer-lingus-lanza-vuelo-directo-dublin-barbados-y-refuerza-la-conectividad-transatlantica-con-el-caribe\/","og_locale":"es_ES","og_type":"article","og_title":"Aer Lingus lanza vuelo directo Dubl\u00edn\u2013Barbados y refuerza la conectividad transatl\u00e1ntica con el Caribe - LATITUDE 15","og_description":"Aer Lingus inaugurar\u00e1 en la primavera de 2026 una nueva ruta directa entre Dubl\u00edn y Bridgetown, marcando un avance significativo en la conectividad a\u00e9rea entre Europa y el Caribe. Operativa del 31 de marzo al 31 de mayo de 2026 con tres frecuencias semanales, la conexi\u00f3n ser\u00e1 el primer enlace sin escalas entre Irlanda y [&hellip;]","og_url":"https:\/\/www.latitude-15.com\/es\/aer-lingus-lanza-vuelo-directo-dublin-barbados-y-refuerza-la-conectividad-transatlantica-con-el-caribe\/","og_site_name":"LATITUDE 15","article_published_time":"2026-02-17T14:50:45+00:00","article_modified_time":"2026-02-23T14:14:55+00:00","og_image":[{"width":730,"height":486,"url":"https:\/\/www.latitude-15.com\/wp-content\/uploads\/2026\/02\/aerlingus_065d20213728b_thumb.jpg","type":"image\/jpeg"}],"author":"Joda J","twitter_card":"summary_large_image","twitter_misc":{"Escrito por":"Joda J","Tiempo de lectura":"4 minutos"},"schema":{"@context":"https:\/\/schema.org","@graph":[{"@type":"Article","@id":"https:\/\/www.latitude-15.com\/es\/aer-lingus-lanza-vuelo-directo-dublin-barbados-y-refuerza-la-conectividad-transatlantica-con-el-caribe\/#article","isPartOf":{"@id":"https:\/\/www.latitude-15.com\/es\/aer-lingus-lanza-vuelo-directo-dublin-barbados-y-refuerza-la-conectividad-transatlantica-con-el-caribe\/"},"author":{"name":"Joda J","@id":"https:\/\/www.latitude-15.com\/es\/#\/schema\/person\/dac52e7ff44c78317f337da112e37252"},"headline":"Aer Lingus lanza vuelo directo Dubl\u00edn\u2013Barbados y refuerza la conectividad transatl\u00e1ntica con el Caribe","datePublished":"2026-02-17T14:50:45+00:00","dateModified":"2026-02-23T14:14:55+00:00","mainEntityOfPage":{"@id":"https:\/\/www.latitude-15.com\/es\/aer-lingus-lanza-vuelo-directo-dublin-barbados-y-refuerza-la-conectividad-transatlantica-con-el-caribe\/"},"wordCount":724,"commentCount":0,"publisher":{"@id":"https:\/\/www.latitude-15.com\/es\/#organization"},"articleSection":["AVIACI\u00d3N","Conectividad a\u00e9rea y Atractivo territorial"],"inLanguage":"es","potentialAction":[{"@type":"CommentAction","name":"Comment","target":["https:\/\/www.latitude-15.com\/es\/aer-lingus-lanza-vuelo-directo-dublin-barbados-y-refuerza-la-conectividad-transatlantica-con-el-caribe\/#respond"]}]},{"@type":"WebPage","@id":"https:\/\/www.latitude-15.com\/es\/aer-lingus-lanza-vuelo-directo-dublin-barbados-y-refuerza-la-conectividad-transatlantica-con-el-caribe\/","url":"https:\/\/www.latitude-15.com\/es\/aer-lingus-lanza-vuelo-directo-dublin-barbados-y-refuerza-la-conectividad-transatlantica-con-el-caribe\/","name":"Aer Lingus lanza vuelo directo Dubl\u00edn\u2013Barbados y refuerza la conectividad transatl\u00e1ntica con el Caribe - LATITUDE 15","isPartOf":{"@id":"https:\/\/www.latitude-15.com\/es\/#website"},"datePublished":"2026-02-17T14:50:45+00:00","dateModified":"2026-02-23T14:14:55+00:00","breadcrumb":{"@id":"https:\/\/www.latitude-15.com\/es\/aer-lingus-lanza-vuelo-directo-dublin-barbados-y-refuerza-la-conectividad-transatlantica-con-el-caribe\/#breadcrumb"},"inLanguage":"es","potentialAction":[{"@type":"ReadAction","target":["https:\/\/www.latitude-15.com\/es\/aer-lingus-lanza-vuelo-directo-dublin-barbados-y-refuerza-la-conectividad-transatlantica-con-el-caribe\/"]}]},{"@type":"BreadcrumbList","@id":"https:\/\/www.latitude-15.com\/es\/aer-lingus-lanza-vuelo-directo-dublin-barbados-y-refuerza-la-conectividad-transatlantica-con-el-caribe\/#breadcrumb","itemListElement":[{"@type":"ListItem","position":1,"name":"Home","item":"https:\/\/www.latitude-15.com\/es\/inicio\/"},{"@type":"ListItem","position":2,"name":"Aer Lingus lanza vuelo directo Dubl\u00edn\u2013Barbados y refuerza la conectividad transatl\u00e1ntica con el Caribe"}]},{"@type":"WebSite","@id":"https:\/\/www.latitude-15.com\/es\/#website","url":"https:\/\/www.latitude-15.com\/es\/","name":"LATITUDE 15","description":"Aviation and maritime Magazine - Caribbean &amp; Latin America","publisher":{"@id":"https:\/\/www.latitude-15.com\/es\/#organization"},"potentialAction":[{"@type":"SearchAction","target":{"@type":"EntryPoint","urlTemplate":"https:\/\/www.latitude-15.com\/es\/?s={search_term_string}"},"query-input":{"@type":"PropertyValueSpecification","valueRequired":true,"valueName":"search_term_string"}}],"inLanguage":"es"},{"@type":"Organization","@id":"https:\/\/www.latitude-15.com\/es\/#organization","name":"LATITUDE 15","url":"https:\/\/www.latitude-15.com\/es\/","logo":{"@type":"ImageObject","inLanguage":"es","@id":"https:\/\/www.latitude-15.com\/es\/#\/schema\/logo\/image\/","url":"https:\/\/www.latitude-15.com\/wp-content\/uploads\/2026\/01\/cropped-logox500px.png","contentUrl":"https:\/\/www.latitude-15.com\/wp-content\/uploads\/2026\/01\/cropped-logox500px.png","width":62,"height":75,"caption":"LATITUDE 15"},"image":{"@id":"https:\/\/www.latitude-15.com\/es\/#\/schema\/logo\/image\/"}},{"@type":"Person","@id":"https:\/\/www.latitude-15.com\/es\/#\/schema\/person\/dac52e7ff44c78317f337da112e37252","name":"Joda J","image":{"@type":"ImageObject","inLanguage":"es","@id":"https:\/\/www.latitude-15.com\/es\/#\/schema\/person\/image\/","url":"https:\/\/secure.gravatar.com\/avatar\/6b1feae555e15404b76616f92d931d12b25ac58024f14ccb43d9d3c012e4c4cf?s=96&d=mm&r=g","contentUrl":"https:\/\/secure.gravatar.com\/avatar\/6b1feae555e15404b76616f92d931d12b25ac58024f14ccb43d9d3c012e4c4cf?s=96&d=mm&r=g","caption":"Joda J"},"url":"https:\/\/www.latitude-15.com\/es\/author\/joda\/"}]}},"_links":{"self":[{"href":"https:\/\/www.latitude-15.com\/es\/wp-json\/wp\/v2\/posts\/20853","targetHints":{"allow":["GET"]}}],"collection":[{"href":"https:\/\/www.latitude-15.com\/es\/wp-json\/wp\/v2\/posts"}],"about":[{"href":"https:\/\/www.latitude-15.com\/es\/wp-json\/wp\/v2\/types\/post"}],"author":[{"embeddable":true,"href":"https:\/\/www.latitude-15.com\/es\/wp-json\/wp\/v2\/users\/5"}],"replies":[{"embeddable":true,"href":"https:\/\/www.latitude-15.com\/es\/wp-json\/wp\/v2\/comments?post=20853"}],"version-history":[{"count":1,"href":"https:\/\/www.latitude-15.com\/es\/wp-json\/wp\/v2\/posts\/20853\/revisions"}],"predecessor-version":[{"id":20854,"href":"https:\/\/www.latitude-15.com\/es\/wp-json\/wp\/v2\/posts\/20853\/revisions\/20854"}],"wp:attachment":[{"href":"https:\/\/www.latitude-15.com\/es\/wp-json\/wp\/v2\/media?parent=20853"}],"wp:term":[{"taxonomy":"category","embeddable":true,"href":"https:\/\/www.latitude-15.com\/es\/wp-json\/wp\/v2\/categories?post=20853"},{"taxonomy":"post_tag","embeddable":true,"href":"https:\/\/www.latitude-15.com\/es\/wp-json\/wp\/v2\/tags?post=20853"}],"curies":[{"name":"wp","href":"https:\/\/api.w.org\/{rel}","templated":true}]}}