{"id":20808,"date":"2026-02-19T12:29:00","date_gmt":"2026-02-19T16:29:00","guid":{"rendered":"https:\/\/www.latitude-15.com\/cielos-divergentes-el-trafico-de-enero-de-2026-de-asur-senala-una-recuperacion-fragmentada-de-la-aviacion-en-america-latina-y-el-caribe\/"},"modified":"2026-02-19T22:02:59","modified_gmt":"2026-02-20T02:02:59","slug":"cielos-divergentes-el-trafico-de-enero-de-2026-de-asur-senala-una-recuperacion-fragmentada-de-la-aviacion-en-america-latina-y-el-caribe","status":"publish","type":"post","link":"https:\/\/www.latitude-15.com\/es\/cielos-divergentes-el-trafico-de-enero-de-2026-de-asur-senala-una-recuperacion-fragmentada-de-la-aviacion-en-america-latina-y-el-caribe\/","title":{"rendered":"Cielos divergentes: el tr\u00e1fico de enero de 2026 de ASUR se\u00f1ala una recuperaci\u00f3n fragmentada de la aviaci\u00f3n en Am\u00e9rica Latina y el Caribe"},"content":{"rendered":"\n<p>Colombia acelera, M\u00e9xico se estabiliza y Puerto Rico pierde impulso \u2014 los datos de inicios de 2026 revelan patrones de demanda cambiantes dentro de uno de los mayores portafolios aeroportuarios de la regi\u00f3n.<\/p>\n\n<h2 class=\"wp-block-heading\">Trayectorias divergentes dentro del portafolio de ASUR<br\/><\/h2>\n\n<p>Los datos de pasajeros de enero de 2026 publicados por Grupo Aeroportuario del Sureste (ASUR) van m\u00e1s all\u00e1 de una actualizaci\u00f3n rutinaria de tr\u00e1fico. Detr\u00e1s del crecimiento consolidado de 3,6% interanual \u2014 alcanzando 6,66 millones de pasajeros \u2014 emerge una realidad m\u00e1s significativa: la demanda a\u00e9rea en Am\u00e9rica Latina y el Caribe ya no evoluciona de forma uniforme. <\/p>\n\n<p>Dentro de un \u00fanico portafolio aeroportuario que abarca M\u00e9xico, Colombia y Puerto Rico, hoy se observan tres ciclos de demanda diferenciados. El contraste es claro \u2014 y estrat\u00e9gicamente relevante. <\/p>\n\n<h2 class=\"wp-block-heading\">Colombia se consolida como motor de crecimiento<\/h2>\n\n<p>Colombia registr\u00f3 el desempe\u00f1o m\u00e1s destacado del mes, con un aumento del 15,0% interanual, alcanzando 1,72 millones de pasajeros. El impulso fue principalmente dom\u00e9stico, con el tr\u00e1fico interno creciendo 18,3%, mientras que el volumen internacional aument\u00f3 5,2%. <\/p>\n\n<p>El Aeropuerto Internacional Jos\u00e9 Mar\u00eda C\u00f3rdova de Medell\u00edn (MDE \u2013 Rionegro) contin\u00faa siendo el eje de esta expansi\u00f3n. El tr\u00e1fico total en la terminal creci\u00f3 16,3%, respaldado por un notable incremento del 21,4% en la demanda dom\u00e9stica. Aeropuertos secundarios tambi\u00e9n mostraron crecimientos de dos d\u00edgitos: Monter\u00eda (+18,1%), Carepa (+19,9%) y Quibd\u00f3 (+14,7%).  <\/p>\n\n<p>La implicaci\u00f3n es evidente: la movilidad a\u00e9rea interna en Colombia se est\u00e1 fortaleciendo, consolidando a Medell\u00edn como un hub secundario en ascenso dentro del sistema a\u00e9reo andino. A diferencia de los picos impulsados por el turismo, la expansi\u00f3n dom\u00e9stica suele reflejar mayor resiliencia econ\u00f3mica y una conectividad regional m\u00e1s robusta. <\/p>\n\n<p>Para ASUR, Colombia ha dejado de ser un activo perif\u00e9rico. Se est\u00e1 convirtiendo en el principal vector de crecimiento del grupo. <\/p>\n\n<h2 class=\"wp-block-heading\">M\u00e9xico: la resiliencia internacional oculta debilidad dom\u00e9stica<\/h2>\n\n<p>M\u00e9xico, que representa m\u00e1s de la mitad de la base total de pasajeros de ASUR, report\u00f3 un crecimiento moderado de 0,9%, alcanzando 3,75 millones de pasajeros.<\/p>\n\n<p>Sin embargo, la estructura subyacente revela una din\u00e1mica m\u00e1s matizada. El tr\u00e1fico internacional creci\u00f3 2,5%, mientras que el dom\u00e9stico cay\u00f3 1,2%. Esta divergencia sugiere que la estabilidad observada a comienzos de 2026 depende en gran medida del turismo internacional, particularmente del mercado estadounidense.  <\/p>\n\n<p>El Aeropuerto Internacional de Canc\u00fan (CUN), el principal activo del portafolio, registr\u00f3 una ligera contracci\u00f3n total de 1,0%. Dado que Canc\u00fan representa m\u00e1s del 70% del tr\u00e1fico mexicano de ASUR, incluso variaciones marginales tienen impacto sist\u00e9mico. <\/p>\n\n<p>En contraste, varios aeropuertos secundarios mostraron mayor dinamismo. M\u00e9rida creci\u00f3 12,9%, Veracruz 11,4% y Villahermosa 6,8%, lo que apunta a una redistribuci\u00f3n gradual de los flujos dentro de la regi\u00f3n sureste. <\/p>\n\n<p>La cuesti\u00f3n clave es si la desaceleraci\u00f3n dom\u00e9stica en M\u00e9xico es coyuntural o estructural. Si el turismo internacional contin\u00faa siendo el principal motor de crecimiento, el sistema aeroportuario mexicano podr\u00eda enfrentar mayor sensibilidad a las condiciones econ\u00f3micas externas durante 2026. <\/p>\n\n<h2 class=\"wp-block-heading\">Puerto Rico: un inicio de a\u00f1o prudente<\/h2>\n\n<p>El Aeropuerto Internacional Luis Mu\u00f1oz Mar\u00edn (SJU) en San Juan registr\u00f3 una disminuci\u00f3n interanual de 2,1%, con un total de 1,19 millones de pasajeros.<\/p>\n\n<p>El tr\u00e1fico dom\u00e9stico cay\u00f3 2,6%, mientras que el internacional aument\u00f3 1,8%. Al igual que en M\u00e9xico, la demanda internacional muestra resiliencia. Sin embargo, la contracci\u00f3n general sugiere presiones competitivas dentro del mercado a\u00e9reo caribe\u00f1o.  <\/p>\n\n<p>San Juan opera en un entorno cada vez m\u00e1s din\u00e1mico, compitiendo con hubs en r\u00e1pida expansi\u00f3n como Punta Cana y Ciudad de Panam\u00e1. Un enero m\u00e1s d\u00e9bil no define la trayectoria anual, pero s\u00ed confirma que el panorama competitivo del Caribe contin\u00faa siendo fluido. <\/p>\n\n<h2 class=\"wp-block-heading\">La fragmentaci\u00f3n define el inicio de 2026<\/h2>\n\n<p>La principal conclusi\u00f3n de los datos de enero de ASUR no radica en el crecimiento consolidado del 3,6%, sino en la fragmentaci\u00f3n que subyace detr\u00e1s de esa cifra. <\/p>\n\n<ul class=\"wp-block-list\">\n<li>Colombia: fuerte expansi\u00f3n dom\u00e9stica y dinamismo estructural<\/li>\n\n\n\n<li>M\u00e9xico: estabilidad con alta dependencia del turismo internacional<\/li>\n\n\n\n<li>Puerto Rico: ligera contracci\u00f3n en un contexto de competencia regional<\/li>\n<\/ul>\n\n<p>Dentro de un mismo portafolio operativo, la demanda a\u00e9rea evoluciona a ritmos distintos seg\u00fan el mercado. Para inversionistas, autoridades aeroportuarias y planificadores de red, esta divergencia es relevante. <\/p>\n\n<p>Indica que 2026 no estar\u00e1 marcado por una recuperaci\u00f3n regional uniforme. La competitividad, la resiliencia econ\u00f3mica y la estrategia de rutas ser\u00e1n factores cada vez m\u00e1s determinantes en el desempe\u00f1o. <\/p>\n\n<p>En la aviaci\u00f3n de Am\u00e9rica Latina y el Caribe, los cielos pueden estar m\u00e1s activos \u2014 pero no de manera homog\u00e9nea.<\/p>\n","protected":false},"excerpt":{"rendered":"<p>Colombia acelera, M\u00e9xico se estabiliza y Puerto Rico pierde impulso \u2014 los datos de inicios de 2026 revelan patrones de demanda cambiantes dentro de uno de los mayores portafolios aeroportuarios de la regi\u00f3n. Trayectorias divergentes dentro del portafolio de ASUR Los datos de pasajeros de enero de 2026 publicados por Grupo Aeroportuario del Sureste (ASUR) [&hellip;]<\/p>\n","protected":false},"author":5,"featured_media":20807,"comment_status":"open","ping_status":"open","sticky":false,"template":"","format":"standard","meta":{"footnotes":""},"categories":[105,99],"tags":[],"class_list":["post-20808","post","type-post","status-publish","format-standard","has-post-thumbnail","hentry","category-aeropuertos-e-infraestructura","category-aviacion"],"yoast_head":"<!-- This site is optimized with the Yoast SEO plugin v26.9 - https:\/\/yoast.com\/product\/yoast-seo-wordpress\/ -->\n<title>Cielos divergentes: el tr\u00e1fico de enero de 2026 de ASUR se\u00f1ala una recuperaci\u00f3n fragmentada de la aviaci\u00f3n en Am\u00e9rica Latina y el Caribe - LATITUDE 15<\/title>\n<meta name=\"robots\" content=\"index, follow, max-snippet:-1, max-image-preview:large, max-video-preview:-1\" \/>\n<link rel=\"canonical\" href=\"https:\/\/www.latitude-15.com\/es\/cielos-divergentes-el-trafico-de-enero-de-2026-de-asur-senala-una-recuperacion-fragmentada-de-la-aviacion-en-america-latina-y-el-caribe\/\" \/>\n<meta property=\"og:locale\" content=\"es_ES\" \/>\n<meta property=\"og:type\" content=\"article\" \/>\n<meta property=\"og:title\" content=\"Cielos divergentes: el tr\u00e1fico de enero de 2026 de ASUR se\u00f1ala una recuperaci\u00f3n fragmentada de la aviaci\u00f3n en Am\u00e9rica Latina y el Caribe - LATITUDE 15\" \/>\n<meta property=\"og:description\" content=\"Colombia acelera, M\u00e9xico se estabiliza y Puerto Rico pierde impulso \u2014 los datos de inicios de 2026 revelan patrones de demanda cambiantes dentro de uno de los mayores portafolios aeroportuarios de la regi\u00f3n. Trayectorias divergentes dentro del portafolio de ASUR Los datos de pasajeros de enero de 2026 publicados por Grupo Aeroportuario del Sureste (ASUR) [&hellip;]\" \/>\n<meta property=\"og:url\" content=\"https:\/\/www.latitude-15.com\/es\/cielos-divergentes-el-trafico-de-enero-de-2026-de-asur-senala-una-recuperacion-fragmentada-de-la-aviacion-en-america-latina-y-el-caribe\/\" \/>\n<meta property=\"og:site_name\" content=\"LATITUDE 15\" \/>\n<meta property=\"article:published_time\" content=\"2026-02-19T16:29:00+00:00\" \/>\n<meta property=\"article:modified_time\" content=\"2026-02-20T02:02:59+00:00\" \/>\n<meta property=\"og:image\" content=\"https:\/\/www.latitude-15.com\/wp-content\/uploads\/2026\/02\/349.jpg\" \/>\n\t<meta property=\"og:image:width\" content=\"1000\" \/>\n\t<meta property=\"og:image:height\" content=\"668\" \/>\n\t<meta property=\"og:image:type\" content=\"image\/jpeg\" \/>\n<meta name=\"author\" content=\"Joda J\" \/>\n<meta name=\"twitter:card\" content=\"summary_large_image\" \/>\n<meta name=\"twitter:label1\" content=\"Escrito por\" \/>\n\t<meta name=\"twitter:data1\" content=\"Joda J\" \/>\n\t<meta name=\"twitter:label2\" content=\"Tiempo de lectura\" \/>\n\t<meta name=\"twitter:data2\" content=\"4 minutos\" \/>\n<script type=\"application\/ld+json\" class=\"yoast-schema-graph\">{\"@context\":\"https:\/\/schema.org\",\"@graph\":[{\"@type\":\"Article\",\"@id\":\"https:\/\/www.latitude-15.com\/es\/cielos-divergentes-el-trafico-de-enero-de-2026-de-asur-senala-una-recuperacion-fragmentada-de-la-aviacion-en-america-latina-y-el-caribe\/#article\",\"isPartOf\":{\"@id\":\"https:\/\/www.latitude-15.com\/es\/cielos-divergentes-el-trafico-de-enero-de-2026-de-asur-senala-una-recuperacion-fragmentada-de-la-aviacion-en-america-latina-y-el-caribe\/\"},\"author\":{\"name\":\"Joda J\",\"@id\":\"https:\/\/www.latitude-15.com\/es\/#\/schema\/person\/dac52e7ff44c78317f337da112e37252\"},\"headline\":\"Cielos divergentes: el tr\u00e1fico de enero de 2026 de ASUR se\u00f1ala una recuperaci\u00f3n fragmentada de la aviaci\u00f3n en Am\u00e9rica Latina y el Caribe\",\"datePublished\":\"2026-02-19T16:29:00+00:00\",\"dateModified\":\"2026-02-20T02:02:59+00:00\",\"mainEntityOfPage\":{\"@id\":\"https:\/\/www.latitude-15.com\/es\/cielos-divergentes-el-trafico-de-enero-de-2026-de-asur-senala-una-recuperacion-fragmentada-de-la-aviacion-en-america-latina-y-el-caribe\/\"},\"wordCount\":809,\"commentCount\":0,\"publisher\":{\"@id\":\"https:\/\/www.latitude-15.com\/es\/#organization\"},\"image\":{\"@id\":\"https:\/\/www.latitude-15.com\/es\/cielos-divergentes-el-trafico-de-enero-de-2026-de-asur-senala-una-recuperacion-fragmentada-de-la-aviacion-en-america-latina-y-el-caribe\/#primaryimage\"},\"thumbnailUrl\":\"https:\/\/www.latitude-15.com\/wp-content\/uploads\/2026\/02\/349.jpg\",\"articleSection\":[\"Aeropuertos e infraestructura\",\"AVIACI\u00d3N\"],\"inLanguage\":\"es\",\"potentialAction\":[{\"@type\":\"CommentAction\",\"name\":\"Comment\",\"target\":[\"https:\/\/www.latitude-15.com\/es\/cielos-divergentes-el-trafico-de-enero-de-2026-de-asur-senala-una-recuperacion-fragmentada-de-la-aviacion-en-america-latina-y-el-caribe\/#respond\"]}]},{\"@type\":\"WebPage\",\"@id\":\"https:\/\/www.latitude-15.com\/es\/cielos-divergentes-el-trafico-de-enero-de-2026-de-asur-senala-una-recuperacion-fragmentada-de-la-aviacion-en-america-latina-y-el-caribe\/\",\"url\":\"https:\/\/www.latitude-15.com\/es\/cielos-divergentes-el-trafico-de-enero-de-2026-de-asur-senala-una-recuperacion-fragmentada-de-la-aviacion-en-america-latina-y-el-caribe\/\",\"name\":\"Cielos divergentes: el tr\u00e1fico de enero de 2026 de ASUR se\u00f1ala una recuperaci\u00f3n fragmentada de la aviaci\u00f3n en Am\u00e9rica Latina y el Caribe - LATITUDE 15\",\"isPartOf\":{\"@id\":\"https:\/\/www.latitude-15.com\/es\/#website\"},\"primaryImageOfPage\":{\"@id\":\"https:\/\/www.latitude-15.com\/es\/cielos-divergentes-el-trafico-de-enero-de-2026-de-asur-senala-una-recuperacion-fragmentada-de-la-aviacion-en-america-latina-y-el-caribe\/#primaryimage\"},\"image\":{\"@id\":\"https:\/\/www.latitude-15.com\/es\/cielos-divergentes-el-trafico-de-enero-de-2026-de-asur-senala-una-recuperacion-fragmentada-de-la-aviacion-en-america-latina-y-el-caribe\/#primaryimage\"},\"thumbnailUrl\":\"https:\/\/www.latitude-15.com\/wp-content\/uploads\/2026\/02\/349.jpg\",\"datePublished\":\"2026-02-19T16:29:00+00:00\",\"dateModified\":\"2026-02-20T02:02:59+00:00\",\"breadcrumb\":{\"@id\":\"https:\/\/www.latitude-15.com\/es\/cielos-divergentes-el-trafico-de-enero-de-2026-de-asur-senala-una-recuperacion-fragmentada-de-la-aviacion-en-america-latina-y-el-caribe\/#breadcrumb\"},\"inLanguage\":\"es\",\"potentialAction\":[{\"@type\":\"ReadAction\",\"target\":[\"https:\/\/www.latitude-15.com\/es\/cielos-divergentes-el-trafico-de-enero-de-2026-de-asur-senala-una-recuperacion-fragmentada-de-la-aviacion-en-america-latina-y-el-caribe\/\"]}]},{\"@type\":\"ImageObject\",\"inLanguage\":\"es\",\"@id\":\"https:\/\/www.latitude-15.com\/es\/cielos-divergentes-el-trafico-de-enero-de-2026-de-asur-senala-una-recuperacion-fragmentada-de-la-aviacion-en-america-latina-y-el-caribe\/#primaryimage\",\"url\":\"https:\/\/www.latitude-15.com\/wp-content\/uploads\/2026\/02\/349.jpg\",\"contentUrl\":\"https:\/\/www.latitude-15.com\/wp-content\/uploads\/2026\/02\/349.jpg\",\"width\":1000,\"height\":668,\"caption\":\"ASUR Traffic\"},{\"@type\":\"BreadcrumbList\",\"@id\":\"https:\/\/www.latitude-15.com\/es\/cielos-divergentes-el-trafico-de-enero-de-2026-de-asur-senala-una-recuperacion-fragmentada-de-la-aviacion-en-america-latina-y-el-caribe\/#breadcrumb\",\"itemListElement\":[{\"@type\":\"ListItem\",\"position\":1,\"name\":\"Home\",\"item\":\"https:\/\/www.latitude-15.com\/es\/inicio\/\"},{\"@type\":\"ListItem\",\"position\":2,\"name\":\"Cielos divergentes: el tr\u00e1fico de enero de 2026 de ASUR se\u00f1ala una recuperaci\u00f3n fragmentada de la aviaci\u00f3n en Am\u00e9rica Latina y el Caribe\"}]},{\"@type\":\"WebSite\",\"@id\":\"https:\/\/www.latitude-15.com\/es\/#website\",\"url\":\"https:\/\/www.latitude-15.com\/es\/\",\"name\":\"LATITUDE 15\",\"description\":\"Aviation and maritime Magazine - Caribbean &amp; Latin America\",\"publisher\":{\"@id\":\"https:\/\/www.latitude-15.com\/es\/#organization\"},\"potentialAction\":[{\"@type\":\"SearchAction\",\"target\":{\"@type\":\"EntryPoint\",\"urlTemplate\":\"https:\/\/www.latitude-15.com\/es\/?s={search_term_string}\"},\"query-input\":{\"@type\":\"PropertyValueSpecification\",\"valueRequired\":true,\"valueName\":\"search_term_string\"}}],\"inLanguage\":\"es\"},{\"@type\":\"Organization\",\"@id\":\"https:\/\/www.latitude-15.com\/es\/#organization\",\"name\":\"LATITUDE 15\",\"url\":\"https:\/\/www.latitude-15.com\/es\/\",\"logo\":{\"@type\":\"ImageObject\",\"inLanguage\":\"es\",\"@id\":\"https:\/\/www.latitude-15.com\/es\/#\/schema\/logo\/image\/\",\"url\":\"https:\/\/www.latitude-15.com\/wp-content\/uploads\/2026\/01\/cropped-logox500px.png\",\"contentUrl\":\"https:\/\/www.latitude-15.com\/wp-content\/uploads\/2026\/01\/cropped-logox500px.png\",\"width\":62,\"height\":75,\"caption\":\"LATITUDE 15\"},\"image\":{\"@id\":\"https:\/\/www.latitude-15.com\/es\/#\/schema\/logo\/image\/\"}},{\"@type\":\"Person\",\"@id\":\"https:\/\/www.latitude-15.com\/es\/#\/schema\/person\/dac52e7ff44c78317f337da112e37252\",\"name\":\"Joda J\",\"image\":{\"@type\":\"ImageObject\",\"inLanguage\":\"es\",\"@id\":\"https:\/\/www.latitude-15.com\/es\/#\/schema\/person\/image\/\",\"url\":\"https:\/\/secure.gravatar.com\/avatar\/6b1feae555e15404b76616f92d931d12b25ac58024f14ccb43d9d3c012e4c4cf?s=96&d=mm&r=g\",\"contentUrl\":\"https:\/\/secure.gravatar.com\/avatar\/6b1feae555e15404b76616f92d931d12b25ac58024f14ccb43d9d3c012e4c4cf?s=96&d=mm&r=g\",\"caption\":\"Joda J\"},\"url\":\"https:\/\/www.latitude-15.com\/es\/author\/joda\/\"}]}<\/script>\n<!-- \/ Yoast SEO plugin. -->","yoast_head_json":{"title":"Cielos divergentes: el tr\u00e1fico de enero de 2026 de ASUR se\u00f1ala una recuperaci\u00f3n fragmentada de la aviaci\u00f3n en Am\u00e9rica Latina y el Caribe - LATITUDE 15","robots":{"index":"index","follow":"follow","max-snippet":"max-snippet:-1","max-image-preview":"max-image-preview:large","max-video-preview":"max-video-preview:-1"},"canonical":"https:\/\/www.latitude-15.com\/es\/cielos-divergentes-el-trafico-de-enero-de-2026-de-asur-senala-una-recuperacion-fragmentada-de-la-aviacion-en-america-latina-y-el-caribe\/","og_locale":"es_ES","og_type":"article","og_title":"Cielos divergentes: el tr\u00e1fico de enero de 2026 de ASUR se\u00f1ala una recuperaci\u00f3n fragmentada de la aviaci\u00f3n en Am\u00e9rica Latina y el Caribe - LATITUDE 15","og_description":"Colombia acelera, M\u00e9xico se estabiliza y Puerto Rico pierde impulso \u2014 los datos de inicios de 2026 revelan patrones de demanda cambiantes dentro de uno de los mayores portafolios aeroportuarios de la regi\u00f3n. Trayectorias divergentes dentro del portafolio de ASUR Los datos de pasajeros de enero de 2026 publicados por Grupo Aeroportuario del Sureste (ASUR) [&hellip;]","og_url":"https:\/\/www.latitude-15.com\/es\/cielos-divergentes-el-trafico-de-enero-de-2026-de-asur-senala-una-recuperacion-fragmentada-de-la-aviacion-en-america-latina-y-el-caribe\/","og_site_name":"LATITUDE 15","article_published_time":"2026-02-19T16:29:00+00:00","article_modified_time":"2026-02-20T02:02:59+00:00","og_image":[{"width":1000,"height":668,"url":"https:\/\/www.latitude-15.com\/wp-content\/uploads\/2026\/02\/349.jpg","type":"image\/jpeg"}],"author":"Joda J","twitter_card":"summary_large_image","twitter_misc":{"Escrito por":"Joda J","Tiempo de lectura":"4 minutos"},"schema":{"@context":"https:\/\/schema.org","@graph":[{"@type":"Article","@id":"https:\/\/www.latitude-15.com\/es\/cielos-divergentes-el-trafico-de-enero-de-2026-de-asur-senala-una-recuperacion-fragmentada-de-la-aviacion-en-america-latina-y-el-caribe\/#article","isPartOf":{"@id":"https:\/\/www.latitude-15.com\/es\/cielos-divergentes-el-trafico-de-enero-de-2026-de-asur-senala-una-recuperacion-fragmentada-de-la-aviacion-en-america-latina-y-el-caribe\/"},"author":{"name":"Joda J","@id":"https:\/\/www.latitude-15.com\/es\/#\/schema\/person\/dac52e7ff44c78317f337da112e37252"},"headline":"Cielos divergentes: el tr\u00e1fico de enero de 2026 de ASUR se\u00f1ala una recuperaci\u00f3n fragmentada de la aviaci\u00f3n en Am\u00e9rica Latina y el Caribe","datePublished":"2026-02-19T16:29:00+00:00","dateModified":"2026-02-20T02:02:59+00:00","mainEntityOfPage":{"@id":"https:\/\/www.latitude-15.com\/es\/cielos-divergentes-el-trafico-de-enero-de-2026-de-asur-senala-una-recuperacion-fragmentada-de-la-aviacion-en-america-latina-y-el-caribe\/"},"wordCount":809,"commentCount":0,"publisher":{"@id":"https:\/\/www.latitude-15.com\/es\/#organization"},"image":{"@id":"https:\/\/www.latitude-15.com\/es\/cielos-divergentes-el-trafico-de-enero-de-2026-de-asur-senala-una-recuperacion-fragmentada-de-la-aviacion-en-america-latina-y-el-caribe\/#primaryimage"},"thumbnailUrl":"https:\/\/www.latitude-15.com\/wp-content\/uploads\/2026\/02\/349.jpg","articleSection":["Aeropuertos e infraestructura","AVIACI\u00d3N"],"inLanguage":"es","potentialAction":[{"@type":"CommentAction","name":"Comment","target":["https:\/\/www.latitude-15.com\/es\/cielos-divergentes-el-trafico-de-enero-de-2026-de-asur-senala-una-recuperacion-fragmentada-de-la-aviacion-en-america-latina-y-el-caribe\/#respond"]}]},{"@type":"WebPage","@id":"https:\/\/www.latitude-15.com\/es\/cielos-divergentes-el-trafico-de-enero-de-2026-de-asur-senala-una-recuperacion-fragmentada-de-la-aviacion-en-america-latina-y-el-caribe\/","url":"https:\/\/www.latitude-15.com\/es\/cielos-divergentes-el-trafico-de-enero-de-2026-de-asur-senala-una-recuperacion-fragmentada-de-la-aviacion-en-america-latina-y-el-caribe\/","name":"Cielos divergentes: el tr\u00e1fico de enero de 2026 de ASUR se\u00f1ala una recuperaci\u00f3n fragmentada de la aviaci\u00f3n en Am\u00e9rica Latina y el Caribe - LATITUDE 15","isPartOf":{"@id":"https:\/\/www.latitude-15.com\/es\/#website"},"primaryImageOfPage":{"@id":"https:\/\/www.latitude-15.com\/es\/cielos-divergentes-el-trafico-de-enero-de-2026-de-asur-senala-una-recuperacion-fragmentada-de-la-aviacion-en-america-latina-y-el-caribe\/#primaryimage"},"image":{"@id":"https:\/\/www.latitude-15.com\/es\/cielos-divergentes-el-trafico-de-enero-de-2026-de-asur-senala-una-recuperacion-fragmentada-de-la-aviacion-en-america-latina-y-el-caribe\/#primaryimage"},"thumbnailUrl":"https:\/\/www.latitude-15.com\/wp-content\/uploads\/2026\/02\/349.jpg","datePublished":"2026-02-19T16:29:00+00:00","dateModified":"2026-02-20T02:02:59+00:00","breadcrumb":{"@id":"https:\/\/www.latitude-15.com\/es\/cielos-divergentes-el-trafico-de-enero-de-2026-de-asur-senala-una-recuperacion-fragmentada-de-la-aviacion-en-america-latina-y-el-caribe\/#breadcrumb"},"inLanguage":"es","potentialAction":[{"@type":"ReadAction","target":["https:\/\/www.latitude-15.com\/es\/cielos-divergentes-el-trafico-de-enero-de-2026-de-asur-senala-una-recuperacion-fragmentada-de-la-aviacion-en-america-latina-y-el-caribe\/"]}]},{"@type":"ImageObject","inLanguage":"es","@id":"https:\/\/www.latitude-15.com\/es\/cielos-divergentes-el-trafico-de-enero-de-2026-de-asur-senala-una-recuperacion-fragmentada-de-la-aviacion-en-america-latina-y-el-caribe\/#primaryimage","url":"https:\/\/www.latitude-15.com\/wp-content\/uploads\/2026\/02\/349.jpg","contentUrl":"https:\/\/www.latitude-15.com\/wp-content\/uploads\/2026\/02\/349.jpg","width":1000,"height":668,"caption":"ASUR Traffic"},{"@type":"BreadcrumbList","@id":"https:\/\/www.latitude-15.com\/es\/cielos-divergentes-el-trafico-de-enero-de-2026-de-asur-senala-una-recuperacion-fragmentada-de-la-aviacion-en-america-latina-y-el-caribe\/#breadcrumb","itemListElement":[{"@type":"ListItem","position":1,"name":"Home","item":"https:\/\/www.latitude-15.com\/es\/inicio\/"},{"@type":"ListItem","position":2,"name":"Cielos divergentes: el tr\u00e1fico de enero de 2026 de ASUR se\u00f1ala una recuperaci\u00f3n fragmentada de la aviaci\u00f3n en Am\u00e9rica Latina y el Caribe"}]},{"@type":"WebSite","@id":"https:\/\/www.latitude-15.com\/es\/#website","url":"https:\/\/www.latitude-15.com\/es\/","name":"LATITUDE 15","description":"Aviation and maritime Magazine - Caribbean &amp; Latin America","publisher":{"@id":"https:\/\/www.latitude-15.com\/es\/#organization"},"potentialAction":[{"@type":"SearchAction","target":{"@type":"EntryPoint","urlTemplate":"https:\/\/www.latitude-15.com\/es\/?s={search_term_string}"},"query-input":{"@type":"PropertyValueSpecification","valueRequired":true,"valueName":"search_term_string"}}],"inLanguage":"es"},{"@type":"Organization","@id":"https:\/\/www.latitude-15.com\/es\/#organization","name":"LATITUDE 15","url":"https:\/\/www.latitude-15.com\/es\/","logo":{"@type":"ImageObject","inLanguage":"es","@id":"https:\/\/www.latitude-15.com\/es\/#\/schema\/logo\/image\/","url":"https:\/\/www.latitude-15.com\/wp-content\/uploads\/2026\/01\/cropped-logox500px.png","contentUrl":"https:\/\/www.latitude-15.com\/wp-content\/uploads\/2026\/01\/cropped-logox500px.png","width":62,"height":75,"caption":"LATITUDE 15"},"image":{"@id":"https:\/\/www.latitude-15.com\/es\/#\/schema\/logo\/image\/"}},{"@type":"Person","@id":"https:\/\/www.latitude-15.com\/es\/#\/schema\/person\/dac52e7ff44c78317f337da112e37252","name":"Joda J","image":{"@type":"ImageObject","inLanguage":"es","@id":"https:\/\/www.latitude-15.com\/es\/#\/schema\/person\/image\/","url":"https:\/\/secure.gravatar.com\/avatar\/6b1feae555e15404b76616f92d931d12b25ac58024f14ccb43d9d3c012e4c4cf?s=96&d=mm&r=g","contentUrl":"https:\/\/secure.gravatar.com\/avatar\/6b1feae555e15404b76616f92d931d12b25ac58024f14ccb43d9d3c012e4c4cf?s=96&d=mm&r=g","caption":"Joda J"},"url":"https:\/\/www.latitude-15.com\/es\/author\/joda\/"}]}},"_links":{"self":[{"href":"https:\/\/www.latitude-15.com\/es\/wp-json\/wp\/v2\/posts\/20808","targetHints":{"allow":["GET"]}}],"collection":[{"href":"https:\/\/www.latitude-15.com\/es\/wp-json\/wp\/v2\/posts"}],"about":[{"href":"https:\/\/www.latitude-15.com\/es\/wp-json\/wp\/v2\/types\/post"}],"author":[{"embeddable":true,"href":"https:\/\/www.latitude-15.com\/es\/wp-json\/wp\/v2\/users\/5"}],"replies":[{"embeddable":true,"href":"https:\/\/www.latitude-15.com\/es\/wp-json\/wp\/v2\/comments?post=20808"}],"version-history":[{"count":1,"href":"https:\/\/www.latitude-15.com\/es\/wp-json\/wp\/v2\/posts\/20808\/revisions"}],"predecessor-version":[{"id":20809,"href":"https:\/\/www.latitude-15.com\/es\/wp-json\/wp\/v2\/posts\/20808\/revisions\/20809"}],"wp:featuredmedia":[{"embeddable":true,"href":"https:\/\/www.latitude-15.com\/es\/wp-json\/wp\/v2\/media\/20807"}],"wp:attachment":[{"href":"https:\/\/www.latitude-15.com\/es\/wp-json\/wp\/v2\/media?parent=20808"}],"wp:term":[{"taxonomy":"category","embeddable":true,"href":"https:\/\/www.latitude-15.com\/es\/wp-json\/wp\/v2\/categories?post=20808"},{"taxonomy":"post_tag","embeddable":true,"href":"https:\/\/www.latitude-15.com\/es\/wp-json\/wp\/v2\/tags?post=20808"}],"curies":[{"name":"wp","href":"https:\/\/api.w.org\/{rel}","templated":true}]}}