{"id":20778,"date":"2026-02-18T10:29:29","date_gmt":"2026-02-18T14:29:29","guid":{"rendered":"https:\/\/www.latitude-15.com\/brasil-argentina-y-panama-el-nuevo-triangulo-de-poder-de-la-aviacion-en-america-latina-y-el-caribe\/"},"modified":"2026-02-19T09:29:25","modified_gmt":"2026-02-19T13:29:25","slug":"brasil-argentina-y-panama-el-nuevo-triangulo-de-poder-de-la-aviacion-en-america-latina-y-el-caribe","status":"publish","type":"post","link":"https:\/\/www.latitude-15.com\/es\/brasil-argentina-y-panama-el-nuevo-triangulo-de-poder-de-la-aviacion-en-america-latina-y-el-caribe\/","title":{"rendered":"Brasil, Argentina y Panam\u00e1: el nuevo tri\u00e1ngulo de poder de la aviaci\u00f3n en Am\u00e9rica Latina y el Caribe"},"content":{"rendered":"\n<p>Am\u00e9rica Latina y el Caribe cerraron 2025 con 477,3 millones de pasajeros, lo que representa un crecimiento interanual del 3,8% y 17,5 millones de viajeros adicionales en comparaci\u00f3n con 2024. A primera vista, la cifra sugiere una consolidaci\u00f3n sostenida m\u00e1s que una expansi\u00f3n acelerada. Sin embargo, los datos publicados por la ALTA (Latin American and Caribbean Air Transport Association) revelan una transformaci\u00f3n m\u00e1s estructural: un desplazamiento en los equilibrios de poder de la aviaci\u00f3n regional.  <\/p>\n\n<p>El 84% del crecimiento neto provino del tr\u00e1fico dom\u00e9stico e intra-regional. El centro de gravedad ya no es la recuperaci\u00f3n intercontinental, sino la consolidaci\u00f3n interna. En ese contexto, tres pa\u00edses destacan \u2014 Brasil, Argentina y Panam\u00e1 \u2014 configurando lo que cada vez m\u00e1s se asemeja a un nuevo tri\u00e1ngulo estrat\u00e9gico en la aviaci\u00f3n regional.   <\/p>\n\n<h2 class=\"wp-block-heading\">Brasil: el motor de la demanda<\/h2>\n\n<p>Brasil se mantuvo como el mayor mercado a\u00e9reo de Am\u00e9rica Latina en 2025, con 129,6 millones de pasajeros, seg\u00fan el informe anual de tr\u00e1fico publicado por la ALTA en febrero de 2026. El pa\u00eds aport\u00f3 por s\u00ed solo 11,2 millones de pasajeros adicionales interanuales, lo que equivale a un crecimiento del 9,4%, la mayor contribuci\u00f3n neta de la regi\u00f3n. <\/p>\n\n<p>Dos hitos subrayan el peso estructural de Brasil. Por primera vez, el tr\u00e1fico dom\u00e9stico super\u00f3 los 100 millones de pasajeros. El tr\u00e1fico internacional tambi\u00e9n alcanz\u00f3 un m\u00e1ximo hist\u00f3rico de 28,4 millones de pasajeros, con un aumento del 13,4% interanual.  <\/p>\n\n<p>Lo que otorga relevancia estrat\u00e9gica al desempe\u00f1o brasile\u00f1o es su dimensi\u00f3n receptiva. Las llegadas internacionales por v\u00eda a\u00e9rea aumentaron un 33,2% en 2025, con un crecimiento del 77% en visitantes argentinos, seg\u00fan cifras citadas por la ALTA. El tr\u00e1fico a\u00e9reo entre Brasil y Argentina creci\u00f3 un 29,7% interanual, representando aproximadamente un tercio del crecimiento internacional de Brasil.  <\/p>\n\n<p>Brasil ya no es solo un gran mercado dom\u00e9stico. Act\u00faa como un polo regional de demanda, fortaleciendo los corredores internos de Am\u00e9rica del Sur. <\/p>\n\n<h2 class=\"wp-block-heading\">Argentina: el nodo de aceleraci\u00f3n<\/h2>\n\n<p>Argentina registr\u00f3 el mayor crecimiento porcentual de la regi\u00f3n en 2025. El tr\u00e1fico total alcanz\u00f3 33,3 millones de pasajeros, un aumento del 13,2% interanual, equivalente a 3,9 millones de pasajeros adicionales. <\/p>\n\n<p>El tr\u00e1fico dom\u00e9stico creci\u00f3 un 9,1%, mientras que el internacional se increment\u00f3 un 18,2%. La expansi\u00f3n de la oferta a\u00e9rea desempe\u00f1\u00f3 un papel decisivo. Seg\u00fan datos de la ALTA, el tr\u00e1fico entre Argentina y Brasil aument\u00f3 un 38%, las rutas hacia Rep\u00fablica Dominicana crecieron un 93% y las conexiones con Colombia un 28%.  <\/p>\n\n<p>Este patr\u00f3n refleja un contexto de mayor apertura de mercado y expansi\u00f3n de la conectividad internacional. El crecimiento argentino en 2025 no fue simplemente una recuperaci\u00f3n c\u00edclica, sino una expansi\u00f3n impulsionada por corredores espec\u00edficos. El pa\u00eds emerge como un acelerador clave de los flujos intra-LAC.  <\/p>\n\n<h2 class=\"wp-block-heading\">Panam\u00e1: el conector estrat\u00e9gico<\/h2>\n\n<p>Panam\u00e1 registr\u00f3 casi 21 millones de pasajeros en 2025, con un crecimiento del 9% interanual, equivalente a 1,7 millones de viajeros adicionales. A diferencia de Brasil y Argentina, el papel estrat\u00e9gico de Panam\u00e1 radica menos en el volumen absoluto y m\u00e1s en la estructura de conectividad. <\/p>\n\n<p>El tr\u00e1fico origen-destino entre Panam\u00e1 y Estados Unidos totaliz\u00f3 4,63 millones de pasajeros en 2025, un aumento del 8,1% interanual. Esto resulta particularmente significativo considerando que el tr\u00e1fico total entre Am\u00e9rica Latina y Estados Unidos se contrajo un 0,3% durante el mismo per\u00edodo, seg\u00fan los datos regionales agregados de la ALTA <\/p>\n\n<p>El hub de Tocumen contin\u00faa captando y redistribuyendo flujos incluso cuando el tr\u00e1fico continental se desacelera. Funciona como bisagra entre Am\u00e9rica del Norte y Am\u00e9rica del Sur, respaldado por una gesti\u00f3n disciplinada de capacidad y una optimizaci\u00f3n constante del hub. <\/p>\n\n<h2 class=\"wp-block-heading\">Disciplina de capacidad y equilibrio de mercado<\/h2>\n\n<p>M\u00e1s all\u00e1 del desempe\u00f1o por pa\u00eds, destaca la solidez estructural de la regi\u00f3n. La <a href=\"https:\/\/alta.aero\/en\/news\/trafico-aereo-en-america-latina-y-el-caribe-crecio-38-interanual-en-2025\/\">ALTA<\/a> informa que los ASK (available seat kilometers) crecieron un 4,6% en 2025, mientras que los RPK (revenue passenger kilometers) aumentaron un 4,5%. El factor de ocupaci\u00f3n promedio regional alcanz\u00f3 el 83,7% durante el a\u00f1o. <\/p>\n\n<p>La expansi\u00f3n de la capacidad sigui\u00f3 de cerca el crecimiento de la demanda. El n\u00famero total de vuelos aument\u00f3 un 2%, la oferta de asientos creci\u00f3 un 3,1%, y el promedio de asientos por vuelo se situ\u00f3 en 160, frente a 158 en 2024. <\/p>\n\n<p>Esta alineaci\u00f3n sugiere un entorno de mercado equilibrado \u2014 sin sobreoferta ni sobrecalentamiento. Para aerol\u00edneas y aeropuertos, refleja disciplina operativa m\u00e1s que expansi\u00f3n especulativa. <\/p>\n\n<figure class=\"wp-block-image size-large\"><img fetchpriority=\"high\" decoding=\"async\" width=\"1024\" height=\"503\" src=\"https:\/\/www.latitude-15.com\/wp-content\/uploads\/2026\/02\/pax-dic-EN-1024x503.png\" alt=\"\" class=\"wp-image-20738\" srcset=\"https:\/\/www.latitude-15.com\/wp-content\/uploads\/2026\/02\/pax-dic-EN-1024x503.png 1024w, https:\/\/www.latitude-15.com\/wp-content\/uploads\/2026\/02\/pax-dic-EN-300x147.png 300w, https:\/\/www.latitude-15.com\/wp-content\/uploads\/2026\/02\/pax-dic-EN-768x377.png 768w, https:\/\/www.latitude-15.com\/wp-content\/uploads\/2026\/02\/pax-dic-EN-1536x754.png 1536w, https:\/\/www.latitude-15.com\/wp-content\/uploads\/2026\/02\/pax-dic-EN-1320x648.png 1320w, https:\/\/www.latitude-15.com\/wp-content\/uploads\/2026\/02\/pax-dic-EN.png 1752w\" sizes=\"(max-width: 1024px) 100vw, 1024px\" \/><\/figure>\n\n<h2 class=\"wp-block-heading\">Una regi\u00f3n que crece desde dentro<\/h2>\n\n<p>La caracter\u00edstica definitoria de 2025 no fue el resurgimiento del largo radio, sino el fortalecimiento regional. <\/p>\n\n<p>Con el 84% del crecimiento neto procedente de operaciones dom\u00e9sticas e intra-regionales, Am\u00e9rica Latina y el Caribe est\u00e1n consolidando su conectividad interna. Corredores como Brasil\u2013Argentina y Panam\u00e1\u2013Estados Unidos muestran que el tr\u00e1fico se reorganiza en torno a flujos regionales eficientes, en lugar de depender exclusivamente de la demanda transatl\u00e1ntica o transpac\u00edfica. <\/p>\n\n<p>Incluso los mercados con resultados moderados o mixtos contribuyen a esta din\u00e1mica estructural. M\u00e9xico se mantuvo como el segundo mayor mercado con 122,4 millones de pasajeros (+2,4%), mientras que Colombia alcanz\u00f3 57,5 millones (+1,7%), pese a la debilidad dom\u00e9stica en Bogot\u00e1. Per\u00fa registr\u00f3 28,5 millones de pasajeros (+5,9%), beneficiado por la ampliaci\u00f3n de infraestructura aeroportuaria en Lima. En el Caribe, Rep\u00fablica Dominicana lider\u00f3 el crecimiento con 19,6 millones de pasajeros (+3,1%), mientras que Jamaica experiment\u00f3 una ca\u00edda del 7,7%, principalmente vinculada a disrupciones operativas tras el hurac\u00e1n Melissa en el cuarto trimestre.   <\/p>\n\n<p>Estas variaciones evidencian una regi\u00f3n en transici\u00f3n \u2014 diversificada, impulsada por corredores y cada vez m\u00e1s interdependiente.<\/p>\n\n<h2 class=\"wp-block-heading\">Implicaciones estrat\u00e9gicas para 2026<\/h2>\n\n<p>La tasa de crecimiento regional del 3,8% confirma estabilidad. Sin embargo, el mensaje m\u00e1s relevante es la redistribuci\u00f3n estructural. <\/p>\n\n<p>Brasil consolida su posici\u00f3n como motor de demanda regional. Argentina acelera mediante una conectividad liberalizada y la expansi\u00f3n de corredores internacionales. Panam\u00e1 refuerza su papel como hub de redistribuci\u00f3n norte\u2013sur. Juntos, configuran un eje triangular que est\u00e1 modelando los flujos de aviaci\u00f3n en Am\u00e9rica Latina y el Caribe.   <\/p>\n\n<p>Si la modernizaci\u00f3n regulatoria y los marcos competitivos contin\u00faan avanzando \u2014 como destac\u00f3 el CEO de la ALTA, Peter Cerd\u00e1, en su declaraci\u00f3n de febrero de 2026 \u2014 el crecimiento impulsado internamente podr\u00eda intensificarse. Los datos hablan de recuperaci\u00f3n. Los corredores revelan reconfiguraci\u00f3n. Y en 2025, esa reconfiguraci\u00f3n situ\u00f3 a Brasil, Argentina y Panam\u00e1 en el centro del mapa de poder de la aviaci\u00f3n latinoamericana y caribe\u00f1a.   <\/p>\n","protected":false},"excerpt":{"rendered":"<p>Am\u00e9rica Latina y el Caribe cerraron 2025 con 477,3 millones de pasajeros, lo que representa un crecimiento interanual del 3,8% y 17,5 millones de viajeros adicionales en comparaci\u00f3n con 2024. A primera vista, la cifra sugiere una consolidaci\u00f3n sostenida m\u00e1s que una expansi\u00f3n acelerada. Sin embargo, los datos publicados por la ALTA (Latin American and [&hellip;]<\/p>\n","protected":false},"author":5,"featured_media":0,"comment_status":"open","ping_status":"open","sticky":false,"template":"","format":"standard","meta":{"footnotes":""},"categories":[99,102],"tags":[],"class_list":["post-20778","post","type-post","status-publish","format-standard","hentry","category-aviacion","category-conectividad-aerea-y-desarrollo-de-rutas"],"yoast_head":"<!-- This site is optimized with the Yoast SEO plugin v26.9 - https:\/\/yoast.com\/product\/yoast-seo-wordpress\/ -->\n<title>Brasil, Argentina y Panam\u00e1: el nuevo tri\u00e1ngulo de poder de la aviaci\u00f3n en Am\u00e9rica Latina y el Caribe - LATITUDE 15<\/title>\n<meta name=\"robots\" content=\"index, follow, max-snippet:-1, max-image-preview:large, max-video-preview:-1\" \/>\n<link rel=\"canonical\" href=\"https:\/\/www.latitude-15.com\/es\/brasil-argentina-y-panama-el-nuevo-triangulo-de-poder-de-la-aviacion-en-america-latina-y-el-caribe\/\" \/>\n<meta property=\"og:locale\" content=\"es_ES\" \/>\n<meta property=\"og:type\" content=\"article\" \/>\n<meta property=\"og:title\" content=\"Brasil, Argentina y Panam\u00e1: el nuevo tri\u00e1ngulo de poder de la aviaci\u00f3n en Am\u00e9rica Latina y el Caribe - LATITUDE 15\" \/>\n<meta property=\"og:description\" content=\"Am\u00e9rica Latina y el Caribe cerraron 2025 con 477,3 millones de pasajeros, lo que representa un crecimiento interanual del 3,8% y 17,5 millones de viajeros adicionales en comparaci\u00f3n con 2024. A primera vista, la cifra sugiere una consolidaci\u00f3n sostenida m\u00e1s que una expansi\u00f3n acelerada. Sin embargo, los datos publicados por la ALTA (Latin American and [&hellip;]\" \/>\n<meta property=\"og:url\" content=\"https:\/\/www.latitude-15.com\/es\/brasil-argentina-y-panama-el-nuevo-triangulo-de-poder-de-la-aviacion-en-america-latina-y-el-caribe\/\" \/>\n<meta property=\"og:site_name\" content=\"LATITUDE 15\" \/>\n<meta property=\"article:published_time\" content=\"2026-02-18T14:29:29+00:00\" \/>\n<meta property=\"article:modified_time\" content=\"2026-02-19T13:29:25+00:00\" \/>\n<meta property=\"og:image\" content=\"https:\/\/www.latitude-15.com\/wp-content\/uploads\/2026\/02\/41728.jpg\" \/>\n\t<meta property=\"og:image:width\" content=\"1000\" \/>\n\t<meta property=\"og:image:height\" content=\"663\" \/>\n\t<meta property=\"og:image:type\" content=\"image\/jpeg\" \/>\n<meta name=\"author\" content=\"Joda J\" \/>\n<meta name=\"twitter:card\" content=\"summary_large_image\" \/>\n<meta name=\"twitter:label1\" content=\"Escrito por\" \/>\n\t<meta name=\"twitter:data1\" content=\"Joda J\" \/>\n\t<meta name=\"twitter:label2\" content=\"Tiempo de lectura\" \/>\n\t<meta name=\"twitter:data2\" content=\"5 minutos\" \/>\n<script type=\"application\/ld+json\" class=\"yoast-schema-graph\">{\"@context\":\"https:\/\/schema.org\",\"@graph\":[{\"@type\":\"Article\",\"@id\":\"https:\/\/www.latitude-15.com\/es\/brasil-argentina-y-panama-el-nuevo-triangulo-de-poder-de-la-aviacion-en-america-latina-y-el-caribe\/#article\",\"isPartOf\":{\"@id\":\"https:\/\/www.latitude-15.com\/es\/brasil-argentina-y-panama-el-nuevo-triangulo-de-poder-de-la-aviacion-en-america-latina-y-el-caribe\/\"},\"author\":{\"name\":\"Joda J\",\"@id\":\"https:\/\/www.latitude-15.com\/es\/#\/schema\/person\/dac52e7ff44c78317f337da112e37252\"},\"headline\":\"Brasil, Argentina y Panam\u00e1: el nuevo tri\u00e1ngulo de poder de la aviaci\u00f3n en Am\u00e9rica Latina y el Caribe\",\"datePublished\":\"2026-02-18T14:29:29+00:00\",\"dateModified\":\"2026-02-19T13:29:25+00:00\",\"mainEntityOfPage\":{\"@id\":\"https:\/\/www.latitude-15.com\/es\/brasil-argentina-y-panama-el-nuevo-triangulo-de-poder-de-la-aviacion-en-america-latina-y-el-caribe\/\"},\"wordCount\":1111,\"commentCount\":0,\"publisher\":{\"@id\":\"https:\/\/www.latitude-15.com\/es\/#organization\"},\"image\":{\"@id\":\"https:\/\/www.latitude-15.com\/es\/brasil-argentina-y-panama-el-nuevo-triangulo-de-poder-de-la-aviacion-en-america-latina-y-el-caribe\/#primaryimage\"},\"thumbnailUrl\":\"https:\/\/www.latitude-15.com\/wp-content\/uploads\/2026\/02\/pax-dic-EN-1024x503.png\",\"articleSection\":[\"AVIACI\u00d3N\",\"Conectividad a\u00e9rea y Atractivo territorial\"],\"inLanguage\":\"es\",\"potentialAction\":[{\"@type\":\"CommentAction\",\"name\":\"Comment\",\"target\":[\"https:\/\/www.latitude-15.com\/es\/brasil-argentina-y-panama-el-nuevo-triangulo-de-poder-de-la-aviacion-en-america-latina-y-el-caribe\/#respond\"]}]},{\"@type\":\"WebPage\",\"@id\":\"https:\/\/www.latitude-15.com\/es\/brasil-argentina-y-panama-el-nuevo-triangulo-de-poder-de-la-aviacion-en-america-latina-y-el-caribe\/\",\"url\":\"https:\/\/www.latitude-15.com\/es\/brasil-argentina-y-panama-el-nuevo-triangulo-de-poder-de-la-aviacion-en-america-latina-y-el-caribe\/\",\"name\":\"Brasil, Argentina y Panam\u00e1: el nuevo tri\u00e1ngulo de poder de la aviaci\u00f3n en Am\u00e9rica Latina y el Caribe - LATITUDE 15\",\"isPartOf\":{\"@id\":\"https:\/\/www.latitude-15.com\/es\/#website\"},\"primaryImageOfPage\":{\"@id\":\"https:\/\/www.latitude-15.com\/es\/brasil-argentina-y-panama-el-nuevo-triangulo-de-poder-de-la-aviacion-en-america-latina-y-el-caribe\/#primaryimage\"},\"image\":{\"@id\":\"https:\/\/www.latitude-15.com\/es\/brasil-argentina-y-panama-el-nuevo-triangulo-de-poder-de-la-aviacion-en-america-latina-y-el-caribe\/#primaryimage\"},\"thumbnailUrl\":\"https:\/\/www.latitude-15.com\/wp-content\/uploads\/2026\/02\/pax-dic-EN-1024x503.png\",\"datePublished\":\"2026-02-18T14:29:29+00:00\",\"dateModified\":\"2026-02-19T13:29:25+00:00\",\"breadcrumb\":{\"@id\":\"https:\/\/www.latitude-15.com\/es\/brasil-argentina-y-panama-el-nuevo-triangulo-de-poder-de-la-aviacion-en-america-latina-y-el-caribe\/#breadcrumb\"},\"inLanguage\":\"es\",\"potentialAction\":[{\"@type\":\"ReadAction\",\"target\":[\"https:\/\/www.latitude-15.com\/es\/brasil-argentina-y-panama-el-nuevo-triangulo-de-poder-de-la-aviacion-en-america-latina-y-el-caribe\/\"]}]},{\"@type\":\"ImageObject\",\"inLanguage\":\"es\",\"@id\":\"https:\/\/www.latitude-15.com\/es\/brasil-argentina-y-panama-el-nuevo-triangulo-de-poder-de-la-aviacion-en-america-latina-y-el-caribe\/#primaryimage\",\"url\":\"https:\/\/www.latitude-15.com\/wp-content\/uploads\/2026\/02\/pax-dic-EN-1024x503.png\",\"contentUrl\":\"https:\/\/www.latitude-15.com\/wp-content\/uploads\/2026\/02\/pax-dic-EN-1024x503.png\"},{\"@type\":\"BreadcrumbList\",\"@id\":\"https:\/\/www.latitude-15.com\/es\/brasil-argentina-y-panama-el-nuevo-triangulo-de-poder-de-la-aviacion-en-america-latina-y-el-caribe\/#breadcrumb\",\"itemListElement\":[{\"@type\":\"ListItem\",\"position\":1,\"name\":\"Home\",\"item\":\"https:\/\/www.latitude-15.com\/es\/inicio\/\"},{\"@type\":\"ListItem\",\"position\":2,\"name\":\"Brasil, Argentina y Panam\u00e1: el nuevo tri\u00e1ngulo de poder de la aviaci\u00f3n en Am\u00e9rica Latina y el Caribe\"}]},{\"@type\":\"WebSite\",\"@id\":\"https:\/\/www.latitude-15.com\/es\/#website\",\"url\":\"https:\/\/www.latitude-15.com\/es\/\",\"name\":\"LATITUDE 15\",\"description\":\"Aviation and maritime Magazine - Caribbean &amp; Latin America\",\"publisher\":{\"@id\":\"https:\/\/www.latitude-15.com\/es\/#organization\"},\"potentialAction\":[{\"@type\":\"SearchAction\",\"target\":{\"@type\":\"EntryPoint\",\"urlTemplate\":\"https:\/\/www.latitude-15.com\/es\/?s={search_term_string}\"},\"query-input\":{\"@type\":\"PropertyValueSpecification\",\"valueRequired\":true,\"valueName\":\"search_term_string\"}}],\"inLanguage\":\"es\"},{\"@type\":\"Organization\",\"@id\":\"https:\/\/www.latitude-15.com\/es\/#organization\",\"name\":\"LATITUDE 15\",\"url\":\"https:\/\/www.latitude-15.com\/es\/\",\"logo\":{\"@type\":\"ImageObject\",\"inLanguage\":\"es\",\"@id\":\"https:\/\/www.latitude-15.com\/es\/#\/schema\/logo\/image\/\",\"url\":\"https:\/\/www.latitude-15.com\/wp-content\/uploads\/2026\/01\/cropped-logox500px.png\",\"contentUrl\":\"https:\/\/www.latitude-15.com\/wp-content\/uploads\/2026\/01\/cropped-logox500px.png\",\"width\":62,\"height\":75,\"caption\":\"LATITUDE 15\"},\"image\":{\"@id\":\"https:\/\/www.latitude-15.com\/es\/#\/schema\/logo\/image\/\"}},{\"@type\":\"Person\",\"@id\":\"https:\/\/www.latitude-15.com\/es\/#\/schema\/person\/dac52e7ff44c78317f337da112e37252\",\"name\":\"Joda J\",\"image\":{\"@type\":\"ImageObject\",\"inLanguage\":\"es\",\"@id\":\"https:\/\/www.latitude-15.com\/es\/#\/schema\/person\/image\/\",\"url\":\"https:\/\/secure.gravatar.com\/avatar\/6b1feae555e15404b76616f92d931d12b25ac58024f14ccb43d9d3c012e4c4cf?s=96&d=mm&r=g\",\"contentUrl\":\"https:\/\/secure.gravatar.com\/avatar\/6b1feae555e15404b76616f92d931d12b25ac58024f14ccb43d9d3c012e4c4cf?s=96&d=mm&r=g\",\"caption\":\"Joda J\"},\"url\":\"https:\/\/www.latitude-15.com\/es\/author\/joda\/\"}]}<\/script>\n<!-- \/ Yoast SEO plugin. -->","yoast_head_json":{"title":"Brasil, Argentina y Panam\u00e1: el nuevo tri\u00e1ngulo de poder de la aviaci\u00f3n en Am\u00e9rica Latina y el Caribe - LATITUDE 15","robots":{"index":"index","follow":"follow","max-snippet":"max-snippet:-1","max-image-preview":"max-image-preview:large","max-video-preview":"max-video-preview:-1"},"canonical":"https:\/\/www.latitude-15.com\/es\/brasil-argentina-y-panama-el-nuevo-triangulo-de-poder-de-la-aviacion-en-america-latina-y-el-caribe\/","og_locale":"es_ES","og_type":"article","og_title":"Brasil, Argentina y Panam\u00e1: el nuevo tri\u00e1ngulo de poder de la aviaci\u00f3n en Am\u00e9rica Latina y el Caribe - LATITUDE 15","og_description":"Am\u00e9rica Latina y el Caribe cerraron 2025 con 477,3 millones de pasajeros, lo que representa un crecimiento interanual del 3,8% y 17,5 millones de viajeros adicionales en comparaci\u00f3n con 2024. A primera vista, la cifra sugiere una consolidaci\u00f3n sostenida m\u00e1s que una expansi\u00f3n acelerada. Sin embargo, los datos publicados por la ALTA (Latin American and [&hellip;]","og_url":"https:\/\/www.latitude-15.com\/es\/brasil-argentina-y-panama-el-nuevo-triangulo-de-poder-de-la-aviacion-en-america-latina-y-el-caribe\/","og_site_name":"LATITUDE 15","article_published_time":"2026-02-18T14:29:29+00:00","article_modified_time":"2026-02-19T13:29:25+00:00","og_image":[{"width":1000,"height":663,"url":"https:\/\/www.latitude-15.com\/wp-content\/uploads\/2026\/02\/41728.jpg","type":"image\/jpeg"}],"author":"Joda J","twitter_card":"summary_large_image","twitter_misc":{"Escrito por":"Joda J","Tiempo de lectura":"5 minutos"},"schema":{"@context":"https:\/\/schema.org","@graph":[{"@type":"Article","@id":"https:\/\/www.latitude-15.com\/es\/brasil-argentina-y-panama-el-nuevo-triangulo-de-poder-de-la-aviacion-en-america-latina-y-el-caribe\/#article","isPartOf":{"@id":"https:\/\/www.latitude-15.com\/es\/brasil-argentina-y-panama-el-nuevo-triangulo-de-poder-de-la-aviacion-en-america-latina-y-el-caribe\/"},"author":{"name":"Joda J","@id":"https:\/\/www.latitude-15.com\/es\/#\/schema\/person\/dac52e7ff44c78317f337da112e37252"},"headline":"Brasil, Argentina y Panam\u00e1: el nuevo tri\u00e1ngulo de poder de la aviaci\u00f3n en Am\u00e9rica Latina y el Caribe","datePublished":"2026-02-18T14:29:29+00:00","dateModified":"2026-02-19T13:29:25+00:00","mainEntityOfPage":{"@id":"https:\/\/www.latitude-15.com\/es\/brasil-argentina-y-panama-el-nuevo-triangulo-de-poder-de-la-aviacion-en-america-latina-y-el-caribe\/"},"wordCount":1111,"commentCount":0,"publisher":{"@id":"https:\/\/www.latitude-15.com\/es\/#organization"},"image":{"@id":"https:\/\/www.latitude-15.com\/es\/brasil-argentina-y-panama-el-nuevo-triangulo-de-poder-de-la-aviacion-en-america-latina-y-el-caribe\/#primaryimage"},"thumbnailUrl":"https:\/\/www.latitude-15.com\/wp-content\/uploads\/2026\/02\/pax-dic-EN-1024x503.png","articleSection":["AVIACI\u00d3N","Conectividad a\u00e9rea y Atractivo territorial"],"inLanguage":"es","potentialAction":[{"@type":"CommentAction","name":"Comment","target":["https:\/\/www.latitude-15.com\/es\/brasil-argentina-y-panama-el-nuevo-triangulo-de-poder-de-la-aviacion-en-america-latina-y-el-caribe\/#respond"]}]},{"@type":"WebPage","@id":"https:\/\/www.latitude-15.com\/es\/brasil-argentina-y-panama-el-nuevo-triangulo-de-poder-de-la-aviacion-en-america-latina-y-el-caribe\/","url":"https:\/\/www.latitude-15.com\/es\/brasil-argentina-y-panama-el-nuevo-triangulo-de-poder-de-la-aviacion-en-america-latina-y-el-caribe\/","name":"Brasil, Argentina y Panam\u00e1: el nuevo tri\u00e1ngulo de poder de la aviaci\u00f3n en Am\u00e9rica Latina y el Caribe - LATITUDE 15","isPartOf":{"@id":"https:\/\/www.latitude-15.com\/es\/#website"},"primaryImageOfPage":{"@id":"https:\/\/www.latitude-15.com\/es\/brasil-argentina-y-panama-el-nuevo-triangulo-de-poder-de-la-aviacion-en-america-latina-y-el-caribe\/#primaryimage"},"image":{"@id":"https:\/\/www.latitude-15.com\/es\/brasil-argentina-y-panama-el-nuevo-triangulo-de-poder-de-la-aviacion-en-america-latina-y-el-caribe\/#primaryimage"},"thumbnailUrl":"https:\/\/www.latitude-15.com\/wp-content\/uploads\/2026\/02\/pax-dic-EN-1024x503.png","datePublished":"2026-02-18T14:29:29+00:00","dateModified":"2026-02-19T13:29:25+00:00","breadcrumb":{"@id":"https:\/\/www.latitude-15.com\/es\/brasil-argentina-y-panama-el-nuevo-triangulo-de-poder-de-la-aviacion-en-america-latina-y-el-caribe\/#breadcrumb"},"inLanguage":"es","potentialAction":[{"@type":"ReadAction","target":["https:\/\/www.latitude-15.com\/es\/brasil-argentina-y-panama-el-nuevo-triangulo-de-poder-de-la-aviacion-en-america-latina-y-el-caribe\/"]}]},{"@type":"ImageObject","inLanguage":"es","@id":"https:\/\/www.latitude-15.com\/es\/brasil-argentina-y-panama-el-nuevo-triangulo-de-poder-de-la-aviacion-en-america-latina-y-el-caribe\/#primaryimage","url":"https:\/\/www.latitude-15.com\/wp-content\/uploads\/2026\/02\/pax-dic-EN-1024x503.png","contentUrl":"https:\/\/www.latitude-15.com\/wp-content\/uploads\/2026\/02\/pax-dic-EN-1024x503.png"},{"@type":"BreadcrumbList","@id":"https:\/\/www.latitude-15.com\/es\/brasil-argentina-y-panama-el-nuevo-triangulo-de-poder-de-la-aviacion-en-america-latina-y-el-caribe\/#breadcrumb","itemListElement":[{"@type":"ListItem","position":1,"name":"Home","item":"https:\/\/www.latitude-15.com\/es\/inicio\/"},{"@type":"ListItem","position":2,"name":"Brasil, Argentina y Panam\u00e1: el nuevo tri\u00e1ngulo de poder de la aviaci\u00f3n en Am\u00e9rica Latina y el Caribe"}]},{"@type":"WebSite","@id":"https:\/\/www.latitude-15.com\/es\/#website","url":"https:\/\/www.latitude-15.com\/es\/","name":"LATITUDE 15","description":"Aviation and maritime Magazine - Caribbean &amp; Latin America","publisher":{"@id":"https:\/\/www.latitude-15.com\/es\/#organization"},"potentialAction":[{"@type":"SearchAction","target":{"@type":"EntryPoint","urlTemplate":"https:\/\/www.latitude-15.com\/es\/?s={search_term_string}"},"query-input":{"@type":"PropertyValueSpecification","valueRequired":true,"valueName":"search_term_string"}}],"inLanguage":"es"},{"@type":"Organization","@id":"https:\/\/www.latitude-15.com\/es\/#organization","name":"LATITUDE 15","url":"https:\/\/www.latitude-15.com\/es\/","logo":{"@type":"ImageObject","inLanguage":"es","@id":"https:\/\/www.latitude-15.com\/es\/#\/schema\/logo\/image\/","url":"https:\/\/www.latitude-15.com\/wp-content\/uploads\/2026\/01\/cropped-logox500px.png","contentUrl":"https:\/\/www.latitude-15.com\/wp-content\/uploads\/2026\/01\/cropped-logox500px.png","width":62,"height":75,"caption":"LATITUDE 15"},"image":{"@id":"https:\/\/www.latitude-15.com\/es\/#\/schema\/logo\/image\/"}},{"@type":"Person","@id":"https:\/\/www.latitude-15.com\/es\/#\/schema\/person\/dac52e7ff44c78317f337da112e37252","name":"Joda J","image":{"@type":"ImageObject","inLanguage":"es","@id":"https:\/\/www.latitude-15.com\/es\/#\/schema\/person\/image\/","url":"https:\/\/secure.gravatar.com\/avatar\/6b1feae555e15404b76616f92d931d12b25ac58024f14ccb43d9d3c012e4c4cf?s=96&d=mm&r=g","contentUrl":"https:\/\/secure.gravatar.com\/avatar\/6b1feae555e15404b76616f92d931d12b25ac58024f14ccb43d9d3c012e4c4cf?s=96&d=mm&r=g","caption":"Joda J"},"url":"https:\/\/www.latitude-15.com\/es\/author\/joda\/"}]}},"_links":{"self":[{"href":"https:\/\/www.latitude-15.com\/es\/wp-json\/wp\/v2\/posts\/20778","targetHints":{"allow":["GET"]}}],"collection":[{"href":"https:\/\/www.latitude-15.com\/es\/wp-json\/wp\/v2\/posts"}],"about":[{"href":"https:\/\/www.latitude-15.com\/es\/wp-json\/wp\/v2\/types\/post"}],"author":[{"embeddable":true,"href":"https:\/\/www.latitude-15.com\/es\/wp-json\/wp\/v2\/users\/5"}],"replies":[{"embeddable":true,"href":"https:\/\/www.latitude-15.com\/es\/wp-json\/wp\/v2\/comments?post=20778"}],"version-history":[{"count":3,"href":"https:\/\/www.latitude-15.com\/es\/wp-json\/wp\/v2\/posts\/20778\/revisions"}],"predecessor-version":[{"id":20786,"href":"https:\/\/www.latitude-15.com\/es\/wp-json\/wp\/v2\/posts\/20778\/revisions\/20786"}],"wp:attachment":[{"href":"https:\/\/www.latitude-15.com\/es\/wp-json\/wp\/v2\/media?parent=20778"}],"wp:term":[{"taxonomy":"category","embeddable":true,"href":"https:\/\/www.latitude-15.com\/es\/wp-json\/wp\/v2\/categories?post=20778"},{"taxonomy":"post_tag","embeddable":true,"href":"https:\/\/www.latitude-15.com\/es\/wp-json\/wp\/v2\/tags?post=20778"}],"curies":[{"name":"wp","href":"https:\/\/api.w.org\/{rel}","templated":true}]}}