{"id":20677,"date":"2026-02-13T15:11:45","date_gmt":"2026-02-13T19:11:45","guid":{"rendered":"https:\/\/www.latitude-15.com\/el-trafico-aereo-en-america-latina-y-el-caribe-crece-un-5-en-2025-hito-de-recuperacion-o-punto-de-inflexion-estructural\/"},"modified":"2026-02-17T03:21:51","modified_gmt":"2026-02-17T07:21:51","slug":"el-trafico-aereo-en-america-latina-y-el-caribe-crece-un-5-en-2025-hito-de-recuperacion-o-punto-de-inflexion-estructural","status":"publish","type":"post","link":"https:\/\/www.latitude-15.com\/es\/el-trafico-aereo-en-america-latina-y-el-caribe-crece-un-5-en-2025-hito-de-recuperacion-o-punto-de-inflexion-estructural\/","title":{"rendered":"El tr\u00e1fico a\u00e9reo en Am\u00e9rica Latina y el Caribe crece un 5% en 2025: \u00bfhito de recuperaci\u00f3n o punto de inflexi\u00f3n estructural?"},"content":{"rendered":"\n<p>Los datos preliminares de 2025 publicados por Airports Council International Latin America and the Caribbean (ACI-LAC) confirman que el tr\u00e1fico de pasajeros en Am\u00e9rica Latina y el Caribe aument\u00f3 aproximadamente un 5% en comparaci\u00f3n con 2024. La cifra refleja una continuidad en la tendencia. Sin embargo, para ejecutivos aeroportuarios, reguladores e inversores en infraestructura, la importancia de este crecimiento reside menos en el porcentaje en s\u00ed y m\u00e1s en lo que revela sobre la trayectoria estructural del sector en la regi\u00f3n.  <\/p>\n\n<p>El impacto de la pandemia entre 2020 y 2022 redefini\u00f3 los fundamentos de la aviaci\u00f3n en el continente. Los mercados dom\u00e9sticos de Brasil, M\u00e9xico y Colombia se recuperaron antes, amortiguando el impacto sist\u00e9mico. En contraste, varias econom\u00edas del Caribe \u2014estructuralmente dependientes del turismo internacional\u2014 permanecieron expuestas durante m\u00e1s tiempo a la volatilidad externa. Para 2024, la mayor\u00eda de los mercados principales hab\u00edan recuperado o incluso superado ligeramente los niveles de 2019. El crecimiento observado en 2025 no representa, por tanto, un simple rebote tras la crisis, sino una fase de consolidaci\u00f3n en un entorno ya estabilizado.     <\/p>\n\n<h2 class=\"wp-block-heading\">Del rebote a la estabilizaci\u00f3n<\/h2>\n\n<p>Lo que distingue a 2025 de los a\u00f1os anteriores es la normalizaci\u00f3n de los patrones de tr\u00e1fico. Las aerol\u00edneas ya no est\u00e1n reactivando rutas suspendidas de forma masiva; ahora est\u00e1n optimizando sus redes. El despliegue de capacidad se ha vuelto m\u00e1s disciplinado. Los factores de ocupaci\u00f3n se han estabilizado. El entorno operativo ha evolucionado desde una fase de reconstrucci\u00f3n urgente hacia una expansi\u00f3n m\u00e1s estructurada y selectiva.    <\/p>\n\n<p>Sin embargo, el promedio regional oculta importantes asimetr\u00edas.<\/p>\n\n<p>El crecimiento no ha sido uniforme. En las principales econom\u00edas de Am\u00e9rica del Sur, los mercados dom\u00e9sticos contin\u00faan siendo el principal motor del volumen aeroportuario. En el Caribe, los flujos internacionales siguen predominando, con un desempe\u00f1o estrechamente vinculado a la demanda emisora desde Am\u00e9rica del Norte. La solidez del turismo estadounidense ha respaldado varios mercados insulares, reforzando su dependencia estructural de los corredores tur\u00edsticos internacionales.   <\/p>\n\n<p>Al mismo tiempo, los grandes hubs han consolidado a\u00fan m\u00e1s su papel estrat\u00e9gico. Aeropuertos como Panam\u00e1, Bogot\u00e1, S\u00e3o Paulo y Canc\u00fan contin\u00faan concentrando una proporci\u00f3n significativa del tr\u00e1fico, benefici\u00e1ndose de la racionalizaci\u00f3n de las redes y de su posici\u00f3n geogr\u00e1fica. Las aerol\u00edneas han concentrado cada vez m\u00e1s su capacidad en nodos de conexi\u00f3n operativamente eficientes, fortaleciendo la conectividad y reduciendo la fragmentaci\u00f3n de la red.  <\/p>\n\n<p>Las aerol\u00edneas de bajo costo tambi\u00e9n han desempe\u00f1ado un papel relevante. Su expansi\u00f3n internacional en Am\u00e9rica del Sur y su creciente presencia en partes del Caribe han estimulado la demanda m\u00e1s all\u00e1 de las estructuras tradicionales. Parte del crecimiento observado en 2025 responde, por tanto, a una expansi\u00f3n estructural del mercado, y no \u00fanicamente a un rebote c\u00edclico.  <\/p>\n\n<h2 class=\"wp-block-heading\">Infraestructura bajo presi\u00f3n<\/h2>\n\n<p>El crecimiento sostenido del tr\u00e1fico inevitablemente ejerce presi\u00f3n sobre la capacidad de la infraestructura existente. Varios hubs principales est\u00e1n operando cerca de sus l\u00edmites durante las horas pico. Programas de expansi\u00f3n est\u00e1n en marcha en m\u00faltiples mercados, a menudo bajo modelos de concesi\u00f3n que han proporcionado relativa estabilidad financiera pese a la volatilidad cambiaria.  <\/p>\n\n<p>Sin embargo, el crecimiento sin inversiones coordinadas en infraestructura puede comprometer la calidad operativa. La saturaci\u00f3n de terminales, la congesti\u00f3n en el lado aire y las limitaciones en los accesos terrestres podr\u00edan restringir r\u00e1pidamente el crecimiento futuro si la inversi\u00f3n no acompa\u00f1a la evoluci\u00f3n de la demanda. <\/p>\n\n<p>En el Caribe, las vulnerabilidades van m\u00e1s all\u00e1 de la capacidad f\u00edsica. La resiliencia energ\u00e9tica, la exposici\u00f3n a fen\u00f3menos clim\u00e1ticos extremos y la adaptaci\u00f3n al cambio clim\u00e1tico est\u00e1n cada vez m\u00e1s integradas en la planificaci\u00f3n aeroportuaria. En este contexto, el crecimiento del tr\u00e1fico no puede analizarse de forma aislada de los riesgos estructurales.  <\/p>\n\n<h2 class=\"wp-block-heading\">Fragilidades estructurales persistentes<\/h2>\n\n<p>El desempe\u00f1o de la aviaci\u00f3n en la regi\u00f3n sigue siendo sensible a las condiciones macroecon\u00f3micas. La volatilidad cambiaria afecta directamente la rentabilidad de las aerol\u00edneas y la viabilidad financiera de las concesiones aeroportuarias. Los cambios pol\u00edticos en determinados pa\u00edses pueden influir en la continuidad regulatoria. La estabilidad del suministro de combustible, aunque generalmente asegurada a nivel regional, sigue siendo un factor estructural relevante en algunos mercados insulares.   <\/p>\n\n<p>Estos factores no invalidan el crecimiento del 5%, pero condicionan su sostenibilidad.<\/p>\n\n<h2 class=\"wp-block-heading\">\u00bfTransformaci\u00f3n estructural o nueva fase de equilibrio?<\/h2>\n\n<p>La interpretaci\u00f3n estrat\u00e9gica de los datos de 2025 depende de la perspectiva adoptada. El crecimiento puede representar la fase final de normalizaci\u00f3n tras el colapso provocado por la pandemia, con una evoluci\u00f3n futura m\u00e1s alineada con el crecimiento econ\u00f3mico regional. Tambi\u00e9n puede reflejar la consolidaci\u00f3n de un mercado a\u00e9reo estructuralmente m\u00e1s integrado, impulsado por la concentraci\u00f3n en hubs y la expansi\u00f3n de las aerol\u00edneas low-cost. Alternativamente, podr\u00eda preceder una desaceleraci\u00f3n si el entorno macroecon\u00f3mico se vuelve m\u00e1s restrictivo.   <\/p>\n\n<p>Los indicadores actuales sugieren que Am\u00e9rica Latina y el Caribe est\u00e1n transitando de la recuperaci\u00f3n hacia la estabilizaci\u00f3n. La ausencia de crecimientos de dos d\u00edgitos no debe interpretarse como estancamiento. Un aumento del 5% en un entorno normalizado refleja madurez del mercado, m\u00e1s que un ciclo de expansi\u00f3n excepcional.  <\/p>\n\n<p>De cara a 2026 y 2027, el factor decisivo ser\u00e1 el nivel de inversi\u00f3n. La asignaci\u00f3n de capital en expansi\u00f3n de infraestructura, digitalizaci\u00f3n, eficiencia operativa y cumplimiento de est\u00e1ndares de sostenibilidad determinar\u00e1 si el crecimiento evoluciona hacia una trayectoria estructural s\u00f3lida o se estabiliza en niveles moderados. El modelo de concesiones seguir\u00e1 desempe\u00f1ando un papel central en esta evoluci\u00f3n.  <\/p>\n\n<p>Los datos de 2025 publicados por ACI-LAC pueden no representar un punto de inflexi\u00f3n dram\u00e1tico. Sin embargo, indican claramente que la aviaci\u00f3n en Am\u00e9rica Latina y el Caribe ha entrado en una fase de expansi\u00f3n disciplinada, caracterizada menos por la volatilidad y m\u00e1s por la consolidaci\u00f3n estructural. Para los actores del sector, esta transici\u00f3n tiene un significado estrat\u00e9gico mucho m\u00e1s profundo que el porcentaje de crecimiento por s\u00ed solo.  <\/p>\n","protected":false},"excerpt":{"rendered":"<p>Los datos preliminares de 2025 publicados por Airports Council International Latin America and the Caribbean (ACI-LAC) confirman que el tr\u00e1fico de pasajeros en Am\u00e9rica Latina y el Caribe aument\u00f3 aproximadamente un 5% en comparaci\u00f3n con 2024. La cifra refleja una continuidad en la tendencia. Sin embargo, para ejecutivos aeroportuarios, reguladores e inversores en infraestructura, la [&hellip;]<\/p>\n","protected":false},"author":5,"featured_media":20676,"comment_status":"open","ping_status":"open","sticky":false,"template":"","format":"standard","meta":{"footnotes":""},"categories":[105,99],"tags":[],"class_list":["post-20677","post","type-post","status-publish","format-standard","has-post-thumbnail","hentry","category-aeropuertos-e-infraestructura","category-aviacion"],"yoast_head":"<!-- This site is optimized with the Yoast SEO plugin v26.9 - https:\/\/yoast.com\/product\/yoast-seo-wordpress\/ -->\n<title>El tr\u00e1fico a\u00e9reo en Am\u00e9rica Latina y el Caribe crece un 5% en 2025: \u00bfhito de recuperaci\u00f3n o punto de inflexi\u00f3n estructural? - LATITUDE 15<\/title>\n<meta name=\"robots\" content=\"index, follow, max-snippet:-1, max-image-preview:large, max-video-preview:-1\" \/>\n<link rel=\"canonical\" href=\"https:\/\/www.latitude-15.com\/es\/el-trafico-aereo-en-america-latina-y-el-caribe-crece-un-5-en-2025-hito-de-recuperacion-o-punto-de-inflexion-estructural\/\" \/>\n<meta property=\"og:locale\" content=\"es_ES\" \/>\n<meta property=\"og:type\" content=\"article\" \/>\n<meta property=\"og:title\" content=\"El tr\u00e1fico a\u00e9reo en Am\u00e9rica Latina y el Caribe crece un 5% en 2025: \u00bfhito de recuperaci\u00f3n o punto de inflexi\u00f3n estructural? - LATITUDE 15\" \/>\n<meta property=\"og:description\" content=\"Los datos preliminares de 2025 publicados por Airports Council International Latin America and the Caribbean (ACI-LAC) confirman que el tr\u00e1fico de pasajeros en Am\u00e9rica Latina y el Caribe aument\u00f3 aproximadamente un 5% en comparaci\u00f3n con 2024. La cifra refleja una continuidad en la tendencia. Sin embargo, para ejecutivos aeroportuarios, reguladores e inversores en infraestructura, la [&hellip;]\" \/>\n<meta property=\"og:url\" content=\"https:\/\/www.latitude-15.com\/es\/el-trafico-aereo-en-america-latina-y-el-caribe-crece-un-5-en-2025-hito-de-recuperacion-o-punto-de-inflexion-estructural\/\" \/>\n<meta property=\"og:site_name\" content=\"LATITUDE 15\" \/>\n<meta property=\"article:published_time\" content=\"2026-02-13T19:11:45+00:00\" \/>\n<meta property=\"article:modified_time\" content=\"2026-02-17T07:21:51+00:00\" \/>\n<meta property=\"og:image\" content=\"https:\/\/www.latitude-15.com\/wp-content\/uploads\/2026\/02\/409.jpg\" \/>\n\t<meta property=\"og:image:width\" content=\"1000\" \/>\n\t<meta property=\"og:image:height\" content=\"667\" \/>\n\t<meta property=\"og:image:type\" content=\"image\/jpeg\" \/>\n<meta name=\"author\" content=\"Joda J\" \/>\n<meta name=\"twitter:card\" content=\"summary_large_image\" \/>\n<meta name=\"twitter:label1\" content=\"Escrito por\" \/>\n\t<meta name=\"twitter:data1\" content=\"Joda J\" \/>\n\t<meta name=\"twitter:label2\" content=\"Tiempo de lectura\" \/>\n\t<meta name=\"twitter:data2\" content=\"5 minutos\" \/>\n<script type=\"application\/ld+json\" class=\"yoast-schema-graph\">{\"@context\":\"https:\/\/schema.org\",\"@graph\":[{\"@type\":\"Article\",\"@id\":\"https:\/\/www.latitude-15.com\/es\/el-trafico-aereo-en-america-latina-y-el-caribe-crece-un-5-en-2025-hito-de-recuperacion-o-punto-de-inflexion-estructural\/#article\",\"isPartOf\":{\"@id\":\"https:\/\/www.latitude-15.com\/es\/el-trafico-aereo-en-america-latina-y-el-caribe-crece-un-5-en-2025-hito-de-recuperacion-o-punto-de-inflexion-estructural\/\"},\"author\":{\"name\":\"Joda J\",\"@id\":\"https:\/\/www.latitude-15.com\/es\/#\/schema\/person\/dac52e7ff44c78317f337da112e37252\"},\"headline\":\"El tr\u00e1fico a\u00e9reo en Am\u00e9rica Latina y el Caribe crece un 5% en 2025: \u00bfhito de recuperaci\u00f3n o punto de inflexi\u00f3n estructural?\",\"datePublished\":\"2026-02-13T19:11:45+00:00\",\"dateModified\":\"2026-02-17T07:21:51+00:00\",\"mainEntityOfPage\":{\"@id\":\"https:\/\/www.latitude-15.com\/es\/el-trafico-aereo-en-america-latina-y-el-caribe-crece-un-5-en-2025-hito-de-recuperacion-o-punto-de-inflexion-estructural\/\"},\"wordCount\":1091,\"commentCount\":0,\"publisher\":{\"@id\":\"https:\/\/www.latitude-15.com\/es\/#organization\"},\"image\":{\"@id\":\"https:\/\/www.latitude-15.com\/es\/el-trafico-aereo-en-america-latina-y-el-caribe-crece-un-5-en-2025-hito-de-recuperacion-o-punto-de-inflexion-estructural\/#primaryimage\"},\"thumbnailUrl\":\"https:\/\/www.latitude-15.com\/wp-content\/uploads\/2026\/02\/409.jpg\",\"articleSection\":[\"Aeropuertos e infraestructura\",\"AVIACI\u00d3N\"],\"inLanguage\":\"es\",\"potentialAction\":[{\"@type\":\"CommentAction\",\"name\":\"Comment\",\"target\":[\"https:\/\/www.latitude-15.com\/es\/el-trafico-aereo-en-america-latina-y-el-caribe-crece-un-5-en-2025-hito-de-recuperacion-o-punto-de-inflexion-estructural\/#respond\"]}]},{\"@type\":\"WebPage\",\"@id\":\"https:\/\/www.latitude-15.com\/es\/el-trafico-aereo-en-america-latina-y-el-caribe-crece-un-5-en-2025-hito-de-recuperacion-o-punto-de-inflexion-estructural\/\",\"url\":\"https:\/\/www.latitude-15.com\/es\/el-trafico-aereo-en-america-latina-y-el-caribe-crece-un-5-en-2025-hito-de-recuperacion-o-punto-de-inflexion-estructural\/\",\"name\":\"El tr\u00e1fico a\u00e9reo en Am\u00e9rica Latina y el Caribe crece un 5% en 2025: \u00bfhito de recuperaci\u00f3n o punto de inflexi\u00f3n estructural? - LATITUDE 15\",\"isPartOf\":{\"@id\":\"https:\/\/www.latitude-15.com\/es\/#website\"},\"primaryImageOfPage\":{\"@id\":\"https:\/\/www.latitude-15.com\/es\/el-trafico-aereo-en-america-latina-y-el-caribe-crece-un-5-en-2025-hito-de-recuperacion-o-punto-de-inflexion-estructural\/#primaryimage\"},\"image\":{\"@id\":\"https:\/\/www.latitude-15.com\/es\/el-trafico-aereo-en-america-latina-y-el-caribe-crece-un-5-en-2025-hito-de-recuperacion-o-punto-de-inflexion-estructural\/#primaryimage\"},\"thumbnailUrl\":\"https:\/\/www.latitude-15.com\/wp-content\/uploads\/2026\/02\/409.jpg\",\"datePublished\":\"2026-02-13T19:11:45+00:00\",\"dateModified\":\"2026-02-17T07:21:51+00:00\",\"breadcrumb\":{\"@id\":\"https:\/\/www.latitude-15.com\/es\/el-trafico-aereo-en-america-latina-y-el-caribe-crece-un-5-en-2025-hito-de-recuperacion-o-punto-de-inflexion-estructural\/#breadcrumb\"},\"inLanguage\":\"es\",\"potentialAction\":[{\"@type\":\"ReadAction\",\"target\":[\"https:\/\/www.latitude-15.com\/es\/el-trafico-aereo-en-america-latina-y-el-caribe-crece-un-5-en-2025-hito-de-recuperacion-o-punto-de-inflexion-estructural\/\"]}]},{\"@type\":\"ImageObject\",\"inLanguage\":\"es\",\"@id\":\"https:\/\/www.latitude-15.com\/es\/el-trafico-aereo-en-america-latina-y-el-caribe-crece-un-5-en-2025-hito-de-recuperacion-o-punto-de-inflexion-estructural\/#primaryimage\",\"url\":\"https:\/\/www.latitude-15.com\/wp-content\/uploads\/2026\/02\/409.jpg\",\"contentUrl\":\"https:\/\/www.latitude-15.com\/wp-content\/uploads\/2026\/02\/409.jpg\",\"width\":1000,\"height\":667},{\"@type\":\"BreadcrumbList\",\"@id\":\"https:\/\/www.latitude-15.com\/es\/el-trafico-aereo-en-america-latina-y-el-caribe-crece-un-5-en-2025-hito-de-recuperacion-o-punto-de-inflexion-estructural\/#breadcrumb\",\"itemListElement\":[{\"@type\":\"ListItem\",\"position\":1,\"name\":\"Home\",\"item\":\"https:\/\/www.latitude-15.com\/es\/inicio\/\"},{\"@type\":\"ListItem\",\"position\":2,\"name\":\"El tr\u00e1fico a\u00e9reo en Am\u00e9rica Latina y el Caribe crece un 5% en 2025: \u00bfhito de recuperaci\u00f3n o punto de inflexi\u00f3n estructural?\"}]},{\"@type\":\"WebSite\",\"@id\":\"https:\/\/www.latitude-15.com\/es\/#website\",\"url\":\"https:\/\/www.latitude-15.com\/es\/\",\"name\":\"LATITUDE 15\",\"description\":\"Aviation and maritime Magazine - Caribbean &amp; Latin America\",\"publisher\":{\"@id\":\"https:\/\/www.latitude-15.com\/es\/#organization\"},\"potentialAction\":[{\"@type\":\"SearchAction\",\"target\":{\"@type\":\"EntryPoint\",\"urlTemplate\":\"https:\/\/www.latitude-15.com\/es\/?s={search_term_string}\"},\"query-input\":{\"@type\":\"PropertyValueSpecification\",\"valueRequired\":true,\"valueName\":\"search_term_string\"}}],\"inLanguage\":\"es\"},{\"@type\":\"Organization\",\"@id\":\"https:\/\/www.latitude-15.com\/es\/#organization\",\"name\":\"LATITUDE 15\",\"url\":\"https:\/\/www.latitude-15.com\/es\/\",\"logo\":{\"@type\":\"ImageObject\",\"inLanguage\":\"es\",\"@id\":\"https:\/\/www.latitude-15.com\/es\/#\/schema\/logo\/image\/\",\"url\":\"https:\/\/www.latitude-15.com\/wp-content\/uploads\/2026\/01\/cropped-logox500px.png\",\"contentUrl\":\"https:\/\/www.latitude-15.com\/wp-content\/uploads\/2026\/01\/cropped-logox500px.png\",\"width\":62,\"height\":75,\"caption\":\"LATITUDE 15\"},\"image\":{\"@id\":\"https:\/\/www.latitude-15.com\/es\/#\/schema\/logo\/image\/\"}},{\"@type\":\"Person\",\"@id\":\"https:\/\/www.latitude-15.com\/es\/#\/schema\/person\/dac52e7ff44c78317f337da112e37252\",\"name\":\"Joda J\",\"image\":{\"@type\":\"ImageObject\",\"inLanguage\":\"es\",\"@id\":\"https:\/\/www.latitude-15.com\/es\/#\/schema\/person\/image\/\",\"url\":\"https:\/\/secure.gravatar.com\/avatar\/6b1feae555e15404b76616f92d931d12b25ac58024f14ccb43d9d3c012e4c4cf?s=96&d=mm&r=g\",\"contentUrl\":\"https:\/\/secure.gravatar.com\/avatar\/6b1feae555e15404b76616f92d931d12b25ac58024f14ccb43d9d3c012e4c4cf?s=96&d=mm&r=g\",\"caption\":\"Joda J\"},\"url\":\"https:\/\/www.latitude-15.com\/es\/author\/joda\/\"}]}<\/script>\n<!-- \/ Yoast SEO plugin. -->","yoast_head_json":{"title":"El tr\u00e1fico a\u00e9reo en Am\u00e9rica Latina y el Caribe crece un 5% en 2025: \u00bfhito de recuperaci\u00f3n o punto de inflexi\u00f3n estructural? - LATITUDE 15","robots":{"index":"index","follow":"follow","max-snippet":"max-snippet:-1","max-image-preview":"max-image-preview:large","max-video-preview":"max-video-preview:-1"},"canonical":"https:\/\/www.latitude-15.com\/es\/el-trafico-aereo-en-america-latina-y-el-caribe-crece-un-5-en-2025-hito-de-recuperacion-o-punto-de-inflexion-estructural\/","og_locale":"es_ES","og_type":"article","og_title":"El tr\u00e1fico a\u00e9reo en Am\u00e9rica Latina y el Caribe crece un 5% en 2025: \u00bfhito de recuperaci\u00f3n o punto de inflexi\u00f3n estructural? - LATITUDE 15","og_description":"Los datos preliminares de 2025 publicados por Airports Council International Latin America and the Caribbean (ACI-LAC) confirman que el tr\u00e1fico de pasajeros en Am\u00e9rica Latina y el Caribe aument\u00f3 aproximadamente un 5% en comparaci\u00f3n con 2024. La cifra refleja una continuidad en la tendencia. Sin embargo, para ejecutivos aeroportuarios, reguladores e inversores en infraestructura, la [&hellip;]","og_url":"https:\/\/www.latitude-15.com\/es\/el-trafico-aereo-en-america-latina-y-el-caribe-crece-un-5-en-2025-hito-de-recuperacion-o-punto-de-inflexion-estructural\/","og_site_name":"LATITUDE 15","article_published_time":"2026-02-13T19:11:45+00:00","article_modified_time":"2026-02-17T07:21:51+00:00","og_image":[{"width":1000,"height":667,"url":"https:\/\/www.latitude-15.com\/wp-content\/uploads\/2026\/02\/409.jpg","type":"image\/jpeg"}],"author":"Joda J","twitter_card":"summary_large_image","twitter_misc":{"Escrito por":"Joda J","Tiempo de lectura":"5 minutos"},"schema":{"@context":"https:\/\/schema.org","@graph":[{"@type":"Article","@id":"https:\/\/www.latitude-15.com\/es\/el-trafico-aereo-en-america-latina-y-el-caribe-crece-un-5-en-2025-hito-de-recuperacion-o-punto-de-inflexion-estructural\/#article","isPartOf":{"@id":"https:\/\/www.latitude-15.com\/es\/el-trafico-aereo-en-america-latina-y-el-caribe-crece-un-5-en-2025-hito-de-recuperacion-o-punto-de-inflexion-estructural\/"},"author":{"name":"Joda J","@id":"https:\/\/www.latitude-15.com\/es\/#\/schema\/person\/dac52e7ff44c78317f337da112e37252"},"headline":"El tr\u00e1fico a\u00e9reo en Am\u00e9rica Latina y el Caribe crece un 5% en 2025: \u00bfhito de recuperaci\u00f3n o punto de inflexi\u00f3n estructural?","datePublished":"2026-02-13T19:11:45+00:00","dateModified":"2026-02-17T07:21:51+00:00","mainEntityOfPage":{"@id":"https:\/\/www.latitude-15.com\/es\/el-trafico-aereo-en-america-latina-y-el-caribe-crece-un-5-en-2025-hito-de-recuperacion-o-punto-de-inflexion-estructural\/"},"wordCount":1091,"commentCount":0,"publisher":{"@id":"https:\/\/www.latitude-15.com\/es\/#organization"},"image":{"@id":"https:\/\/www.latitude-15.com\/es\/el-trafico-aereo-en-america-latina-y-el-caribe-crece-un-5-en-2025-hito-de-recuperacion-o-punto-de-inflexion-estructural\/#primaryimage"},"thumbnailUrl":"https:\/\/www.latitude-15.com\/wp-content\/uploads\/2026\/02\/409.jpg","articleSection":["Aeropuertos e infraestructura","AVIACI\u00d3N"],"inLanguage":"es","potentialAction":[{"@type":"CommentAction","name":"Comment","target":["https:\/\/www.latitude-15.com\/es\/el-trafico-aereo-en-america-latina-y-el-caribe-crece-un-5-en-2025-hito-de-recuperacion-o-punto-de-inflexion-estructural\/#respond"]}]},{"@type":"WebPage","@id":"https:\/\/www.latitude-15.com\/es\/el-trafico-aereo-en-america-latina-y-el-caribe-crece-un-5-en-2025-hito-de-recuperacion-o-punto-de-inflexion-estructural\/","url":"https:\/\/www.latitude-15.com\/es\/el-trafico-aereo-en-america-latina-y-el-caribe-crece-un-5-en-2025-hito-de-recuperacion-o-punto-de-inflexion-estructural\/","name":"El tr\u00e1fico a\u00e9reo en Am\u00e9rica Latina y el Caribe crece un 5% en 2025: \u00bfhito de recuperaci\u00f3n o punto de inflexi\u00f3n estructural? - LATITUDE 15","isPartOf":{"@id":"https:\/\/www.latitude-15.com\/es\/#website"},"primaryImageOfPage":{"@id":"https:\/\/www.latitude-15.com\/es\/el-trafico-aereo-en-america-latina-y-el-caribe-crece-un-5-en-2025-hito-de-recuperacion-o-punto-de-inflexion-estructural\/#primaryimage"},"image":{"@id":"https:\/\/www.latitude-15.com\/es\/el-trafico-aereo-en-america-latina-y-el-caribe-crece-un-5-en-2025-hito-de-recuperacion-o-punto-de-inflexion-estructural\/#primaryimage"},"thumbnailUrl":"https:\/\/www.latitude-15.com\/wp-content\/uploads\/2026\/02\/409.jpg","datePublished":"2026-02-13T19:11:45+00:00","dateModified":"2026-02-17T07:21:51+00:00","breadcrumb":{"@id":"https:\/\/www.latitude-15.com\/es\/el-trafico-aereo-en-america-latina-y-el-caribe-crece-un-5-en-2025-hito-de-recuperacion-o-punto-de-inflexion-estructural\/#breadcrumb"},"inLanguage":"es","potentialAction":[{"@type":"ReadAction","target":["https:\/\/www.latitude-15.com\/es\/el-trafico-aereo-en-america-latina-y-el-caribe-crece-un-5-en-2025-hito-de-recuperacion-o-punto-de-inflexion-estructural\/"]}]},{"@type":"ImageObject","inLanguage":"es","@id":"https:\/\/www.latitude-15.com\/es\/el-trafico-aereo-en-america-latina-y-el-caribe-crece-un-5-en-2025-hito-de-recuperacion-o-punto-de-inflexion-estructural\/#primaryimage","url":"https:\/\/www.latitude-15.com\/wp-content\/uploads\/2026\/02\/409.jpg","contentUrl":"https:\/\/www.latitude-15.com\/wp-content\/uploads\/2026\/02\/409.jpg","width":1000,"height":667},{"@type":"BreadcrumbList","@id":"https:\/\/www.latitude-15.com\/es\/el-trafico-aereo-en-america-latina-y-el-caribe-crece-un-5-en-2025-hito-de-recuperacion-o-punto-de-inflexion-estructural\/#breadcrumb","itemListElement":[{"@type":"ListItem","position":1,"name":"Home","item":"https:\/\/www.latitude-15.com\/es\/inicio\/"},{"@type":"ListItem","position":2,"name":"El tr\u00e1fico a\u00e9reo en Am\u00e9rica Latina y el Caribe crece un 5% en 2025: \u00bfhito de recuperaci\u00f3n o punto de inflexi\u00f3n estructural?"}]},{"@type":"WebSite","@id":"https:\/\/www.latitude-15.com\/es\/#website","url":"https:\/\/www.latitude-15.com\/es\/","name":"LATITUDE 15","description":"Aviation and maritime Magazine - Caribbean &amp; Latin America","publisher":{"@id":"https:\/\/www.latitude-15.com\/es\/#organization"},"potentialAction":[{"@type":"SearchAction","target":{"@type":"EntryPoint","urlTemplate":"https:\/\/www.latitude-15.com\/es\/?s={search_term_string}"},"query-input":{"@type":"PropertyValueSpecification","valueRequired":true,"valueName":"search_term_string"}}],"inLanguage":"es"},{"@type":"Organization","@id":"https:\/\/www.latitude-15.com\/es\/#organization","name":"LATITUDE 15","url":"https:\/\/www.latitude-15.com\/es\/","logo":{"@type":"ImageObject","inLanguage":"es","@id":"https:\/\/www.latitude-15.com\/es\/#\/schema\/logo\/image\/","url":"https:\/\/www.latitude-15.com\/wp-content\/uploads\/2026\/01\/cropped-logox500px.png","contentUrl":"https:\/\/www.latitude-15.com\/wp-content\/uploads\/2026\/01\/cropped-logox500px.png","width":62,"height":75,"caption":"LATITUDE 15"},"image":{"@id":"https:\/\/www.latitude-15.com\/es\/#\/schema\/logo\/image\/"}},{"@type":"Person","@id":"https:\/\/www.latitude-15.com\/es\/#\/schema\/person\/dac52e7ff44c78317f337da112e37252","name":"Joda J","image":{"@type":"ImageObject","inLanguage":"es","@id":"https:\/\/www.latitude-15.com\/es\/#\/schema\/person\/image\/","url":"https:\/\/secure.gravatar.com\/avatar\/6b1feae555e15404b76616f92d931d12b25ac58024f14ccb43d9d3c012e4c4cf?s=96&d=mm&r=g","contentUrl":"https:\/\/secure.gravatar.com\/avatar\/6b1feae555e15404b76616f92d931d12b25ac58024f14ccb43d9d3c012e4c4cf?s=96&d=mm&r=g","caption":"Joda J"},"url":"https:\/\/www.latitude-15.com\/es\/author\/joda\/"}]}},"_links":{"self":[{"href":"https:\/\/www.latitude-15.com\/es\/wp-json\/wp\/v2\/posts\/20677","targetHints":{"allow":["GET"]}}],"collection":[{"href":"https:\/\/www.latitude-15.com\/es\/wp-json\/wp\/v2\/posts"}],"about":[{"href":"https:\/\/www.latitude-15.com\/es\/wp-json\/wp\/v2\/types\/post"}],"author":[{"embeddable":true,"href":"https:\/\/www.latitude-15.com\/es\/wp-json\/wp\/v2\/users\/5"}],"replies":[{"embeddable":true,"href":"https:\/\/www.latitude-15.com\/es\/wp-json\/wp\/v2\/comments?post=20677"}],"version-history":[{"count":1,"href":"https:\/\/www.latitude-15.com\/es\/wp-json\/wp\/v2\/posts\/20677\/revisions"}],"predecessor-version":[{"id":20678,"href":"https:\/\/www.latitude-15.com\/es\/wp-json\/wp\/v2\/posts\/20677\/revisions\/20678"}],"wp:featuredmedia":[{"embeddable":true,"href":"https:\/\/www.latitude-15.com\/es\/wp-json\/wp\/v2\/media\/20676"}],"wp:attachment":[{"href":"https:\/\/www.latitude-15.com\/es\/wp-json\/wp\/v2\/media?parent=20677"}],"wp:term":[{"taxonomy":"category","embeddable":true,"href":"https:\/\/www.latitude-15.com\/es\/wp-json\/wp\/v2\/categories?post=20677"},{"taxonomy":"post_tag","embeddable":true,"href":"https:\/\/www.latitude-15.com\/es\/wp-json\/wp\/v2\/tags?post=20677"}],"curies":[{"name":"wp","href":"https:\/\/api.w.org\/{rel}","templated":true}]}}