{"id":20589,"date":"2026-02-12T22:11:56","date_gmt":"2026-02-13T02:11:56","guid":{"rendered":"https:\/\/www.latitude-15.com\/martinica-aeropuerto-aime-cesaire-balance-2025-rumbo-a-2026-entre-trafico-internacional-experiencia-del-pasajero-y-descarbonizacion\/"},"modified":"2026-02-16T10:23:55","modified_gmt":"2026-02-16T14:23:55","slug":"aeropuerto-de-martinica-balance-de-2025-y-rumbo-a-2026-entre-la-conectividad-internacional-y-la-transicion-ecologica","status":"publish","type":"post","link":"https:\/\/www.latitude-15.com\/es\/aeropuerto-de-martinica-balance-de-2025-y-rumbo-a-2026-entre-la-conectividad-internacional-y-la-transicion-ecologica\/","title":{"rendered":"Aeropuerto de Martinica: balance de 2025 y rumbo a 2026, entre la conectividad internacional y la transici\u00f3n ecol\u00f3gica"},"content":{"rendered":"\n<p>El aeropuerto Martinica-Aim\u00e9-C\u00e9saire registra un crecimiento del 2,8% en 2025, impulsado por la explosi\u00f3n del tr\u00e1fico internacional (entre un +15% y un +37% seg\u00fan las zonas). Sin embargo, 2026 marca un punto de inflexi\u00f3n: m\u00e1s all\u00e1 de las cifras, se est\u00e1 transformando toda la experiencia del pasajero, mientras que 15.000 paneles solares preparan la transici\u00f3n ecol\u00f3gica. Nathalie S\u00e9bastien y Jean-Michel Lucenay presentaron este 12 de febrero una ambiciosa hoja de ruta. Una intervenci\u00f3n completada por Sylvain Le Foyer, director de Seguridad de la Aviaci\u00f3n Civil de Antillas-Guayana, quien detall\u00f3 las evoluciones previstas en materia de seguridad.   <\/p>\n\n<p><\/p>\n\n<figure class=\"wp-block-image size-large\"><img fetchpriority=\"high\" decoding=\"async\" width=\"1024\" height=\"720\" src=\"https:\/\/www.latitude-15.com\/wp-content\/uploads\/2026\/02\/WhatsApp-Image-2026-02-12-at-22.06.11-1024x720.jpeg\" alt=\"\" class=\"wp-image-20560\" srcset=\"https:\/\/www.latitude-15.com\/wp-content\/uploads\/2026\/02\/WhatsApp-Image-2026-02-12-at-22.06.11-1024x720.jpeg 1024w, https:\/\/www.latitude-15.com\/wp-content\/uploads\/2026\/02\/WhatsApp-Image-2026-02-12-at-22.06.11-300x211.jpeg 300w, https:\/\/www.latitude-15.com\/wp-content\/uploads\/2026\/02\/WhatsApp-Image-2026-02-12-at-22.06.11-768x540.jpeg 768w, https:\/\/www.latitude-15.com\/wp-content\/uploads\/2026\/02\/WhatsApp-Image-2026-02-12-at-22.06.11.jpeg 1280w\" sizes=\"(max-width: 1024px) 100vw, 1024px\" \/><\/figure>\n\n<p class=\"has-text-align-center\"><em>Jean-Michel Lucenay (vicepresidente del Consejo de Vigilancia), Nathalie S\u00e9bastien (presidenta del Directorio) y Sylvain Le Foyer (director de Seguridad de la Aviaci\u00f3n Civil)<\/em><\/p>\n\n<h2 class=\"wp-block-heading\">2025: un crecimiento impulsado por el internacional<\/h2>\n\n<p>En 2025, la plataforma confirma su din\u00e1mica de recuperaci\u00f3n con un crecimiento global del tr\u00e1fico (+2,8% sin contar el tr\u00e1nsito). Pero tras esta media, el contraste es claro: el segmento nacional se mantiene relativamente estable, mientras que el internacional registra un avance marcado, incluso con respecto a 2019. <\/p>\n\n<p>La Francia metropolitana sigue representando el 65% del tr\u00e1fico, pero son Norteam\u00e9rica \u2014en particular Canad\u00e1\u2014 y el Caribe los que impulsan el crecimiento.<\/p>\n\n<p>En 2025 se abrieron cinco nuevas rutas: Quebec (durante todo el a\u00f1o), Santa Luc\u00eda, Fortaleza (v\u00eda Guayana), San Mart\u00edn y Burdeos. Esta diversificaci\u00f3n refleja una estrategia decidida de apertura internacional. <\/p>\n\n<figure class=\"wp-block-image size-large\"><img decoding=\"async\" width=\"918\" height=\"1024\" data-src=\"https:\/\/www.latitude-15.com\/wp-content\/uploads\/2026\/02\/WhatsApp-Image-2026-02-12-at-21.59.01-918x1024.jpeg\" alt=\"\" class=\"wp-image-20561 lazyload\" data-srcset=\"https:\/\/www.latitude-15.com\/wp-content\/uploads\/2026\/02\/WhatsApp-Image-2026-02-12-at-21.59.01-918x1024.jpeg 918w, https:\/\/www.latitude-15.com\/wp-content\/uploads\/2026\/02\/WhatsApp-Image-2026-02-12-at-21.59.01-269x300.jpeg 269w, https:\/\/www.latitude-15.com\/wp-content\/uploads\/2026\/02\/WhatsApp-Image-2026-02-12-at-21.59.01-768x856.jpeg 768w, https:\/\/www.latitude-15.com\/wp-content\/uploads\/2026\/02\/WhatsApp-Image-2026-02-12-at-21.59.01.jpeg 1148w\" data-sizes=\"(max-width: 918px) 100vw, 918px\" src=\"data:image\/svg+xml;base64,PHN2ZyB3aWR0aD0iMSIgaGVpZ2h0PSIxIiB4bWxucz0iaHR0cDovL3d3dy53My5vcmcvMjAwMC9zdmciPjwvc3ZnPg==\" style=\"--smush-placeholder-width: 918px; --smush-placeholder-aspect-ratio: 918\/1024;\" \/><\/figure>\n\n<p>Para Nathalie S\u00e9bastien, esta evoluci\u00f3n confirma un giro estrat\u00e9gico:<\/p>\n\n<blockquote class=\"wp-block-quote is-layout-flow wp-block-quote-is-layout-flow\">\n<p>\u00abEl crecimiento vendr\u00e1 m\u00e1s del internacional que del nacional. Nuestro papel es abrir el cielo de Martinica al mundo, al tiempo que consolidamos los flujos existentes.\u00bb<\/p>\n<\/blockquote>\n\n<p>Canad\u00e1 se impone como un eje fuerte, con Montreal, Toronto (estacional) y ahora Quebec, anunciado durante todo el a\u00f1o. La conectividad regional tambi\u00e9n avanza con el regreso de Santa Luc\u00eda y el refuerzo de las conexiones caribe\u00f1as. <\/p>\n\n<p>La carga tambi\u00e9n muestra un aumento significativo, con cerca de 13.000 toneladas transportadas en 2025 (+27,2%).<\/p>\n\n<h2 class=\"wp-block-heading\">Luchar contra la estacionalidad: un reto territorial<\/h2>\n\n<p>M\u00e1s all\u00e1 de las cifras, la cuesti\u00f3n de la estacionalidad sigue siendo central. El aeropuerto reconoce que la actividad contin\u00faa concentr\u00e1ndose en determinados periodos, lo que debilita el ecosistema econ\u00f3mico local. <\/p>\n\n<figure class=\"wp-block-image size-large\"><img decoding=\"async\" width=\"918\" height=\"1024\" data-src=\"https:\/\/www.latitude-15.com\/wp-content\/uploads\/2026\/02\/WhatsApp-Image-2026-02-12-at-21.58.03-918x1024.jpeg\" alt=\"\" class=\"wp-image-20562 lazyload\" data-srcset=\"https:\/\/www.latitude-15.com\/wp-content\/uploads\/2026\/02\/WhatsApp-Image-2026-02-12-at-21.58.03-918x1024.jpeg 918w, https:\/\/www.latitude-15.com\/wp-content\/uploads\/2026\/02\/WhatsApp-Image-2026-02-12-at-21.58.03-269x300.jpeg 269w, https:\/\/www.latitude-15.com\/wp-content\/uploads\/2026\/02\/WhatsApp-Image-2026-02-12-at-21.58.03-768x856.jpeg 768w, https:\/\/www.latitude-15.com\/wp-content\/uploads\/2026\/02\/WhatsApp-Image-2026-02-12-at-21.58.03.jpeg 1148w\" data-sizes=\"(max-width: 918px) 100vw, 918px\" src=\"data:image\/svg+xml;base64,PHN2ZyB3aWR0aD0iMSIgaGVpZ2h0PSIxIiB4bWxucz0iaHR0cDovL3d3dy53My5vcmcvMjAwMC9zdmciPjwvc3ZnPg==\" style=\"--smush-placeholder-width: 918px; --smush-placeholder-aspect-ratio: 918\/1024;\" \/><\/figure>\n\n<p>Jean-Michel Lucenay insiste en esta responsabilidad colectiva:<\/p>\n\n<blockquote class=\"wp-block-quote is-layout-flow wp-block-quote-is-layout-flow\">\n<p>\u00abDebemos trabajar para repartir la actividad a lo largo del a\u00f1o. La conectividad a\u00e9rea es un palanca directa para la econom\u00eda, para los hoteles, para todo el tejido tur\u00edstico.\u00bb<\/p>\n<\/blockquote>\n\n<p>El objetivo para 2026 no es \u00fanicamente crecer, sino \u00abcrecer sin engordar\u00bb, optimizando las infraestructuras existentes y atrayendo nuevos perfiles de clientela.<\/p>\n\n<h2 class=\"wp-block-heading\">2026: transformar la experiencia del pasajero<\/h2>\n\n<p>El hilo conductor de 2026 est\u00e1 claro: mejorar la experiencia del cliente.<\/p>\n\n<p>El aeropuerto pretende actuar sobre tres palancas:<\/p>\n\n<ul class=\"wp-block-list\">\n<li>la imagen, con marcadores m\u00e1s afirmados de la identidad martiniquesa,<\/li>\n\n\n\n<li>la fluidez, gracias a la digitalizaci\u00f3n,<\/li>\n\n\n\n<li>el confort, con una mejora de la oferta de restauraci\u00f3n y de las salas VIP.<\/li>\n<\/ul>\n\n<p>Se instalar\u00e1n nuevos quioscos de autoservicio y sistemas autom\u00e1ticos de entrega de equipaje para simplificar el recorrido. Tambi\u00e9n est\u00e1n previstas dos nuevas salas: una sala multicompa\u00f1\u00eda y una sala VIP, en particular para recepciones diplom\u00e1ticas. <\/p>\n\n<p>El objetivo: transformar un tiempo percibido como una obligaci\u00f3n en un momento valorado.<\/p>\n\n<h2 class=\"wp-block-heading\">Descarbonizaci\u00f3n y resiliencia: un aeropuerto costero frente al cambio clim\u00e1tico<\/h2>\n\n<p>La transici\u00f3n energ\u00e9tica constituye el otro pilar principal.<\/p>\n\n<p>Como segundo mayor consumidor de electricidad de la isla, el aeropuerto aborda de frente su huella de carbono. Dos proyectos fotovoltaicos desplegar\u00e1n m\u00e1s de 15.000 paneles \u2014en marquesinas de aparcamientos y en los tejados de los edificios\u2014 para una producci\u00f3n anual de 11,5 GWh. El 85% se destinar\u00e1 al autoconsumo y el resto se inyectar\u00e1 en la red de Martinica. Inversi\u00f3n: 14 millones de euros.   <\/p>\n\n<p>Pero el reto va m\u00e1s all\u00e1 de la energ\u00eda. Situado en zona costera y rodeado de manglares, el aeropuerto impulsa estudios de adaptaci\u00f3n al cambio clim\u00e1tico, en particular frente al aumento del nivel del mar. <\/p>\n\n<p>La plataforma pretende conjugar desarrollo y respeto por su ecosistema.<\/p>\n\n<h2 class=\"wp-block-heading\">Seguridad y facilitaci\u00f3n: hacia una mayor fluidez y control<\/h2>\n\n<p>La seguridad sigue siendo un eje prioritario.<\/p>\n\n<p>Tras el despliegue de m\u00e1s de un centenar de c\u00e1maras en 2025, se instalar\u00e1n dos esc\u00e1neres milim\u00e9tricos entre abril y junio de 2026 para reforzar los controles.<\/p>\n\n<p>Sylvain Lefoyer, director de Seguridad de la Aviaci\u00f3n Civil Antillas-Guayana, detall\u00f3 el funcionamiento de estos equipos, as\u00ed como la llegada de terminales PARAFE destinados a agilizar los controles fronterizos, tanto a la llegada como a la salida.<\/p>\n\n<h2 class=\"wp-block-heading\">Una plataforma en el coraz\u00f3n de la estrategia territorial<\/h2>\n\n<p>M\u00e1s que una infraestructura de transporte, el aeropuerto Martinica-Aim\u00e9-C\u00e9saire se posiciona como catalizador del atractivo territorial. Con una conectividad internacional reforzada, una experiencia del pasajero transformada y una descarbonizaci\u00f3n acelerada, la hoja de ruta para 2026 define un aeropuerto que ya no se limita a recibir flujos, sino que estructura de forma sostenible la proyecci\u00f3n de Martinica. <\/p>\n\n<figure class=\"wp-block-image size-large\"><img decoding=\"async\" width=\"1024\" height=\"588\" data-src=\"https:\/\/www.latitude-15.com\/wp-content\/uploads\/2026\/02\/WhatsApp-Image-2026-02-12-at-21.59.46-1024x588.jpeg\" alt=\"\" class=\"wp-image-20563 lazyload\" data-srcset=\"https:\/\/www.latitude-15.com\/wp-content\/uploads\/2026\/02\/WhatsApp-Image-2026-02-12-at-21.59.46-1024x588.jpeg 1024w, https:\/\/www.latitude-15.com\/wp-content\/uploads\/2026\/02\/WhatsApp-Image-2026-02-12-at-21.59.46-300x172.jpeg 300w, https:\/\/www.latitude-15.com\/wp-content\/uploads\/2026\/02\/WhatsApp-Image-2026-02-12-at-21.59.46-768x441.jpeg 768w, https:\/\/www.latitude-15.com\/wp-content\/uploads\/2026\/02\/WhatsApp-Image-2026-02-12-at-21.59.46.jpeg 1280w\" data-sizes=\"(max-width: 1024px) 100vw, 1024px\" src=\"data:image\/svg+xml;base64,PHN2ZyB3aWR0aD0iMSIgaGVpZ2h0PSIxIiB4bWxucz0iaHR0cDovL3d3dy53My5vcmcvMjAwMC9zdmciPjwvc3ZnPg==\" style=\"--smush-placeholder-width: 1024px; --smush-placeholder-aspect-ratio: 1024\/588;\" \/><\/figure>\n","protected":false},"excerpt":{"rendered":"<p>El aeropuerto Martinica-Aim\u00e9-C\u00e9saire registra un crecimiento del 2,8% en 2025, impulsado por la explosi\u00f3n del tr\u00e1fico internacional (entre un +15% y un +37% seg\u00fan las zonas). Sin embargo, 2026 marca un punto de inflexi\u00f3n: m\u00e1s all\u00e1 de las cifras, se est\u00e1 transformando toda la experiencia del pasajero, mientras que 15.000 paneles solares preparan la transici\u00f3n [&hellip;]<\/p>\n","protected":false},"author":4,"featured_media":20588,"comment_status":"open","ping_status":"open","sticky":false,"template":"","format":"standard","meta":{"footnotes":""},"categories":[105,99],"tags":[],"class_list":["post-20589","post","type-post","status-publish","format-standard","has-post-thumbnail","hentry","category-aeropuertos-e-infraestructura","category-aviacion"],"yoast_head":"<!-- This site is optimized with the Yoast SEO plugin v26.9 - https:\/\/yoast.com\/product\/yoast-seo-wordpress\/ -->\n<title>Aeropuerto de Martinica: balance de 2025 y rumbo a 2026, entre la conectividad internacional y la transici\u00f3n ecol\u00f3gica - LATITUDE 15<\/title>\n<meta name=\"robots\" content=\"index, follow, max-snippet:-1, max-image-preview:large, max-video-preview:-1\" \/>\n<link rel=\"canonical\" href=\"https:\/\/www.latitude-15.com\/es\/aeropuerto-de-martinica-balance-de-2025-y-rumbo-a-2026-entre-la-conectividad-internacional-y-la-transicion-ecologica\/\" \/>\n<meta property=\"og:locale\" content=\"es_ES\" \/>\n<meta property=\"og:type\" content=\"article\" \/>\n<meta property=\"og:title\" content=\"Aeropuerto de Martinica: balance de 2025 y rumbo a 2026, entre la conectividad internacional y la transici\u00f3n ecol\u00f3gica - LATITUDE 15\" \/>\n<meta property=\"og:description\" content=\"El aeropuerto Martinica-Aim\u00e9-C\u00e9saire registra un crecimiento del 2,8% en 2025, impulsado por la explosi\u00f3n del tr\u00e1fico internacional (entre un +15% y un +37% seg\u00fan las zonas). Sin embargo, 2026 marca un punto de inflexi\u00f3n: m\u00e1s all\u00e1 de las cifras, se est\u00e1 transformando toda la experiencia del pasajero, mientras que 15.000 paneles solares preparan la transici\u00f3n [&hellip;]\" \/>\n<meta property=\"og:url\" content=\"https:\/\/www.latitude-15.com\/es\/aeropuerto-de-martinica-balance-de-2025-y-rumbo-a-2026-entre-la-conectividad-internacional-y-la-transicion-ecologica\/\" \/>\n<meta property=\"og:site_name\" content=\"LATITUDE 15\" \/>\n<meta property=\"article:published_time\" content=\"2026-02-13T02:11:56+00:00\" \/>\n<meta property=\"article:modified_time\" content=\"2026-02-16T14:23:55+00:00\" \/>\n<meta property=\"og:image\" content=\"https:\/\/www.latitude-15.com\/wp-content\/uploads\/2026\/02\/WhatsApp-Image-2026-02-12-at-22.00.15.jpeg\" \/>\n\t<meta property=\"og:image:width\" content=\"1065\" \/>\n\t<meta property=\"og:image:height\" content=\"574\" \/>\n\t<meta property=\"og:image:type\" content=\"image\/jpeg\" \/>\n<meta name=\"author\" content=\"Sabrina AJ\" \/>\n<meta name=\"twitter:card\" content=\"summary_large_image\" \/>\n<meta name=\"twitter:label1\" content=\"Escrito por\" \/>\n\t<meta name=\"twitter:data1\" content=\"Sabrina AJ\" \/>\n\t<meta name=\"twitter:label2\" content=\"Tiempo de lectura\" \/>\n\t<meta name=\"twitter:data2\" content=\"4 minutos\" \/>\n<script type=\"application\/ld+json\" class=\"yoast-schema-graph\">{\"@context\":\"https:\/\/schema.org\",\"@graph\":[{\"@type\":\"Article\",\"@id\":\"https:\/\/www.latitude-15.com\/es\/aeropuerto-de-martinica-balance-de-2025-y-rumbo-a-2026-entre-la-conectividad-internacional-y-la-transicion-ecologica\/#article\",\"isPartOf\":{\"@id\":\"https:\/\/www.latitude-15.com\/es\/aeropuerto-de-martinica-balance-de-2025-y-rumbo-a-2026-entre-la-conectividad-internacional-y-la-transicion-ecologica\/\"},\"author\":{\"name\":\"Sabrina AJ\",\"@id\":\"https:\/\/www.latitude-15.com\/es\/#\/schema\/person\/91c01ae4c368ed9f103739b76d543e81\"},\"headline\":\"Aeropuerto de Martinica: balance de 2025 y rumbo a 2026, entre la conectividad internacional y la transici\u00f3n ecol\u00f3gica\",\"datePublished\":\"2026-02-13T02:11:56+00:00\",\"dateModified\":\"2026-02-16T14:23:55+00:00\",\"mainEntityOfPage\":{\"@id\":\"https:\/\/www.latitude-15.com\/es\/aeropuerto-de-martinica-balance-de-2025-y-rumbo-a-2026-entre-la-conectividad-internacional-y-la-transicion-ecologica\/\"},\"wordCount\":859,\"commentCount\":0,\"publisher\":{\"@id\":\"https:\/\/www.latitude-15.com\/es\/#organization\"},\"image\":{\"@id\":\"https:\/\/www.latitude-15.com\/es\/aeropuerto-de-martinica-balance-de-2025-y-rumbo-a-2026-entre-la-conectividad-internacional-y-la-transicion-ecologica\/#primaryimage\"},\"thumbnailUrl\":\"https:\/\/www.latitude-15.com\/wp-content\/uploads\/2026\/02\/WhatsApp-Image-2026-02-12-at-22.00.15.jpeg\",\"articleSection\":[\"Aeropuertos e infraestructura\",\"AVIACI\u00d3N\"],\"inLanguage\":\"es\",\"potentialAction\":[{\"@type\":\"CommentAction\",\"name\":\"Comment\",\"target\":[\"https:\/\/www.latitude-15.com\/es\/aeropuerto-de-martinica-balance-de-2025-y-rumbo-a-2026-entre-la-conectividad-internacional-y-la-transicion-ecologica\/#respond\"]}]},{\"@type\":\"WebPage\",\"@id\":\"https:\/\/www.latitude-15.com\/es\/aeropuerto-de-martinica-balance-de-2025-y-rumbo-a-2026-entre-la-conectividad-internacional-y-la-transicion-ecologica\/\",\"url\":\"https:\/\/www.latitude-15.com\/es\/aeropuerto-de-martinica-balance-de-2025-y-rumbo-a-2026-entre-la-conectividad-internacional-y-la-transicion-ecologica\/\",\"name\":\"Aeropuerto de Martinica: balance de 2025 y rumbo a 2026, entre la conectividad internacional y la transici\u00f3n ecol\u00f3gica - LATITUDE 15\",\"isPartOf\":{\"@id\":\"https:\/\/www.latitude-15.com\/es\/#website\"},\"primaryImageOfPage\":{\"@id\":\"https:\/\/www.latitude-15.com\/es\/aeropuerto-de-martinica-balance-de-2025-y-rumbo-a-2026-entre-la-conectividad-internacional-y-la-transicion-ecologica\/#primaryimage\"},\"image\":{\"@id\":\"https:\/\/www.latitude-15.com\/es\/aeropuerto-de-martinica-balance-de-2025-y-rumbo-a-2026-entre-la-conectividad-internacional-y-la-transicion-ecologica\/#primaryimage\"},\"thumbnailUrl\":\"https:\/\/www.latitude-15.com\/wp-content\/uploads\/2026\/02\/WhatsApp-Image-2026-02-12-at-22.00.15.jpeg\",\"datePublished\":\"2026-02-13T02:11:56+00:00\",\"dateModified\":\"2026-02-16T14:23:55+00:00\",\"breadcrumb\":{\"@id\":\"https:\/\/www.latitude-15.com\/es\/aeropuerto-de-martinica-balance-de-2025-y-rumbo-a-2026-entre-la-conectividad-internacional-y-la-transicion-ecologica\/#breadcrumb\"},\"inLanguage\":\"es\",\"potentialAction\":[{\"@type\":\"ReadAction\",\"target\":[\"https:\/\/www.latitude-15.com\/es\/aeropuerto-de-martinica-balance-de-2025-y-rumbo-a-2026-entre-la-conectividad-internacional-y-la-transicion-ecologica\/\"]}]},{\"@type\":\"ImageObject\",\"inLanguage\":\"es\",\"@id\":\"https:\/\/www.latitude-15.com\/es\/aeropuerto-de-martinica-balance-de-2025-y-rumbo-a-2026-entre-la-conectividad-internacional-y-la-transicion-ecologica\/#primaryimage\",\"url\":\"https:\/\/www.latitude-15.com\/wp-content\/uploads\/2026\/02\/WhatsApp-Image-2026-02-12-at-22.00.15.jpeg\",\"contentUrl\":\"https:\/\/www.latitude-15.com\/wp-content\/uploads\/2026\/02\/WhatsApp-Image-2026-02-12-at-22.00.15.jpeg\",\"width\":1065,\"height\":574},{\"@type\":\"BreadcrumbList\",\"@id\":\"https:\/\/www.latitude-15.com\/es\/aeropuerto-de-martinica-balance-de-2025-y-rumbo-a-2026-entre-la-conectividad-internacional-y-la-transicion-ecologica\/#breadcrumb\",\"itemListElement\":[{\"@type\":\"ListItem\",\"position\":1,\"name\":\"Home\",\"item\":\"https:\/\/www.latitude-15.com\/es\/inicio\/\"},{\"@type\":\"ListItem\",\"position\":2,\"name\":\"Aeropuerto de Martinica: balance de 2025 y rumbo a 2026, entre la conectividad internacional y la transici\u00f3n ecol\u00f3gica\"}]},{\"@type\":\"WebSite\",\"@id\":\"https:\/\/www.latitude-15.com\/es\/#website\",\"url\":\"https:\/\/www.latitude-15.com\/es\/\",\"name\":\"LATITUDE 15\",\"description\":\"Aviation and maritime Magazine - Caribbean &amp; Latin America\",\"publisher\":{\"@id\":\"https:\/\/www.latitude-15.com\/es\/#organization\"},\"potentialAction\":[{\"@type\":\"SearchAction\",\"target\":{\"@type\":\"EntryPoint\",\"urlTemplate\":\"https:\/\/www.latitude-15.com\/es\/?s={search_term_string}\"},\"query-input\":{\"@type\":\"PropertyValueSpecification\",\"valueRequired\":true,\"valueName\":\"search_term_string\"}}],\"inLanguage\":\"es\"},{\"@type\":\"Organization\",\"@id\":\"https:\/\/www.latitude-15.com\/es\/#organization\",\"name\":\"LATITUDE 15\",\"url\":\"https:\/\/www.latitude-15.com\/es\/\",\"logo\":{\"@type\":\"ImageObject\",\"inLanguage\":\"es\",\"@id\":\"https:\/\/www.latitude-15.com\/es\/#\/schema\/logo\/image\/\",\"url\":\"https:\/\/www.latitude-15.com\/wp-content\/uploads\/2026\/01\/cropped-logox500px.png\",\"contentUrl\":\"https:\/\/www.latitude-15.com\/wp-content\/uploads\/2026\/01\/cropped-logox500px.png\",\"width\":62,\"height\":75,\"caption\":\"LATITUDE 15\"},\"image\":{\"@id\":\"https:\/\/www.latitude-15.com\/es\/#\/schema\/logo\/image\/\"}},{\"@type\":\"Person\",\"@id\":\"https:\/\/www.latitude-15.com\/es\/#\/schema\/person\/91c01ae4c368ed9f103739b76d543e81\",\"name\":\"Sabrina AJ\",\"image\":{\"@type\":\"ImageObject\",\"inLanguage\":\"es\",\"@id\":\"https:\/\/www.latitude-15.com\/es\/#\/schema\/person\/image\/\",\"url\":\"https:\/\/secure.gravatar.com\/avatar\/dda9448c6244bb57751d852e57ef360ef337e5fed6f7146091bc3c71fa25c72b?s=96&d=mm&r=g\",\"contentUrl\":\"https:\/\/secure.gravatar.com\/avatar\/dda9448c6244bb57751d852e57ef360ef337e5fed6f7146091bc3c71fa25c72b?s=96&d=mm&r=g\",\"caption\":\"Sabrina AJ\"},\"url\":\"https:\/\/www.latitude-15.com\/es\/author\/sajax\/\"}]}<\/script>\n<!-- \/ Yoast SEO plugin. -->","yoast_head_json":{"title":"Aeropuerto de Martinica: balance de 2025 y rumbo a 2026, entre la conectividad internacional y la transici\u00f3n ecol\u00f3gica - LATITUDE 15","robots":{"index":"index","follow":"follow","max-snippet":"max-snippet:-1","max-image-preview":"max-image-preview:large","max-video-preview":"max-video-preview:-1"},"canonical":"https:\/\/www.latitude-15.com\/es\/aeropuerto-de-martinica-balance-de-2025-y-rumbo-a-2026-entre-la-conectividad-internacional-y-la-transicion-ecologica\/","og_locale":"es_ES","og_type":"article","og_title":"Aeropuerto de Martinica: balance de 2025 y rumbo a 2026, entre la conectividad internacional y la transici\u00f3n ecol\u00f3gica - LATITUDE 15","og_description":"El aeropuerto Martinica-Aim\u00e9-C\u00e9saire registra un crecimiento del 2,8% en 2025, impulsado por la explosi\u00f3n del tr\u00e1fico internacional (entre un +15% y un +37% seg\u00fan las zonas). Sin embargo, 2026 marca un punto de inflexi\u00f3n: m\u00e1s all\u00e1 de las cifras, se est\u00e1 transformando toda la experiencia del pasajero, mientras que 15.000 paneles solares preparan la transici\u00f3n [&hellip;]","og_url":"https:\/\/www.latitude-15.com\/es\/aeropuerto-de-martinica-balance-de-2025-y-rumbo-a-2026-entre-la-conectividad-internacional-y-la-transicion-ecologica\/","og_site_name":"LATITUDE 15","article_published_time":"2026-02-13T02:11:56+00:00","article_modified_time":"2026-02-16T14:23:55+00:00","og_image":[{"width":1065,"height":574,"url":"https:\/\/www.latitude-15.com\/wp-content\/uploads\/2026\/02\/WhatsApp-Image-2026-02-12-at-22.00.15.jpeg","type":"image\/jpeg"}],"author":"Sabrina AJ","twitter_card":"summary_large_image","twitter_misc":{"Escrito por":"Sabrina AJ","Tiempo de lectura":"4 minutos"},"schema":{"@context":"https:\/\/schema.org","@graph":[{"@type":"Article","@id":"https:\/\/www.latitude-15.com\/es\/aeropuerto-de-martinica-balance-de-2025-y-rumbo-a-2026-entre-la-conectividad-internacional-y-la-transicion-ecologica\/#article","isPartOf":{"@id":"https:\/\/www.latitude-15.com\/es\/aeropuerto-de-martinica-balance-de-2025-y-rumbo-a-2026-entre-la-conectividad-internacional-y-la-transicion-ecologica\/"},"author":{"name":"Sabrina AJ","@id":"https:\/\/www.latitude-15.com\/es\/#\/schema\/person\/91c01ae4c368ed9f103739b76d543e81"},"headline":"Aeropuerto de Martinica: balance de 2025 y rumbo a 2026, entre la conectividad internacional y la transici\u00f3n ecol\u00f3gica","datePublished":"2026-02-13T02:11:56+00:00","dateModified":"2026-02-16T14:23:55+00:00","mainEntityOfPage":{"@id":"https:\/\/www.latitude-15.com\/es\/aeropuerto-de-martinica-balance-de-2025-y-rumbo-a-2026-entre-la-conectividad-internacional-y-la-transicion-ecologica\/"},"wordCount":859,"commentCount":0,"publisher":{"@id":"https:\/\/www.latitude-15.com\/es\/#organization"},"image":{"@id":"https:\/\/www.latitude-15.com\/es\/aeropuerto-de-martinica-balance-de-2025-y-rumbo-a-2026-entre-la-conectividad-internacional-y-la-transicion-ecologica\/#primaryimage"},"thumbnailUrl":"https:\/\/www.latitude-15.com\/wp-content\/uploads\/2026\/02\/WhatsApp-Image-2026-02-12-at-22.00.15.jpeg","articleSection":["Aeropuertos e infraestructura","AVIACI\u00d3N"],"inLanguage":"es","potentialAction":[{"@type":"CommentAction","name":"Comment","target":["https:\/\/www.latitude-15.com\/es\/aeropuerto-de-martinica-balance-de-2025-y-rumbo-a-2026-entre-la-conectividad-internacional-y-la-transicion-ecologica\/#respond"]}]},{"@type":"WebPage","@id":"https:\/\/www.latitude-15.com\/es\/aeropuerto-de-martinica-balance-de-2025-y-rumbo-a-2026-entre-la-conectividad-internacional-y-la-transicion-ecologica\/","url":"https:\/\/www.latitude-15.com\/es\/aeropuerto-de-martinica-balance-de-2025-y-rumbo-a-2026-entre-la-conectividad-internacional-y-la-transicion-ecologica\/","name":"Aeropuerto de Martinica: balance de 2025 y rumbo a 2026, entre la conectividad internacional y la transici\u00f3n ecol\u00f3gica - LATITUDE 15","isPartOf":{"@id":"https:\/\/www.latitude-15.com\/es\/#website"},"primaryImageOfPage":{"@id":"https:\/\/www.latitude-15.com\/es\/aeropuerto-de-martinica-balance-de-2025-y-rumbo-a-2026-entre-la-conectividad-internacional-y-la-transicion-ecologica\/#primaryimage"},"image":{"@id":"https:\/\/www.latitude-15.com\/es\/aeropuerto-de-martinica-balance-de-2025-y-rumbo-a-2026-entre-la-conectividad-internacional-y-la-transicion-ecologica\/#primaryimage"},"thumbnailUrl":"https:\/\/www.latitude-15.com\/wp-content\/uploads\/2026\/02\/WhatsApp-Image-2026-02-12-at-22.00.15.jpeg","datePublished":"2026-02-13T02:11:56+00:00","dateModified":"2026-02-16T14:23:55+00:00","breadcrumb":{"@id":"https:\/\/www.latitude-15.com\/es\/aeropuerto-de-martinica-balance-de-2025-y-rumbo-a-2026-entre-la-conectividad-internacional-y-la-transicion-ecologica\/#breadcrumb"},"inLanguage":"es","potentialAction":[{"@type":"ReadAction","target":["https:\/\/www.latitude-15.com\/es\/aeropuerto-de-martinica-balance-de-2025-y-rumbo-a-2026-entre-la-conectividad-internacional-y-la-transicion-ecologica\/"]}]},{"@type":"ImageObject","inLanguage":"es","@id":"https:\/\/www.latitude-15.com\/es\/aeropuerto-de-martinica-balance-de-2025-y-rumbo-a-2026-entre-la-conectividad-internacional-y-la-transicion-ecologica\/#primaryimage","url":"https:\/\/www.latitude-15.com\/wp-content\/uploads\/2026\/02\/WhatsApp-Image-2026-02-12-at-22.00.15.jpeg","contentUrl":"https:\/\/www.latitude-15.com\/wp-content\/uploads\/2026\/02\/WhatsApp-Image-2026-02-12-at-22.00.15.jpeg","width":1065,"height":574},{"@type":"BreadcrumbList","@id":"https:\/\/www.latitude-15.com\/es\/aeropuerto-de-martinica-balance-de-2025-y-rumbo-a-2026-entre-la-conectividad-internacional-y-la-transicion-ecologica\/#breadcrumb","itemListElement":[{"@type":"ListItem","position":1,"name":"Home","item":"https:\/\/www.latitude-15.com\/es\/inicio\/"},{"@type":"ListItem","position":2,"name":"Aeropuerto de Martinica: balance de 2025 y rumbo a 2026, entre la conectividad internacional y la transici\u00f3n ecol\u00f3gica"}]},{"@type":"WebSite","@id":"https:\/\/www.latitude-15.com\/es\/#website","url":"https:\/\/www.latitude-15.com\/es\/","name":"LATITUDE 15","description":"Aviation and maritime Magazine - Caribbean &amp; Latin America","publisher":{"@id":"https:\/\/www.latitude-15.com\/es\/#organization"},"potentialAction":[{"@type":"SearchAction","target":{"@type":"EntryPoint","urlTemplate":"https:\/\/www.latitude-15.com\/es\/?s={search_term_string}"},"query-input":{"@type":"PropertyValueSpecification","valueRequired":true,"valueName":"search_term_string"}}],"inLanguage":"es"},{"@type":"Organization","@id":"https:\/\/www.latitude-15.com\/es\/#organization","name":"LATITUDE 15","url":"https:\/\/www.latitude-15.com\/es\/","logo":{"@type":"ImageObject","inLanguage":"es","@id":"https:\/\/www.latitude-15.com\/es\/#\/schema\/logo\/image\/","url":"https:\/\/www.latitude-15.com\/wp-content\/uploads\/2026\/01\/cropped-logox500px.png","contentUrl":"https:\/\/www.latitude-15.com\/wp-content\/uploads\/2026\/01\/cropped-logox500px.png","width":62,"height":75,"caption":"LATITUDE 15"},"image":{"@id":"https:\/\/www.latitude-15.com\/es\/#\/schema\/logo\/image\/"}},{"@type":"Person","@id":"https:\/\/www.latitude-15.com\/es\/#\/schema\/person\/91c01ae4c368ed9f103739b76d543e81","name":"Sabrina AJ","image":{"@type":"ImageObject","inLanguage":"es","@id":"https:\/\/www.latitude-15.com\/es\/#\/schema\/person\/image\/","url":"https:\/\/secure.gravatar.com\/avatar\/dda9448c6244bb57751d852e57ef360ef337e5fed6f7146091bc3c71fa25c72b?s=96&d=mm&r=g","contentUrl":"https:\/\/secure.gravatar.com\/avatar\/dda9448c6244bb57751d852e57ef360ef337e5fed6f7146091bc3c71fa25c72b?s=96&d=mm&r=g","caption":"Sabrina AJ"},"url":"https:\/\/www.latitude-15.com\/es\/author\/sajax\/"}]}},"_links":{"self":[{"href":"https:\/\/www.latitude-15.com\/es\/wp-json\/wp\/v2\/posts\/20589","targetHints":{"allow":["GET"]}}],"collection":[{"href":"https:\/\/www.latitude-15.com\/es\/wp-json\/wp\/v2\/posts"}],"about":[{"href":"https:\/\/www.latitude-15.com\/es\/wp-json\/wp\/v2\/types\/post"}],"author":[{"embeddable":true,"href":"https:\/\/www.latitude-15.com\/es\/wp-json\/wp\/v2\/users\/4"}],"replies":[{"embeddable":true,"href":"https:\/\/www.latitude-15.com\/es\/wp-json\/wp\/v2\/comments?post=20589"}],"version-history":[{"count":3,"href":"https:\/\/www.latitude-15.com\/es\/wp-json\/wp\/v2\/posts\/20589\/revisions"}],"predecessor-version":[{"id":20599,"href":"https:\/\/www.latitude-15.com\/es\/wp-json\/wp\/v2\/posts\/20589\/revisions\/20599"}],"wp:featuredmedia":[{"embeddable":true,"href":"https:\/\/www.latitude-15.com\/es\/wp-json\/wp\/v2\/media\/20588"}],"wp:attachment":[{"href":"https:\/\/www.latitude-15.com\/es\/wp-json\/wp\/v2\/media?parent=20589"}],"wp:term":[{"taxonomy":"category","embeddable":true,"href":"https:\/\/www.latitude-15.com\/es\/wp-json\/wp\/v2\/categories?post=20589"},{"taxonomy":"post_tag","embeddable":true,"href":"https:\/\/www.latitude-15.com\/es\/wp-json\/wp\/v2\/tags?post=20589"}],"curies":[{"name":"wp","href":"https:\/\/api.w.org\/{rel}","templated":true}]}}