{"id":20245,"date":"2026-02-06T11:22:42","date_gmt":"2026-02-06T15:22:42","guid":{"rendered":"https:\/\/www.latitude-15.com\/us-caribbean-maritime-and-ports-forum-2026-un-enfoque-regional-sobre-los-desafios-portuarios-y-maritimos\/"},"modified":"2026-02-09T16:53:24","modified_gmt":"2026-02-09T20:53:24","slug":"us-caribbean-maritime-and-ports-forum-2026-un-enfoque-regional-sobre-los-desafios-portuarios-y-maritimos","status":"publish","type":"post","link":"https:\/\/www.latitude-15.com\/es\/us-caribbean-maritime-and-ports-forum-2026-un-enfoque-regional-sobre-los-desafios-portuarios-y-maritimos\/","title":{"rendered":"US\u2013Caribbean Maritime and Ports Forum 2026: un enfoque regional sobre los desaf\u00edos portuarios y mar\u00edtimos"},"content":{"rendered":"\n<p>El 20 de febrero de 2026, Miami ser\u00e1 sede del US\u2013Caribbean Maritime and Ports Forum, un evento dedicado a los asuntos mar\u00edtimos y portuarios entre Estados Unidos y el Caribe. Organizado por el Atlantic Council a trav\u00e9s de su Adrienne Arsht Latin America Center, el foro reunir\u00e1 a representantes institucionales, autoridades portuarias, operadores mar\u00edtimos y actores econ\u00f3micos de toda la regi\u00f3n. <\/p>\n\n<p>El objetivo declarado es facilitar el di\u00e1logo en torno a los desaf\u00edos compartidos que enfrentan los puertos y las cadenas de suministro regionales, en un contexto de transformaci\u00f3n de los flujos comerciales, de las necesidades de infraestructura y de los marcos regulatorios.<\/p>\n\n<h2 class=\"wp-block-heading\">Una plataforma de di\u00e1logo entre Estados Unidos y el Caribe<\/h2>\n\n<p>Seg\u00fan los organizadores, el foro busca reforzar los intercambios entre los actores mar\u00edtimos de Estados Unidos y el Caribe, con un enfoque particular en la conectividad mar\u00edtima, el desarrollo portuario y la cooperaci\u00f3n regional.<\/p>\n\n<p>El Caribe ocupa una posici\u00f3n estrat\u00e9gica dentro de las rutas mar\u00edtimas que conectan Am\u00e9rica del Norte, Am\u00e9rica Latina y los principales corredores del comercio mundial. Los puertos de la regi\u00f3n desempe\u00f1an un papel clave en el tr\u00e1nsito de mercanc\u00edas, las operaciones de transbordo y el abastecimiento de los mercados insulares, al tiempo que enfrentan limitaciones estructurales relacionadas con la capacidad, la modernizaci\u00f3n de infraestructuras y la resiliencia clim\u00e1tica. <\/p>\n\n<figure class=\"wp-block-image size-large\"><img fetchpriority=\"high\" decoding=\"async\" width=\"1024\" height=\"502\" src=\"https:\/\/www.latitude-15.com\/wp-content\/uploads\/2026\/02\/img67329-1024x502.png\" alt=\"\" class=\"wp-image-20158\" srcset=\"https:\/\/www.latitude-15.com\/wp-content\/uploads\/2026\/02\/img67329-1024x502.png 1024w, https:\/\/www.latitude-15.com\/wp-content\/uploads\/2026\/02\/img67329-300x147.png 300w, https:\/\/www.latitude-15.com\/wp-content\/uploads\/2026\/02\/img67329-768x376.png 768w, https:\/\/www.latitude-15.com\/wp-content\/uploads\/2026\/02\/img67329.png 1221w\" sizes=\"(max-width: 1024px) 100vw, 1024px\" \/><\/figure>\n\n<h2 class=\"wp-block-heading\">Temas clave en la agenda<\/h2>\n\n<p>El programa anunciado del US\u2013Caribbean Maritime and Ports Forum contempla debates centrados en varios ejes estrat\u00e9gicos para el sector mar\u00edtimo-portuario:<\/p>\n\n<ul class=\"wp-block-list\">\n<li>infraestructura portuaria y necesidades de modernizaci\u00f3n,<\/li>\n\n\n\n<li>log\u00edstica mar\u00edtima y portuaria en la regi\u00f3n del Caribe,<\/li>\n\n\n\n<li>consideraciones en materia de seguridad y protecci\u00f3n portuaria,<\/li>\n\n\n\n<li>cooperaci\u00f3n p\u00fablico-privada y marcos institucionales,<\/li>\n\n\n\n<li>resiliencia portuaria frente a riesgos clim\u00e1ticos y operativos.<\/li>\n<\/ul>\n\n<p>Estos temas reflejan un contexto regional caracterizado por importantes necesidades de inversi\u00f3n en infraestructura de transporte y log\u00edstica, destacadas de manera recurrente por organismos internacionales.<\/p>\n\n<h2 class=\"wp-block-heading\">Un encuentro orientado a los profesionales del sector<\/h2>\n\n<p>El foro est\u00e1 dirigido principalmente a profesionales del \u00e1mbito mar\u00edtimo, autoridades portuarias, operadores de terminales, navieras, as\u00ed como a actores institucionales y financieros implicados en el desarrollo portuario en el Caribe y Am\u00e9rica Latina.<\/p>\n\n<p>Si bien no se concibe como un espacio de toma de decisiones, el US\u2013Caribbean Maritime and Ports Forum se presenta como una plataforma de intercambio y networking, que ofrece a los participantes la oportunidad de compartir perspectivas, prioridades y experiencias en torno a los desaf\u00edos portuarios y mar\u00edtimos regionales.<\/p>\n\n<hr class=\"wp-block-separator has-alpha-channel-opacity\" \/>\n\n<h3 class=\"wp-block-heading\"><em>Informaci\u00f3n clave del evento<\/em><\/h3>\n\n<ul class=\"wp-block-list\">\n<li>Evento: US\u2013Caribbean Maritime and Ports Forum<\/li>\n\n\n\n<li>Fecha: 20 de febrero de 2026<\/li>\n\n\n\n<li>Lugar: Miami, Estados Unidos<\/li>\n\n\n\n<li>Organizador: Atlantic Council \u2013 Adrienne Arsht Latin America Center<\/li>\n<\/ul>\n","protected":false},"excerpt":{"rendered":"<p>El 20 de febrero de 2026, Miami ser\u00e1 sede del US\u2013Caribbean Maritime and Ports Forum, un evento dedicado a los asuntos mar\u00edtimos y portuarios entre Estados Unidos y el Caribe. Organizado por el Atlantic Council a trav\u00e9s de su Adrienne Arsht Latin America Center, el foro reunir\u00e1 a representantes institucionales, autoridades portuarias, operadores mar\u00edtimos y [&hellip;]<\/p>\n","protected":false},"author":5,"featured_media":20244,"comment_status":"open","ping_status":"open","sticky":false,"template":"","format":"standard","meta":{"footnotes":""},"categories":[120,138],"tags":[],"class_list":["post-20245","post","type-post","status-publish","format-standard","has-post-thumbnail","hentry","category-maritimo","category-puertos-y-logistica"],"yoast_head":"<!-- This site is optimized with the Yoast SEO plugin v26.9 - https:\/\/yoast.com\/product\/yoast-seo-wordpress\/ -->\n<title>US\u2013Caribbean Maritime and Ports Forum 2026: un enfoque regional sobre los desaf\u00edos portuarios y mar\u00edtimos - LATITUDE 15<\/title>\n<meta name=\"robots\" content=\"index, follow, max-snippet:-1, max-image-preview:large, max-video-preview:-1\" \/>\n<link rel=\"canonical\" href=\"https:\/\/www.latitude-15.com\/es\/us-caribbean-maritime-and-ports-forum-2026-un-enfoque-regional-sobre-los-desafios-portuarios-y-maritimos\/\" \/>\n<meta property=\"og:locale\" content=\"es_ES\" \/>\n<meta property=\"og:type\" content=\"article\" \/>\n<meta property=\"og:title\" content=\"US\u2013Caribbean Maritime and Ports Forum 2026: un enfoque regional sobre los desaf\u00edos portuarios y mar\u00edtimos - LATITUDE 15\" \/>\n<meta property=\"og:description\" content=\"El 20 de febrero de 2026, Miami ser\u00e1 sede del US\u2013Caribbean Maritime and Ports Forum, un evento dedicado a los asuntos mar\u00edtimos y portuarios entre Estados Unidos y el Caribe. Organizado por el Atlantic Council a trav\u00e9s de su Adrienne Arsht Latin America Center, el foro reunir\u00e1 a representantes institucionales, autoridades portuarias, operadores mar\u00edtimos y [&hellip;]\" \/>\n<meta property=\"og:url\" content=\"https:\/\/www.latitude-15.com\/es\/us-caribbean-maritime-and-ports-forum-2026-un-enfoque-regional-sobre-los-desafios-portuarios-y-maritimos\/\" \/>\n<meta property=\"og:site_name\" content=\"LATITUDE 15\" \/>\n<meta property=\"article:published_time\" content=\"2026-02-06T15:22:42+00:00\" \/>\n<meta property=\"article:modified_time\" content=\"2026-02-09T20:53:24+00:00\" \/>\n<meta property=\"og:image\" content=\"https:\/\/www.latitude-15.com\/wp-content\/uploads\/2026\/02\/ESETJ.jpg\" \/>\n\t<meta property=\"og:image:width\" content=\"1109\" \/>\n\t<meta property=\"og:image:height\" content=\"758\" \/>\n\t<meta property=\"og:image:type\" content=\"image\/jpeg\" \/>\n<meta name=\"author\" content=\"Joda J\" \/>\n<meta name=\"twitter:card\" content=\"summary_large_image\" \/>\n<meta name=\"twitter:label1\" content=\"Escrito por\" \/>\n\t<meta name=\"twitter:data1\" content=\"Joda J\" \/>\n\t<meta name=\"twitter:label2\" content=\"Tiempo de lectura\" \/>\n\t<meta name=\"twitter:data2\" content=\"2 minutos\" \/>\n<script type=\"application\/ld+json\" class=\"yoast-schema-graph\">{\"@context\":\"https:\/\/schema.org\",\"@graph\":[{\"@type\":\"Article\",\"@id\":\"https:\/\/www.latitude-15.com\/es\/us-caribbean-maritime-and-ports-forum-2026-un-enfoque-regional-sobre-los-desafios-portuarios-y-maritimos\/#article\",\"isPartOf\":{\"@id\":\"https:\/\/www.latitude-15.com\/es\/us-caribbean-maritime-and-ports-forum-2026-un-enfoque-regional-sobre-los-desafios-portuarios-y-maritimos\/\"},\"author\":{\"name\":\"Joda J\",\"@id\":\"https:\/\/www.latitude-15.com\/es\/#\/schema\/person\/dac52e7ff44c78317f337da112e37252\"},\"headline\":\"US\u2013Caribbean Maritime and Ports Forum 2026: un enfoque regional sobre los desaf\u00edos portuarios y mar\u00edtimos\",\"datePublished\":\"2026-02-06T15:22:42+00:00\",\"dateModified\":\"2026-02-09T20:53:24+00:00\",\"mainEntityOfPage\":{\"@id\":\"https:\/\/www.latitude-15.com\/es\/us-caribbean-maritime-and-ports-forum-2026-un-enfoque-regional-sobre-los-desafios-portuarios-y-maritimos\/\"},\"wordCount\":478,\"commentCount\":0,\"publisher\":{\"@id\":\"https:\/\/www.latitude-15.com\/es\/#organization\"},\"image\":{\"@id\":\"https:\/\/www.latitude-15.com\/es\/us-caribbean-maritime-and-ports-forum-2026-un-enfoque-regional-sobre-los-desafios-portuarios-y-maritimos\/#primaryimage\"},\"thumbnailUrl\":\"https:\/\/www.latitude-15.com\/wp-content\/uploads\/2026\/02\/ESETJ.jpg\",\"articleSection\":[\"MAR\u00cdTIMO\",\"Puertos y log\u00edstica\"],\"inLanguage\":\"es\",\"potentialAction\":[{\"@type\":\"CommentAction\",\"name\":\"Comment\",\"target\":[\"https:\/\/www.latitude-15.com\/es\/us-caribbean-maritime-and-ports-forum-2026-un-enfoque-regional-sobre-los-desafios-portuarios-y-maritimos\/#respond\"]}]},{\"@type\":\"WebPage\",\"@id\":\"https:\/\/www.latitude-15.com\/es\/us-caribbean-maritime-and-ports-forum-2026-un-enfoque-regional-sobre-los-desafios-portuarios-y-maritimos\/\",\"url\":\"https:\/\/www.latitude-15.com\/es\/us-caribbean-maritime-and-ports-forum-2026-un-enfoque-regional-sobre-los-desafios-portuarios-y-maritimos\/\",\"name\":\"US\u2013Caribbean Maritime and Ports Forum 2026: un enfoque regional sobre los desaf\u00edos portuarios y mar\u00edtimos - LATITUDE 15\",\"isPartOf\":{\"@id\":\"https:\/\/www.latitude-15.com\/es\/#website\"},\"primaryImageOfPage\":{\"@id\":\"https:\/\/www.latitude-15.com\/es\/us-caribbean-maritime-and-ports-forum-2026-un-enfoque-regional-sobre-los-desafios-portuarios-y-maritimos\/#primaryimage\"},\"image\":{\"@id\":\"https:\/\/www.latitude-15.com\/es\/us-caribbean-maritime-and-ports-forum-2026-un-enfoque-regional-sobre-los-desafios-portuarios-y-maritimos\/#primaryimage\"},\"thumbnailUrl\":\"https:\/\/www.latitude-15.com\/wp-content\/uploads\/2026\/02\/ESETJ.jpg\",\"datePublished\":\"2026-02-06T15:22:42+00:00\",\"dateModified\":\"2026-02-09T20:53:24+00:00\",\"breadcrumb\":{\"@id\":\"https:\/\/www.latitude-15.com\/es\/us-caribbean-maritime-and-ports-forum-2026-un-enfoque-regional-sobre-los-desafios-portuarios-y-maritimos\/#breadcrumb\"},\"inLanguage\":\"es\",\"potentialAction\":[{\"@type\":\"ReadAction\",\"target\":[\"https:\/\/www.latitude-15.com\/es\/us-caribbean-maritime-and-ports-forum-2026-un-enfoque-regional-sobre-los-desafios-portuarios-y-maritimos\/\"]}]},{\"@type\":\"ImageObject\",\"inLanguage\":\"es\",\"@id\":\"https:\/\/www.latitude-15.com\/es\/us-caribbean-maritime-and-ports-forum-2026-un-enfoque-regional-sobre-los-desafios-portuarios-y-maritimos\/#primaryimage\",\"url\":\"https:\/\/www.latitude-15.com\/wp-content\/uploads\/2026\/02\/ESETJ.jpg\",\"contentUrl\":\"https:\/\/www.latitude-15.com\/wp-content\/uploads\/2026\/02\/ESETJ.jpg\",\"width\":1109,\"height\":758,\"caption\":\"US Caribbean Maritime\"},{\"@type\":\"BreadcrumbList\",\"@id\":\"https:\/\/www.latitude-15.com\/es\/us-caribbean-maritime-and-ports-forum-2026-un-enfoque-regional-sobre-los-desafios-portuarios-y-maritimos\/#breadcrumb\",\"itemListElement\":[{\"@type\":\"ListItem\",\"position\":1,\"name\":\"Home\",\"item\":\"https:\/\/www.latitude-15.com\/es\/inicio\/\"},{\"@type\":\"ListItem\",\"position\":2,\"name\":\"US\u2013Caribbean Maritime and Ports Forum 2026: un enfoque regional sobre los desaf\u00edos portuarios y mar\u00edtimos\"}]},{\"@type\":\"WebSite\",\"@id\":\"https:\/\/www.latitude-15.com\/es\/#website\",\"url\":\"https:\/\/www.latitude-15.com\/es\/\",\"name\":\"LATITUDE 15\",\"description\":\"Aviation and maritime Magazine - Caribbean &amp; Latin America\",\"publisher\":{\"@id\":\"https:\/\/www.latitude-15.com\/es\/#organization\"},\"potentialAction\":[{\"@type\":\"SearchAction\",\"target\":{\"@type\":\"EntryPoint\",\"urlTemplate\":\"https:\/\/www.latitude-15.com\/es\/?s={search_term_string}\"},\"query-input\":{\"@type\":\"PropertyValueSpecification\",\"valueRequired\":true,\"valueName\":\"search_term_string\"}}],\"inLanguage\":\"es\"},{\"@type\":\"Organization\",\"@id\":\"https:\/\/www.latitude-15.com\/es\/#organization\",\"name\":\"LATITUDE 15\",\"url\":\"https:\/\/www.latitude-15.com\/es\/\",\"logo\":{\"@type\":\"ImageObject\",\"inLanguage\":\"es\",\"@id\":\"https:\/\/www.latitude-15.com\/es\/#\/schema\/logo\/image\/\",\"url\":\"https:\/\/www.latitude-15.com\/wp-content\/uploads\/2026\/01\/cropped-logox500px.png\",\"contentUrl\":\"https:\/\/www.latitude-15.com\/wp-content\/uploads\/2026\/01\/cropped-logox500px.png\",\"width\":62,\"height\":75,\"caption\":\"LATITUDE 15\"},\"image\":{\"@id\":\"https:\/\/www.latitude-15.com\/es\/#\/schema\/logo\/image\/\"}},{\"@type\":\"Person\",\"@id\":\"https:\/\/www.latitude-15.com\/es\/#\/schema\/person\/dac52e7ff44c78317f337da112e37252\",\"name\":\"Joda J\",\"image\":{\"@type\":\"ImageObject\",\"inLanguage\":\"es\",\"@id\":\"https:\/\/www.latitude-15.com\/es\/#\/schema\/person\/image\/\",\"url\":\"https:\/\/secure.gravatar.com\/avatar\/6b1feae555e15404b76616f92d931d12b25ac58024f14ccb43d9d3c012e4c4cf?s=96&d=mm&r=g\",\"contentUrl\":\"https:\/\/secure.gravatar.com\/avatar\/6b1feae555e15404b76616f92d931d12b25ac58024f14ccb43d9d3c012e4c4cf?s=96&d=mm&r=g\",\"caption\":\"Joda J\"},\"url\":\"https:\/\/www.latitude-15.com\/es\/author\/joda\/\"}]}<\/script>\n<!-- \/ Yoast SEO plugin. -->","yoast_head_json":{"title":"US\u2013Caribbean Maritime and Ports Forum 2026: un enfoque regional sobre los desaf\u00edos portuarios y mar\u00edtimos - LATITUDE 15","robots":{"index":"index","follow":"follow","max-snippet":"max-snippet:-1","max-image-preview":"max-image-preview:large","max-video-preview":"max-video-preview:-1"},"canonical":"https:\/\/www.latitude-15.com\/es\/us-caribbean-maritime-and-ports-forum-2026-un-enfoque-regional-sobre-los-desafios-portuarios-y-maritimos\/","og_locale":"es_ES","og_type":"article","og_title":"US\u2013Caribbean Maritime and Ports Forum 2026: un enfoque regional sobre los desaf\u00edos portuarios y mar\u00edtimos - LATITUDE 15","og_description":"El 20 de febrero de 2026, Miami ser\u00e1 sede del US\u2013Caribbean Maritime and Ports Forum, un evento dedicado a los asuntos mar\u00edtimos y portuarios entre Estados Unidos y el Caribe. Organizado por el Atlantic Council a trav\u00e9s de su Adrienne Arsht Latin America Center, el foro reunir\u00e1 a representantes institucionales, autoridades portuarias, operadores mar\u00edtimos y [&hellip;]","og_url":"https:\/\/www.latitude-15.com\/es\/us-caribbean-maritime-and-ports-forum-2026-un-enfoque-regional-sobre-los-desafios-portuarios-y-maritimos\/","og_site_name":"LATITUDE 15","article_published_time":"2026-02-06T15:22:42+00:00","article_modified_time":"2026-02-09T20:53:24+00:00","og_image":[{"width":1109,"height":758,"url":"https:\/\/www.latitude-15.com\/wp-content\/uploads\/2026\/02\/ESETJ.jpg","type":"image\/jpeg"}],"author":"Joda J","twitter_card":"summary_large_image","twitter_misc":{"Escrito por":"Joda J","Tiempo de lectura":"2 minutos"},"schema":{"@context":"https:\/\/schema.org","@graph":[{"@type":"Article","@id":"https:\/\/www.latitude-15.com\/es\/us-caribbean-maritime-and-ports-forum-2026-un-enfoque-regional-sobre-los-desafios-portuarios-y-maritimos\/#article","isPartOf":{"@id":"https:\/\/www.latitude-15.com\/es\/us-caribbean-maritime-and-ports-forum-2026-un-enfoque-regional-sobre-los-desafios-portuarios-y-maritimos\/"},"author":{"name":"Joda J","@id":"https:\/\/www.latitude-15.com\/es\/#\/schema\/person\/dac52e7ff44c78317f337da112e37252"},"headline":"US\u2013Caribbean Maritime and Ports Forum 2026: un enfoque regional sobre los desaf\u00edos portuarios y mar\u00edtimos","datePublished":"2026-02-06T15:22:42+00:00","dateModified":"2026-02-09T20:53:24+00:00","mainEntityOfPage":{"@id":"https:\/\/www.latitude-15.com\/es\/us-caribbean-maritime-and-ports-forum-2026-un-enfoque-regional-sobre-los-desafios-portuarios-y-maritimos\/"},"wordCount":478,"commentCount":0,"publisher":{"@id":"https:\/\/www.latitude-15.com\/es\/#organization"},"image":{"@id":"https:\/\/www.latitude-15.com\/es\/us-caribbean-maritime-and-ports-forum-2026-un-enfoque-regional-sobre-los-desafios-portuarios-y-maritimos\/#primaryimage"},"thumbnailUrl":"https:\/\/www.latitude-15.com\/wp-content\/uploads\/2026\/02\/ESETJ.jpg","articleSection":["MAR\u00cdTIMO","Puertos y log\u00edstica"],"inLanguage":"es","potentialAction":[{"@type":"CommentAction","name":"Comment","target":["https:\/\/www.latitude-15.com\/es\/us-caribbean-maritime-and-ports-forum-2026-un-enfoque-regional-sobre-los-desafios-portuarios-y-maritimos\/#respond"]}]},{"@type":"WebPage","@id":"https:\/\/www.latitude-15.com\/es\/us-caribbean-maritime-and-ports-forum-2026-un-enfoque-regional-sobre-los-desafios-portuarios-y-maritimos\/","url":"https:\/\/www.latitude-15.com\/es\/us-caribbean-maritime-and-ports-forum-2026-un-enfoque-regional-sobre-los-desafios-portuarios-y-maritimos\/","name":"US\u2013Caribbean Maritime and Ports Forum 2026: un enfoque regional sobre los desaf\u00edos portuarios y mar\u00edtimos - LATITUDE 15","isPartOf":{"@id":"https:\/\/www.latitude-15.com\/es\/#website"},"primaryImageOfPage":{"@id":"https:\/\/www.latitude-15.com\/es\/us-caribbean-maritime-and-ports-forum-2026-un-enfoque-regional-sobre-los-desafios-portuarios-y-maritimos\/#primaryimage"},"image":{"@id":"https:\/\/www.latitude-15.com\/es\/us-caribbean-maritime-and-ports-forum-2026-un-enfoque-regional-sobre-los-desafios-portuarios-y-maritimos\/#primaryimage"},"thumbnailUrl":"https:\/\/www.latitude-15.com\/wp-content\/uploads\/2026\/02\/ESETJ.jpg","datePublished":"2026-02-06T15:22:42+00:00","dateModified":"2026-02-09T20:53:24+00:00","breadcrumb":{"@id":"https:\/\/www.latitude-15.com\/es\/us-caribbean-maritime-and-ports-forum-2026-un-enfoque-regional-sobre-los-desafios-portuarios-y-maritimos\/#breadcrumb"},"inLanguage":"es","potentialAction":[{"@type":"ReadAction","target":["https:\/\/www.latitude-15.com\/es\/us-caribbean-maritime-and-ports-forum-2026-un-enfoque-regional-sobre-los-desafios-portuarios-y-maritimos\/"]}]},{"@type":"ImageObject","inLanguage":"es","@id":"https:\/\/www.latitude-15.com\/es\/us-caribbean-maritime-and-ports-forum-2026-un-enfoque-regional-sobre-los-desafios-portuarios-y-maritimos\/#primaryimage","url":"https:\/\/www.latitude-15.com\/wp-content\/uploads\/2026\/02\/ESETJ.jpg","contentUrl":"https:\/\/www.latitude-15.com\/wp-content\/uploads\/2026\/02\/ESETJ.jpg","width":1109,"height":758,"caption":"US Caribbean Maritime"},{"@type":"BreadcrumbList","@id":"https:\/\/www.latitude-15.com\/es\/us-caribbean-maritime-and-ports-forum-2026-un-enfoque-regional-sobre-los-desafios-portuarios-y-maritimos\/#breadcrumb","itemListElement":[{"@type":"ListItem","position":1,"name":"Home","item":"https:\/\/www.latitude-15.com\/es\/inicio\/"},{"@type":"ListItem","position":2,"name":"US\u2013Caribbean Maritime and Ports Forum 2026: un enfoque regional sobre los desaf\u00edos portuarios y mar\u00edtimos"}]},{"@type":"WebSite","@id":"https:\/\/www.latitude-15.com\/es\/#website","url":"https:\/\/www.latitude-15.com\/es\/","name":"LATITUDE 15","description":"Aviation and maritime Magazine - Caribbean &amp; Latin America","publisher":{"@id":"https:\/\/www.latitude-15.com\/es\/#organization"},"potentialAction":[{"@type":"SearchAction","target":{"@type":"EntryPoint","urlTemplate":"https:\/\/www.latitude-15.com\/es\/?s={search_term_string}"},"query-input":{"@type":"PropertyValueSpecification","valueRequired":true,"valueName":"search_term_string"}}],"inLanguage":"es"},{"@type":"Organization","@id":"https:\/\/www.latitude-15.com\/es\/#organization","name":"LATITUDE 15","url":"https:\/\/www.latitude-15.com\/es\/","logo":{"@type":"ImageObject","inLanguage":"es","@id":"https:\/\/www.latitude-15.com\/es\/#\/schema\/logo\/image\/","url":"https:\/\/www.latitude-15.com\/wp-content\/uploads\/2026\/01\/cropped-logox500px.png","contentUrl":"https:\/\/www.latitude-15.com\/wp-content\/uploads\/2026\/01\/cropped-logox500px.png","width":62,"height":75,"caption":"LATITUDE 15"},"image":{"@id":"https:\/\/www.latitude-15.com\/es\/#\/schema\/logo\/image\/"}},{"@type":"Person","@id":"https:\/\/www.latitude-15.com\/es\/#\/schema\/person\/dac52e7ff44c78317f337da112e37252","name":"Joda J","image":{"@type":"ImageObject","inLanguage":"es","@id":"https:\/\/www.latitude-15.com\/es\/#\/schema\/person\/image\/","url":"https:\/\/secure.gravatar.com\/avatar\/6b1feae555e15404b76616f92d931d12b25ac58024f14ccb43d9d3c012e4c4cf?s=96&d=mm&r=g","contentUrl":"https:\/\/secure.gravatar.com\/avatar\/6b1feae555e15404b76616f92d931d12b25ac58024f14ccb43d9d3c012e4c4cf?s=96&d=mm&r=g","caption":"Joda J"},"url":"https:\/\/www.latitude-15.com\/es\/author\/joda\/"}]}},"_links":{"self":[{"href":"https:\/\/www.latitude-15.com\/es\/wp-json\/wp\/v2\/posts\/20245","targetHints":{"allow":["GET"]}}],"collection":[{"href":"https:\/\/www.latitude-15.com\/es\/wp-json\/wp\/v2\/posts"}],"about":[{"href":"https:\/\/www.latitude-15.com\/es\/wp-json\/wp\/v2\/types\/post"}],"author":[{"embeddable":true,"href":"https:\/\/www.latitude-15.com\/es\/wp-json\/wp\/v2\/users\/5"}],"replies":[{"embeddable":true,"href":"https:\/\/www.latitude-15.com\/es\/wp-json\/wp\/v2\/comments?post=20245"}],"version-history":[{"count":1,"href":"https:\/\/www.latitude-15.com\/es\/wp-json\/wp\/v2\/posts\/20245\/revisions"}],"predecessor-version":[{"id":20246,"href":"https:\/\/www.latitude-15.com\/es\/wp-json\/wp\/v2\/posts\/20245\/revisions\/20246"}],"wp:featuredmedia":[{"embeddable":true,"href":"https:\/\/www.latitude-15.com\/es\/wp-json\/wp\/v2\/media\/20244"}],"wp:attachment":[{"href":"https:\/\/www.latitude-15.com\/es\/wp-json\/wp\/v2\/media?parent=20245"}],"wp:term":[{"taxonomy":"category","embeddable":true,"href":"https:\/\/www.latitude-15.com\/es\/wp-json\/wp\/v2\/categories?post=20245"},{"taxonomy":"post_tag","embeddable":true,"href":"https:\/\/www.latitude-15.com\/es\/wp-json\/wp\/v2\/tags?post=20245"}],"curies":[{"name":"wp","href":"https:\/\/api.w.org\/{rel}","templated":true}]}}