{"id":20051,"date":"2026-02-05T10:13:18","date_gmt":"2026-02-05T14:13:18","guid":{"rendered":"https:\/\/www.latitude-15.com\/2026\/02\/05\/trafico-en-aumento-aviones-retrasados-por-que-las-aerolineas-reevaluan-el-segmento-de-120-150-asientos\/"},"modified":"2026-02-05T10:29:32","modified_gmt":"2026-02-05T14:29:32","slug":"trafico-en-aumento-aviones-retrasados-por-que-las-aerolineas-reevaluan-el-segmento-de-120-150-asientos","status":"publish","type":"post","link":"https:\/\/www.latitude-15.com\/es\/trafico-en-aumento-aviones-retrasados-por-que-las-aerolineas-reevaluan-el-segmento-de-120-150-asientos\/","title":{"rendered":"Tr\u00e1fico en aumento, aviones retrasados: \u00bfpor qu\u00e9 las aerol\u00edneas reeval\u00faan el segmento de 120-150 asientos?"},"content":{"rendered":"\n<p>Tras la fase de recuperaci\u00f3n post-pandemia, el mercado a\u00e9reo entra en una secuencia m\u00e1s restringida, donde la demanda contin\u00faa progresando pero a un ritmo ahora m\u00e1s predecible. En paralelo, las tensiones industriales persisten y limitan los m\u00e1rgenes de ajuste de las aerol\u00edneas. En este contexto, el segmento intermedio de aviones de l\u00ednea a reacci\u00f3n de 120 a 150 asientos (a menudo calificados como \u00abregional jets\u00bb ampliados o small narrowbodies) se impone nuevamente como una herramienta de gesti\u00f3n precisa de las redes, particularmente en espacios fragmentados y multimercado como el Caribe y Am\u00e9rica Latina.  <\/p>\n\n<figure class=\"wp-block-image size-full\"><img fetchpriority=\"high\" decoding=\"async\" width=\"1000\" height=\"624\" src=\"https:\/\/www.latitude-15.com\/wp-content\/uploads\/2026\/02\/image.jpeg\" alt=\"\" class=\"wp-image-20037\" srcset=\"https:\/\/www.latitude-15.com\/wp-content\/uploads\/2026\/02\/image.jpeg 1000w, https:\/\/www.latitude-15.com\/wp-content\/uploads\/2026\/02\/image-300x187.jpeg 300w, https:\/\/www.latitude-15.com\/wp-content\/uploads\/2026\/02\/image-768x479.jpeg 768w\" sizes=\"(max-width: 1000px) 100vw, 1000px\" \/><\/figure>\n\n<p class=\"has-text-align-left\">En 2025, el tr\u00e1fico de pasajeros mundial progres\u00f3 un 5,3% en t\u00e9rminos de kil\u00f3metros-pasajero de pago, un aumento m\u00e1s moderado que el a\u00f1o anterior, seg\u00fan el an\u00e1lisis del mercado del transporte a\u00e9reo de pasajeros publicado por la IATA en diciembre de 2025. Esta normalizaci\u00f3n no refleja un debilitamiento de la demanda, sino m\u00e1s bien un retorno a ritmos hist\u00f3ricos tras el impacto de 2022-2024. La se\u00f1al es clara: la demanda est\u00e1 presente, pero la oferta permanece restringida.  <\/p>\n\n<p>En la regi\u00f3n de Am\u00e9rica Latina y el Caribe, la din\u00e1mica se mantiene superior al promedio mundial. El tr\u00e1fico progres\u00f3 cerca del 7% en 2025, impulsado tanto por la recuperaci\u00f3n de los flujos internacionales como por mercados dom\u00e9sticos s\u00f3lidos, encabezados por Brasil, donde el tr\u00e1fico interior se dispar\u00f3 m\u00e1s del 11% durante el a\u00f1o, seg\u00fan los mismos datos de la IATA. Este crecimiento sostenido ejerce una presi\u00f3n directa sobre las flotas y sobre las decisiones de capacidad.  <\/p>\n\n<h2 class=\"wp-block-heading\">Una demanda real, pero aviones a\u00fan retrasados<\/h2>\n\n<p>Si los pasajeros acuden a la cita, los aviones llegan m\u00e1s lentamente. En 2025, la capacidad mundial (ASK) solo progres\u00f3 un 5,2%, ligeramente por debajo de la demanda, lo que elev\u00f3 el coeficiente de ocupaci\u00f3n a un nivel r\u00e9cord del 83,6%, el m\u00e1s alto jam\u00e1s registrado en un a\u00f1o completo. Para las aerol\u00edneas, esta cifra es de doble filo: testimonia una buena disciplina de capacidad, pero tambi\u00e9n una falta persistente de margen de maniobra.  <\/p>\n\n<p>Willie Walsh, director general de la IATA, lo resumi\u00f3 sin rodeos en enero de 2026: las dificultades de la cadena de suministro aeron\u00e1utica han sido \u00abel principal quebradero de cabeza de las aerol\u00edneas en 2025\u00bb, entre retrasos de entrega, indisponibilidad de motores y tensiones en el mantenimiento, con un sobrecoste estimado en m\u00e1s de 11.000 millones de d\u00f3lares para el sector. A falta de algo mejor, los operadores han prolongado la vida \u00fatil de las aeronaves existentes y maximizado las tasas de ocupaci\u00f3n, una soluci\u00f3n eficaz a corto plazo, pero dif\u00edcilmente sostenible. <\/p>\n\n<p>Es en este contexto donde el aumento de cadencia anunciado por Embraer cobra todo su sentido para los mercados regionales.<\/p>\n\n<p>Esta tensi\u00f3n entre el progreso del tr\u00e1fico y una capacidad que apenas logra seguir el ritmo aparece claramente en los datos regionales publicados por la IATA para el a\u00f1o 2025.<\/p>\n\n<figure class=\"wp-block-image size-full\"><img decoding=\"async\" width=\"564\" height=\"341\" data-src=\"https:\/\/www.latitude-15.com\/wp-content\/uploads\/2026\/02\/image-7.png\" alt=\"\" class=\"wp-image-20038 lazyload\" data-srcset=\"https:\/\/www.latitude-15.com\/wp-content\/uploads\/2026\/02\/image-7.png 564w, https:\/\/www.latitude-15.com\/wp-content\/uploads\/2026\/02\/image-7-300x181.png 300w\" data-sizes=\"(max-width: 564px) 100vw, 564px\" src=\"data:image\/svg+xml;base64,PHN2ZyB3aWR0aD0iMSIgaGVpZ2h0PSIxIiB4bWxucz0iaHR0cDovL3d3dy53My5vcmcvMjAwMC9zdmciPjwvc3ZnPg==\" style=\"--smush-placeholder-width: 564px; --smush-placeholder-aspect-ratio: 564\/341;\" \/><\/figure>\n\n<p>Evoluci\u00f3n RPK vs ASK por regi\u00f3n (2025) &#8211; Fuente: IATA Sustainability and Economics, IATA Information and Data &#8211; Monthly Statistics<\/p>\n\n<h2 class=\"wp-block-heading\">Embraer: visibilidad industrial y retorno del segmento intermedio<\/h2>\n\n<p>A principios de 2026, el constructor brasile\u00f1o confirm\u00f3 su intenci\u00f3n de aumentar progresivamente su producci\u00f3n de jets comerciales, impulsado por una cartera de pedidos E2 en alza y por una mejora gradual, aunque a\u00fan incompleta, de la cadena de suministro. Las declaraciones difundidas por Reuters insisten en un punto clave para las aerol\u00edneas: la estabilizaci\u00f3n industrial no se alcanzar\u00eda plenamente hasta el horizonte de 2026, pero la visibilidad mejora desde ahora. <\/p>\n\n<p>Esta prudencia se refleja en los documentos financieros oficiales del grupo. En su informe anual (Form 20-F), Embraer reconoce seguir siendo fuertemente dependiente de un n\u00famero limitado de proveedores cr\u00edticos, representando las compras de componentes m\u00e1s del 77% de sus costes de producci\u00f3n en aviaci\u00f3n comercial en 2024. El constructor tambi\u00e9n subraya que los retrasos o fallos de la cadena de suministro podr\u00edan a\u00fan afectar las cadencias y los calendarios de entrega, un punto que las aerol\u00edneas deben integrar en sus decisiones de flota.  <\/p>\n\n<p>Pero a pesar de estas restricciones, el mensaje es claro: el segmento de hasta 150 asientos, n\u00facleo de la familia E-Jets E2, forma parte de las prioridades industriales del grupo, precisamente porque responde a una demanda estructural en los mercados regionales.<\/p>\n\n<h2 class=\"wp-block-heading\">Por qu\u00e9 el segmento de 120-150 asientos encaja particularmente en el Caribe y Am\u00e9rica Latina<\/h2>\n\n<p>En el Caribe y Am\u00e9rica Latina, el desaf\u00edo no es tanto crear demanda como servirla correctamente. Numerosas conexiones inter-islas o entre ciudades secundarias y hubs regionales muestran vol\u00famenes suficientes para ser viables, pero insuficientes para absorber monopasillos de 180 a 220 asientos sin degradar las tasas de ocupaci\u00f3n. <\/p>\n\n<p>En el Caribe, donde la mayor\u00eda de las conexiones siguen siendo de baja densidad, el segmento de 120 asientos constituye menos un est\u00e1ndar que un techo operacional, pertinente \u00fanicamente en ejes bien identificados y de alta estacionalidad.<\/p>\n\n<p>El avi\u00f3n de 120 a 150 asientos se convierte entonces en una herramienta de precisi\u00f3n. Permite aumentar las frecuencias, suavizar la estacionalidad tur\u00edstica y abrir rutas denominadas \u00abthin\u00bb, con un riesgo financiero m\u00e1s controlado. Esta l\u00f3gica es tanto m\u00e1s pertinente cuanto que el crecimiento del tr\u00e1fico en la regi\u00f3n est\u00e1 impulsado en gran parte por el internacional, que progres\u00f3 m\u00e1s del 7% en 2025, seg\u00fan el an\u00e1lisis de la IATA, mientras que los mercados dom\u00e9sticos permanecen muy contrastados de un pa\u00eds a otro.  <\/p>\n\n<p>Para las aerol\u00edneas, el desaf\u00edo no es \u00fanicamente el coste por asiento, sino la capacidad de adaptar finamente la oferta a flujos irregulares, a menudo dependientes del turismo, las di\u00e1sporas y las correspondencias regionales. En este esquema, el segmento intermedio desempe\u00f1a un papel de enlace entre hubs principales y destinos secundarios. <\/p>\n\n<h2 class=\"wp-block-heading\">Limitaciones bien identificadas por los operadores<\/h2>\n\n<p>Sin embargo, el aumento de potencia de los jets regionales no constituye una soluci\u00f3n milagrosa. Los documentos financieros de Embraer recuerdan que los calendarios de entrega siguen expuestos a los avatares industriales, mientras que el acceso a la financiaci\u00f3n sigue siendo un factor clave, en particular en ciertos mercados caribe\u00f1os donde las capacidades de cr\u00e9dito permanecen limitadas. <\/p>\n\n<p>Se a\u00f1aden restricciones operacionales bien conocidas: disponibilidad de franjas horarias de mantenimiento, tensiones en los motores, escasez de personal cualificado y capacidades a veces limitadas de los aeropuertos secundarios para absorber un aumento de las frecuencias. Tantos par\u00e1metros que imponen un enfoque coordinado entre aerol\u00edneas, autoridades aeroportuarias y reguladores. <\/p>\n\n<h2 class=\"wp-block-heading\">Una palanca de conectividad, m\u00e1s que una apuesta industrial<\/h2>\n\n<p>Al final, el aumento de cadencia de Embraer no debe leerse como una simple se\u00f1al industrial, sino como un indicador de reequilibrio del mercado. En una fase donde el crecimiento del tr\u00e1fico se normaliza y donde la capacidad permanece restringida, el jet regional de 120 a 150 asientos vuelve a ser una herramienta estrat\u00e9gica para optimizar las redes, m\u00e1s que un compromiso por defecto. <\/p>\n\n<p>Para el Caribe y Am\u00e9rica Latina, donde la conectividad regional condiciona directamente el desarrollo econ\u00f3mico y tur\u00edstico, este segmento ofrece una respuesta pragm\u00e1tica, a condici\u00f3n de dominar sus limitaciones. El desaf\u00edo, para los actores de la regi\u00f3n, ser\u00e1 menos seguir una tendencia que integrarla inteligentemente en estrategias de flota, infraestructuras y financiaci\u00f3n adaptadas a las realidades locales. <\/p>\n","protected":false},"excerpt":{"rendered":"<p>Tras la fase de recuperaci\u00f3n post-pandemia, el mercado a\u00e9reo entra en una secuencia m\u00e1s restringida, donde la demanda contin\u00faa progresando pero a un ritmo ahora m\u00e1s predecible. En paralelo, las tensiones industriales persisten y limitan los m\u00e1rgenes de ajuste de las aerol\u00edneas. En este contexto, el segmento intermedio de aviones de l\u00ednea a reacci\u00f3n de [&hellip;]<\/p>\n","protected":false},"author":4,"featured_media":0,"comment_status":"open","ping_status":"open","sticky":false,"template":"","format":"standard","meta":{"footnotes":""},"categories":[99,102],"tags":[],"class_list":["post-20051","post","type-post","status-publish","format-standard","hentry","category-aviacion","category-conectividad-aerea-y-desarrollo-de-rutas"],"yoast_head":"<!-- This site is optimized with the Yoast SEO plugin v26.9 - https:\/\/yoast.com\/product\/yoast-seo-wordpress\/ -->\n<title>Tr\u00e1fico en aumento, aviones retrasados: \u00bfpor qu\u00e9 las aerol\u00edneas reeval\u00faan el segmento de 120-150 asientos? - LATITUDE 15<\/title>\n<meta name=\"robots\" content=\"index, follow, max-snippet:-1, max-image-preview:large, max-video-preview:-1\" \/>\n<link rel=\"canonical\" href=\"https:\/\/www.latitude-15.com\/es\/trafico-en-aumento-aviones-retrasados-por-que-las-aerolineas-reevaluan-el-segmento-de-120-150-asientos\/\" \/>\n<meta property=\"og:locale\" content=\"es_ES\" \/>\n<meta property=\"og:type\" content=\"article\" \/>\n<meta property=\"og:title\" content=\"Tr\u00e1fico en aumento, aviones retrasados: \u00bfpor qu\u00e9 las aerol\u00edneas reeval\u00faan el segmento de 120-150 asientos? - LATITUDE 15\" \/>\n<meta property=\"og:description\" content=\"Tras la fase de recuperaci\u00f3n post-pandemia, el mercado a\u00e9reo entra en una secuencia m\u00e1s restringida, donde la demanda contin\u00faa progresando pero a un ritmo ahora m\u00e1s predecible. En paralelo, las tensiones industriales persisten y limitan los m\u00e1rgenes de ajuste de las aerol\u00edneas. En este contexto, el segmento intermedio de aviones de l\u00ednea a reacci\u00f3n de [&hellip;]\" \/>\n<meta property=\"og:url\" content=\"https:\/\/www.latitude-15.com\/es\/trafico-en-aumento-aviones-retrasados-por-que-las-aerolineas-reevaluan-el-segmento-de-120-150-asientos\/\" \/>\n<meta property=\"og:site_name\" content=\"LATITUDE 15\" \/>\n<meta property=\"article:published_time\" content=\"2026-02-05T14:13:18+00:00\" \/>\n<meta property=\"article:modified_time\" content=\"2026-02-05T14:29:32+00:00\" \/>\n<meta property=\"og:image\" content=\"https:\/\/www.latitude-15.com\/wp-content\/uploads\/2026\/02\/united-CRJ550-first-class-2.jpg\" \/>\n\t<meta property=\"og:image:width\" content=\"800\" \/>\n\t<meta property=\"og:image:height\" content=\"600\" \/>\n\t<meta property=\"og:image:type\" content=\"image\/jpeg\" \/>\n<meta name=\"author\" content=\"Sabrina AJ\" \/>\n<meta name=\"twitter:card\" content=\"summary_large_image\" \/>\n<meta name=\"twitter:label1\" content=\"Escrito por\" \/>\n\t<meta name=\"twitter:data1\" content=\"Sabrina AJ\" \/>\n\t<meta name=\"twitter:label2\" content=\"Tiempo de lectura\" \/>\n\t<meta name=\"twitter:data2\" content=\"6 minutos\" \/>\n<script type=\"application\/ld+json\" class=\"yoast-schema-graph\">{\"@context\":\"https:\/\/schema.org\",\"@graph\":[{\"@type\":\"Article\",\"@id\":\"https:\/\/www.latitude-15.com\/es\/trafico-en-aumento-aviones-retrasados-por-que-las-aerolineas-reevaluan-el-segmento-de-120-150-asientos\/#article\",\"isPartOf\":{\"@id\":\"https:\/\/www.latitude-15.com\/es\/trafico-en-aumento-aviones-retrasados-por-que-las-aerolineas-reevaluan-el-segmento-de-120-150-asientos\/\"},\"author\":{\"name\":\"Sabrina AJ\",\"@id\":\"https:\/\/www.latitude-15.com\/es\/#\/schema\/person\/91c01ae4c368ed9f103739b76d543e81\"},\"headline\":\"Tr\u00e1fico en aumento, aviones retrasados: \u00bfpor qu\u00e9 las aerol\u00edneas reeval\u00faan el segmento de 120-150 asientos?\",\"datePublished\":\"2026-02-05T14:13:18+00:00\",\"dateModified\":\"2026-02-05T14:29:32+00:00\",\"mainEntityOfPage\":{\"@id\":\"https:\/\/www.latitude-15.com\/es\/trafico-en-aumento-aviones-retrasados-por-que-las-aerolineas-reevaluan-el-segmento-de-120-150-asientos\/\"},\"wordCount\":1275,\"commentCount\":0,\"publisher\":{\"@id\":\"https:\/\/www.latitude-15.com\/es\/#organization\"},\"image\":{\"@id\":\"https:\/\/www.latitude-15.com\/es\/trafico-en-aumento-aviones-retrasados-por-que-las-aerolineas-reevaluan-el-segmento-de-120-150-asientos\/#primaryimage\"},\"thumbnailUrl\":\"https:\/\/www.latitude-15.com\/wp-content\/uploads\/2026\/02\/image.jpeg\",\"articleSection\":[\"AVIACI\u00d3N\",\"Conectividad a\u00e9rea y Atractivo territorial\"],\"inLanguage\":\"es\",\"potentialAction\":[{\"@type\":\"CommentAction\",\"name\":\"Comment\",\"target\":[\"https:\/\/www.latitude-15.com\/es\/trafico-en-aumento-aviones-retrasados-por-que-las-aerolineas-reevaluan-el-segmento-de-120-150-asientos\/#respond\"]}]},{\"@type\":\"WebPage\",\"@id\":\"https:\/\/www.latitude-15.com\/es\/trafico-en-aumento-aviones-retrasados-por-que-las-aerolineas-reevaluan-el-segmento-de-120-150-asientos\/\",\"url\":\"https:\/\/www.latitude-15.com\/es\/trafico-en-aumento-aviones-retrasados-por-que-las-aerolineas-reevaluan-el-segmento-de-120-150-asientos\/\",\"name\":\"Tr\u00e1fico en aumento, aviones retrasados: \u00bfpor qu\u00e9 las aerol\u00edneas reeval\u00faan el segmento de 120-150 asientos? - LATITUDE 15\",\"isPartOf\":{\"@id\":\"https:\/\/www.latitude-15.com\/es\/#website\"},\"primaryImageOfPage\":{\"@id\":\"https:\/\/www.latitude-15.com\/es\/trafico-en-aumento-aviones-retrasados-por-que-las-aerolineas-reevaluan-el-segmento-de-120-150-asientos\/#primaryimage\"},\"image\":{\"@id\":\"https:\/\/www.latitude-15.com\/es\/trafico-en-aumento-aviones-retrasados-por-que-las-aerolineas-reevaluan-el-segmento-de-120-150-asientos\/#primaryimage\"},\"thumbnailUrl\":\"https:\/\/www.latitude-15.com\/wp-content\/uploads\/2026\/02\/image.jpeg\",\"datePublished\":\"2026-02-05T14:13:18+00:00\",\"dateModified\":\"2026-02-05T14:29:32+00:00\",\"breadcrumb\":{\"@id\":\"https:\/\/www.latitude-15.com\/es\/trafico-en-aumento-aviones-retrasados-por-que-las-aerolineas-reevaluan-el-segmento-de-120-150-asientos\/#breadcrumb\"},\"inLanguage\":\"es\",\"potentialAction\":[{\"@type\":\"ReadAction\",\"target\":[\"https:\/\/www.latitude-15.com\/es\/trafico-en-aumento-aviones-retrasados-por-que-las-aerolineas-reevaluan-el-segmento-de-120-150-asientos\/\"]}]},{\"@type\":\"ImageObject\",\"inLanguage\":\"es\",\"@id\":\"https:\/\/www.latitude-15.com\/es\/trafico-en-aumento-aviones-retrasados-por-que-las-aerolineas-reevaluan-el-segmento-de-120-150-asientos\/#primaryimage\",\"url\":\"https:\/\/www.latitude-15.com\/wp-content\/uploads\/2026\/02\/image.jpeg\",\"contentUrl\":\"https:\/\/www.latitude-15.com\/wp-content\/uploads\/2026\/02\/image.jpeg\"},{\"@type\":\"BreadcrumbList\",\"@id\":\"https:\/\/www.latitude-15.com\/es\/trafico-en-aumento-aviones-retrasados-por-que-las-aerolineas-reevaluan-el-segmento-de-120-150-asientos\/#breadcrumb\",\"itemListElement\":[{\"@type\":\"ListItem\",\"position\":1,\"name\":\"Home\",\"item\":\"https:\/\/www.latitude-15.com\/es\/inicio\/\"},{\"@type\":\"ListItem\",\"position\":2,\"name\":\"Tr\u00e1fico en aumento, aviones retrasados: \u00bfpor qu\u00e9 las aerol\u00edneas reeval\u00faan el segmento de 120-150 asientos?\"}]},{\"@type\":\"WebSite\",\"@id\":\"https:\/\/www.latitude-15.com\/es\/#website\",\"url\":\"https:\/\/www.latitude-15.com\/es\/\",\"name\":\"LATITUDE 15\",\"description\":\"Aviation and maritime Magazine - Caribbean &amp; Latin America\",\"publisher\":{\"@id\":\"https:\/\/www.latitude-15.com\/es\/#organization\"},\"potentialAction\":[{\"@type\":\"SearchAction\",\"target\":{\"@type\":\"EntryPoint\",\"urlTemplate\":\"https:\/\/www.latitude-15.com\/es\/?s={search_term_string}\"},\"query-input\":{\"@type\":\"PropertyValueSpecification\",\"valueRequired\":true,\"valueName\":\"search_term_string\"}}],\"inLanguage\":\"es\"},{\"@type\":\"Organization\",\"@id\":\"https:\/\/www.latitude-15.com\/es\/#organization\",\"name\":\"LATITUDE 15\",\"url\":\"https:\/\/www.latitude-15.com\/es\/\",\"logo\":{\"@type\":\"ImageObject\",\"inLanguage\":\"es\",\"@id\":\"https:\/\/www.latitude-15.com\/es\/#\/schema\/logo\/image\/\",\"url\":\"https:\/\/www.latitude-15.com\/wp-content\/uploads\/2026\/01\/cropped-logox500px.png\",\"contentUrl\":\"https:\/\/www.latitude-15.com\/wp-content\/uploads\/2026\/01\/cropped-logox500px.png\",\"width\":62,\"height\":75,\"caption\":\"LATITUDE 15\"},\"image\":{\"@id\":\"https:\/\/www.latitude-15.com\/es\/#\/schema\/logo\/image\/\"}},{\"@type\":\"Person\",\"@id\":\"https:\/\/www.latitude-15.com\/es\/#\/schema\/person\/91c01ae4c368ed9f103739b76d543e81\",\"name\":\"Sabrina AJ\",\"image\":{\"@type\":\"ImageObject\",\"inLanguage\":\"es\",\"@id\":\"https:\/\/www.latitude-15.com\/es\/#\/schema\/person\/image\/\",\"url\":\"https:\/\/secure.gravatar.com\/avatar\/dda9448c6244bb57751d852e57ef360ef337e5fed6f7146091bc3c71fa25c72b?s=96&d=mm&r=g\",\"contentUrl\":\"https:\/\/secure.gravatar.com\/avatar\/dda9448c6244bb57751d852e57ef360ef337e5fed6f7146091bc3c71fa25c72b?s=96&d=mm&r=g\",\"caption\":\"Sabrina AJ\"},\"url\":\"https:\/\/www.latitude-15.com\/es\/author\/sajax\/\"}]}<\/script>\n<!-- \/ Yoast SEO plugin. -->","yoast_head_json":{"title":"Tr\u00e1fico en aumento, aviones retrasados: \u00bfpor qu\u00e9 las aerol\u00edneas reeval\u00faan el segmento de 120-150 asientos? - LATITUDE 15","robots":{"index":"index","follow":"follow","max-snippet":"max-snippet:-1","max-image-preview":"max-image-preview:large","max-video-preview":"max-video-preview:-1"},"canonical":"https:\/\/www.latitude-15.com\/es\/trafico-en-aumento-aviones-retrasados-por-que-las-aerolineas-reevaluan-el-segmento-de-120-150-asientos\/","og_locale":"es_ES","og_type":"article","og_title":"Tr\u00e1fico en aumento, aviones retrasados: \u00bfpor qu\u00e9 las aerol\u00edneas reeval\u00faan el segmento de 120-150 asientos? - LATITUDE 15","og_description":"Tras la fase de recuperaci\u00f3n post-pandemia, el mercado a\u00e9reo entra en una secuencia m\u00e1s restringida, donde la demanda contin\u00faa progresando pero a un ritmo ahora m\u00e1s predecible. En paralelo, las tensiones industriales persisten y limitan los m\u00e1rgenes de ajuste de las aerol\u00edneas. En este contexto, el segmento intermedio de aviones de l\u00ednea a reacci\u00f3n de [&hellip;]","og_url":"https:\/\/www.latitude-15.com\/es\/trafico-en-aumento-aviones-retrasados-por-que-las-aerolineas-reevaluan-el-segmento-de-120-150-asientos\/","og_site_name":"LATITUDE 15","article_published_time":"2026-02-05T14:13:18+00:00","article_modified_time":"2026-02-05T14:29:32+00:00","og_image":[{"width":800,"height":600,"url":"https:\/\/www.latitude-15.com\/wp-content\/uploads\/2026\/02\/united-CRJ550-first-class-2.jpg","type":"image\/jpeg"}],"author":"Sabrina AJ","twitter_card":"summary_large_image","twitter_misc":{"Escrito por":"Sabrina AJ","Tiempo de lectura":"6 minutos"},"schema":{"@context":"https:\/\/schema.org","@graph":[{"@type":"Article","@id":"https:\/\/www.latitude-15.com\/es\/trafico-en-aumento-aviones-retrasados-por-que-las-aerolineas-reevaluan-el-segmento-de-120-150-asientos\/#article","isPartOf":{"@id":"https:\/\/www.latitude-15.com\/es\/trafico-en-aumento-aviones-retrasados-por-que-las-aerolineas-reevaluan-el-segmento-de-120-150-asientos\/"},"author":{"name":"Sabrina AJ","@id":"https:\/\/www.latitude-15.com\/es\/#\/schema\/person\/91c01ae4c368ed9f103739b76d543e81"},"headline":"Tr\u00e1fico en aumento, aviones retrasados: \u00bfpor qu\u00e9 las aerol\u00edneas reeval\u00faan el segmento de 120-150 asientos?","datePublished":"2026-02-05T14:13:18+00:00","dateModified":"2026-02-05T14:29:32+00:00","mainEntityOfPage":{"@id":"https:\/\/www.latitude-15.com\/es\/trafico-en-aumento-aviones-retrasados-por-que-las-aerolineas-reevaluan-el-segmento-de-120-150-asientos\/"},"wordCount":1275,"commentCount":0,"publisher":{"@id":"https:\/\/www.latitude-15.com\/es\/#organization"},"image":{"@id":"https:\/\/www.latitude-15.com\/es\/trafico-en-aumento-aviones-retrasados-por-que-las-aerolineas-reevaluan-el-segmento-de-120-150-asientos\/#primaryimage"},"thumbnailUrl":"https:\/\/www.latitude-15.com\/wp-content\/uploads\/2026\/02\/image.jpeg","articleSection":["AVIACI\u00d3N","Conectividad a\u00e9rea y Atractivo territorial"],"inLanguage":"es","potentialAction":[{"@type":"CommentAction","name":"Comment","target":["https:\/\/www.latitude-15.com\/es\/trafico-en-aumento-aviones-retrasados-por-que-las-aerolineas-reevaluan-el-segmento-de-120-150-asientos\/#respond"]}]},{"@type":"WebPage","@id":"https:\/\/www.latitude-15.com\/es\/trafico-en-aumento-aviones-retrasados-por-que-las-aerolineas-reevaluan-el-segmento-de-120-150-asientos\/","url":"https:\/\/www.latitude-15.com\/es\/trafico-en-aumento-aviones-retrasados-por-que-las-aerolineas-reevaluan-el-segmento-de-120-150-asientos\/","name":"Tr\u00e1fico en aumento, aviones retrasados: \u00bfpor qu\u00e9 las aerol\u00edneas reeval\u00faan el segmento de 120-150 asientos? - LATITUDE 15","isPartOf":{"@id":"https:\/\/www.latitude-15.com\/es\/#website"},"primaryImageOfPage":{"@id":"https:\/\/www.latitude-15.com\/es\/trafico-en-aumento-aviones-retrasados-por-que-las-aerolineas-reevaluan-el-segmento-de-120-150-asientos\/#primaryimage"},"image":{"@id":"https:\/\/www.latitude-15.com\/es\/trafico-en-aumento-aviones-retrasados-por-que-las-aerolineas-reevaluan-el-segmento-de-120-150-asientos\/#primaryimage"},"thumbnailUrl":"https:\/\/www.latitude-15.com\/wp-content\/uploads\/2026\/02\/image.jpeg","datePublished":"2026-02-05T14:13:18+00:00","dateModified":"2026-02-05T14:29:32+00:00","breadcrumb":{"@id":"https:\/\/www.latitude-15.com\/es\/trafico-en-aumento-aviones-retrasados-por-que-las-aerolineas-reevaluan-el-segmento-de-120-150-asientos\/#breadcrumb"},"inLanguage":"es","potentialAction":[{"@type":"ReadAction","target":["https:\/\/www.latitude-15.com\/es\/trafico-en-aumento-aviones-retrasados-por-que-las-aerolineas-reevaluan-el-segmento-de-120-150-asientos\/"]}]},{"@type":"ImageObject","inLanguage":"es","@id":"https:\/\/www.latitude-15.com\/es\/trafico-en-aumento-aviones-retrasados-por-que-las-aerolineas-reevaluan-el-segmento-de-120-150-asientos\/#primaryimage","url":"https:\/\/www.latitude-15.com\/wp-content\/uploads\/2026\/02\/image.jpeg","contentUrl":"https:\/\/www.latitude-15.com\/wp-content\/uploads\/2026\/02\/image.jpeg"},{"@type":"BreadcrumbList","@id":"https:\/\/www.latitude-15.com\/es\/trafico-en-aumento-aviones-retrasados-por-que-las-aerolineas-reevaluan-el-segmento-de-120-150-asientos\/#breadcrumb","itemListElement":[{"@type":"ListItem","position":1,"name":"Home","item":"https:\/\/www.latitude-15.com\/es\/inicio\/"},{"@type":"ListItem","position":2,"name":"Tr\u00e1fico en aumento, aviones retrasados: \u00bfpor qu\u00e9 las aerol\u00edneas reeval\u00faan el segmento de 120-150 asientos?"}]},{"@type":"WebSite","@id":"https:\/\/www.latitude-15.com\/es\/#website","url":"https:\/\/www.latitude-15.com\/es\/","name":"LATITUDE 15","description":"Aviation and maritime Magazine - Caribbean &amp; Latin America","publisher":{"@id":"https:\/\/www.latitude-15.com\/es\/#organization"},"potentialAction":[{"@type":"SearchAction","target":{"@type":"EntryPoint","urlTemplate":"https:\/\/www.latitude-15.com\/es\/?s={search_term_string}"},"query-input":{"@type":"PropertyValueSpecification","valueRequired":true,"valueName":"search_term_string"}}],"inLanguage":"es"},{"@type":"Organization","@id":"https:\/\/www.latitude-15.com\/es\/#organization","name":"LATITUDE 15","url":"https:\/\/www.latitude-15.com\/es\/","logo":{"@type":"ImageObject","inLanguage":"es","@id":"https:\/\/www.latitude-15.com\/es\/#\/schema\/logo\/image\/","url":"https:\/\/www.latitude-15.com\/wp-content\/uploads\/2026\/01\/cropped-logox500px.png","contentUrl":"https:\/\/www.latitude-15.com\/wp-content\/uploads\/2026\/01\/cropped-logox500px.png","width":62,"height":75,"caption":"LATITUDE 15"},"image":{"@id":"https:\/\/www.latitude-15.com\/es\/#\/schema\/logo\/image\/"}},{"@type":"Person","@id":"https:\/\/www.latitude-15.com\/es\/#\/schema\/person\/91c01ae4c368ed9f103739b76d543e81","name":"Sabrina AJ","image":{"@type":"ImageObject","inLanguage":"es","@id":"https:\/\/www.latitude-15.com\/es\/#\/schema\/person\/image\/","url":"https:\/\/secure.gravatar.com\/avatar\/dda9448c6244bb57751d852e57ef360ef337e5fed6f7146091bc3c71fa25c72b?s=96&d=mm&r=g","contentUrl":"https:\/\/secure.gravatar.com\/avatar\/dda9448c6244bb57751d852e57ef360ef337e5fed6f7146091bc3c71fa25c72b?s=96&d=mm&r=g","caption":"Sabrina AJ"},"url":"https:\/\/www.latitude-15.com\/es\/author\/sajax\/"}]}},"_links":{"self":[{"href":"https:\/\/www.latitude-15.com\/es\/wp-json\/wp\/v2\/posts\/20051","targetHints":{"allow":["GET"]}}],"collection":[{"href":"https:\/\/www.latitude-15.com\/es\/wp-json\/wp\/v2\/posts"}],"about":[{"href":"https:\/\/www.latitude-15.com\/es\/wp-json\/wp\/v2\/types\/post"}],"author":[{"embeddable":true,"href":"https:\/\/www.latitude-15.com\/es\/wp-json\/wp\/v2\/users\/4"}],"replies":[{"embeddable":true,"href":"https:\/\/www.latitude-15.com\/es\/wp-json\/wp\/v2\/comments?post=20051"}],"version-history":[{"count":1,"href":"https:\/\/www.latitude-15.com\/es\/wp-json\/wp\/v2\/posts\/20051\/revisions"}],"predecessor-version":[{"id":20052,"href":"https:\/\/www.latitude-15.com\/es\/wp-json\/wp\/v2\/posts\/20051\/revisions\/20052"}],"wp:attachment":[{"href":"https:\/\/www.latitude-15.com\/es\/wp-json\/wp\/v2\/media?parent=20051"}],"wp:term":[{"taxonomy":"category","embeddable":true,"href":"https:\/\/www.latitude-15.com\/es\/wp-json\/wp\/v2\/categories?post=20051"},{"taxonomy":"post_tag","embeddable":true,"href":"https:\/\/www.latitude-15.com\/es\/wp-json\/wp\/v2\/tags?post=20051"}],"curies":[{"name":"wp","href":"https:\/\/api.w.org\/{rel}","templated":true}]}}