{"id":19939,"date":"2026-01-30T16:16:51","date_gmt":"2026-01-30T20:16:51","guid":{"rendered":"https:\/\/www.latitude-15.com\/2026\/02\/04\/carga-aerea-un-mercado-mundial-en-equilibrio-una-ecuacion-mas-tensa-para-america-latina\/"},"modified":"2026-02-04T16:47:29","modified_gmt":"2026-02-04T20:47:29","slug":"carga-aerea-un-mercado-mundial-en-equilibrio-una-ecuacion-mas-tensa-para-america-latina","status":"publish","type":"post","link":"https:\/\/www.latitude-15.com\/es\/carga-aerea-un-mercado-mundial-en-equilibrio-una-ecuacion-mas-tensa-para-america-latina\/","title":{"rendered":"Carga a\u00e9rea: un mercado mundial en equilibrio, una ecuaci\u00f3n m\u00e1s tensa para Am\u00e9rica Latina"},"content":{"rendered":"\n<p>En 2025, la carga a\u00e9rea mundial ha confirmado su capacidad de adaptaci\u00f3n en un entorno econ\u00f3mico y comercial a\u00fan inestable. Los vol\u00famenes alcanzan un nivel r\u00e9cord, impulsados por la solidez del comercio electr\u00f3nico, la reorganizaci\u00f3n de las cadenas log\u00edsticas y la creciente necesidad de soluciones de transporte r\u00e1pidas para las mercanc\u00edas de alto valor a\u00f1adido. Pero detr\u00e1s de este rendimiento global, las din\u00e1micas regionales divergen notablemente. En Am\u00e9rica Latina y el Caribe, el crecimiento existe, pero viene acompa\u00f1ado de tensiones estructurales que cuestionan las decisiones operativas de los actores del sector.   <\/p>\n\n<p>\u2014<\/p>\n\n<p>En resumen: <\/p>\n\n<ul class=\"wp-block-list\">\n<li>En 2025, la carga a\u00e9rea mundial alcanza un volumen r\u00e9cord, impulsado por el comercio electr\u00f3nico y la reorganizaci\u00f3n de las cadenas log\u00edsticas, pero en un contexto de normalizaci\u00f3n de los mercados.<\/li>\n\n\n\n<li>En Am\u00e9rica Latina y el Caribe, la demanda progresa a lo largo del a\u00f1o, aunque muestra signos de fragilidad al final del ejercicio, con una capacidad que aumenta m\u00e1s r\u00e1pido que los vol\u00famenes transportados.<\/li>\n\n\n\n<li>En un entorno de recomposici\u00f3n de los corredores mundiales, el rendimiento de los actores regionales se basa ahora en decisiones precisas en materia de capacidad, redes y especializaci\u00f3n en carga.<\/li>\n<\/ul>\n\n<p>\u2014<\/p>\n\n<figure class=\"wp-block-image size-full\"><img fetchpriority=\"high\" decoding=\"async\" width=\"1000\" height=\"668\" src=\"https:\/\/www.latitude-15.com\/wp-content\/uploads\/2026\/02\/image-1.png\" alt=\"\" class=\"wp-image-19922\" srcset=\"https:\/\/www.latitude-15.com\/wp-content\/uploads\/2026\/02\/image-1.png 1000w, https:\/\/www.latitude-15.com\/wp-content\/uploads\/2026\/02\/image-1-300x200.png 300w, https:\/\/www.latitude-15.com\/wp-content\/uploads\/2026\/02\/image-1-768x513.png 768w\" sizes=\"(max-width: 1000px) 100vw, 1000px\" \/><\/figure>\n\n<h2 class=\"wp-block-heading\">Un mercado mundial s\u00f3lido, pero que ha entrado en una fase de normalizaci\u00f3n<\/h2>\n\n<p>Las cifras del a\u00f1o 2025 reflejan, ante todo, una vuelta al equilibrio. La demanda mundial de carga a\u00e9rea progresa un 3,4% en el conjunto del a\u00f1o, mientras que la capacidad aumenta un 3,7%. La diferencia sigue siendo peque\u00f1a, lo que indica que el mercado a\u00fan absorbe la oferta adicional sin recrear los desequilibrios extremos observados durante el per\u00edodo post-Covid.  <\/p>\n\n<p>Esta din\u00e1mica marca una ruptura con los a\u00f1os de recuperaci\u00f3n excepcional. La carga a\u00e9rea ya no est\u00e1 impulsada por un choque ex\u00f3geno, sino por factores estructurales m\u00e1s cl\u00e1sicos: intercambios internacionales, comercio electr\u00f3nico transfronterizo, necesidades log\u00edsticas ligadas a la fragmentaci\u00f3n de las cadenas de producci\u00f3n.  <\/p>\n\n<p>Los rendimientos siguen ajust\u00e1ndose a la baja, con un retroceso anual limitado al 1,5%. Esta correcci\u00f3n sigue siendo contenida y, sobre todo, muy relativa, ya que los yields siguen siendo ampliamente superiores a los niveles de 2019.  <\/p>\n\n<p>Para los operadores, la se\u00f1al es clara: el mercado no se hunde, pero exige ahora una gesti\u00f3n m\u00e1s precisa de las capacidades y las redes.<\/p>\n\n<h2 class=\"wp-block-heading\">Am\u00e9rica Latina y el Caribe: un crecimiento anual real, pero debilitado<\/h2>\n\n<p>En este contexto globalmente estable, Am\u00e9rica Latina y el Caribe muestran una progresi\u00f3n anual de la demanda del 2,3% en 2025. Esta cifra, tomada aisladamente, confirma que la regi\u00f3n sigue integrada en los flujos mundiales y se beneficia a\u00fan de ciertos motores estructurales, especialmente la exportaci\u00f3n de productos agr\u00edcolas, farmac\u00e9uticos o con fuertes limitaciones de tiempo. <\/p>\n\n<p>Sin embargo, la trayectoria intraanual es m\u00e1s contrastada. Tras un primer semestre relativamente din\u00e1mico, la segunda mitad del a\u00f1o se revela netamente m\u00e1s dif\u00edcil. En diciembre, la regi\u00f3n registra un retroceso marcado de la demanda, incluso cuando la mayor\u00eda de las otras zonas prosiguen su progresi\u00f3n. Esta contra-performance de fin de a\u00f1o no es anecd\u00f3tica: pone de manifiesto una vulnerabilidad acrecentada frente a las recomposiciones de los flujos internacionales.   <\/p>\n\n<p>Al mismo tiempo, la capacidad contin\u00faa progresando a un ritmo superior al de la demanda. Resultado: las tasas de ocupaci\u00f3n retroceden, cayendo a niveles sensiblemente inferiores a la media mundial. Para las compa\u00f1\u00edas y los operadores de carga de la regi\u00f3n, la cuesti\u00f3n no es, por tanto, la del crecimiento bruto, sino la de la sostenibilidad econ\u00f3mica de las operaciones.  <\/p>\n\n<figure class=\"wp-block-image size-large\"><img decoding=\"async\" width=\"1024\" height=\"576\" data-src=\"https:\/\/www.latitude-15.com\/wp-content\/uploads\/2026\/02\/image-1024x576.png\" alt=\"\" class=\"wp-image-19920 lazyload\" data-srcset=\"https:\/\/www.latitude-15.com\/wp-content\/uploads\/2026\/02\/image-1024x576.png 1024w, https:\/\/www.latitude-15.com\/wp-content\/uploads\/2026\/02\/image-300x169.png 300w, https:\/\/www.latitude-15.com\/wp-content\/uploads\/2026\/02\/image-768x432.png 768w, https:\/\/www.latitude-15.com\/wp-content\/uploads\/2026\/02\/image-1536x864.png 1536w, https:\/\/www.latitude-15.com\/wp-content\/uploads\/2026\/02\/image-2048x1152.png 2048w, https:\/\/www.latitude-15.com\/wp-content\/uploads\/2026\/02\/image-1320x743.png 1320w\" data-sizes=\"(max-width: 1024px) 100vw, 1024px\" src=\"data:image\/svg+xml;base64,PHN2ZyB3aWR0aD0iMSIgaGVpZ2h0PSIxIiB4bWxucz0iaHR0cDovL3d3dy53My5vcmcvMjAwMC9zdmciPjwvc3ZnPg==\" style=\"--smush-placeholder-width: 1024px; --smush-placeholder-aspect-ratio: 1024\/576;\" \/><\/figure>\n\n<h2 class=\"wp-block-heading\">Capacidad y rentabilidad: el n\u00facleo de las decisiones para los operadores<\/h2>\n\n<p>Esta divergencia entre la evoluci\u00f3n de la oferta y la de la demanda coloca a los actores latino-caribe\u00f1os ante una ecuaci\u00f3n m\u00e1s compleja. En un mercado mundial ya normalizado, el simple aumento de capacidad ya no garantiza la creaci\u00f3n de valor. Al contrario, puede acentuar la presi\u00f3n sobre los m\u00e1rgenes cuando los vol\u00famenes no siguen el ritmo.  <\/p>\n\n<p>El debate se desplaza as\u00ed hacia la asignaci\u00f3n \u00f3ptima de los recursos. El retorno progresivo de las capacidades de pasajeros devuelve importancia al belly cargo, que capta una parte creciente de la demanda marginal. Los freighters, siempre centrales en la carga internacional, ven su despliegue volverse m\u00e1s selectivo, en funci\u00f3n de los corredores y de las perspectivas de rendimiento.  <\/p>\n\n<p>Para las compa\u00f1\u00edas de la regi\u00f3n, estas evoluciones implican decisiones estructurantes: ajustar las frecuencias, centrarse en los flujos m\u00e1s resilientes, reforzar las asociaciones interregionales, o incluso reposicionarse en segmentos de nicho donde la limitaci\u00f3n de tiempo prima sobre el coste. La carga a\u00e9rea deja de ser un simple volumen adicional; se convierte en una palanca estrat\u00e9gica por derecho propio. <\/p>\n\n<h2 class=\"wp-block-heading\">Recomposici\u00f3n de los corredores mundiales: un entorno menos favorable<\/h2>\n\n<p>Esta presi\u00f3n se explica tambi\u00e9n por la transformaci\u00f3n r\u00e1pida de los grandes ejes del comercio a\u00e9reo. En 2025, los flujos mundiales se desplazan progresivamente hacia corredores considerados m\u00e1s resilientes, especialmente entre Europa y Asia, o incluso dentro del propio continente asi\u00e1tico. A la inversa, ciertos ejes hist\u00f3ricamente dominantes pierden terreno bajo el efecto combinado de las tensiones comerciales, las pol\u00edticas tarifarias y la redefinici\u00f3n de las cadenas de suministro.  <\/p>\n\n<p>Para Am\u00e9rica Latina y el Caribe, esta recomposici\u00f3n significa una p\u00e9rdida relativa de centralidad en los grandes flujos intercontinentales. La regi\u00f3n no est\u00e1 marginada, pero debe lidiar con un entorno donde la competencia entre corredores es m\u00e1s fuerte y donde la dependencia de algunas rutas clave se convierte en un factor de riesgo. <\/p>\n\n<p>En este contexto, la especializaci\u00f3n adquiere una importancia creciente. Productos perecederos, carga farmac\u00e9utica, express regional, comercio electr\u00f3nico espec\u00edfico: tantos segmentos donde la carga a\u00e9rea conserva una ventaja comparativa fuerte y donde el valor no se basa \u00fanicamente en los vol\u00famenes. <\/p>\n\n<h2 class=\"wp-block-heading\">2026: un a\u00f1o de disciplina m\u00e1s que de expansi\u00f3n<\/h2>\n\n<p>Las perspectivas para 2026 confirman esta lectura. El crecimiento mundial de la carga a\u00e9rea deber\u00eda ralentizarse ligeramente, en l\u00ednea con las tendencias hist\u00f3ricas de largo plazo. Las incertidumbres geopol\u00edticas y comerciales continuar\u00e1n pesando sobre los intercambios, reforzando la importancia de la flexibilidad y de la reactividad de las redes.  <\/p>\n\n<p>Para los actores de estas regiones, el reto no es seguir mec\u00e1nicamente el crecimiento mundial, sino tomar decisiones claras. Disciplina de capacidad, focalizaci\u00f3n de los corredores, adaptaci\u00f3n del mix de carga, asociaciones log\u00edsticas: es a este nivel donde se juega el rendimiento. <\/p>\n\n<p>La carga a\u00e9rea sigue siendo un pilar indispensable de las cadenas log\u00edsticas mundiales. Pero en un mercado ya equilibrado, la creaci\u00f3n de valor se basa menos en la expansi\u00f3n que en la calidad de las decisiones. Para los operadores de la regi\u00f3n, 2025 marca sin duda el fin de una fase de ajuste y el inicio de un ciclo donde la estrategia primar\u00e1 sobre el volumen.  <\/p>\n\n<p>\u2014<\/p>\n\n<p>Fuente de datos: <a href=\"https:\/\/www.iata.org\/en\/pressroom\/2026-releases\/2026-01-29-01\">IATA.org \/ <strong>Press Release No:<\/strong> 4 Date: 29 January 2026<\/a><\/p>\n","protected":false},"excerpt":{"rendered":"<p>En 2025, la carga a\u00e9rea mundial ha confirmado su capacidad de adaptaci\u00f3n en un entorno econ\u00f3mico y comercial a\u00fan inestable. Los vol\u00famenes alcanzan un nivel r\u00e9cord, impulsados por la solidez del comercio electr\u00f3nico, la reorganizaci\u00f3n de las cadenas log\u00edsticas y la creciente necesidad de soluciones de transporte r\u00e1pidas para las mercanc\u00edas de alto valor a\u00f1adido. [&hellip;]<\/p>\n","protected":false},"author":4,"featured_media":0,"comment_status":"open","ping_status":"open","sticky":false,"template":"","format":"standard","meta":{"footnotes":""},"categories":[99,102],"tags":[],"class_list":["post-19939","post","type-post","status-publish","format-standard","hentry","category-aviacion","category-conectividad-aerea-y-desarrollo-de-rutas"],"yoast_head":"<!-- This site is optimized with the Yoast SEO plugin v26.9 - https:\/\/yoast.com\/product\/yoast-seo-wordpress\/ -->\n<title>Carga a\u00e9rea: un mercado mundial en equilibrio, una ecuaci\u00f3n m\u00e1s tensa para Am\u00e9rica Latina - LATITUDE 15<\/title>\n<meta name=\"robots\" content=\"index, follow, max-snippet:-1, max-image-preview:large, max-video-preview:-1\" \/>\n<link rel=\"canonical\" href=\"https:\/\/www.latitude-15.com\/es\/carga-aerea-un-mercado-mundial-en-equilibrio-una-ecuacion-mas-tensa-para-america-latina\/\" \/>\n<meta property=\"og:locale\" content=\"es_ES\" \/>\n<meta property=\"og:type\" content=\"article\" \/>\n<meta property=\"og:title\" content=\"Carga a\u00e9rea: un mercado mundial en equilibrio, una ecuaci\u00f3n m\u00e1s tensa para Am\u00e9rica Latina - LATITUDE 15\" \/>\n<meta property=\"og:description\" content=\"En 2025, la carga a\u00e9rea mundial ha confirmado su capacidad de adaptaci\u00f3n en un entorno econ\u00f3mico y comercial a\u00fan inestable. Los vol\u00famenes alcanzan un nivel r\u00e9cord, impulsados por la solidez del comercio electr\u00f3nico, la reorganizaci\u00f3n de las cadenas log\u00edsticas y la creciente necesidad de soluciones de transporte r\u00e1pidas para las mercanc\u00edas de alto valor a\u00f1adido. [&hellip;]\" \/>\n<meta property=\"og:url\" content=\"https:\/\/www.latitude-15.com\/es\/carga-aerea-un-mercado-mundial-en-equilibrio-una-ecuacion-mas-tensa-para-america-latina\/\" \/>\n<meta property=\"og:site_name\" content=\"LATITUDE 15\" \/>\n<meta property=\"article:published_time\" content=\"2026-01-30T20:16:51+00:00\" \/>\n<meta property=\"article:modified_time\" content=\"2026-02-04T20:47:29+00:00\" \/>\n<meta property=\"og:image\" content=\"https:\/\/www.latitude-15.com\/wp-content\/uploads\/2026\/02\/ChatGPT-Image-4-fevr.-2026-16_11_57-1024x683.png\" \/>\n\t<meta property=\"og:image:width\" content=\"1024\" \/>\n\t<meta property=\"og:image:height\" content=\"683\" \/>\n\t<meta property=\"og:image:type\" content=\"image\/png\" \/>\n<meta name=\"author\" content=\"Sabrina AJ\" \/>\n<meta name=\"twitter:card\" content=\"summary_large_image\" \/>\n<meta name=\"twitter:label1\" content=\"Escrito por\" \/>\n\t<meta name=\"twitter:data1\" content=\"Sabrina AJ\" \/>\n\t<meta name=\"twitter:label2\" content=\"Tiempo de lectura\" \/>\n\t<meta name=\"twitter:data2\" content=\"6 minutos\" \/>\n<script type=\"application\/ld+json\" class=\"yoast-schema-graph\">{\"@context\":\"https:\/\/schema.org\",\"@graph\":[{\"@type\":\"Article\",\"@id\":\"https:\/\/www.latitude-15.com\/es\/carga-aerea-un-mercado-mundial-en-equilibrio-una-ecuacion-mas-tensa-para-america-latina\/#article\",\"isPartOf\":{\"@id\":\"https:\/\/www.latitude-15.com\/es\/carga-aerea-un-mercado-mundial-en-equilibrio-una-ecuacion-mas-tensa-para-america-latina\/\"},\"author\":{\"name\":\"Sabrina AJ\",\"@id\":\"https:\/\/www.latitude-15.com\/es\/#\/schema\/person\/91c01ae4c368ed9f103739b76d543e81\"},\"headline\":\"Carga a\u00e9rea: un mercado mundial en equilibrio, una ecuaci\u00f3n m\u00e1s tensa para Am\u00e9rica Latina\",\"datePublished\":\"2026-01-30T20:16:51+00:00\",\"dateModified\":\"2026-02-04T20:47:29+00:00\",\"mainEntityOfPage\":{\"@id\":\"https:\/\/www.latitude-15.com\/es\/carga-aerea-un-mercado-mundial-en-equilibrio-una-ecuacion-mas-tensa-para-america-latina\/\"},\"wordCount\":1235,\"commentCount\":0,\"publisher\":{\"@id\":\"https:\/\/www.latitude-15.com\/es\/#organization\"},\"image\":{\"@id\":\"https:\/\/www.latitude-15.com\/es\/carga-aerea-un-mercado-mundial-en-equilibrio-una-ecuacion-mas-tensa-para-america-latina\/#primaryimage\"},\"thumbnailUrl\":\"https:\/\/www.latitude-15.com\/wp-content\/uploads\/2026\/02\/image-1.png\",\"articleSection\":[\"AVIACI\u00d3N\",\"Conectividad a\u00e9rea y Atractivo territorial\"],\"inLanguage\":\"es\",\"potentialAction\":[{\"@type\":\"CommentAction\",\"name\":\"Comment\",\"target\":[\"https:\/\/www.latitude-15.com\/es\/carga-aerea-un-mercado-mundial-en-equilibrio-una-ecuacion-mas-tensa-para-america-latina\/#respond\"]}]},{\"@type\":\"WebPage\",\"@id\":\"https:\/\/www.latitude-15.com\/es\/carga-aerea-un-mercado-mundial-en-equilibrio-una-ecuacion-mas-tensa-para-america-latina\/\",\"url\":\"https:\/\/www.latitude-15.com\/es\/carga-aerea-un-mercado-mundial-en-equilibrio-una-ecuacion-mas-tensa-para-america-latina\/\",\"name\":\"Carga a\u00e9rea: un mercado mundial en equilibrio, una ecuaci\u00f3n m\u00e1s tensa para Am\u00e9rica Latina - LATITUDE 15\",\"isPartOf\":{\"@id\":\"https:\/\/www.latitude-15.com\/es\/#website\"},\"primaryImageOfPage\":{\"@id\":\"https:\/\/www.latitude-15.com\/es\/carga-aerea-un-mercado-mundial-en-equilibrio-una-ecuacion-mas-tensa-para-america-latina\/#primaryimage\"},\"image\":{\"@id\":\"https:\/\/www.latitude-15.com\/es\/carga-aerea-un-mercado-mundial-en-equilibrio-una-ecuacion-mas-tensa-para-america-latina\/#primaryimage\"},\"thumbnailUrl\":\"https:\/\/www.latitude-15.com\/wp-content\/uploads\/2026\/02\/image-1.png\",\"datePublished\":\"2026-01-30T20:16:51+00:00\",\"dateModified\":\"2026-02-04T20:47:29+00:00\",\"breadcrumb\":{\"@id\":\"https:\/\/www.latitude-15.com\/es\/carga-aerea-un-mercado-mundial-en-equilibrio-una-ecuacion-mas-tensa-para-america-latina\/#breadcrumb\"},\"inLanguage\":\"es\",\"potentialAction\":[{\"@type\":\"ReadAction\",\"target\":[\"https:\/\/www.latitude-15.com\/es\/carga-aerea-un-mercado-mundial-en-equilibrio-una-ecuacion-mas-tensa-para-america-latina\/\"]}]},{\"@type\":\"ImageObject\",\"inLanguage\":\"es\",\"@id\":\"https:\/\/www.latitude-15.com\/es\/carga-aerea-un-mercado-mundial-en-equilibrio-una-ecuacion-mas-tensa-para-america-latina\/#primaryimage\",\"url\":\"https:\/\/www.latitude-15.com\/wp-content\/uploads\/2026\/02\/image-1.png\",\"contentUrl\":\"https:\/\/www.latitude-15.com\/wp-content\/uploads\/2026\/02\/image-1.png\"},{\"@type\":\"BreadcrumbList\",\"@id\":\"https:\/\/www.latitude-15.com\/es\/carga-aerea-un-mercado-mundial-en-equilibrio-una-ecuacion-mas-tensa-para-america-latina\/#breadcrumb\",\"itemListElement\":[{\"@type\":\"ListItem\",\"position\":1,\"name\":\"Home\",\"item\":\"https:\/\/www.latitude-15.com\/es\/inicio\/\"},{\"@type\":\"ListItem\",\"position\":2,\"name\":\"Carga a\u00e9rea: un mercado mundial en equilibrio, una ecuaci\u00f3n m\u00e1s tensa para Am\u00e9rica Latina\"}]},{\"@type\":\"WebSite\",\"@id\":\"https:\/\/www.latitude-15.com\/es\/#website\",\"url\":\"https:\/\/www.latitude-15.com\/es\/\",\"name\":\"LATITUDE 15\",\"description\":\"Aviation and maritime Magazine - Caribbean &amp; Latin America\",\"publisher\":{\"@id\":\"https:\/\/www.latitude-15.com\/es\/#organization\"},\"potentialAction\":[{\"@type\":\"SearchAction\",\"target\":{\"@type\":\"EntryPoint\",\"urlTemplate\":\"https:\/\/www.latitude-15.com\/es\/?s={search_term_string}\"},\"query-input\":{\"@type\":\"PropertyValueSpecification\",\"valueRequired\":true,\"valueName\":\"search_term_string\"}}],\"inLanguage\":\"es\"},{\"@type\":\"Organization\",\"@id\":\"https:\/\/www.latitude-15.com\/es\/#organization\",\"name\":\"LATITUDE 15\",\"url\":\"https:\/\/www.latitude-15.com\/es\/\",\"logo\":{\"@type\":\"ImageObject\",\"inLanguage\":\"es\",\"@id\":\"https:\/\/www.latitude-15.com\/es\/#\/schema\/logo\/image\/\",\"url\":\"https:\/\/www.latitude-15.com\/wp-content\/uploads\/2026\/01\/cropped-logox500px.png\",\"contentUrl\":\"https:\/\/www.latitude-15.com\/wp-content\/uploads\/2026\/01\/cropped-logox500px.png\",\"width\":62,\"height\":75,\"caption\":\"LATITUDE 15\"},\"image\":{\"@id\":\"https:\/\/www.latitude-15.com\/es\/#\/schema\/logo\/image\/\"}},{\"@type\":\"Person\",\"@id\":\"https:\/\/www.latitude-15.com\/es\/#\/schema\/person\/91c01ae4c368ed9f103739b76d543e81\",\"name\":\"Sabrina AJ\",\"image\":{\"@type\":\"ImageObject\",\"inLanguage\":\"es\",\"@id\":\"https:\/\/www.latitude-15.com\/es\/#\/schema\/person\/image\/\",\"url\":\"https:\/\/secure.gravatar.com\/avatar\/dda9448c6244bb57751d852e57ef360ef337e5fed6f7146091bc3c71fa25c72b?s=96&d=mm&r=g\",\"contentUrl\":\"https:\/\/secure.gravatar.com\/avatar\/dda9448c6244bb57751d852e57ef360ef337e5fed6f7146091bc3c71fa25c72b?s=96&d=mm&r=g\",\"caption\":\"Sabrina AJ\"},\"url\":\"https:\/\/www.latitude-15.com\/es\/author\/sajax\/\"}]}<\/script>\n<!-- \/ Yoast SEO plugin. -->","yoast_head_json":{"title":"Carga a\u00e9rea: un mercado mundial en equilibrio, una ecuaci\u00f3n m\u00e1s tensa para Am\u00e9rica Latina - LATITUDE 15","robots":{"index":"index","follow":"follow","max-snippet":"max-snippet:-1","max-image-preview":"max-image-preview:large","max-video-preview":"max-video-preview:-1"},"canonical":"https:\/\/www.latitude-15.com\/es\/carga-aerea-un-mercado-mundial-en-equilibrio-una-ecuacion-mas-tensa-para-america-latina\/","og_locale":"es_ES","og_type":"article","og_title":"Carga a\u00e9rea: un mercado mundial en equilibrio, una ecuaci\u00f3n m\u00e1s tensa para Am\u00e9rica Latina - LATITUDE 15","og_description":"En 2025, la carga a\u00e9rea mundial ha confirmado su capacidad de adaptaci\u00f3n en un entorno econ\u00f3mico y comercial a\u00fan inestable. Los vol\u00famenes alcanzan un nivel r\u00e9cord, impulsados por la solidez del comercio electr\u00f3nico, la reorganizaci\u00f3n de las cadenas log\u00edsticas y la creciente necesidad de soluciones de transporte r\u00e1pidas para las mercanc\u00edas de alto valor a\u00f1adido. [&hellip;]","og_url":"https:\/\/www.latitude-15.com\/es\/carga-aerea-un-mercado-mundial-en-equilibrio-una-ecuacion-mas-tensa-para-america-latina\/","og_site_name":"LATITUDE 15","article_published_time":"2026-01-30T20:16:51+00:00","article_modified_time":"2026-02-04T20:47:29+00:00","og_image":[{"width":1024,"height":683,"url":"https:\/\/www.latitude-15.com\/wp-content\/uploads\/2026\/02\/ChatGPT-Image-4-fevr.-2026-16_11_57-1024x683.png","type":"image\/png"}],"author":"Sabrina AJ","twitter_card":"summary_large_image","twitter_misc":{"Escrito por":"Sabrina AJ","Tiempo de lectura":"6 minutos"},"schema":{"@context":"https:\/\/schema.org","@graph":[{"@type":"Article","@id":"https:\/\/www.latitude-15.com\/es\/carga-aerea-un-mercado-mundial-en-equilibrio-una-ecuacion-mas-tensa-para-america-latina\/#article","isPartOf":{"@id":"https:\/\/www.latitude-15.com\/es\/carga-aerea-un-mercado-mundial-en-equilibrio-una-ecuacion-mas-tensa-para-america-latina\/"},"author":{"name":"Sabrina AJ","@id":"https:\/\/www.latitude-15.com\/es\/#\/schema\/person\/91c01ae4c368ed9f103739b76d543e81"},"headline":"Carga a\u00e9rea: un mercado mundial en equilibrio, una ecuaci\u00f3n m\u00e1s tensa para Am\u00e9rica Latina","datePublished":"2026-01-30T20:16:51+00:00","dateModified":"2026-02-04T20:47:29+00:00","mainEntityOfPage":{"@id":"https:\/\/www.latitude-15.com\/es\/carga-aerea-un-mercado-mundial-en-equilibrio-una-ecuacion-mas-tensa-para-america-latina\/"},"wordCount":1235,"commentCount":0,"publisher":{"@id":"https:\/\/www.latitude-15.com\/es\/#organization"},"image":{"@id":"https:\/\/www.latitude-15.com\/es\/carga-aerea-un-mercado-mundial-en-equilibrio-una-ecuacion-mas-tensa-para-america-latina\/#primaryimage"},"thumbnailUrl":"https:\/\/www.latitude-15.com\/wp-content\/uploads\/2026\/02\/image-1.png","articleSection":["AVIACI\u00d3N","Conectividad a\u00e9rea y Atractivo territorial"],"inLanguage":"es","potentialAction":[{"@type":"CommentAction","name":"Comment","target":["https:\/\/www.latitude-15.com\/es\/carga-aerea-un-mercado-mundial-en-equilibrio-una-ecuacion-mas-tensa-para-america-latina\/#respond"]}]},{"@type":"WebPage","@id":"https:\/\/www.latitude-15.com\/es\/carga-aerea-un-mercado-mundial-en-equilibrio-una-ecuacion-mas-tensa-para-america-latina\/","url":"https:\/\/www.latitude-15.com\/es\/carga-aerea-un-mercado-mundial-en-equilibrio-una-ecuacion-mas-tensa-para-america-latina\/","name":"Carga a\u00e9rea: un mercado mundial en equilibrio, una ecuaci\u00f3n m\u00e1s tensa para Am\u00e9rica Latina - LATITUDE 15","isPartOf":{"@id":"https:\/\/www.latitude-15.com\/es\/#website"},"primaryImageOfPage":{"@id":"https:\/\/www.latitude-15.com\/es\/carga-aerea-un-mercado-mundial-en-equilibrio-una-ecuacion-mas-tensa-para-america-latina\/#primaryimage"},"image":{"@id":"https:\/\/www.latitude-15.com\/es\/carga-aerea-un-mercado-mundial-en-equilibrio-una-ecuacion-mas-tensa-para-america-latina\/#primaryimage"},"thumbnailUrl":"https:\/\/www.latitude-15.com\/wp-content\/uploads\/2026\/02\/image-1.png","datePublished":"2026-01-30T20:16:51+00:00","dateModified":"2026-02-04T20:47:29+00:00","breadcrumb":{"@id":"https:\/\/www.latitude-15.com\/es\/carga-aerea-un-mercado-mundial-en-equilibrio-una-ecuacion-mas-tensa-para-america-latina\/#breadcrumb"},"inLanguage":"es","potentialAction":[{"@type":"ReadAction","target":["https:\/\/www.latitude-15.com\/es\/carga-aerea-un-mercado-mundial-en-equilibrio-una-ecuacion-mas-tensa-para-america-latina\/"]}]},{"@type":"ImageObject","inLanguage":"es","@id":"https:\/\/www.latitude-15.com\/es\/carga-aerea-un-mercado-mundial-en-equilibrio-una-ecuacion-mas-tensa-para-america-latina\/#primaryimage","url":"https:\/\/www.latitude-15.com\/wp-content\/uploads\/2026\/02\/image-1.png","contentUrl":"https:\/\/www.latitude-15.com\/wp-content\/uploads\/2026\/02\/image-1.png"},{"@type":"BreadcrumbList","@id":"https:\/\/www.latitude-15.com\/es\/carga-aerea-un-mercado-mundial-en-equilibrio-una-ecuacion-mas-tensa-para-america-latina\/#breadcrumb","itemListElement":[{"@type":"ListItem","position":1,"name":"Home","item":"https:\/\/www.latitude-15.com\/es\/inicio\/"},{"@type":"ListItem","position":2,"name":"Carga a\u00e9rea: un mercado mundial en equilibrio, una ecuaci\u00f3n m\u00e1s tensa para Am\u00e9rica Latina"}]},{"@type":"WebSite","@id":"https:\/\/www.latitude-15.com\/es\/#website","url":"https:\/\/www.latitude-15.com\/es\/","name":"LATITUDE 15","description":"Aviation and maritime Magazine - Caribbean &amp; Latin America","publisher":{"@id":"https:\/\/www.latitude-15.com\/es\/#organization"},"potentialAction":[{"@type":"SearchAction","target":{"@type":"EntryPoint","urlTemplate":"https:\/\/www.latitude-15.com\/es\/?s={search_term_string}"},"query-input":{"@type":"PropertyValueSpecification","valueRequired":true,"valueName":"search_term_string"}}],"inLanguage":"es"},{"@type":"Organization","@id":"https:\/\/www.latitude-15.com\/es\/#organization","name":"LATITUDE 15","url":"https:\/\/www.latitude-15.com\/es\/","logo":{"@type":"ImageObject","inLanguage":"es","@id":"https:\/\/www.latitude-15.com\/es\/#\/schema\/logo\/image\/","url":"https:\/\/www.latitude-15.com\/wp-content\/uploads\/2026\/01\/cropped-logox500px.png","contentUrl":"https:\/\/www.latitude-15.com\/wp-content\/uploads\/2026\/01\/cropped-logox500px.png","width":62,"height":75,"caption":"LATITUDE 15"},"image":{"@id":"https:\/\/www.latitude-15.com\/es\/#\/schema\/logo\/image\/"}},{"@type":"Person","@id":"https:\/\/www.latitude-15.com\/es\/#\/schema\/person\/91c01ae4c368ed9f103739b76d543e81","name":"Sabrina AJ","image":{"@type":"ImageObject","inLanguage":"es","@id":"https:\/\/www.latitude-15.com\/es\/#\/schema\/person\/image\/","url":"https:\/\/secure.gravatar.com\/avatar\/dda9448c6244bb57751d852e57ef360ef337e5fed6f7146091bc3c71fa25c72b?s=96&d=mm&r=g","contentUrl":"https:\/\/secure.gravatar.com\/avatar\/dda9448c6244bb57751d852e57ef360ef337e5fed6f7146091bc3c71fa25c72b?s=96&d=mm&r=g","caption":"Sabrina AJ"},"url":"https:\/\/www.latitude-15.com\/es\/author\/sajax\/"}]}},"_links":{"self":[{"href":"https:\/\/www.latitude-15.com\/es\/wp-json\/wp\/v2\/posts\/19939","targetHints":{"allow":["GET"]}}],"collection":[{"href":"https:\/\/www.latitude-15.com\/es\/wp-json\/wp\/v2\/posts"}],"about":[{"href":"https:\/\/www.latitude-15.com\/es\/wp-json\/wp\/v2\/types\/post"}],"author":[{"embeddable":true,"href":"https:\/\/www.latitude-15.com\/es\/wp-json\/wp\/v2\/users\/4"}],"replies":[{"embeddable":true,"href":"https:\/\/www.latitude-15.com\/es\/wp-json\/wp\/v2\/comments?post=19939"}],"version-history":[{"count":1,"href":"https:\/\/www.latitude-15.com\/es\/wp-json\/wp\/v2\/posts\/19939\/revisions"}],"predecessor-version":[{"id":19941,"href":"https:\/\/www.latitude-15.com\/es\/wp-json\/wp\/v2\/posts\/19939\/revisions\/19941"}],"wp:attachment":[{"href":"https:\/\/www.latitude-15.com\/es\/wp-json\/wp\/v2\/media?parent=19939"}],"wp:term":[{"taxonomy":"category","embeddable":true,"href":"https:\/\/www.latitude-15.com\/es\/wp-json\/wp\/v2\/categories?post=19939"},{"taxonomy":"post_tag","embeddable":true,"href":"https:\/\/www.latitude-15.com\/es\/wp-json\/wp\/v2\/tags?post=19939"}],"curies":[{"name":"wp","href":"https:\/\/api.w.org\/{rel}","templated":true}]}}