{"id":19769,"date":"2025-04-12T01:31:00","date_gmt":"2025-04-12T05:31:00","guid":{"rendered":"https:\/\/www.latitude-15.com\/2025\/04\/12\/caribe-maghic-2-impulsa-la-transicion-energetica-maritima-con-farwind-energy\/"},"modified":"2026-02-04T01:46:08","modified_gmt":"2026-02-04T05:46:08","slug":"caribe-maghic-2-impulsa-la-transicion-energetica-maritima-con-farwind-energy","status":"publish","type":"post","link":"https:\/\/www.latitude-15.com\/es\/caribe-maghic-2-impulsa-la-transicion-energetica-maritima-con-farwind-energy\/","title":{"rendered":"Caribe \u2013 MAGHIC 2 impulsa la transici\u00f3n energ\u00e9tica mar\u00edtima con FARWIND Energy"},"content":{"rendered":"\n<p><strong>El proyecto <a href=\"https:\/\/guadeloupe-portcaraibes.com\/projet-maghic-2\/\" target=\"_blank\" rel=\"noreferrer noopener\">MAGHIC 2<\/a>, lanzado en marzo en Pointe-\u00e0-Pitre con el apoyo del programa <a href=\"https:\/\/interreg-caraibes.eu\/\" target=\"_blank\" rel=\"noreferrer noopener\">INTERREG Caribe<\/a>, marca un paso decisivo en el desarrollo de un sector mar\u00edtimo con bajas emisiones de carbono adaptado a las realidades del Caribe.<\/strong><\/p>\n\n<p>En un momento en que los problemas clim\u00e1ticos exigen cambios de gran alcance, el Caribe est\u00e1 afirmando su determinaci\u00f3n de convertirse en una regi\u00f3n piloto para el transporte mar\u00edtimo sostenible. En este contexto, <strong>FARWIND Energy<\/strong>, una start-up comprometida con la descarbonizaci\u00f3n del transporte mar\u00edtimo, est\u00e1 coordinando el proyecto <strong>MAGHIC 2<\/strong>, con el objetivo de estructurar un sector industrial y cient\u00edfico genuino en torno a la propulsi\u00f3n a vela y el hidr\u00f3geno en la regi\u00f3n. <\/p>\n\n<p>Financiado <strong>con 2,2 millones de euros de fondos FEDER<\/strong> a trav\u00e9s de INTERREG Caribe, MAGHIC 2 encarna una alianza entre la innovaci\u00f3n tecnol\u00f3gica, la investigaci\u00f3n acad\u00e9mica y la ambici\u00f3n regional.<\/p>\n\n<figure class=\"wp-block-image\"><img decoding=\"async\" data-src=\"https:\/\/richeskarayib.com\/wp-content\/uploads\/2025\/04\/th.jpeg\" alt=\"\" class=\"wp-image-48745 lazyload\" src=\"data:image\/svg+xml;base64,PHN2ZyB3aWR0aD0iMSIgaGVpZ2h0PSIxIiB4bWxucz0iaHR0cDovL3d3dy53My5vcmcvMjAwMC9zdmciPjwvc3ZnPg==\" \/><\/figure>\n\n<h2 class=\"wp-block-heading\">Propulsi\u00f3n marina innovadora probada en condiciones reales<\/h2>\n\n<p>En el coraz\u00f3n del proyecto MAGHIC 2, la vela de rotor desarrollada por <a href=\"https:\/\/farwind-energy.com\/fr\/\" target=\"_blank\" rel=\"noreferrer noopener\">FARWIND Energy<\/a> promete una reducci\u00f3n significativa de las emisiones de CO\u2082, hasta <strong>un 40% menos de combustible<\/strong> para los buques. Esta tecnolog\u00eda, probada en entornos mar\u00edtimos severos, abre perspectivas concretas para un transporte mar\u00edtimo m\u00e1s responsable, en consonancia con los objetivos clim\u00e1ticos europeos y los de la OMI. <\/p>\n\n<p>Pero MAGHIC 2 va m\u00e1s all\u00e1: el proyecto tambi\u00e9n explora <strong>soluciones innovadoras de almacenamiento de hidr\u00f3geno<\/strong>, tanto en tierra como en el mar, capaces de contener entre 10 y 100 toneladas, con un impacto reducido en el territorio. Una respuesta a los retos log\u00edsticos y energ\u00e9ticos espec\u00edficos de la geograf\u00eda insular. <\/p>\n\n<h2 class=\"wp-block-heading\">Una red caribe\u00f1a de investigaci\u00f3n e industria para apoyar la transici\u00f3n<\/h2>\n\n<p>Uno de los puntos fuertes del proyecto reside en su capacidad para crear una din\u00e1mica regional en torno a las competencias y el conocimiento. FARWIND Energy re\u00fane una <strong>red de<\/strong> destacadas <strong>instituciones acad\u00e9micas<\/strong>: <\/p>\n\n<ul class=\"wp-block-list\">\n<li><strong>Caribbean Maritime University (Jamaica)<\/strong><\/li>\n\n\n\n<li><strong>University of Trinidad and Tobago<\/strong><\/li>\n\n\n\n<li><strong>Centro Nacional de Investigaciones Cient\u00edficas (Cuba)<\/strong><\/li>\n\n\n\n<li><strong>Universidad Aut\u00f3noma de Campeche (M\u00e9xico)<\/strong><\/li>\n<\/ul>\n\n<p>Estos establecimientos centrar\u00e1n su trabajo en la vida \u00fatil de los materiales y la adaptaci\u00f3n de las soluciones a las condiciones clim\u00e1ticas y mar\u00edtimas espec\u00edficas del Caribe.<\/p>\n\n<p>En el \u00e1mbito industrial, <strong>SARA (Soci\u00e9t\u00e9 Anonyme de la Raffinerie des Antilles)<\/strong> se une al proyecto para promover la transferencia de tecnolog\u00eda y reforzar las competencias locales. La ambici\u00f3n es clara: <strong>estructurar un<\/strong> <strong>ecosistema regional<\/strong> <strong>sostenible<\/strong> en torno a la propulsi\u00f3n marina con bajas emisiones de carbono y la industria del hidr\u00f3geno. <\/p>\n\n<figure class=\"wp-block-image\"><img decoding=\"async\" data-src=\"https:\/\/richeskarayib.com\/wp-content\/uploads\/2025\/04\/OIP.jpeg\" alt=\"MAGHIC 2\" class=\"wp-image-48749 lazyload\" src=\"data:image\/svg+xml;base64,PHN2ZyB3aWR0aD0iMSIgaGVpZ2h0PSIxIiB4bWxucz0iaHR0cDovL3d3dy53My5vcmcvMjAwMC9zdmciPjwvc3ZnPg==\" \/><\/figure>\n\n<figure class=\"wp-block-image\"><img decoding=\"async\" data-src=\"https:\/\/richeskarayib.com\/wp-content\/uploads\/2025\/04\/th-1.jpeg\" alt=\"MAGHIC 2\" src=\"data:image\/svg+xml;base64,PHN2ZyB3aWR0aD0iMSIgaGVpZ2h0PSIxIiB4bWxucz0iaHR0cDovL3d3dy53My5vcmcvMjAwMC9zdmciPjwvc3ZnPg==\" class=\"lazyload\" \/><\/figure>\n\n<h2 class=\"wp-block-heading\">Una visi\u00f3n estrat\u00e9gica para la soberan\u00eda energ\u00e9tica del Caribe<\/h2>\n\n<p>Mediante la consolidaci\u00f3n de una base de competencias regionales y el aprovechamiento de tecnolog\u00edas apropiadas, <strong>MAGHIC 2 sit\u00faa al <a href=\"https:\/\/richeskarayib.com\/reinventing-caribbean-culture-challenges-blog\/\" target=\"_blank\" rel=\"noreferrer noopener\">Caribe<\/a> en la senda de una ambiciosa<\/strong> y coherente <strong>transici\u00f3n energ\u00e9tica mar\u00edtima<\/strong>. El proyecto est\u00e1 contribuyendo a construir la <strong>soberan\u00eda energ\u00e9tica<\/strong> para mejorar la competitividad y la resiliencia de los territorios caribe\u00f1os. <\/p>\n\n<p>\u201cEste proyecto ilustra un enfoque integrado que combina la innovaci\u00f3n, la industrializaci\u00f3n y la cooperaci\u00f3n cient\u00edfica, y representa un importante paso adelante para un transporte mar\u00edtimo m\u00e1s sostenible\u201d, afirma <strong>Arnaud Poitou<\/strong>, Presidente de FARWIND Energy.<\/p>\n\n<p>Lanzado en Guadalupe, <strong>MAGHIC 2 est\u00e1 ayudando a que emerja un <a href=\"https:\/\/richeskarayib.com\/ocean-governance-in-the-greater-caribbean-post\/\" target=\"_blank\" rel=\"noreferrer noopener\">Caribe<\/a> m\u00e1s inteligente y audaz<\/strong>, capaz de inventar sus propias respuestas a los retos energ\u00e9ticos mundiales, aprovechando al m\u00e1ximo sus recursos naturales, su know-how y su posici\u00f3n estrat\u00e9gica.<\/p>\n","protected":false},"excerpt":{"rendered":"<p>El proyecto MAGHIC 2, lanzado en marzo en Pointe-\u00e0-Pitre con el apoyo del programa INTERREG Caribe, marca un paso decisivo en el desarrollo de un sector mar\u00edtimo con bajas emisiones de carbono adaptado a las realidades del Caribe. En un momento en que los problemas clim\u00e1ticos exigen cambios de gran alcance, el Caribe est\u00e1 afirmando [&hellip;]<\/p>\n","protected":false},"author":1,"featured_media":19768,"comment_status":"open","ping_status":"open","sticky":false,"template":"","format":"standard","meta":{"footnotes":""},"categories":[120,141],"tags":[],"class_list":["post-19769","post","type-post","status-publish","format-standard","has-post-thumbnail","hentry","category-maritimo","category-tecnologia-y-puertos-inteligentes"],"yoast_head":"<!-- This site is optimized with the Yoast SEO plugin v26.9 - https:\/\/yoast.com\/product\/yoast-seo-wordpress\/ -->\n<title>Caribe \u2013 MAGHIC 2 impulsa la transici\u00f3n energ\u00e9tica mar\u00edtima con FARWIND Energy - LATITUDE 15<\/title>\n<meta name=\"robots\" content=\"index, follow, max-snippet:-1, max-image-preview:large, max-video-preview:-1\" \/>\n<link rel=\"canonical\" href=\"https:\/\/www.latitude-15.com\/es\/caribe-maghic-2-impulsa-la-transicion-energetica-maritima-con-farwind-energy\/\" \/>\n<meta property=\"og:locale\" content=\"es_ES\" \/>\n<meta property=\"og:type\" content=\"article\" \/>\n<meta property=\"og:title\" content=\"Caribe \u2013 MAGHIC 2 impulsa la transici\u00f3n energ\u00e9tica mar\u00edtima con FARWIND Energy - LATITUDE 15\" \/>\n<meta property=\"og:description\" content=\"El proyecto MAGHIC 2, lanzado en marzo en Pointe-\u00e0-Pitre con el apoyo del programa INTERREG Caribe, marca un paso decisivo en el desarrollo de un sector mar\u00edtimo con bajas emisiones de carbono adaptado a las realidades del Caribe. En un momento en que los problemas clim\u00e1ticos exigen cambios de gran alcance, el Caribe est\u00e1 afirmando [&hellip;]\" \/>\n<meta property=\"og:url\" content=\"https:\/\/www.latitude-15.com\/es\/caribe-maghic-2-impulsa-la-transicion-energetica-maritima-con-farwind-energy\/\" \/>\n<meta property=\"og:site_name\" content=\"LATITUDE 15\" \/>\n<meta property=\"article:published_time\" content=\"2025-04-12T05:31:00+00:00\" \/>\n<meta property=\"article:modified_time\" content=\"2026-02-04T05:46:08+00:00\" \/>\n<meta property=\"og:image\" content=\"https:\/\/www.latitude-15.com\/wp-content\/uploads\/2026\/01\/Design-sans-titre-1-2.png.webp\" \/>\n\t<meta property=\"og:image:width\" content=\"1080\" \/>\n\t<meta property=\"og:image:height\" content=\"1080\" \/>\n\t<meta property=\"og:image:type\" content=\"image\/webp\" \/>\n<meta name=\"author\" content=\"sabrinalat15\" \/>\n<meta name=\"twitter:card\" content=\"summary_large_image\" \/>\n<meta name=\"twitter:label1\" content=\"Escrito por\" \/>\n\t<meta name=\"twitter:data1\" content=\"sabrinalat15\" \/>\n\t<meta name=\"twitter:label2\" content=\"Tiempo de lectura\" \/>\n\t<meta name=\"twitter:data2\" content=\"3 minutos\" \/>\n<script type=\"application\/ld+json\" class=\"yoast-schema-graph\">{\"@context\":\"https:\/\/schema.org\",\"@graph\":[{\"@type\":\"Article\",\"@id\":\"https:\/\/www.latitude-15.com\/es\/caribe-maghic-2-impulsa-la-transicion-energetica-maritima-con-farwind-energy\/#article\",\"isPartOf\":{\"@id\":\"https:\/\/www.latitude-15.com\/es\/caribe-maghic-2-impulsa-la-transicion-energetica-maritima-con-farwind-energy\/\"},\"author\":{\"name\":\"sabrinalat15\",\"@id\":\"https:\/\/www.latitude-15.com\/es\/#\/schema\/person\/2a70943507771992ce3316849aa93bdd\"},\"headline\":\"Caribe \u2013 MAGHIC 2 impulsa la transici\u00f3n energ\u00e9tica mar\u00edtima con FARWIND Energy\",\"datePublished\":\"2025-04-12T05:31:00+00:00\",\"dateModified\":\"2026-02-04T05:46:08+00:00\",\"mainEntityOfPage\":{\"@id\":\"https:\/\/www.latitude-15.com\/es\/caribe-maghic-2-impulsa-la-transicion-energetica-maritima-con-farwind-energy\/\"},\"wordCount\":616,\"commentCount\":0,\"publisher\":{\"@id\":\"https:\/\/www.latitude-15.com\/es\/#organization\"},\"image\":{\"@id\":\"https:\/\/www.latitude-15.com\/es\/caribe-maghic-2-impulsa-la-transicion-energetica-maritima-con-farwind-energy\/#primaryimage\"},\"thumbnailUrl\":\"https:\/\/www.latitude-15.com\/wp-content\/uploads\/2026\/01\/Design-sans-titre-1-2.png.webp\",\"articleSection\":[\"MAR\u00cdTIMO\",\"Tecnolog\u00eda y puertos inteligentes\"],\"inLanguage\":\"es\",\"potentialAction\":[{\"@type\":\"CommentAction\",\"name\":\"Comment\",\"target\":[\"https:\/\/www.latitude-15.com\/es\/caribe-maghic-2-impulsa-la-transicion-energetica-maritima-con-farwind-energy\/#respond\"]}]},{\"@type\":\"WebPage\",\"@id\":\"https:\/\/www.latitude-15.com\/es\/caribe-maghic-2-impulsa-la-transicion-energetica-maritima-con-farwind-energy\/\",\"url\":\"https:\/\/www.latitude-15.com\/es\/caribe-maghic-2-impulsa-la-transicion-energetica-maritima-con-farwind-energy\/\",\"name\":\"Caribe \u2013 MAGHIC 2 impulsa la transici\u00f3n energ\u00e9tica mar\u00edtima con FARWIND Energy - LATITUDE 15\",\"isPartOf\":{\"@id\":\"https:\/\/www.latitude-15.com\/es\/#website\"},\"primaryImageOfPage\":{\"@id\":\"https:\/\/www.latitude-15.com\/es\/caribe-maghic-2-impulsa-la-transicion-energetica-maritima-con-farwind-energy\/#primaryimage\"},\"image\":{\"@id\":\"https:\/\/www.latitude-15.com\/es\/caribe-maghic-2-impulsa-la-transicion-energetica-maritima-con-farwind-energy\/#primaryimage\"},\"thumbnailUrl\":\"https:\/\/www.latitude-15.com\/wp-content\/uploads\/2026\/01\/Design-sans-titre-1-2.png.webp\",\"datePublished\":\"2025-04-12T05:31:00+00:00\",\"dateModified\":\"2026-02-04T05:46:08+00:00\",\"breadcrumb\":{\"@id\":\"https:\/\/www.latitude-15.com\/es\/caribe-maghic-2-impulsa-la-transicion-energetica-maritima-con-farwind-energy\/#breadcrumb\"},\"inLanguage\":\"es\",\"potentialAction\":[{\"@type\":\"ReadAction\",\"target\":[\"https:\/\/www.latitude-15.com\/es\/caribe-maghic-2-impulsa-la-transicion-energetica-maritima-con-farwind-energy\/\"]}]},{\"@type\":\"ImageObject\",\"inLanguage\":\"es\",\"@id\":\"https:\/\/www.latitude-15.com\/es\/caribe-maghic-2-impulsa-la-transicion-energetica-maritima-con-farwind-energy\/#primaryimage\",\"url\":\"https:\/\/www.latitude-15.com\/wp-content\/uploads\/2026\/01\/Design-sans-titre-1-2.png.webp\",\"contentUrl\":\"https:\/\/www.latitude-15.com\/wp-content\/uploads\/2026\/01\/Design-sans-titre-1-2.png.webp\",\"width\":1080,\"height\":1080},{\"@type\":\"BreadcrumbList\",\"@id\":\"https:\/\/www.latitude-15.com\/es\/caribe-maghic-2-impulsa-la-transicion-energetica-maritima-con-farwind-energy\/#breadcrumb\",\"itemListElement\":[{\"@type\":\"ListItem\",\"position\":1,\"name\":\"Home\",\"item\":\"https:\/\/www.latitude-15.com\/es\/inicio\/\"},{\"@type\":\"ListItem\",\"position\":2,\"name\":\"Caribe \u2013 MAGHIC 2 impulsa la transici\u00f3n energ\u00e9tica mar\u00edtima con FARWIND Energy\"}]},{\"@type\":\"WebSite\",\"@id\":\"https:\/\/www.latitude-15.com\/es\/#website\",\"url\":\"https:\/\/www.latitude-15.com\/es\/\",\"name\":\"LATITUDE 15\",\"description\":\"Aviation and maritime Magazine - Caribbean &amp; Latin America\",\"publisher\":{\"@id\":\"https:\/\/www.latitude-15.com\/es\/#organization\"},\"potentialAction\":[{\"@type\":\"SearchAction\",\"target\":{\"@type\":\"EntryPoint\",\"urlTemplate\":\"https:\/\/www.latitude-15.com\/es\/?s={search_term_string}\"},\"query-input\":{\"@type\":\"PropertyValueSpecification\",\"valueRequired\":true,\"valueName\":\"search_term_string\"}}],\"inLanguage\":\"es\"},{\"@type\":\"Organization\",\"@id\":\"https:\/\/www.latitude-15.com\/es\/#organization\",\"name\":\"LATITUDE 15\",\"url\":\"https:\/\/www.latitude-15.com\/es\/\",\"logo\":{\"@type\":\"ImageObject\",\"inLanguage\":\"es\",\"@id\":\"https:\/\/www.latitude-15.com\/es\/#\/schema\/logo\/image\/\",\"url\":\"https:\/\/www.latitude-15.com\/wp-content\/uploads\/2026\/01\/cropped-logox500px.png\",\"contentUrl\":\"https:\/\/www.latitude-15.com\/wp-content\/uploads\/2026\/01\/cropped-logox500px.png\",\"width\":62,\"height\":75,\"caption\":\"LATITUDE 15\"},\"image\":{\"@id\":\"https:\/\/www.latitude-15.com\/es\/#\/schema\/logo\/image\/\"}},{\"@type\":\"Person\",\"@id\":\"https:\/\/www.latitude-15.com\/es\/#\/schema\/person\/2a70943507771992ce3316849aa93bdd\",\"name\":\"sabrinalat15\",\"image\":{\"@type\":\"ImageObject\",\"inLanguage\":\"es\",\"@id\":\"https:\/\/www.latitude-15.com\/es\/#\/schema\/person\/image\/\",\"url\":\"https:\/\/secure.gravatar.com\/avatar\/91f5e11872ca6128d75f7bbde22cc384ad142a113b81c554ed87d6d9762f8813?s=96&d=mm&r=g\",\"contentUrl\":\"https:\/\/secure.gravatar.com\/avatar\/91f5e11872ca6128d75f7bbde22cc384ad142a113b81c554ed87d6d9762f8813?s=96&d=mm&r=g\",\"caption\":\"sabrinalat15\"},\"sameAs\":[\"https:\/\/www.latitude-15.com\"],\"url\":\"https:\/\/www.latitude-15.com\/es\/author\/sabrinalat15\/\"}]}<\/script>\n<!-- \/ Yoast SEO plugin. -->","yoast_head_json":{"title":"Caribe \u2013 MAGHIC 2 impulsa la transici\u00f3n energ\u00e9tica mar\u00edtima con FARWIND Energy - LATITUDE 15","robots":{"index":"index","follow":"follow","max-snippet":"max-snippet:-1","max-image-preview":"max-image-preview:large","max-video-preview":"max-video-preview:-1"},"canonical":"https:\/\/www.latitude-15.com\/es\/caribe-maghic-2-impulsa-la-transicion-energetica-maritima-con-farwind-energy\/","og_locale":"es_ES","og_type":"article","og_title":"Caribe \u2013 MAGHIC 2 impulsa la transici\u00f3n energ\u00e9tica mar\u00edtima con FARWIND Energy - LATITUDE 15","og_description":"El proyecto MAGHIC 2, lanzado en marzo en Pointe-\u00e0-Pitre con el apoyo del programa INTERREG Caribe, marca un paso decisivo en el desarrollo de un sector mar\u00edtimo con bajas emisiones de carbono adaptado a las realidades del Caribe. En un momento en que los problemas clim\u00e1ticos exigen cambios de gran alcance, el Caribe est\u00e1 afirmando [&hellip;]","og_url":"https:\/\/www.latitude-15.com\/es\/caribe-maghic-2-impulsa-la-transicion-energetica-maritima-con-farwind-energy\/","og_site_name":"LATITUDE 15","article_published_time":"2025-04-12T05:31:00+00:00","article_modified_time":"2026-02-04T05:46:08+00:00","og_image":[{"width":1080,"height":1080,"url":"https:\/\/www.latitude-15.com\/wp-content\/uploads\/2026\/01\/Design-sans-titre-1-2.png.webp","type":"image\/webp"}],"author":"sabrinalat15","twitter_card":"summary_large_image","twitter_misc":{"Escrito por":"sabrinalat15","Tiempo de lectura":"3 minutos"},"schema":{"@context":"https:\/\/schema.org","@graph":[{"@type":"Article","@id":"https:\/\/www.latitude-15.com\/es\/caribe-maghic-2-impulsa-la-transicion-energetica-maritima-con-farwind-energy\/#article","isPartOf":{"@id":"https:\/\/www.latitude-15.com\/es\/caribe-maghic-2-impulsa-la-transicion-energetica-maritima-con-farwind-energy\/"},"author":{"name":"sabrinalat15","@id":"https:\/\/www.latitude-15.com\/es\/#\/schema\/person\/2a70943507771992ce3316849aa93bdd"},"headline":"Caribe \u2013 MAGHIC 2 impulsa la transici\u00f3n energ\u00e9tica mar\u00edtima con FARWIND Energy","datePublished":"2025-04-12T05:31:00+00:00","dateModified":"2026-02-04T05:46:08+00:00","mainEntityOfPage":{"@id":"https:\/\/www.latitude-15.com\/es\/caribe-maghic-2-impulsa-la-transicion-energetica-maritima-con-farwind-energy\/"},"wordCount":616,"commentCount":0,"publisher":{"@id":"https:\/\/www.latitude-15.com\/es\/#organization"},"image":{"@id":"https:\/\/www.latitude-15.com\/es\/caribe-maghic-2-impulsa-la-transicion-energetica-maritima-con-farwind-energy\/#primaryimage"},"thumbnailUrl":"https:\/\/www.latitude-15.com\/wp-content\/uploads\/2026\/01\/Design-sans-titre-1-2.png.webp","articleSection":["MAR\u00cdTIMO","Tecnolog\u00eda y puertos inteligentes"],"inLanguage":"es","potentialAction":[{"@type":"CommentAction","name":"Comment","target":["https:\/\/www.latitude-15.com\/es\/caribe-maghic-2-impulsa-la-transicion-energetica-maritima-con-farwind-energy\/#respond"]}]},{"@type":"WebPage","@id":"https:\/\/www.latitude-15.com\/es\/caribe-maghic-2-impulsa-la-transicion-energetica-maritima-con-farwind-energy\/","url":"https:\/\/www.latitude-15.com\/es\/caribe-maghic-2-impulsa-la-transicion-energetica-maritima-con-farwind-energy\/","name":"Caribe \u2013 MAGHIC 2 impulsa la transici\u00f3n energ\u00e9tica mar\u00edtima con FARWIND Energy - LATITUDE 15","isPartOf":{"@id":"https:\/\/www.latitude-15.com\/es\/#website"},"primaryImageOfPage":{"@id":"https:\/\/www.latitude-15.com\/es\/caribe-maghic-2-impulsa-la-transicion-energetica-maritima-con-farwind-energy\/#primaryimage"},"image":{"@id":"https:\/\/www.latitude-15.com\/es\/caribe-maghic-2-impulsa-la-transicion-energetica-maritima-con-farwind-energy\/#primaryimage"},"thumbnailUrl":"https:\/\/www.latitude-15.com\/wp-content\/uploads\/2026\/01\/Design-sans-titre-1-2.png.webp","datePublished":"2025-04-12T05:31:00+00:00","dateModified":"2026-02-04T05:46:08+00:00","breadcrumb":{"@id":"https:\/\/www.latitude-15.com\/es\/caribe-maghic-2-impulsa-la-transicion-energetica-maritima-con-farwind-energy\/#breadcrumb"},"inLanguage":"es","potentialAction":[{"@type":"ReadAction","target":["https:\/\/www.latitude-15.com\/es\/caribe-maghic-2-impulsa-la-transicion-energetica-maritima-con-farwind-energy\/"]}]},{"@type":"ImageObject","inLanguage":"es","@id":"https:\/\/www.latitude-15.com\/es\/caribe-maghic-2-impulsa-la-transicion-energetica-maritima-con-farwind-energy\/#primaryimage","url":"https:\/\/www.latitude-15.com\/wp-content\/uploads\/2026\/01\/Design-sans-titre-1-2.png.webp","contentUrl":"https:\/\/www.latitude-15.com\/wp-content\/uploads\/2026\/01\/Design-sans-titre-1-2.png.webp","width":1080,"height":1080},{"@type":"BreadcrumbList","@id":"https:\/\/www.latitude-15.com\/es\/caribe-maghic-2-impulsa-la-transicion-energetica-maritima-con-farwind-energy\/#breadcrumb","itemListElement":[{"@type":"ListItem","position":1,"name":"Home","item":"https:\/\/www.latitude-15.com\/es\/inicio\/"},{"@type":"ListItem","position":2,"name":"Caribe \u2013 MAGHIC 2 impulsa la transici\u00f3n energ\u00e9tica mar\u00edtima con FARWIND Energy"}]},{"@type":"WebSite","@id":"https:\/\/www.latitude-15.com\/es\/#website","url":"https:\/\/www.latitude-15.com\/es\/","name":"LATITUDE 15","description":"Aviation and maritime Magazine - Caribbean &amp; Latin America","publisher":{"@id":"https:\/\/www.latitude-15.com\/es\/#organization"},"potentialAction":[{"@type":"SearchAction","target":{"@type":"EntryPoint","urlTemplate":"https:\/\/www.latitude-15.com\/es\/?s={search_term_string}"},"query-input":{"@type":"PropertyValueSpecification","valueRequired":true,"valueName":"search_term_string"}}],"inLanguage":"es"},{"@type":"Organization","@id":"https:\/\/www.latitude-15.com\/es\/#organization","name":"LATITUDE 15","url":"https:\/\/www.latitude-15.com\/es\/","logo":{"@type":"ImageObject","inLanguage":"es","@id":"https:\/\/www.latitude-15.com\/es\/#\/schema\/logo\/image\/","url":"https:\/\/www.latitude-15.com\/wp-content\/uploads\/2026\/01\/cropped-logox500px.png","contentUrl":"https:\/\/www.latitude-15.com\/wp-content\/uploads\/2026\/01\/cropped-logox500px.png","width":62,"height":75,"caption":"LATITUDE 15"},"image":{"@id":"https:\/\/www.latitude-15.com\/es\/#\/schema\/logo\/image\/"}},{"@type":"Person","@id":"https:\/\/www.latitude-15.com\/es\/#\/schema\/person\/2a70943507771992ce3316849aa93bdd","name":"sabrinalat15","image":{"@type":"ImageObject","inLanguage":"es","@id":"https:\/\/www.latitude-15.com\/es\/#\/schema\/person\/image\/","url":"https:\/\/secure.gravatar.com\/avatar\/91f5e11872ca6128d75f7bbde22cc384ad142a113b81c554ed87d6d9762f8813?s=96&d=mm&r=g","contentUrl":"https:\/\/secure.gravatar.com\/avatar\/91f5e11872ca6128d75f7bbde22cc384ad142a113b81c554ed87d6d9762f8813?s=96&d=mm&r=g","caption":"sabrinalat15"},"sameAs":["https:\/\/www.latitude-15.com"],"url":"https:\/\/www.latitude-15.com\/es\/author\/sabrinalat15\/"}]}},"_links":{"self":[{"href":"https:\/\/www.latitude-15.com\/es\/wp-json\/wp\/v2\/posts\/19769","targetHints":{"allow":["GET"]}}],"collection":[{"href":"https:\/\/www.latitude-15.com\/es\/wp-json\/wp\/v2\/posts"}],"about":[{"href":"https:\/\/www.latitude-15.com\/es\/wp-json\/wp\/v2\/types\/post"}],"author":[{"embeddable":true,"href":"https:\/\/www.latitude-15.com\/es\/wp-json\/wp\/v2\/users\/1"}],"replies":[{"embeddable":true,"href":"https:\/\/www.latitude-15.com\/es\/wp-json\/wp\/v2\/comments?post=19769"}],"version-history":[{"count":1,"href":"https:\/\/www.latitude-15.com\/es\/wp-json\/wp\/v2\/posts\/19769\/revisions"}],"predecessor-version":[{"id":19770,"href":"https:\/\/www.latitude-15.com\/es\/wp-json\/wp\/v2\/posts\/19769\/revisions\/19770"}],"wp:featuredmedia":[{"embeddable":true,"href":"https:\/\/www.latitude-15.com\/es\/wp-json\/wp\/v2\/media\/19768"}],"wp:attachment":[{"href":"https:\/\/www.latitude-15.com\/es\/wp-json\/wp\/v2\/media?parent=19769"}],"wp:term":[{"taxonomy":"category","embeddable":true,"href":"https:\/\/www.latitude-15.com\/es\/wp-json\/wp\/v2\/categories?post=19769"},{"taxonomy":"post_tag","embeddable":true,"href":"https:\/\/www.latitude-15.com\/es\/wp-json\/wp\/v2\/tags?post=19769"}],"curies":[{"name":"wp","href":"https:\/\/api.w.org\/{rel}","templated":true}]}}