{"id":19755,"date":"2025-04-30T00:54:37","date_gmt":"2025-04-30T04:54:37","guid":{"rendered":"https:\/\/www.latitude-15.com\/2025\/04\/30\/martinica-calidad-de-servicio-innovacion-conectividad-conclusiones-clave-del-aci-airport-day-2025\/"},"modified":"2026-02-04T01:43:46","modified_gmt":"2026-02-04T05:43:46","slug":"martinica-calidad-de-servicio-innovacion-conectividad-conclusiones-clave-del-aci-airport-day-2025","status":"publish","type":"post","link":"https:\/\/www.latitude-15.com\/es\/martinica-calidad-de-servicio-innovacion-conectividad-conclusiones-clave-del-aci-airport-day-2025\/","title":{"rendered":"Martinica: calidad de servicio, innovaci\u00f3n, conectividad: conclusiones clave del ACI Airport Day 2025"},"content":{"rendered":"\n<p>Celebrado por primera vez en <a href=\"https:\/\/richeskarayib.com\/regional-cooperation-fund-seminar-the-caribbean\/\" target=\"_blank\" rel=\"noreferrer noopener\">Martinica<\/a>, el <a href=\"https:\/\/rci.fm\/martinique\/infos\/Economie\/Laeroport-Aime-Cesaire-accueilli-son-premier-Airport-Day\" target=\"_blank\" rel=\"noreferrer noopener\">ACI Airport Day<\/a> reuni\u00f3 a responsables de la toma de decisiones del Caribe y de \u00e1mbito internacional para debatir los principales retos a los que se enfrenta el transporte a\u00e9reo. Gracias a los esfuerzos conjuntos de los equipos de <a href=\"https:\/\/aci-lac.aero\/\" target=\"_blank\" rel=\"noreferrer noopener\">ACI-LAC<\/a> y <a href=\"https:\/\/www.martinique.aeroport.fr\/informations-generales\/la-societe-aeroport-martinique-aime-cesaire\/\" target=\"_blank\" rel=\"noreferrer noopener\">SAMAC<\/a>, este evento ofreci\u00f3 un programa pertinente y enriquecedor, dise\u00f1ado para todos los actores del ecosistema aeroportuario. El evento, marcado por el deseo de mejorar la experiencia del pasajero y fortalecer la conectividad regional, confirma a Martinica como un actor estrat\u00e9gico en el Gran Caribe.  <\/p>\n\n<h2 class=\"wp-block-heading\">Una inauguraci\u00f3n impulsada por la ambici\u00f3n colectiva<\/h2>\n\n<p>El ACI Airport Day 2025 en Martinica fue mucho m\u00e1s que una simple reuni\u00f3n de negocios: ofreci\u00f3 una instant\u00e1nea estrat\u00e9gica de las ambiciones aeroportuarias del Caribe. Dirigido por <strong>Val\u00e9rie C\u00e9sarine<\/strong>, Directora de Ventas y Marketing de SAMAC y maestra de ceremonias del evento, <strong>Nathalie S\u00e9bastien<\/strong>, Directora General de SOCIETE AEROPORT MARTINIQUE AIME CESAIRE (SAMAC), y <strong>Rafael Echevarne<\/strong>, Director General de Airports Council International \u2013 Latinoam\u00e9rica y el Caribe (ACI-LAC), sentaron las bases para una reflexi\u00f3n colectiva sobre el papel de los aeropuertos en el atractivo, el desarrollo econ\u00f3mico y la conectividad de nuestras regiones. Celebrado en Fort-de-France, el ACI Airport Day reuni\u00f3 a actores clave de toda la regi\u00f3n y de Europa.  <\/p>\n\n<figure class=\"wp-block-image\"><img decoding=\"async\" data-src=\"https:\/\/richeskarayib.com\/wp-content\/uploads\/2025\/04\/4745ed6e-b625-44bb-ad08-d3f4ff8d997a.png\" alt=\"ACI Airport Day\" src=\"data:image\/svg+xml;base64,PHN2ZyB3aWR0aD0iMSIgaGVpZ2h0PSIxIiB4bWxucz0iaHR0cDovL3d3dy53My5vcmcvMjAwMC9zdmciPjwvc3ZnPg==\" class=\"lazyload\" \/><figcaption class=\"wp-element-caption\">Val\u00e9rie CESARINE<\/figcaption><\/figure>\n\n<h2 class=\"wp-block-heading\">Hacer del aeropuerto una palanca para la experiencia y el desarrollo<\/h2>\n\n<p>Desde la apertura del ACI Airport Day, Nathalie S\u00e9bastien, representante de Soci\u00e9t\u00e9 A\u00e9roportuaire de Martinique (SAMAC), marc\u00f3 la pauta. En un discurso salpicado de citas inspiradoras \u2013incluida una de Maya Angelou que nos recuerda que nunca olvidamos lo que sentimos\u2013, expres\u00f3 una visi\u00f3n ambiciosa: hacer del aeropuerto Aim\u00e9 C\u00e9saire un lugar de acogida ejemplar y un motor de desarrollo econ\u00f3mico para toda la isla. <\/p>\n\n<p>Subray\u00f3 la necesidad de <strong>analizar las expectativas de los pasajeros<\/strong> y actuar para mejorar continuamente los servicios. El aeropuerto est\u00e1 as\u00ed llamado a convertirse en un espacio de alto valor a\u00f1adido, donde la experiencia del cliente, las asociaciones empresariales y la innovaci\u00f3n van de la mano. \u201cEl futuro se construir\u00e1 sobre una estrecha relaci\u00f3n con nuestros ecosistemas econ\u00f3mico, tur\u00edstico, institucional y regulatorio\u201d, afirm\u00f3, subrayando la importancia de la cooperaci\u00f3n para transformar el transporte a\u00e9reo en una verdadera potencia regional.  <\/p>\n\n<figure class=\"wp-block-image\"><img decoding=\"async\" data-src=\"https:\/\/richeskarayib.com\/wp-content\/uploads\/2025\/04\/Nathalie-Sebastien-representante-de-la-Societe-Aeroportuaire-de-Martinique-SAMAC-1024x576.jpeg\" alt=\"ACI Airport Day\" src=\"data:image\/svg+xml;base64,PHN2ZyB3aWR0aD0iMSIgaGVpZ2h0PSIxIiB4bWxucz0iaHR0cDovL3d3dy53My5vcmcvMjAwMC9zdmciPjwvc3ZnPg==\" class=\"lazyload\" style=\"--smush-placeholder-width: 1024px; --smush-placeholder-aspect-ratio: 1024\/576;\" \/><figcaption class=\"wp-element-caption\">Nathalie S\u00e9bastien, representante de Soci\u00e9t\u00e9 A\u00e9roportuaire de Martinique (SAMAC)<\/figcaption><\/figure>\n\n<h2 class=\"wp-block-heading\">Mejorar la conectividad para desbloquear el potencial del Caribe<\/h2>\n\n<p>Por su parte, Rafael Echevarne, Director General de ACI-LAC, record\u00f3 a los asistentes el papel central que desempe\u00f1a su organizaci\u00f3n: federar a m\u00e1s de 2.500 aeropuertos en todo el mundo, incluidos 350 en la regi\u00f3n de Am\u00e9rica Latina y el Caribe. El objetivo de esta red es claro: <strong>responder a los retos comunes<\/strong>, fortalecer la cooperaci\u00f3n y compartir conocimientos. <\/p>\n\n<p>Una de las prioridades destacadas en el ACI Airport Day fue la conectividad a\u00e9rea. <strong>conectividad a\u00e9rea<\/strong> Un estudio espec\u00edfico, encargado por ACI-LAC, analizar\u00e1 en profundidad los obst\u00e1culos pol\u00edticos y administrativos a dicha conectividad, con vistas a proponer soluciones concretas. Un estudio espec\u00edfico, encargado por ACI-LAC, llevar\u00e1 a cabo un an\u00e1lisis en profundidad de los obst\u00e1culos pol\u00edticos y administrativos a esta conectividad, con vistas a proponer soluciones concretas. La \u201cexperiencia del pasajero\u201d y la \u201cconectividad a\u00e9rea\u201d se presentaron as\u00ed como dos pilares inseparables de la futura transformaci\u00f3n aeroportuaria.  <\/p>\n\n<figure class=\"wp-block-image\"><img decoding=\"async\" data-src=\"https:\/\/richeskarayib.com\/wp-content\/uploads\/2025\/04\/Rafael-Echevarne-directeur-general-dACI-LAC-1024x576.jpeg\" alt=\"ACI Airport Day\" src=\"data:image\/svg+xml;base64,PHN2ZyB3aWR0aD0iMSIgaGVpZ2h0PSIxIiB4bWxucz0iaHR0cDovL3d3dy53My5vcmcvMjAwMC9zdmciPjwvc3ZnPg==\" class=\"lazyload\" style=\"--smush-placeholder-width: 1024px; --smush-placeholder-aspect-ratio: 1024\/576;\" \/><figcaption class=\"wp-element-caption\">Rafael Echevarne, Director General de ACI-LAC<\/figcaption><\/figure>\n\n<h2 class=\"wp-block-heading\">Una jornada completa centrada en los retos estrat\u00e9gicos a los que se enfrenta la industria a\u00e9rea caribe\u00f1a<\/h2>\n\n<p>A lo largo del ACI Airport Day, las presentaciones se centraron en temas clave para el futuro del transporte a\u00e9reo en la regi\u00f3n: <strong>mejorar la experiencia del pasajero<\/strong>, <strong>optimizar los ingresos no aeron\u00e1uticos<\/strong>, <strong>la conectividad interinsular<\/strong>, <strong>las ofertas comerciales de los aeropuertos<\/strong>, <strong>el posicionamiento de los destinos tur\u00edsticos<\/strong> e <strong>integrar tecnolog\u00edas innovadoras<\/strong> en los servicios aeroportuarios.<\/p>\n\n<figure class=\"wp-block-image\"><img decoding=\"async\" data-src=\"https:\/\/richeskarayib.com\/wp-content\/uploads\/2025\/04\/WhatsApp-Image-2025-04-30-a-16.27.42_da9b9a87-1024x795.jpg\" alt=\"\" src=\"data:image\/svg+xml;base64,PHN2ZyB3aWR0aD0iMSIgaGVpZ2h0PSIxIiB4bWxucz0iaHR0cDovL3d3dy53My5vcmcvMjAwMC9zdmciPjwvc3ZnPg==\" class=\"lazyload\" style=\"--smush-placeholder-width: 1024px; --smush-placeholder-aspect-ratio: 1024\/795;\" \/><\/figure>\n\n<figure class=\"wp-block-image\"><img decoding=\"async\" data-src=\"https:\/\/richeskarayib.com\/wp-content\/uploads\/2025\/04\/WhatsApp-Image-2025-04-30-a-16.07.15_2b1669c6-798x1024.jpg\" alt=\"\" src=\"data:image\/svg+xml;base64,PHN2ZyB3aWR0aD0iMSIgaGVpZ2h0PSIxIiB4bWxucz0iaHR0cDovL3d3dy53My5vcmcvMjAwMC9zdmciPjwvc3ZnPg==\" class=\"lazyload\" style=\"--smush-placeholder-width: 798px; --smush-placeholder-aspect-ratio: 798\/1024;\" \/><\/figure>\n\n<figure class=\"wp-block-image\"><img decoding=\"async\" data-src=\"https:\/\/richeskarayib.com\/wp-content\/uploads\/2025\/04\/WhatsApp-Image-2025-04-30-a-16.11.34_183927b0-731x1024.jpg\" alt=\"\" src=\"data:image\/svg+xml;base64,PHN2ZyB3aWR0aD0iMSIgaGVpZ2h0PSIxIiB4bWxucz0iaHR0cDovL3d3dy53My5vcmcvMjAwMC9zdmciPjwvc3ZnPg==\" class=\"lazyload\" style=\"--smush-placeholder-width: 731px; --smush-placeholder-aspect-ratio: 731\/1024;\" \/><\/figure>\n\n<p>Paneles con expertos internacionales, gestores aeroportuarios, consultores, operadores hoteleros y proveedores de soluciones tecnol\u00f3gicas arrojaron luz sobre estas cuestiones desde una variedad de \u00e1ngulos, combinando perspectivas globales y realidades locales.<\/p>\n\n<figure class=\"wp-block-image\"><img decoding=\"async\" data-src=\"https:\/\/richeskarayib.com\/wp-content\/uploads\/2025\/04\/Pourquoi-pas-cover-1-1-1024x636.jpeg\" alt=\"ACI Airport Day\" src=\"data:image\/svg+xml;base64,PHN2ZyB3aWR0aD0iMSIgaGVpZ2h0PSIxIiB4bWxucz0iaHR0cDovL3d3dy53My5vcmcvMjAwMC9zdmciPjwvc3ZnPg==\" class=\"lazyload\" style=\"--smush-placeholder-width: 1024px; --smush-placeholder-aspect-ratio: 1024\/636;\" \/><\/figure>\n\n<figure class=\"wp-block-image\"><img decoding=\"async\" data-src=\"https:\/\/richeskarayib.com\/wp-content\/uploads\/2025\/04\/1-2-1024x576.jpeg\" alt=\"ACI Airport Day\" src=\"data:image\/svg+xml;base64,PHN2ZyB3aWR0aD0iMSIgaGVpZ2h0PSIxIiB4bWxucz0iaHR0cDovL3d3dy53My5vcmcvMjAwMC9zdmciPjwvc3ZnPg==\" class=\"lazyload\" style=\"--smush-placeholder-width: 1024px; --smush-placeholder-aspect-ratio: 1024\/576;\" \/><\/figure>\n\n<figure class=\"wp-block-image\"><img decoding=\"async\" data-src=\"https:\/\/richeskarayib.com\/wp-content\/uploads\/2025\/04\/WhatsApp-Image-2025-04-30-a-16.01.48_de69b04c-1024x576.jpg\" alt=\"\" src=\"data:image\/svg+xml;base64,PHN2ZyB3aWR0aD0iMSIgaGVpZ2h0PSIxIiB4bWxucz0iaHR0cDovL3d3dy53My5vcmcvMjAwMC9zdmciPjwvc3ZnPg==\" class=\"lazyload\" style=\"--smush-placeholder-width: 1024px; --smush-placeholder-aspect-ratio: 1024\/576;\" \/><\/figure>\n\n<p>El programa del ACI Airport Day tambi\u00e9n destac\u00f3 iniciativas concretas emprendidas por los principales actores de la regi\u00f3n, ilustrando el deseo compartido de hacer de los centros aeroportuarios parte de una din\u00e1mica de transformaci\u00f3n sostenible, al servicio de las comunidades locales. <strong>Invitados de varias islas del Caribe, as\u00ed como de Europa y Am\u00e9rica Latina<\/strong> contribuyeron a enriquecer los intercambios y a sentar las bases para futuras colaboraciones.<\/p>\n\n<figure class=\"wp-block-image\"><img decoding=\"async\" data-src=\"https:\/\/richeskarayib.com\/wp-content\/uploads\/2025\/04\/WhatsApp-Image-2025-04-30-a-16.16.12_43dbfc77-1024x961.jpg\" alt=\"\" src=\"data:image\/svg+xml;base64,PHN2ZyB3aWR0aD0iMSIgaGVpZ2h0PSIxIiB4bWxucz0iaHR0cDovL3d3dy53My5vcmcvMjAwMC9zdmciPjwvc3ZnPg==\" class=\"lazyload\" style=\"--smush-placeholder-width: 1024px; --smush-placeholder-aspect-ratio: 1024\/961;\" \/><\/figure>\n\n<figure class=\"wp-block-image\"><img decoding=\"async\" data-src=\"https:\/\/richeskarayib.com\/wp-content\/uploads\/2025\/04\/WhatsApp-Image-2025-04-30-a-16.16.07_2ad00c8f-1024x839.jpg\" alt=\"\" src=\"data:image\/svg+xml;base64,PHN2ZyB3aWR0aD0iMSIgaGVpZ2h0PSIxIiB4bWxucz0iaHR0cDovL3d3dy53My5vcmcvMjAwMC9zdmciPjwvc3ZnPg==\" class=\"lazyload\" style=\"--smush-placeholder-width: 1024px; --smush-placeholder-aspect-ratio: 1024\/839;\" \/><\/figure>\n\n<figure class=\"wp-block-image\"><img decoding=\"async\" data-src=\"https:\/\/richeskarayib.com\/wp-content\/uploads\/2025\/04\/WhatsApp-Image-2025-04-30-a-16.18.37_7d9241f3-1024x672.jpg\" alt=\"\" src=\"data:image\/svg+xml;base64,PHN2ZyB3aWR0aD0iMSIgaGVpZ2h0PSIxIiB4bWxucz0iaHR0cDovL3d3dy53My5vcmcvMjAwMC9zdmciPjwvc3ZnPg==\" class=\"lazyload\" style=\"--smush-placeholder-width: 1024px; --smush-placeholder-aspect-ratio: 1024\/672;\" \/><\/figure>\n\n<figure class=\"wp-block-image\"><img decoding=\"async\" data-src=\"https:\/\/richeskarayib.com\/wp-content\/uploads\/2025\/04\/WhatsApp-Image-2025-04-30-a-16.03.35_c3e8482c-1024x576.jpg\" alt=\"\" src=\"data:image\/svg+xml;base64,PHN2ZyB3aWR0aD0iMSIgaGVpZ2h0PSIxIiB4bWxucz0iaHR0cDovL3d3dy53My5vcmcvMjAwMC9zdmciPjwvc3ZnPg==\" class=\"lazyload\" style=\"--smush-placeholder-width: 1024px; --smush-placeholder-aspect-ratio: 1024\/576;\" \/><\/figure>\n\n<figure class=\"wp-block-image\"><img decoding=\"async\" data-src=\"https:\/\/richeskarayib.com\/wp-content\/uploads\/2025\/04\/8-1-1024x576.jpeg\" alt=\"ACI Airport Day\" src=\"data:image\/svg+xml;base64,PHN2ZyB3aWR0aD0iMSIgaGVpZ2h0PSIxIiB4bWxucz0iaHR0cDovL3d3dy53My5vcmcvMjAwMC9zdmciPjwvc3ZnPg==\" class=\"lazyload\" style=\"--smush-placeholder-width: 1024px; --smush-placeholder-aspect-ratio: 1024\/576;\" \/><\/figure>\n\n<h2 class=\"wp-block-heading\">El saber hacer local en el punto de mira<\/h2>\n\n<p>Adem\u00e1s de las presentaciones t\u00e9cnicas y los paneles estrat\u00e9gicos, el ACI Airport Day Martinica tambi\u00e9n brind\u00f3 la oportunidad de <strong>destacar el dinamismo de los empresarios locales<\/strong>. Se invit\u00f3 a varias empresas con sede en Martinica a mostrar su experiencia, demostrando la riqueza de talento de la regi\u00f3n. <\/p>\n\n<p>El p\u00fablico pudo descubrir las creaciones de hielo de <a href=\"https:\/\/www.glaces-martinique.fr\/\" target=\"_blank\" rel=\"noreferrer noopener\"><strong>Excellence Glaces<\/strong><\/a> los dulces de chocolate de <a href=\"https:\/\/frereslauzea.fr\/\" target=\"_blank\" rel=\"noreferrer noopener\"><strong>Lauz\u00e9a<\/strong><\/a> los refinados aromas de <a href=\"https:\/\/parfums-des-iles.com\/\" target=\"_blank\" rel=\"noreferrer noopener\"><strong>Parfums des \u00celes<\/strong><\/a> as\u00ed como los emblem\u00e1ticos <strong>Rhums de Martinique<\/strong> reunidos en torno al <strong>Coderum<\/strong>. Una forma concreta de asociar el mundo aeroportuario con el arte de vivir de Martinica, y un recordatorio de que <strong>el atractivo tambi\u00e9n depende de la identidad y la autenticidad de los productos locales<\/strong>. <\/p>\n\n<figure class=\"wp-block-image\"><img decoding=\"async\" data-src=\"https:\/\/richeskarayib.com\/wp-content\/uploads\/2025\/04\/Excellence-Glaces-1024x576.jpeg\" alt=\"ACI Airport Day\" src=\"data:image\/svg+xml;base64,PHN2ZyB3aWR0aD0iMSIgaGVpZ2h0PSIxIiB4bWxucz0iaHR0cDovL3d3dy53My5vcmcvMjAwMC9zdmciPjwvc3ZnPg==\" class=\"lazyload\" style=\"--smush-placeholder-width: 1024px; --smush-placeholder-aspect-ratio: 1024\/576;\" \/><figcaption class=\"wp-element-caption\">Excellence Glaces<\/figcaption><\/figure>\n\n<figure class=\"wp-block-image\"><img decoding=\"async\" data-src=\"https:\/\/richeskarayib.com\/wp-content\/uploads\/2025\/04\/WhatsApp-Image-2025-04-30-a-15.17.28_e5f312ed-1024x576.jpg\" alt=\"\" src=\"data:image\/svg+xml;base64,PHN2ZyB3aWR0aD0iMSIgaGVpZ2h0PSIxIiB4bWxucz0iaHR0cDovL3d3dy53My5vcmcvMjAwMC9zdmciPjwvc3ZnPg==\" class=\"lazyload\" style=\"--smush-placeholder-width: 1024px; --smush-placeholder-aspect-ratio: 1024\/576;\" \/><figcaption class=\"wp-element-caption\">L&#8217;\u00e9quipe Lauz\u00e9a<\/figcaption><\/figure>\n\n<figure class=\"wp-block-image\"><img decoding=\"async\" data-src=\"https:\/\/richeskarayib.com\/wp-content\/uploads\/2025\/04\/Capture-decran-2025-04-30-163851.png\" alt=\"\" src=\"data:image\/svg+xml;base64,PHN2ZyB3aWR0aD0iMSIgaGVpZ2h0PSIxIiB4bWxucz0iaHR0cDovL3d3dy53My5vcmcvMjAwMC9zdmciPjwvc3ZnPg==\" class=\"lazyload\" \/><\/figure>\n\n<figure class=\"wp-block-image\"><img decoding=\"async\" data-src=\"https:\/\/richeskarayib.com\/wp-content\/uploads\/2025\/04\/WhatsApp-Image-2025-04-30-a-15.22.07_d4edbee9-1024x598.jpg\" alt=\"\" src=\"data:image\/svg+xml;base64,PHN2ZyB3aWR0aD0iMSIgaGVpZ2h0PSIxIiB4bWxucz0iaHR0cDovL3d3dy53My5vcmcvMjAwMC9zdmciPjwvc3ZnPg==\" class=\"lazyload\" style=\"--smush-placeholder-width: 1024px; --smush-placeholder-aspect-ratio: 1024\/598;\" \/><figcaption class=\"wp-element-caption\">Le Coderum<\/figcaption><\/figure>\n\n<figure class=\"wp-block-image\"><img decoding=\"async\" data-src=\"https:\/\/richeskarayib.com\/wp-content\/uploads\/2025\/04\/Capture-decran-2025-04-30-163513.png\" alt=\"\" src=\"data:image\/svg+xml;base64,PHN2ZyB3aWR0aD0iMSIgaGVpZ2h0PSIxIiB4bWxucz0iaHR0cDovL3d3dy53My5vcmcvMjAwMC9zdmciPjwvc3ZnPg==\" class=\"lazyload\" \/><\/figure>\n\n<figure class=\"wp-block-image\"><img decoding=\"async\" data-src=\"https:\/\/richeskarayib.com\/wp-content\/uploads\/2025\/04\/Lauzea-1024x576.jpeg\" alt=\"ACI Airport Day\" src=\"data:image\/svg+xml;base64,PHN2ZyB3aWR0aD0iMSIgaGVpZ2h0PSIxIiB4bWxucz0iaHR0cDovL3d3dy53My5vcmcvMjAwMC9zdmciPjwvc3ZnPg==\" class=\"lazyload\" style=\"--smush-placeholder-width: 1024px; --smush-placeholder-aspect-ratio: 1024\/576;\" \/><figcaption class=\"wp-element-caption\">Lauz\u00e9a<\/figcaption><\/figure>\n\n<figure class=\"wp-block-image\"><img decoding=\"async\" data-src=\"https:\/\/richeskarayib.com\/wp-content\/uploads\/2025\/04\/WhatsApp-Image-2025-04-30-a-15.33.58_884ac38a-713x1024.jpg\" alt=\"\" src=\"data:image\/svg+xml;base64,PHN2ZyB3aWR0aD0iMSIgaGVpZ2h0PSIxIiB4bWxucz0iaHR0cDovL3d3dy53My5vcmcvMjAwMC9zdmciPjwvc3ZnPg==\" class=\"lazyload\" style=\"--smush-placeholder-width: 713px; --smush-placeholder-aspect-ratio: 713\/1024;\" \/><\/figure>\n\n<figure class=\"wp-block-image\"><img decoding=\"async\" data-src=\"https:\/\/richeskarayib.com\/wp-content\/uploads\/2025\/04\/WhatsApp-Image-2025-04-30-a-16.40.52_71a121df.jpg\" alt=\"\" title=\"\" src=\"data:image\/svg+xml;base64,PHN2ZyB3aWR0aD0iMSIgaGVpZ2h0PSIxIiB4bWxucz0iaHR0cDovL3d3dy53My5vcmcvMjAwMC9zdmciPjwvc3ZnPg==\" class=\"lazyload\" \/><\/figure>\n\n<h2 class=\"wp-block-heading\">Una invitaci\u00f3n a actuar juntos para tejer el futuro<\/h2>\n\n<p>El ACI Airport Day en Martinica se concibi\u00f3 como un momento de convergencia, di\u00e1logo e impulso. El agradecimiento expresado a los participantes del Caribe, Am\u00e9rica Latina y Europa subray\u00f3 la importancia de esta din\u00e1mica regional. <\/p>\n\n<figure class=\"wp-block-image\"><img decoding=\"async\" data-src=\"https:\/\/richeskarayib.com\/wp-content\/uploads\/2025\/04\/Foule-1024x576.jpeg\" alt=\"ACI Airport Day\" src=\"data:image\/svg+xml;base64,PHN2ZyB3aWR0aD0iMSIgaGVpZ2h0PSIxIiB4bWxucz0iaHR0cDovL3d3dy53My5vcmcvMjAwMC9zdmciPjwvc3ZnPg==\" class=\"lazyload\" style=\"--smush-placeholder-width: 1024px; --smush-placeholder-aspect-ratio: 1024\/576;\" \/><\/figure>\n\n<figure class=\"wp-block-image\"><img decoding=\"async\" data-src=\"https:\/\/richeskarayib.com\/wp-content\/uploads\/2025\/04\/7-1024x576.jpeg\" alt=\"ACI Airport Day\" src=\"data:image\/svg+xml;base64,PHN2ZyB3aWR0aD0iMSIgaGVpZ2h0PSIxIiB4bWxucz0iaHR0cDovL3d3dy53My5vcmcvMjAwMC9zdmciPjwvc3ZnPg==\" class=\"lazyload\" style=\"--smush-placeholder-width: 1024px; --smush-placeholder-aspect-ratio: 1024\/576;\" \/><\/figure>\n\n<p>A trav\u00e9s del llamamiento de Nathalie S\u00e9bastien a \u201cgenerar nuevas ideas juntos\u201d y del llamamiento del Dr. Echevarne a \u201celiminar los obst\u00e1culos para realizar todo el potencial de las redes caribe\u00f1as\u201d, est\u00e1 tomando forma una visi\u00f3n compartida del futuro.<\/p>\n\n<p>Este evento confirma la determinaci\u00f3n de Martinica de convertirse en un <strong>centro estrat\u00e9gico<\/strong> en el Caribe, al tiempo que se centra en un enfoque integrado: innovaci\u00f3n, calidad de servicio, sostenibilidad y, sobre todo, <strong>cooperaci\u00f3n interterritorial<\/strong>.<\/p>\n\n<figure class=\"wp-block-image\"><img decoding=\"async\" data-src=\"https:\/\/richeskarayib.com\/wp-content\/uploads\/2025\/04\/WhatsApp-Image-2025-04-30-a-16.30.07_65929b0d-1024x576.jpg\" alt=\"\" src=\"data:image\/svg+xml;base64,PHN2ZyB3aWR0aD0iMSIgaGVpZ2h0PSIxIiB4bWxucz0iaHR0cDovL3d3dy53My5vcmcvMjAwMC9zdmciPjwvc3ZnPg==\" class=\"lazyload\" style=\"--smush-placeholder-width: 1024px; --smush-placeholder-aspect-ratio: 1024\/576;\" \/><\/figure>\n\n<figure class=\"wp-block-image\"><img decoding=\"async\" data-src=\"https:\/\/richeskarayib.com\/wp-content\/uploads\/2025\/04\/WhatsApp-Image-2025-04-30-a-16.30.06_239948a5-1024x576.jpg\" alt=\"\" src=\"data:image\/svg+xml;base64,PHN2ZyB3aWR0aD0iMSIgaGVpZ2h0PSIxIiB4bWxucz0iaHR0cDovL3d3dy53My5vcmcvMjAwMC9zdmciPjwvc3ZnPg==\" class=\"lazyload\" style=\"--smush-placeholder-width: 1024px; --smush-placeholder-aspect-ratio: 1024\/576;\" \/><\/figure>\n\n<figure class=\"wp-block-image\"><img decoding=\"async\" data-src=\"https:\/\/richeskarayib.com\/wp-content\/uploads\/2025\/04\/WhatsApp-Image-2025-04-30-a-16.30.06_f038adfd-1024x576.jpg\" alt=\"\" src=\"data:image\/svg+xml;base64,PHN2ZyB3aWR0aD0iMSIgaGVpZ2h0PSIxIiB4bWxucz0iaHR0cDovL3d3dy53My5vcmcvMjAwMC9zdmciPjwvc3ZnPg==\" class=\"lazyload\" style=\"--smush-placeholder-width: 1024px; --smush-placeholder-aspect-ratio: 1024\/576;\" \/><\/figure>\n","protected":false},"excerpt":{"rendered":"<p>Celebrado por primera vez en Martinica, el ACI Airport Day reuni\u00f3 a responsables de la toma de decisiones del Caribe y de \u00e1mbito internacional para debatir los principales retos a los que se enfrenta el transporte a\u00e9reo. Gracias a los esfuerzos conjuntos de los equipos de ACI-LAC y SAMAC, este evento ofreci\u00f3 un programa pertinente [&hellip;]<\/p>\n","protected":false},"author":1,"featured_media":19754,"comment_status":"open","ping_status":"open","sticky":false,"template":"","format":"standard","meta":{"footnotes":""},"categories":[99,102,111],"tags":[],"class_list":["post-19755","post","type-post","status-publish","format-standard","has-post-thumbnail","hentry","category-aviacion","category-conectividad-aerea-y-desarrollo-de-rutas","category-experiencia-del-pasajero-y-servicios"],"yoast_head":"<!-- This site is optimized with the Yoast SEO plugin v26.9 - https:\/\/yoast.com\/product\/yoast-seo-wordpress\/ -->\n<title>Martinica: calidad de servicio, innovaci\u00f3n, conectividad: conclusiones clave del ACI Airport Day 2025 - LATITUDE 15<\/title>\n<meta name=\"robots\" content=\"index, follow, max-snippet:-1, max-image-preview:large, max-video-preview:-1\" \/>\n<link rel=\"canonical\" href=\"https:\/\/www.latitude-15.com\/es\/martinica-calidad-de-servicio-innovacion-conectividad-conclusiones-clave-del-aci-airport-day-2025\/\" \/>\n<meta property=\"og:locale\" content=\"es_ES\" \/>\n<meta property=\"og:type\" content=\"article\" \/>\n<meta property=\"og:title\" content=\"Martinica: calidad de servicio, innovaci\u00f3n, conectividad: conclusiones clave del ACI Airport Day 2025 - LATITUDE 15\" \/>\n<meta property=\"og:description\" content=\"Celebrado por primera vez en Martinica, el ACI Airport Day reuni\u00f3 a responsables de la toma de decisiones del Caribe y de \u00e1mbito internacional para debatir los principales retos a los que se enfrenta el transporte a\u00e9reo. Gracias a los esfuerzos conjuntos de los equipos de ACI-LAC y SAMAC, este evento ofreci\u00f3 un programa pertinente [&hellip;]\" \/>\n<meta property=\"og:url\" content=\"https:\/\/www.latitude-15.com\/es\/martinica-calidad-de-servicio-innovacion-conectividad-conclusiones-clave-del-aci-airport-day-2025\/\" \/>\n<meta property=\"og:site_name\" content=\"LATITUDE 15\" \/>\n<meta property=\"article:published_time\" content=\"2025-04-30T04:54:37+00:00\" \/>\n<meta property=\"article:modified_time\" content=\"2026-02-04T05:43:46+00:00\" \/>\n<meta property=\"og:image\" content=\"https:\/\/www.latitude-15.com\/wp-content\/uploads\/2026\/01\/WhatsApp-Image-2025-04-30-a-17.02.32_fde42e10.jpg.webp\" \/>\n\t<meta property=\"og:image:width\" content=\"1594\" \/>\n\t<meta property=\"og:image:height\" content=\"831\" \/>\n\t<meta property=\"og:image:type\" content=\"image\/webp\" \/>\n<meta name=\"author\" content=\"sabrinalat15\" \/>\n<meta name=\"twitter:card\" content=\"summary_large_image\" \/>\n<meta name=\"twitter:label1\" content=\"Escrito por\" \/>\n\t<meta name=\"twitter:data1\" content=\"sabrinalat15\" \/>\n\t<meta name=\"twitter:label2\" content=\"Tiempo de lectura\" \/>\n\t<meta name=\"twitter:data2\" content=\"5 minutos\" \/>\n<script type=\"application\/ld+json\" class=\"yoast-schema-graph\">{\"@context\":\"https:\/\/schema.org\",\"@graph\":[{\"@type\":\"Article\",\"@id\":\"https:\/\/www.latitude-15.com\/es\/martinica-calidad-de-servicio-innovacion-conectividad-conclusiones-clave-del-aci-airport-day-2025\/#article\",\"isPartOf\":{\"@id\":\"https:\/\/www.latitude-15.com\/es\/martinica-calidad-de-servicio-innovacion-conectividad-conclusiones-clave-del-aci-airport-day-2025\/\"},\"author\":{\"name\":\"sabrinalat15\",\"@id\":\"https:\/\/www.latitude-15.com\/es\/#\/schema\/person\/2a70943507771992ce3316849aa93bdd\"},\"headline\":\"Martinica: calidad de servicio, innovaci\u00f3n, conectividad: conclusiones clave del ACI Airport Day 2025\",\"datePublished\":\"2025-04-30T04:54:37+00:00\",\"dateModified\":\"2026-02-04T05:43:46+00:00\",\"mainEntityOfPage\":{\"@id\":\"https:\/\/www.latitude-15.com\/es\/martinica-calidad-de-servicio-innovacion-conectividad-conclusiones-clave-del-aci-airport-day-2025\/\"},\"wordCount\":1057,\"commentCount\":0,\"publisher\":{\"@id\":\"https:\/\/www.latitude-15.com\/es\/#organization\"},\"image\":{\"@id\":\"https:\/\/www.latitude-15.com\/es\/martinica-calidad-de-servicio-innovacion-conectividad-conclusiones-clave-del-aci-airport-day-2025\/#primaryimage\"},\"thumbnailUrl\":\"https:\/\/www.latitude-15.com\/wp-content\/uploads\/2026\/01\/WhatsApp-Image-2025-04-30-a-17.02.32_fde42e10.jpg.webp\",\"articleSection\":[\"AVIACI\u00d3N\",\"Conectividad a\u00e9rea y Atractivo territorial\",\"Experiencia del pasajero y servicios\"],\"inLanguage\":\"es\",\"potentialAction\":[{\"@type\":\"CommentAction\",\"name\":\"Comment\",\"target\":[\"https:\/\/www.latitude-15.com\/es\/martinica-calidad-de-servicio-innovacion-conectividad-conclusiones-clave-del-aci-airport-day-2025\/#respond\"]}]},{\"@type\":\"WebPage\",\"@id\":\"https:\/\/www.latitude-15.com\/es\/martinica-calidad-de-servicio-innovacion-conectividad-conclusiones-clave-del-aci-airport-day-2025\/\",\"url\":\"https:\/\/www.latitude-15.com\/es\/martinica-calidad-de-servicio-innovacion-conectividad-conclusiones-clave-del-aci-airport-day-2025\/\",\"name\":\"Martinica: calidad de servicio, innovaci\u00f3n, conectividad: conclusiones clave del ACI Airport Day 2025 - LATITUDE 15\",\"isPartOf\":{\"@id\":\"https:\/\/www.latitude-15.com\/es\/#website\"},\"primaryImageOfPage\":{\"@id\":\"https:\/\/www.latitude-15.com\/es\/martinica-calidad-de-servicio-innovacion-conectividad-conclusiones-clave-del-aci-airport-day-2025\/#primaryimage\"},\"image\":{\"@id\":\"https:\/\/www.latitude-15.com\/es\/martinica-calidad-de-servicio-innovacion-conectividad-conclusiones-clave-del-aci-airport-day-2025\/#primaryimage\"},\"thumbnailUrl\":\"https:\/\/www.latitude-15.com\/wp-content\/uploads\/2026\/01\/WhatsApp-Image-2025-04-30-a-17.02.32_fde42e10.jpg.webp\",\"datePublished\":\"2025-04-30T04:54:37+00:00\",\"dateModified\":\"2026-02-04T05:43:46+00:00\",\"breadcrumb\":{\"@id\":\"https:\/\/www.latitude-15.com\/es\/martinica-calidad-de-servicio-innovacion-conectividad-conclusiones-clave-del-aci-airport-day-2025\/#breadcrumb\"},\"inLanguage\":\"es\",\"potentialAction\":[{\"@type\":\"ReadAction\",\"target\":[\"https:\/\/www.latitude-15.com\/es\/martinica-calidad-de-servicio-innovacion-conectividad-conclusiones-clave-del-aci-airport-day-2025\/\"]}]},{\"@type\":\"ImageObject\",\"inLanguage\":\"es\",\"@id\":\"https:\/\/www.latitude-15.com\/es\/martinica-calidad-de-servicio-innovacion-conectividad-conclusiones-clave-del-aci-airport-day-2025\/#primaryimage\",\"url\":\"https:\/\/www.latitude-15.com\/wp-content\/uploads\/2026\/01\/WhatsApp-Image-2025-04-30-a-17.02.32_fde42e10.jpg.webp\",\"contentUrl\":\"https:\/\/www.latitude-15.com\/wp-content\/uploads\/2026\/01\/WhatsApp-Image-2025-04-30-a-17.02.32_fde42e10.jpg.webp\",\"width\":1594,\"height\":831},{\"@type\":\"BreadcrumbList\",\"@id\":\"https:\/\/www.latitude-15.com\/es\/martinica-calidad-de-servicio-innovacion-conectividad-conclusiones-clave-del-aci-airport-day-2025\/#breadcrumb\",\"itemListElement\":[{\"@type\":\"ListItem\",\"position\":1,\"name\":\"Home\",\"item\":\"https:\/\/www.latitude-15.com\/es\/inicio\/\"},{\"@type\":\"ListItem\",\"position\":2,\"name\":\"Martinica: calidad de servicio, innovaci\u00f3n, conectividad: conclusiones clave del ACI Airport Day 2025\"}]},{\"@type\":\"WebSite\",\"@id\":\"https:\/\/www.latitude-15.com\/es\/#website\",\"url\":\"https:\/\/www.latitude-15.com\/es\/\",\"name\":\"LATITUDE 15\",\"description\":\"Aviation and maritime Magazine - Caribbean &amp; Latin America\",\"publisher\":{\"@id\":\"https:\/\/www.latitude-15.com\/es\/#organization\"},\"potentialAction\":[{\"@type\":\"SearchAction\",\"target\":{\"@type\":\"EntryPoint\",\"urlTemplate\":\"https:\/\/www.latitude-15.com\/es\/?s={search_term_string}\"},\"query-input\":{\"@type\":\"PropertyValueSpecification\",\"valueRequired\":true,\"valueName\":\"search_term_string\"}}],\"inLanguage\":\"es\"},{\"@type\":\"Organization\",\"@id\":\"https:\/\/www.latitude-15.com\/es\/#organization\",\"name\":\"LATITUDE 15\",\"url\":\"https:\/\/www.latitude-15.com\/es\/\",\"logo\":{\"@type\":\"ImageObject\",\"inLanguage\":\"es\",\"@id\":\"https:\/\/www.latitude-15.com\/es\/#\/schema\/logo\/image\/\",\"url\":\"https:\/\/www.latitude-15.com\/wp-content\/uploads\/2026\/01\/cropped-logox500px.png\",\"contentUrl\":\"https:\/\/www.latitude-15.com\/wp-content\/uploads\/2026\/01\/cropped-logox500px.png\",\"width\":62,\"height\":75,\"caption\":\"LATITUDE 15\"},\"image\":{\"@id\":\"https:\/\/www.latitude-15.com\/es\/#\/schema\/logo\/image\/\"}},{\"@type\":\"Person\",\"@id\":\"https:\/\/www.latitude-15.com\/es\/#\/schema\/person\/2a70943507771992ce3316849aa93bdd\",\"name\":\"sabrinalat15\",\"image\":{\"@type\":\"ImageObject\",\"inLanguage\":\"es\",\"@id\":\"https:\/\/www.latitude-15.com\/es\/#\/schema\/person\/image\/\",\"url\":\"https:\/\/secure.gravatar.com\/avatar\/91f5e11872ca6128d75f7bbde22cc384ad142a113b81c554ed87d6d9762f8813?s=96&d=mm&r=g\",\"contentUrl\":\"https:\/\/secure.gravatar.com\/avatar\/91f5e11872ca6128d75f7bbde22cc384ad142a113b81c554ed87d6d9762f8813?s=96&d=mm&r=g\",\"caption\":\"sabrinalat15\"},\"sameAs\":[\"https:\/\/www.latitude-15.com\"],\"url\":\"https:\/\/www.latitude-15.com\/es\/author\/sabrinalat15\/\"}]}<\/script>\n<!-- \/ Yoast SEO plugin. -->","yoast_head_json":{"title":"Martinica: calidad de servicio, innovaci\u00f3n, conectividad: conclusiones clave del ACI Airport Day 2025 - LATITUDE 15","robots":{"index":"index","follow":"follow","max-snippet":"max-snippet:-1","max-image-preview":"max-image-preview:large","max-video-preview":"max-video-preview:-1"},"canonical":"https:\/\/www.latitude-15.com\/es\/martinica-calidad-de-servicio-innovacion-conectividad-conclusiones-clave-del-aci-airport-day-2025\/","og_locale":"es_ES","og_type":"article","og_title":"Martinica: calidad de servicio, innovaci\u00f3n, conectividad: conclusiones clave del ACI Airport Day 2025 - LATITUDE 15","og_description":"Celebrado por primera vez en Martinica, el ACI Airport Day reuni\u00f3 a responsables de la toma de decisiones del Caribe y de \u00e1mbito internacional para debatir los principales retos a los que se enfrenta el transporte a\u00e9reo. Gracias a los esfuerzos conjuntos de los equipos de ACI-LAC y SAMAC, este evento ofreci\u00f3 un programa pertinente [&hellip;]","og_url":"https:\/\/www.latitude-15.com\/es\/martinica-calidad-de-servicio-innovacion-conectividad-conclusiones-clave-del-aci-airport-day-2025\/","og_site_name":"LATITUDE 15","article_published_time":"2025-04-30T04:54:37+00:00","article_modified_time":"2026-02-04T05:43:46+00:00","og_image":[{"width":1594,"height":831,"url":"https:\/\/www.latitude-15.com\/wp-content\/uploads\/2026\/01\/WhatsApp-Image-2025-04-30-a-17.02.32_fde42e10.jpg.webp","type":"image\/webp"}],"author":"sabrinalat15","twitter_card":"summary_large_image","twitter_misc":{"Escrito por":"sabrinalat15","Tiempo de lectura":"5 minutos"},"schema":{"@context":"https:\/\/schema.org","@graph":[{"@type":"Article","@id":"https:\/\/www.latitude-15.com\/es\/martinica-calidad-de-servicio-innovacion-conectividad-conclusiones-clave-del-aci-airport-day-2025\/#article","isPartOf":{"@id":"https:\/\/www.latitude-15.com\/es\/martinica-calidad-de-servicio-innovacion-conectividad-conclusiones-clave-del-aci-airport-day-2025\/"},"author":{"name":"sabrinalat15","@id":"https:\/\/www.latitude-15.com\/es\/#\/schema\/person\/2a70943507771992ce3316849aa93bdd"},"headline":"Martinica: calidad de servicio, innovaci\u00f3n, conectividad: conclusiones clave del ACI Airport Day 2025","datePublished":"2025-04-30T04:54:37+00:00","dateModified":"2026-02-04T05:43:46+00:00","mainEntityOfPage":{"@id":"https:\/\/www.latitude-15.com\/es\/martinica-calidad-de-servicio-innovacion-conectividad-conclusiones-clave-del-aci-airport-day-2025\/"},"wordCount":1057,"commentCount":0,"publisher":{"@id":"https:\/\/www.latitude-15.com\/es\/#organization"},"image":{"@id":"https:\/\/www.latitude-15.com\/es\/martinica-calidad-de-servicio-innovacion-conectividad-conclusiones-clave-del-aci-airport-day-2025\/#primaryimage"},"thumbnailUrl":"https:\/\/www.latitude-15.com\/wp-content\/uploads\/2026\/01\/WhatsApp-Image-2025-04-30-a-17.02.32_fde42e10.jpg.webp","articleSection":["AVIACI\u00d3N","Conectividad a\u00e9rea y Atractivo territorial","Experiencia del pasajero y servicios"],"inLanguage":"es","potentialAction":[{"@type":"CommentAction","name":"Comment","target":["https:\/\/www.latitude-15.com\/es\/martinica-calidad-de-servicio-innovacion-conectividad-conclusiones-clave-del-aci-airport-day-2025\/#respond"]}]},{"@type":"WebPage","@id":"https:\/\/www.latitude-15.com\/es\/martinica-calidad-de-servicio-innovacion-conectividad-conclusiones-clave-del-aci-airport-day-2025\/","url":"https:\/\/www.latitude-15.com\/es\/martinica-calidad-de-servicio-innovacion-conectividad-conclusiones-clave-del-aci-airport-day-2025\/","name":"Martinica: calidad de servicio, innovaci\u00f3n, conectividad: conclusiones clave del ACI Airport Day 2025 - LATITUDE 15","isPartOf":{"@id":"https:\/\/www.latitude-15.com\/es\/#website"},"primaryImageOfPage":{"@id":"https:\/\/www.latitude-15.com\/es\/martinica-calidad-de-servicio-innovacion-conectividad-conclusiones-clave-del-aci-airport-day-2025\/#primaryimage"},"image":{"@id":"https:\/\/www.latitude-15.com\/es\/martinica-calidad-de-servicio-innovacion-conectividad-conclusiones-clave-del-aci-airport-day-2025\/#primaryimage"},"thumbnailUrl":"https:\/\/www.latitude-15.com\/wp-content\/uploads\/2026\/01\/WhatsApp-Image-2025-04-30-a-17.02.32_fde42e10.jpg.webp","datePublished":"2025-04-30T04:54:37+00:00","dateModified":"2026-02-04T05:43:46+00:00","breadcrumb":{"@id":"https:\/\/www.latitude-15.com\/es\/martinica-calidad-de-servicio-innovacion-conectividad-conclusiones-clave-del-aci-airport-day-2025\/#breadcrumb"},"inLanguage":"es","potentialAction":[{"@type":"ReadAction","target":["https:\/\/www.latitude-15.com\/es\/martinica-calidad-de-servicio-innovacion-conectividad-conclusiones-clave-del-aci-airport-day-2025\/"]}]},{"@type":"ImageObject","inLanguage":"es","@id":"https:\/\/www.latitude-15.com\/es\/martinica-calidad-de-servicio-innovacion-conectividad-conclusiones-clave-del-aci-airport-day-2025\/#primaryimage","url":"https:\/\/www.latitude-15.com\/wp-content\/uploads\/2026\/01\/WhatsApp-Image-2025-04-30-a-17.02.32_fde42e10.jpg.webp","contentUrl":"https:\/\/www.latitude-15.com\/wp-content\/uploads\/2026\/01\/WhatsApp-Image-2025-04-30-a-17.02.32_fde42e10.jpg.webp","width":1594,"height":831},{"@type":"BreadcrumbList","@id":"https:\/\/www.latitude-15.com\/es\/martinica-calidad-de-servicio-innovacion-conectividad-conclusiones-clave-del-aci-airport-day-2025\/#breadcrumb","itemListElement":[{"@type":"ListItem","position":1,"name":"Home","item":"https:\/\/www.latitude-15.com\/es\/inicio\/"},{"@type":"ListItem","position":2,"name":"Martinica: calidad de servicio, innovaci\u00f3n, conectividad: conclusiones clave del ACI Airport Day 2025"}]},{"@type":"WebSite","@id":"https:\/\/www.latitude-15.com\/es\/#website","url":"https:\/\/www.latitude-15.com\/es\/","name":"LATITUDE 15","description":"Aviation and maritime Magazine - Caribbean &amp; Latin America","publisher":{"@id":"https:\/\/www.latitude-15.com\/es\/#organization"},"potentialAction":[{"@type":"SearchAction","target":{"@type":"EntryPoint","urlTemplate":"https:\/\/www.latitude-15.com\/es\/?s={search_term_string}"},"query-input":{"@type":"PropertyValueSpecification","valueRequired":true,"valueName":"search_term_string"}}],"inLanguage":"es"},{"@type":"Organization","@id":"https:\/\/www.latitude-15.com\/es\/#organization","name":"LATITUDE 15","url":"https:\/\/www.latitude-15.com\/es\/","logo":{"@type":"ImageObject","inLanguage":"es","@id":"https:\/\/www.latitude-15.com\/es\/#\/schema\/logo\/image\/","url":"https:\/\/www.latitude-15.com\/wp-content\/uploads\/2026\/01\/cropped-logox500px.png","contentUrl":"https:\/\/www.latitude-15.com\/wp-content\/uploads\/2026\/01\/cropped-logox500px.png","width":62,"height":75,"caption":"LATITUDE 15"},"image":{"@id":"https:\/\/www.latitude-15.com\/es\/#\/schema\/logo\/image\/"}},{"@type":"Person","@id":"https:\/\/www.latitude-15.com\/es\/#\/schema\/person\/2a70943507771992ce3316849aa93bdd","name":"sabrinalat15","image":{"@type":"ImageObject","inLanguage":"es","@id":"https:\/\/www.latitude-15.com\/es\/#\/schema\/person\/image\/","url":"https:\/\/secure.gravatar.com\/avatar\/91f5e11872ca6128d75f7bbde22cc384ad142a113b81c554ed87d6d9762f8813?s=96&d=mm&r=g","contentUrl":"https:\/\/secure.gravatar.com\/avatar\/91f5e11872ca6128d75f7bbde22cc384ad142a113b81c554ed87d6d9762f8813?s=96&d=mm&r=g","caption":"sabrinalat15"},"sameAs":["https:\/\/www.latitude-15.com"],"url":"https:\/\/www.latitude-15.com\/es\/author\/sabrinalat15\/"}]}},"_links":{"self":[{"href":"https:\/\/www.latitude-15.com\/es\/wp-json\/wp\/v2\/posts\/19755","targetHints":{"allow":["GET"]}}],"collection":[{"href":"https:\/\/www.latitude-15.com\/es\/wp-json\/wp\/v2\/posts"}],"about":[{"href":"https:\/\/www.latitude-15.com\/es\/wp-json\/wp\/v2\/types\/post"}],"author":[{"embeddable":true,"href":"https:\/\/www.latitude-15.com\/es\/wp-json\/wp\/v2\/users\/1"}],"replies":[{"embeddable":true,"href":"https:\/\/www.latitude-15.com\/es\/wp-json\/wp\/v2\/comments?post=19755"}],"version-history":[{"count":3,"href":"https:\/\/www.latitude-15.com\/es\/wp-json\/wp\/v2\/posts\/19755\/revisions"}],"predecessor-version":[{"id":19764,"href":"https:\/\/www.latitude-15.com\/es\/wp-json\/wp\/v2\/posts\/19755\/revisions\/19764"}],"wp:featuredmedia":[{"embeddable":true,"href":"https:\/\/www.latitude-15.com\/es\/wp-json\/wp\/v2\/media\/19754"}],"wp:attachment":[{"href":"https:\/\/www.latitude-15.com\/es\/wp-json\/wp\/v2\/media?parent=19755"}],"wp:term":[{"taxonomy":"category","embeddable":true,"href":"https:\/\/www.latitude-15.com\/es\/wp-json\/wp\/v2\/categories?post=19755"},{"taxonomy":"post_tag","embeddable":true,"href":"https:\/\/www.latitude-15.com\/es\/wp-json\/wp\/v2\/tags?post=19755"}],"curies":[{"name":"wp","href":"https:\/\/api.w.org\/{rel}","templated":true}]}}