{"id":19717,"date":"2025-05-20T01:37:00","date_gmt":"2025-05-20T05:37:00","guid":{"rendered":"https:\/\/www.latitude-15.com\/2025\/05\/20\/seatrade-2025-saint-vincent-and-the-grenadines-an-island-a-history-a-responsible-future\/"},"modified":"2026-02-04T01:09:09","modified_gmt":"2026-02-04T05:09:09","slug":"seatrade-2025-saint-vincent-and-the-grenadines-an-island-a-history-a-responsible-future","status":"publish","type":"post","link":"https:\/\/www.latitude-15.com\/es\/seatrade-2025-saint-vincent-and-the-grenadines-an-island-a-history-a-responsible-future\/","title":{"rendered":"[SEATRADE 2025] Saint Vincent and the Grenadines \u2013 An island, a history, a responsible future"},"content":{"rendered":"\n<h2 class=\"wp-block-heading\">San Vicente y las Granadinas reafirma su compromiso con la innovaci\u00f3n y la autenticidad<\/h2>\n\n<p>Del 8 al 11 de abril de 2025, <a href=\"https:\/\/www.tripadvisor.fr\/Tourism-g147379-St_Vincent_and_the_Grenadines-Vacations.html\" target=\"_blank\" rel=\"noreferrer noopener\"><strong>San Vicente y las Granadinas<\/strong><\/a> fue uno de los territorios caribe\u00f1os presentes en <a href=\"https:\/\/www.seatradecruiseevents.com\/global\/en\/home.html\" target=\"_blank\" rel=\"noreferrer noopener\"><strong>Seatrade Cruise Global<\/strong><\/a> en Miami, la feria comercial m\u00e1s grande del mundo dedicada a la industria de los cruceros.<br\/>A trav\u00e9s de los testimonios del <strong>Comit\u00e9 du Tourisme<\/strong>, la <strong>Autoridad Portuaria<\/strong> y la <strong>Association des Chauffeurs de Taxi<\/strong>, el pa\u00eds mostr\u00f3 sus ambiciones: afirmar su identidad, fortalecer su infraestructura y posicionarse como un destino aut\u00e9ntico, sostenible y decididamente orientado al futuro en el mundo de los cruceros por el Caribe.<\/p>\n\n<h2 class=\"wp-block-heading\">Desarrollar un turismo aut\u00e9ntico y diversificado: la visi\u00f3n del Comit\u00e9 du Tourisme<\/h2>\n\n<p>Para <strong>Annette Mark<\/strong>, Directora General de la Junta de Turismo de <a href=\"https:\/\/richeskarayib.com\/escoot-rentals-the-new-face-of-eco-friendly\/\" target=\"_blank\" rel=\"noreferrer noopener\">San Vicente y las Granadinas<\/a>, Seatrade es \u201c<strong>un evento esencial, rico en reuniones y oportunidades para el futuro<\/strong>\u201d.<br\/>Destaca la importancia de las pr\u00f3ximas temporadas (2026-2028) para consolidar la imagen del pa\u00eds en el escenario internacional.<\/p>\n\n<p>Hoy en d\u00eda, la isla est\u00e1 disfrutando de un verdadero impulso gracias a:<\/p>\n\n<ul class=\"wp-block-list\">\n<li><strong>La apertura del aeropuerto internacional en 2017<\/strong>,<\/li>\n\n\n\n<li><strong>El establecimiento de importantes marcas hoteleras<\/strong> como <strong>Sandals<\/strong>, <strong>Mandarin Oriental<\/strong> y <strong>Soho House<\/strong>.<\/li>\n<\/ul>\n\n<p>Estas inversiones est\u00e1n transformando la experiencia tur\u00edstica, particularmente en la isla principal.<\/p>\n\n<p>Sin embargo, la ubicaci\u00f3n geogr\u00e1fica de San Vicente presenta un desaf\u00edo para los cruceros cl\u00e1sicos de 7 d\u00edas que salen de Miami.<br\/>\u201d<strong>Necesitamos crear demanda para alentar a las empresas a extender sus itinerarios y llegar m\u00e1s al sur<\/strong>\u201d, explica Annette Mark.<\/p>\n\n<figure class=\"wp-block-image\"><img decoding=\"async\" data-src=\"https:\/\/richeskarayib.com\/wp-content\/uploads\/2025\/05\/2025-05-20_21h22_06.png\" alt=\"San Vicente y las Granadinas\" src=\"data:image\/svg+xml;base64,PHN2ZyB3aWR0aD0iMSIgaGVpZ2h0PSIxIiB4bWxucz0iaHR0cDovL3d3dy53My5vcmcvMjAwMC9zdmciPjwvc3ZnPg==\" class=\"lazyload\" \/><figcaption class=\"wp-element-caption\">Annette Mark<\/figcaption><\/figure>\n\n<h2 class=\"wp-block-heading\">\u00bfQu\u00e9 hace que San Vicente y las Granadinas sea \u00fanico?<\/h2>\n\n<ul class=\"wp-block-list\">\n<li><strong>Biodiversidad excepcional<\/strong> entre playas de arena negra, cascadas y volcanes,<\/li>\n\n\n\n<li><strong>Islas de coral con playas de arena blanca<\/strong>,<\/li>\n\n\n\n<li><strong>Autenticidad preservada<\/strong>, lejos del turismo de masas.<\/li>\n<\/ul>\n\n<p>\ud83c\udfaf <strong>Annette Mark quiere<\/strong> que <strong>San Vicente y las Granadinas<\/strong> <strong>contin\u00fae<\/strong> <strong>posicion\u00e1ndose como un destino boutique, aut\u00e9ntico e inolvidable<\/strong>.<\/p>\n\n<figure class=\"wp-block-image\"><img decoding=\"async\" data-src=\"https:\/\/richeskarayib.com\/wp-content\/uploads\/2025\/05\/st-vincent-and-the-grenadines-1-1024x768.jpg\" alt=\"San Vicente y las Granadinas\" src=\"data:image\/svg+xml;base64,PHN2ZyB3aWR0aD0iMSIgaGVpZ2h0PSIxIiB4bWxucz0iaHR0cDovL3d3dy53My5vcmcvMjAwMC9zdmciPjwvc3ZnPg==\" class=\"lazyload\" style=\"--smush-placeholder-width: 1024px; --smush-placeholder-aspect-ratio: 1024\/768;\" \/><\/figure>\n\n<figure class=\"wp-block-image\"><img decoding=\"async\" data-src=\"https:\/\/richeskarayib.com\/wp-content\/uploads\/2025\/05\/une-des-5-iles-desertes-1024x576.jpg\" alt=\"San Vicente y las Granadinas\" src=\"data:image\/svg+xml;base64,PHN2ZyB3aWR0aD0iMSIgaGVpZ2h0PSIxIiB4bWxucz0iaHR0cDovL3d3dy53My5vcmcvMjAwMC9zdmciPjwvc3ZnPg==\" class=\"lazyload\" style=\"--smush-placeholder-width: 1024px; --smush-placeholder-aspect-ratio: 1024\/576;\" \/><\/figure>\n\n<figure class=\"wp-block-image\"><img decoding=\"async\" data-src=\"https:\/\/richeskarayib.com\/wp-content\/uploads\/2025\/05\/caribbean-paradise-1024x683.jpg\" alt=\"San Vicente y las Granadinas\" src=\"data:image\/svg+xml;base64,PHN2ZyB3aWR0aD0iMSIgaGVpZ2h0PSIxIiB4bWxucz0iaHR0cDovL3d3dy53My5vcmcvMjAwMC9zdmciPjwvc3ZnPg==\" class=\"lazyload\" style=\"--smush-placeholder-width: 1024px; --smush-placeholder-aspect-ratio: 1024\/683;\" \/><\/figure>\n\n<h2 class=\"wp-block-heading\">Centr\u00e1ndose en la infraestructura sostenible: la estrategia de la Autoridad Portuaria<\/h2>\n\n<figure class=\"wp-block-image\"><img decoding=\"async\" data-src=\"https:\/\/richeskarayib.com\/wp-content\/uploads\/2025\/05\/2025-05-20_21h23_24.png\" alt=\"San Vicente y las Granadinas\" src=\"data:image\/svg+xml;base64,PHN2ZyB3aWR0aD0iMSIgaGVpZ2h0PSIxIiB4bWxucz0iaHR0cDovL3d3dy53My5vcmcvMjAwMC9zdmciPjwvc3ZnPg==\" class=\"lazyload\" \/><figcaption class=\"wp-element-caption\">Carl James<\/figcaption><\/figure>\n\n<p>Para <strong>Carl James<\/strong>, Director General de la Autoridad Portuaria de San Vicente y las Granadinas, Seatrade es una oportunidad para \u201c<strong>fortalecer los lazos con las l\u00edneas de cruceros y mejorar la experiencia del cliente<\/strong>\u201d.<\/p>\n\n<p>Dos ejes estrat\u00e9gicos gu\u00edan su acci\u00f3n:<\/p>\n\n<ol class=\"wp-block-list\">\n<li><strong>Diversificar las ofertas<\/strong> para invitar a los pasajeros a explorar m\u00e1s all\u00e1 de la ciudad.<\/li>\n\n\n\n<li><strong>Fortalecer la sostenibilidad<\/strong> de las infraestructuras portuarias.<\/li>\n<\/ol>\n\n<p>Los principales proyectos incluyen<\/p>\n\n<ul class=\"wp-block-list\">\n<li><strong>Un nuevo puerto de carga<\/strong>, cuya finalizaci\u00f3n est\u00e1 prevista para agosto de 2025,<\/li>\n\n\n\n<li><strong>La transformaci\u00f3n del antiguo puerto<\/strong> en un verdadero espacio habitable: puerto deportivo, tiendas, hoteles, espacios culturales y una terminal de cruceros modernizada.<\/li>\n<\/ul>\n\n<p>Carl James tambi\u00e9n insiste en <strong>promover el <a href=\"https:\/\/richeskarayib.com\/garifunas-of-honduras-heritage-of-the-sea\/\" target=\"_blank\" rel=\"noreferrer noopener\">patrimonio gar\u00edfuna<\/a><\/strong>, con proyectos destinados a presentar a los visitantes su cultura, arquitectura tradicional y cocina.<br\/>\u201d<strong>Lo que nos distingue es nuestra historia viva, la de los gar\u00edfunas, y debemos compartirla con el mundo<\/strong>\u201d, afirma.<\/p>\n\n<p>\ud83c\udfaf <strong>La ambici\u00f3n de Carl James es<\/strong> construir <strong>un puerto eco-responsable, alimentado por energ\u00eda geot\u00e9rmica, capaz de proporcionar electricidad verde a los barcos atracados en el puerto<\/strong>.<\/p>\n\n<figure class=\"wp-block-image\"><img decoding=\"async\" data-src=\"https:\/\/richeskarayib.com\/wp-content\/uploads\/2025\/05\/hanging-out-in-batcaves-1024x1024.jpg\" alt=\"San Vicente y las Granadinas\" src=\"data:image\/svg+xml;base64,PHN2ZyB3aWR0aD0iMSIgaGVpZ2h0PSIxIiB4bWxucz0iaHR0cDovL3d3dy53My5vcmcvMjAwMC9zdmciPjwvc3ZnPg==\" class=\"lazyload\" style=\"--smush-placeholder-width: 1024px; --smush-placeholder-aspect-ratio: 1024\/1024;\" \/><\/figure>\n\n<figure class=\"wp-block-image\"><img decoding=\"async\" data-src=\"https:\/\/richeskarayib.com\/wp-content\/uploads\/2025\/05\/salt-pond-1024x684.jpg\" alt=\"San Vicente y las Granadinas\" src=\"data:image\/svg+xml;base64,PHN2ZyB3aWR0aD0iMSIgaGVpZ2h0PSIxIiB4bWxucz0iaHR0cDovL3d3dy53My5vcmcvMjAwMC9zdmciPjwvc3ZnPg==\" class=\"lazyload\" style=\"--smush-placeholder-width: 1024px; --smush-placeholder-aspect-ratio: 1024\/684;\" \/><\/figure>\n\n<figure class=\"wp-block-image\"><img decoding=\"async\" data-src=\"https:\/\/richeskarayib.com\/wp-content\/uploads\/2025\/05\/kiss-me-waterfall-1024x1024.jpg\" alt=\"San Vicente y las Granadinas\" src=\"data:image\/svg+xml;base64,PHN2ZyB3aWR0aD0iMSIgaGVpZ2h0PSIxIiB4bWxucz0iaHR0cDovL3d3dy53My5vcmcvMjAwMC9zdmciPjwvc3ZnPg==\" class=\"lazyload\" style=\"--smush-placeholder-width: 1024px; --smush-placeholder-aspect-ratio: 1024\/1024;\" \/><\/figure>\n\n<figure class=\"wp-block-image\"><img decoding=\"async\" data-src=\"https:\/\/richeskarayib.com\/wp-content\/uploads\/2025\/05\/st-vincent-and-the-grenadines-2-1024x640.jpg\" alt=\"San Vicente y las Granadinas\" src=\"data:image\/svg+xml;base64,PHN2ZyB3aWR0aD0iMSIgaGVpZ2h0PSIxIiB4bWxucz0iaHR0cDovL3d3dy53My5vcmcvMjAwMC9zdmciPjwvc3ZnPg==\" class=\"lazyload\" style=\"--smush-placeholder-width: 1024px; --smush-placeholder-aspect-ratio: 1024\/640;\" \/><\/figure>\n\n<h2 class=\"wp-block-heading\">Proporcionar una c\u00e1lida hospitalidad: el compromiso de la Asociaci\u00f3n de Taxistas<\/h2>\n\n<figure class=\"wp-block-image\"><img decoding=\"async\" data-src=\"https:\/\/richeskarayib.com\/wp-content\/uploads\/2025\/05\/2025-05-20_21h25_00.png\" alt=\"San Vicente y las Granadinas\" src=\"data:image\/svg+xml;base64,PHN2ZyB3aWR0aD0iMSIgaGVpZ2h0PSIxIiB4bWxucz0iaHR0cDovL3d3dy53My5vcmcvMjAwMC9zdmciPjwvc3ZnPg==\" class=\"lazyload\" \/><figcaption class=\"wp-element-caption\">Nigel Antrobus<\/figcaption><\/figure>\n\n<p>Un miembro de la <strong>SVG Taxi Drivers Association<\/strong>, <strong>Nigel Antrobus<\/strong> defiende otra faceta clave de la experiencia tur\u00edstica: la hospitalidad personalizada.<\/p>\n\n<p>Durante m\u00e1s de <strong>40 a\u00f1os<\/strong>, la asociaci\u00f3n ha trabajado para garantizar a los visitantes <strong>seguridad, comodidad e inmersi\u00f3n local<\/strong>.<br\/>\u201d<strong>Con nosotros, los turistas descubren lugares a los que los grandes autobuses no pueden llegar, disfrutan de experiencias aut\u00e9nticas y forjan un v\u00ednculo humano con nuestra isla<\/strong>\u201d, explica.<\/p>\n\n<p>La cooperaci\u00f3n entre conductores, ministerios y operadores tur\u00edsticos est\u00e1 ayudando ahora a equilibrar el flujo entre las excursiones organizadas y los descubrimientos privados.<\/p>\n\n<p>Adem\u00e1s del transporte, la Asociaci\u00f3n garantiza <strong>un alto nivel de fiabilidad<\/strong>:<br\/>\u201d<strong>Si un visitante olvida algo, tiene la garant\u00eda de recuperarlo r\u00e1pidamente. Es una cuesti\u00f3n de confianza.<\/strong>\u201c<\/p>\n\n<p>\ud83c\udfaf <strong>Mientras que Nigel Antrobus<\/strong> est\u00e1 dispuesto a <strong>seguir fortaleciendo la cooperaci\u00f3n entre todos los actores involucrados, con el fin de ofrecer una hospitalidad inigualable a cada visitante<\/strong>.<\/p>\n\n<h2 class=\"wp-block-heading\">San Vicente y las Granadinas, un aut\u00e9ntico destino boutique<\/h2>\n\n<p>En Seatrade Cruise Global 2025, <strong>San Vicente y las Granadinas<\/strong> demostr\u00f3 que la autenticidad, la sostenibilidad y la mejora del patrimonio son palancas poderosas para construir el futuro de los cruceros por el Caribe.<br\/>A trav\u00e9s de proyectos de infraestructura, una s\u00f3lida estrategia cultural y el compromiso de sus profesionales del turismo, el pa\u00eds est\u00e1 trazando su rumbo, fiel a su identidad y abri\u00e9ndose a nuevas oportunidades.<\/p>\n\n<p><strong>M\u00e1s que un destino, San Vicente y las Granadinas ofrece una experiencia de vida donde la naturaleza, la historia y la hospitalidad se combinan para crear recuerdos \u00fanicos.<\/strong><\/p>\n\n<figure class=\"wp-block-image\"><img decoding=\"async\" data-src=\"https:\/\/richeskarayib.com\/wp-content\/uploads\/2025\/05\/port-kingstown-young-1024x1024.jpg\" alt=\"San Vicente y las Granadinas\" src=\"data:image\/svg+xml;base64,PHN2ZyB3aWR0aD0iMSIgaGVpZ2h0PSIxIiB4bWxucz0iaHR0cDovL3d3dy53My5vcmcvMjAwMC9zdmciPjwvc3ZnPg==\" class=\"lazyload\" style=\"--smush-placeholder-width: 1024px; --smush-placeholder-aspect-ratio: 1024\/1024;\" \/><\/figure>\n","protected":false},"excerpt":{"rendered":"<p>San Vicente y las Granadinas reafirma su compromiso con la innovaci\u00f3n y la autenticidad Del 8 al 11 de abril de 2025, San Vicente y las Granadinas fue uno de los territorios caribe\u00f1os presentes en Seatrade Cruise Global en Miami, la feria comercial m\u00e1s grande del mundo dedicada a la industria de los cruceros.A trav\u00e9s [&hellip;]<\/p>\n","protected":false},"author":1,"featured_media":19716,"comment_status":"open","ping_status":"open","sticky":false,"template":"","format":"standard","meta":{"footnotes":""},"categories":[120,129],"tags":[],"class_list":["post-19717","post","type-post","status-publish","format-standard","has-post-thumbnail","hentry","category-maritimo","category-cruceros-y-gestion-de-destinos"],"yoast_head":"<!-- This site is optimized with the Yoast SEO plugin v26.9 - https:\/\/yoast.com\/product\/yoast-seo-wordpress\/ -->\n<title>[SEATRADE 2025] Saint Vincent and the Grenadines \u2013 An island, a history, a responsible future - LATITUDE 15<\/title>\n<meta name=\"robots\" content=\"index, follow, max-snippet:-1, max-image-preview:large, max-video-preview:-1\" \/>\n<link rel=\"canonical\" href=\"https:\/\/www.latitude-15.com\/es\/seatrade-2025-saint-vincent-and-the-grenadines-an-island-a-history-a-responsible-future\/\" \/>\n<meta property=\"og:locale\" content=\"es_ES\" \/>\n<meta property=\"og:type\" content=\"article\" \/>\n<meta property=\"og:title\" content=\"[SEATRADE 2025] Saint Vincent and the Grenadines \u2013 An island, a history, a responsible future - LATITUDE 15\" \/>\n<meta property=\"og:description\" content=\"San Vicente y las Granadinas reafirma su compromiso con la innovaci\u00f3n y la autenticidad Del 8 al 11 de abril de 2025, San Vicente y las Granadinas fue uno de los territorios caribe\u00f1os presentes en Seatrade Cruise Global en Miami, la feria comercial m\u00e1s grande del mundo dedicada a la industria de los cruceros.A trav\u00e9s [&hellip;]\" \/>\n<meta property=\"og:url\" content=\"https:\/\/www.latitude-15.com\/es\/seatrade-2025-saint-vincent-and-the-grenadines-an-island-a-history-a-responsible-future\/\" \/>\n<meta property=\"og:site_name\" content=\"LATITUDE 15\" \/>\n<meta property=\"article:published_time\" content=\"2025-05-20T05:37:00+00:00\" \/>\n<meta property=\"article:modified_time\" content=\"2026-02-04T05:09:09+00:00\" \/>\n<meta property=\"og:image\" content=\"https:\/\/www.latitude-15.com\/wp-content\/uploads\/2026\/01\/490756840_122227114772230773_1824298446440038340_n.jpg.webp\" \/>\n\t<meta property=\"og:image:width\" content=\"1440\" \/>\n\t<meta property=\"og:image:height\" content=\"960\" \/>\n\t<meta property=\"og:image:type\" content=\"image\/webp\" \/>\n<meta name=\"author\" content=\"sabrinalat15\" \/>\n<meta name=\"twitter:card\" content=\"summary_large_image\" \/>\n<meta name=\"twitter:label1\" content=\"Escrito por\" \/>\n\t<meta name=\"twitter:data1\" content=\"sabrinalat15\" \/>\n\t<meta name=\"twitter:label2\" content=\"Tiempo de lectura\" \/>\n\t<meta name=\"twitter:data2\" content=\"4 minutos\" \/>\n<script type=\"application\/ld+json\" class=\"yoast-schema-graph\">{\"@context\":\"https:\/\/schema.org\",\"@graph\":[{\"@type\":\"Article\",\"@id\":\"https:\/\/www.latitude-15.com\/es\/seatrade-2025-saint-vincent-and-the-grenadines-an-island-a-history-a-responsible-future\/#article\",\"isPartOf\":{\"@id\":\"https:\/\/www.latitude-15.com\/es\/seatrade-2025-saint-vincent-and-the-grenadines-an-island-a-history-a-responsible-future\/\"},\"author\":{\"name\":\"sabrinalat15\",\"@id\":\"https:\/\/www.latitude-15.com\/es\/#\/schema\/person\/2a70943507771992ce3316849aa93bdd\"},\"headline\":\"[SEATRADE 2025] Saint Vincent and the Grenadines \u2013 An island, a history, a responsible future\",\"datePublished\":\"2025-05-20T05:37:00+00:00\",\"dateModified\":\"2026-02-04T05:09:09+00:00\",\"mainEntityOfPage\":{\"@id\":\"https:\/\/www.latitude-15.com\/es\/seatrade-2025-saint-vincent-and-the-grenadines-an-island-a-history-a-responsible-future\/\"},\"wordCount\":814,\"commentCount\":0,\"publisher\":{\"@id\":\"https:\/\/www.latitude-15.com\/es\/#organization\"},\"image\":{\"@id\":\"https:\/\/www.latitude-15.com\/es\/seatrade-2025-saint-vincent-and-the-grenadines-an-island-a-history-a-responsible-future\/#primaryimage\"},\"thumbnailUrl\":\"https:\/\/www.latitude-15.com\/wp-content\/uploads\/2026\/01\/490756840_122227114772230773_1824298446440038340_n.jpg.webp\",\"articleSection\":[\"MAR\u00cdTIMO\",\"Operaciones de cruceros y gesti\u00f3n de la interfaz puerto-ciudad\"],\"inLanguage\":\"es\",\"potentialAction\":[{\"@type\":\"CommentAction\",\"name\":\"Comment\",\"target\":[\"https:\/\/www.latitude-15.com\/es\/seatrade-2025-saint-vincent-and-the-grenadines-an-island-a-history-a-responsible-future\/#respond\"]}]},{\"@type\":\"WebPage\",\"@id\":\"https:\/\/www.latitude-15.com\/es\/seatrade-2025-saint-vincent-and-the-grenadines-an-island-a-history-a-responsible-future\/\",\"url\":\"https:\/\/www.latitude-15.com\/es\/seatrade-2025-saint-vincent-and-the-grenadines-an-island-a-history-a-responsible-future\/\",\"name\":\"[SEATRADE 2025] Saint Vincent and the Grenadines \u2013 An island, a history, a responsible future - LATITUDE 15\",\"isPartOf\":{\"@id\":\"https:\/\/www.latitude-15.com\/es\/#website\"},\"primaryImageOfPage\":{\"@id\":\"https:\/\/www.latitude-15.com\/es\/seatrade-2025-saint-vincent-and-the-grenadines-an-island-a-history-a-responsible-future\/#primaryimage\"},\"image\":{\"@id\":\"https:\/\/www.latitude-15.com\/es\/seatrade-2025-saint-vincent-and-the-grenadines-an-island-a-history-a-responsible-future\/#primaryimage\"},\"thumbnailUrl\":\"https:\/\/www.latitude-15.com\/wp-content\/uploads\/2026\/01\/490756840_122227114772230773_1824298446440038340_n.jpg.webp\",\"datePublished\":\"2025-05-20T05:37:00+00:00\",\"dateModified\":\"2026-02-04T05:09:09+00:00\",\"breadcrumb\":{\"@id\":\"https:\/\/www.latitude-15.com\/es\/seatrade-2025-saint-vincent-and-the-grenadines-an-island-a-history-a-responsible-future\/#breadcrumb\"},\"inLanguage\":\"es\",\"potentialAction\":[{\"@type\":\"ReadAction\",\"target\":[\"https:\/\/www.latitude-15.com\/es\/seatrade-2025-saint-vincent-and-the-grenadines-an-island-a-history-a-responsible-future\/\"]}]},{\"@type\":\"ImageObject\",\"inLanguage\":\"es\",\"@id\":\"https:\/\/www.latitude-15.com\/es\/seatrade-2025-saint-vincent-and-the-grenadines-an-island-a-history-a-responsible-future\/#primaryimage\",\"url\":\"https:\/\/www.latitude-15.com\/wp-content\/uploads\/2026\/01\/490756840_122227114772230773_1824298446440038340_n.jpg.webp\",\"contentUrl\":\"https:\/\/www.latitude-15.com\/wp-content\/uploads\/2026\/01\/490756840_122227114772230773_1824298446440038340_n.jpg.webp\",\"width\":1440,\"height\":960},{\"@type\":\"BreadcrumbList\",\"@id\":\"https:\/\/www.latitude-15.com\/es\/seatrade-2025-saint-vincent-and-the-grenadines-an-island-a-history-a-responsible-future\/#breadcrumb\",\"itemListElement\":[{\"@type\":\"ListItem\",\"position\":1,\"name\":\"Home\",\"item\":\"https:\/\/www.latitude-15.com\/es\/inicio\/\"},{\"@type\":\"ListItem\",\"position\":2,\"name\":\"[SEATRADE 2025] Saint Vincent and the Grenadines \u2013 An island, a history, a responsible future\"}]},{\"@type\":\"WebSite\",\"@id\":\"https:\/\/www.latitude-15.com\/es\/#website\",\"url\":\"https:\/\/www.latitude-15.com\/es\/\",\"name\":\"LATITUDE 15\",\"description\":\"Aviation and maritime Magazine - Caribbean &amp; Latin America\",\"publisher\":{\"@id\":\"https:\/\/www.latitude-15.com\/es\/#organization\"},\"potentialAction\":[{\"@type\":\"SearchAction\",\"target\":{\"@type\":\"EntryPoint\",\"urlTemplate\":\"https:\/\/www.latitude-15.com\/es\/?s={search_term_string}\"},\"query-input\":{\"@type\":\"PropertyValueSpecification\",\"valueRequired\":true,\"valueName\":\"search_term_string\"}}],\"inLanguage\":\"es\"},{\"@type\":\"Organization\",\"@id\":\"https:\/\/www.latitude-15.com\/es\/#organization\",\"name\":\"LATITUDE 15\",\"url\":\"https:\/\/www.latitude-15.com\/es\/\",\"logo\":{\"@type\":\"ImageObject\",\"inLanguage\":\"es\",\"@id\":\"https:\/\/www.latitude-15.com\/es\/#\/schema\/logo\/image\/\",\"url\":\"https:\/\/www.latitude-15.com\/wp-content\/uploads\/2026\/01\/cropped-logox500px.png\",\"contentUrl\":\"https:\/\/www.latitude-15.com\/wp-content\/uploads\/2026\/01\/cropped-logox500px.png\",\"width\":62,\"height\":75,\"caption\":\"LATITUDE 15\"},\"image\":{\"@id\":\"https:\/\/www.latitude-15.com\/es\/#\/schema\/logo\/image\/\"}},{\"@type\":\"Person\",\"@id\":\"https:\/\/www.latitude-15.com\/es\/#\/schema\/person\/2a70943507771992ce3316849aa93bdd\",\"name\":\"sabrinalat15\",\"image\":{\"@type\":\"ImageObject\",\"inLanguage\":\"es\",\"@id\":\"https:\/\/www.latitude-15.com\/es\/#\/schema\/person\/image\/\",\"url\":\"https:\/\/secure.gravatar.com\/avatar\/91f5e11872ca6128d75f7bbde22cc384ad142a113b81c554ed87d6d9762f8813?s=96&d=mm&r=g\",\"contentUrl\":\"https:\/\/secure.gravatar.com\/avatar\/91f5e11872ca6128d75f7bbde22cc384ad142a113b81c554ed87d6d9762f8813?s=96&d=mm&r=g\",\"caption\":\"sabrinalat15\"},\"sameAs\":[\"https:\/\/www.latitude-15.com\"],\"url\":\"https:\/\/www.latitude-15.com\/es\/author\/sabrinalat15\/\"}]}<\/script>\n<!-- \/ Yoast SEO plugin. -->","yoast_head_json":{"title":"[SEATRADE 2025] Saint Vincent and the Grenadines \u2013 An island, a history, a responsible future - LATITUDE 15","robots":{"index":"index","follow":"follow","max-snippet":"max-snippet:-1","max-image-preview":"max-image-preview:large","max-video-preview":"max-video-preview:-1"},"canonical":"https:\/\/www.latitude-15.com\/es\/seatrade-2025-saint-vincent-and-the-grenadines-an-island-a-history-a-responsible-future\/","og_locale":"es_ES","og_type":"article","og_title":"[SEATRADE 2025] Saint Vincent and the Grenadines \u2013 An island, a history, a responsible future - LATITUDE 15","og_description":"San Vicente y las Granadinas reafirma su compromiso con la innovaci\u00f3n y la autenticidad Del 8 al 11 de abril de 2025, San Vicente y las Granadinas fue uno de los territorios caribe\u00f1os presentes en Seatrade Cruise Global en Miami, la feria comercial m\u00e1s grande del mundo dedicada a la industria de los cruceros.A trav\u00e9s [&hellip;]","og_url":"https:\/\/www.latitude-15.com\/es\/seatrade-2025-saint-vincent-and-the-grenadines-an-island-a-history-a-responsible-future\/","og_site_name":"LATITUDE 15","article_published_time":"2025-05-20T05:37:00+00:00","article_modified_time":"2026-02-04T05:09:09+00:00","og_image":[{"width":1440,"height":960,"url":"https:\/\/www.latitude-15.com\/wp-content\/uploads\/2026\/01\/490756840_122227114772230773_1824298446440038340_n.jpg.webp","type":"image\/webp"}],"author":"sabrinalat15","twitter_card":"summary_large_image","twitter_misc":{"Escrito por":"sabrinalat15","Tiempo de lectura":"4 minutos"},"schema":{"@context":"https:\/\/schema.org","@graph":[{"@type":"Article","@id":"https:\/\/www.latitude-15.com\/es\/seatrade-2025-saint-vincent-and-the-grenadines-an-island-a-history-a-responsible-future\/#article","isPartOf":{"@id":"https:\/\/www.latitude-15.com\/es\/seatrade-2025-saint-vincent-and-the-grenadines-an-island-a-history-a-responsible-future\/"},"author":{"name":"sabrinalat15","@id":"https:\/\/www.latitude-15.com\/es\/#\/schema\/person\/2a70943507771992ce3316849aa93bdd"},"headline":"[SEATRADE 2025] Saint Vincent and the Grenadines \u2013 An island, a history, a responsible future","datePublished":"2025-05-20T05:37:00+00:00","dateModified":"2026-02-04T05:09:09+00:00","mainEntityOfPage":{"@id":"https:\/\/www.latitude-15.com\/es\/seatrade-2025-saint-vincent-and-the-grenadines-an-island-a-history-a-responsible-future\/"},"wordCount":814,"commentCount":0,"publisher":{"@id":"https:\/\/www.latitude-15.com\/es\/#organization"},"image":{"@id":"https:\/\/www.latitude-15.com\/es\/seatrade-2025-saint-vincent-and-the-grenadines-an-island-a-history-a-responsible-future\/#primaryimage"},"thumbnailUrl":"https:\/\/www.latitude-15.com\/wp-content\/uploads\/2026\/01\/490756840_122227114772230773_1824298446440038340_n.jpg.webp","articleSection":["MAR\u00cdTIMO","Operaciones de cruceros y gesti\u00f3n de la interfaz puerto-ciudad"],"inLanguage":"es","potentialAction":[{"@type":"CommentAction","name":"Comment","target":["https:\/\/www.latitude-15.com\/es\/seatrade-2025-saint-vincent-and-the-grenadines-an-island-a-history-a-responsible-future\/#respond"]}]},{"@type":"WebPage","@id":"https:\/\/www.latitude-15.com\/es\/seatrade-2025-saint-vincent-and-the-grenadines-an-island-a-history-a-responsible-future\/","url":"https:\/\/www.latitude-15.com\/es\/seatrade-2025-saint-vincent-and-the-grenadines-an-island-a-history-a-responsible-future\/","name":"[SEATRADE 2025] Saint Vincent and the Grenadines \u2013 An island, a history, a responsible future - LATITUDE 15","isPartOf":{"@id":"https:\/\/www.latitude-15.com\/es\/#website"},"primaryImageOfPage":{"@id":"https:\/\/www.latitude-15.com\/es\/seatrade-2025-saint-vincent-and-the-grenadines-an-island-a-history-a-responsible-future\/#primaryimage"},"image":{"@id":"https:\/\/www.latitude-15.com\/es\/seatrade-2025-saint-vincent-and-the-grenadines-an-island-a-history-a-responsible-future\/#primaryimage"},"thumbnailUrl":"https:\/\/www.latitude-15.com\/wp-content\/uploads\/2026\/01\/490756840_122227114772230773_1824298446440038340_n.jpg.webp","datePublished":"2025-05-20T05:37:00+00:00","dateModified":"2026-02-04T05:09:09+00:00","breadcrumb":{"@id":"https:\/\/www.latitude-15.com\/es\/seatrade-2025-saint-vincent-and-the-grenadines-an-island-a-history-a-responsible-future\/#breadcrumb"},"inLanguage":"es","potentialAction":[{"@type":"ReadAction","target":["https:\/\/www.latitude-15.com\/es\/seatrade-2025-saint-vincent-and-the-grenadines-an-island-a-history-a-responsible-future\/"]}]},{"@type":"ImageObject","inLanguage":"es","@id":"https:\/\/www.latitude-15.com\/es\/seatrade-2025-saint-vincent-and-the-grenadines-an-island-a-history-a-responsible-future\/#primaryimage","url":"https:\/\/www.latitude-15.com\/wp-content\/uploads\/2026\/01\/490756840_122227114772230773_1824298446440038340_n.jpg.webp","contentUrl":"https:\/\/www.latitude-15.com\/wp-content\/uploads\/2026\/01\/490756840_122227114772230773_1824298446440038340_n.jpg.webp","width":1440,"height":960},{"@type":"BreadcrumbList","@id":"https:\/\/www.latitude-15.com\/es\/seatrade-2025-saint-vincent-and-the-grenadines-an-island-a-history-a-responsible-future\/#breadcrumb","itemListElement":[{"@type":"ListItem","position":1,"name":"Home","item":"https:\/\/www.latitude-15.com\/es\/inicio\/"},{"@type":"ListItem","position":2,"name":"[SEATRADE 2025] Saint Vincent and the Grenadines \u2013 An island, a history, a responsible future"}]},{"@type":"WebSite","@id":"https:\/\/www.latitude-15.com\/es\/#website","url":"https:\/\/www.latitude-15.com\/es\/","name":"LATITUDE 15","description":"Aviation and maritime Magazine - Caribbean &amp; Latin America","publisher":{"@id":"https:\/\/www.latitude-15.com\/es\/#organization"},"potentialAction":[{"@type":"SearchAction","target":{"@type":"EntryPoint","urlTemplate":"https:\/\/www.latitude-15.com\/es\/?s={search_term_string}"},"query-input":{"@type":"PropertyValueSpecification","valueRequired":true,"valueName":"search_term_string"}}],"inLanguage":"es"},{"@type":"Organization","@id":"https:\/\/www.latitude-15.com\/es\/#organization","name":"LATITUDE 15","url":"https:\/\/www.latitude-15.com\/es\/","logo":{"@type":"ImageObject","inLanguage":"es","@id":"https:\/\/www.latitude-15.com\/es\/#\/schema\/logo\/image\/","url":"https:\/\/www.latitude-15.com\/wp-content\/uploads\/2026\/01\/cropped-logox500px.png","contentUrl":"https:\/\/www.latitude-15.com\/wp-content\/uploads\/2026\/01\/cropped-logox500px.png","width":62,"height":75,"caption":"LATITUDE 15"},"image":{"@id":"https:\/\/www.latitude-15.com\/es\/#\/schema\/logo\/image\/"}},{"@type":"Person","@id":"https:\/\/www.latitude-15.com\/es\/#\/schema\/person\/2a70943507771992ce3316849aa93bdd","name":"sabrinalat15","image":{"@type":"ImageObject","inLanguage":"es","@id":"https:\/\/www.latitude-15.com\/es\/#\/schema\/person\/image\/","url":"https:\/\/secure.gravatar.com\/avatar\/91f5e11872ca6128d75f7bbde22cc384ad142a113b81c554ed87d6d9762f8813?s=96&d=mm&r=g","contentUrl":"https:\/\/secure.gravatar.com\/avatar\/91f5e11872ca6128d75f7bbde22cc384ad142a113b81c554ed87d6d9762f8813?s=96&d=mm&r=g","caption":"sabrinalat15"},"sameAs":["https:\/\/www.latitude-15.com"],"url":"https:\/\/www.latitude-15.com\/es\/author\/sabrinalat15\/"}]}},"_links":{"self":[{"href":"https:\/\/www.latitude-15.com\/es\/wp-json\/wp\/v2\/posts\/19717","targetHints":{"allow":["GET"]}}],"collection":[{"href":"https:\/\/www.latitude-15.com\/es\/wp-json\/wp\/v2\/posts"}],"about":[{"href":"https:\/\/www.latitude-15.com\/es\/wp-json\/wp\/v2\/types\/post"}],"author":[{"embeddable":true,"href":"https:\/\/www.latitude-15.com\/es\/wp-json\/wp\/v2\/users\/1"}],"replies":[{"embeddable":true,"href":"https:\/\/www.latitude-15.com\/es\/wp-json\/wp\/v2\/comments?post=19717"}],"version-history":[{"count":1,"href":"https:\/\/www.latitude-15.com\/es\/wp-json\/wp\/v2\/posts\/19717\/revisions"}],"predecessor-version":[{"id":19718,"href":"https:\/\/www.latitude-15.com\/es\/wp-json\/wp\/v2\/posts\/19717\/revisions\/19718"}],"wp:featuredmedia":[{"embeddable":true,"href":"https:\/\/www.latitude-15.com\/es\/wp-json\/wp\/v2\/media\/19716"}],"wp:attachment":[{"href":"https:\/\/www.latitude-15.com\/es\/wp-json\/wp\/v2\/media?parent=19717"}],"wp:term":[{"taxonomy":"category","embeddable":true,"href":"https:\/\/www.latitude-15.com\/es\/wp-json\/wp\/v2\/categories?post=19717"},{"taxonomy":"post_tag","embeddable":true,"href":"https:\/\/www.latitude-15.com\/es\/wp-json\/wp\/v2\/tags?post=19717"}],"curies":[{"name":"wp","href":"https:\/\/api.w.org\/{rel}","templated":true}]}}