{"id":19698,"date":"2025-06-16T01:21:00","date_gmt":"2025-06-16T05:21:00","guid":{"rendered":"https:\/\/www.latitude-15.com\/2025\/06\/16\/conectividad-aerea-interinsular-un-desafio-para-el-turismo-intra-caribeno-sostenible\/"},"modified":"2026-02-04T00:57:12","modified_gmt":"2026-02-04T04:57:12","slug":"conectividad-aerea-interinsular-un-desafio-para-el-turismo-intra-caribeno-sostenible","status":"publish","type":"post","link":"https:\/\/www.latitude-15.com\/es\/conectividad-aerea-interinsular-un-desafio-para-el-turismo-intra-caribeno-sostenible\/","title":{"rendered":"Conectividad a\u00e9rea interinsular: un desaf\u00edo para el turismo intra-caribe\u00f1o sostenible"},"content":{"rendered":"\n<p>La <a href=\"https:\/\/www.autoritedelaconcurrence.fr\/fr\/communiques-de-presse\/transport-aerien-inter-iles-dans-les-caraibes-lautorite-de-la-concurrence\" target=\"_blank\" rel=\"noreferrer noopener\">conectividad a\u00e9rea interinsular<\/a> representa hoy uno de los mayores desaf\u00edos para el desarrollo de un turismo sostenible en la regi\u00f3n del Caribe. Desplazarse entre las islas del <a href=\"https:\/\/richeskarayib.com\/key-figures-for-the-caribbean-climate-resilience\/\" target=\"_blank\" rel=\"noreferrer noopener\">Caribe<\/a> sigue siendo una tarea compleja, a pesar del considerable potencial tur\u00edstico de la regi\u00f3n. Esto es tan cierto para los viajeros internacionales como para los residentes locales, para quienes ir de una isla a otra puede ser una carrera de obst\u00e1culos.  <\/p>\n\n<h2 class=\"wp-block-heading\">El estado actual de la conectividad a\u00e9rea en el Caribe<\/h2>\n\n<p>La industria de las aerol\u00edneas del Caribe ha experimentado profundos cambios en los \u00faltimos a\u00f1os. Jugadores hist\u00f3ricos como Air Antilles y <a href=\"https:\/\/richeskarayib.com\/liat-airlines-revolutionizes-connectivity-blog\/\" target=\"_blank\" rel=\"noreferrer noopener\">LIAT<\/a> han atravesado importantes crisis, y esta \u00faltima incluso fue liquidada en junio de 2020. Esta situaci\u00f3n ha creado una considerable brecha en los servicios interinsulares, que se siente particularmente entre los territorios de habla francesa, inglesa y espa\u00f1ola de la regi\u00f3n.  <\/p>\n\n<p><a href=\"https:\/\/richeskarayib.com\/air-caraibes-to-relaunch-paris-orly-saint-martin\/\" target=\"_blank\" rel=\"noreferrer noopener\">Air Cara\u00efbes<\/a> ahora opera varias rutas, especialmente entre Guadalupe, Martinica y San Mart\u00edn, pero la oferta general sigue siendo insuficiente para satisfacer la demanda. Sin embargo, est\u00e1n surgiendo nuevas iniciativas, como Air Adelphi, que recientemente inaugur\u00f3 un servicio regular que une Martinica con Santa Luc\u00eda y San Vicente y las Granadinas, llenando un vac\u00edo que qued\u00f3 desde 2019. <\/p>\n\n<figure class=\"wp-block-image\"><img decoding=\"async\" data-src=\"https:\/\/richeskarayib.com\/wp-content\/uploads\/2025\/06\/Photo-de-lavion-LIAT-20-1024x1024.jpg\" alt=\"Conectividad a&#xE9;rea interinsular\" src=\"data:image\/svg+xml;base64,PHN2ZyB3aWR0aD0iMSIgaGVpZ2h0PSIxIiB4bWxucz0iaHR0cDovL3d3dy53My5vcmcvMjAwMC9zdmciPjwvc3ZnPg==\" class=\"lazyload\" style=\"--smush-placeholder-width: 1024px; --smush-placeholder-aspect-ratio: 1024\/1024;\" \/><\/figure>\n\n<figure class=\"wp-block-image\"><img decoding=\"async\" data-src=\"https:\/\/richeskarayib.com\/wp-content\/uploads\/2025\/06\/491608436_1083950993772400_6064021638188564504_n.jpg\" alt=\"Conectividad a&#xE9;rea interinsular\" src=\"data:image\/svg+xml;base64,PHN2ZyB3aWR0aD0iMSIgaGVpZ2h0PSIxIiB4bWxucz0iaHR0cDovL3d3dy53My5vcmcvMjAwMC9zdmciPjwvc3ZnPg==\" class=\"lazyload\" \/><\/figure>\n\n<figure class=\"wp-block-image\"><img decoding=\"async\" data-src=\"https:\/\/richeskarayib.com\/wp-content\/uploads\/2025\/06\/481087357_8812912912145892_4651711194491956989_n-1024x576.jpg\" alt=\"Conectividad a&#xE9;rea interinsular\" src=\"data:image\/svg+xml;base64,PHN2ZyB3aWR0aD0iMSIgaGVpZ2h0PSIxIiB4bWxucz0iaHR0cDovL3d3dy53My5vcmcvMjAwMC9zdmciPjwvc3ZnPg==\" class=\"lazyload\" style=\"--smush-placeholder-width: 1024px; --smush-placeholder-aspect-ratio: 1024\/576;\" \/><\/figure>\n\n<figure class=\"wp-block-image\"><img decoding=\"async\" data-src=\"https:\/\/richeskarayib.com\/wp-content\/uploads\/2025\/06\/469121732_122203730972224615_4099195562668015926_n.jpg\" alt=\"Conectividad a&#xE9;rea interinsular\" src=\"data:image\/svg+xml;base64,PHN2ZyB3aWR0aD0iMSIgaGVpZ2h0PSIxIiB4bWxucz0iaHR0cDovL3d3dy53My5vcmcvMjAwMC9zdmciPjwvc3ZnPg==\" class=\"lazyload\" \/><\/figure>\n\n<h2 class=\"wp-block-heading\">Barreras estructurales para la conectividad interinsular<\/h2>\n\n<p>Varios factores explican la dificultad de establecer una red a\u00e9rea coherente en el Caribe. En primer lugar, la fragmentaci\u00f3n pol\u00edtica y ling\u00fc\u00edstica de la regi\u00f3n, con territorios bajo diferentes jurisdicciones (departamentos franceses, territorios brit\u00e1nicos, estados independientes), complica la armonizaci\u00f3n de las regulaciones de aviaci\u00f3n. <\/p>\n\n<p>En segundo lugar, el modesto tama\u00f1o de los mercados insulares dificulta la rentabilidad de las rutas a\u00e9reas. Esta fr\u00e1gil realidad econ\u00f3mica, basada esencialmente en el turismo y orientada hacia el mundo exterior en lugar del comercio intrarregional, es un obst\u00e1culo importante para una conectividad a\u00e9rea interinsular eficiente. <\/p>\n\n<h2 class=\"wp-block-heading\">Los desaf\u00edos econ\u00f3micos de la conectividad a\u00e9rea interinsular<\/h2>\n\n<p>La <a href=\"https:\/\/www.transports-express-caraibes.fr\/blog\/intercaribbean-connectivite-caraibes\/\" target=\"_blank\" rel=\"noreferrer noopener\">conectividad a\u00e9rea interinsular<\/a> desempe\u00f1a un papel crucial en el desarrollo econ\u00f3mico del Caribe. Cada vuelo directo entre dos islas representa una puerta abierta a nuevas oportunidades tur\u00edsticas y comerciales. Una mejor conectividad permitir\u00eda capitalizar las caracter\u00edsticas espec\u00edficas de cada territorio y promover las riquezas gastron\u00f3micas y culturales propias de cada isla.  <\/p>\n\n<p>El impacto econ\u00f3mico potencial es considerable: el sector a\u00e9reo representa actualmente el 3,6% del PIB regional, sustenta 8,3 millones de empleos directos e indirectos y genera 240.000 millones de d\u00f3lares. Mejorar la conectividad a\u00e9rea interinsular podr\u00eda impulsar significativamente estas cifras al facilitar el movimiento de turistas y profesionales por toda la regi\u00f3n. <\/p>\n\n<figure class=\"wp-block-image\"><img decoding=\"async\" data-src=\"https:\/\/richeskarayib.com\/wp-content\/uploads\/2025\/06\/intercaribbean-ATR-72.jpg\" alt=\"Conectividad a&#xE9;rea interinsular\" src=\"data:image\/svg+xml;base64,PHN2ZyB3aWR0aD0iMSIgaGVpZ2h0PSIxIiB4bWxucz0iaHR0cDovL3d3dy53My5vcmcvMjAwMC9zdmciPjwvc3ZnPg==\" class=\"lazyload\" \/><\/figure>\n\n<h2 class=\"wp-block-heading\">El potencial sin explotar del turismo multidestino<\/h2>\n\n<p>Uno de los grandes potenciales sin explotar del Caribe reside en el turismo multidestino. En la actualidad, la mayor\u00eda de los visitantes limitan su estancia a una sola isla, debido a la falta de conexiones a\u00e9reas convenientes y asequibles entre los territorios. Sin embargo, la diversidad cultural, natural e hist\u00f3rica del archipi\u00e9lago es un activo importante que podr\u00eda explotarse mejor a trav\u00e9s de circuitos por varias islas.  <\/p>\n\n<p>Iniciativas como la alianza CARIBSKY, que antes agrupaba a Air Antilles, Winair y LIAT, ten\u00edan como objetivo facilitar este tipo de turismo ofreciendo un \u201cbillete de ida al Caribe\u201d. Aunque este proyecto espec\u00edfico se vio comprometido por las dificultades de las aerol\u00edneas participantes, la idea sigue siendo relevante. <\/p>\n\n<h2 class=\"wp-block-heading\">Hacia una aviaci\u00f3n sostenible en el Caribe<\/h2>\n\n<p>Ante los desaf\u00edos ambientales, la aviaci\u00f3n caribe\u00f1a est\u00e1 haciendo gradualmente la transici\u00f3n hacia pr\u00e1cticas m\u00e1s sostenibles. Las aerol\u00edneas de la regi\u00f3n han reducido su consumo de combustible por pasajero-kil\u00f3metro en un 28% desde 2011, gracias a la renovaci\u00f3n de la flota y a la mejora de la eficiencia operativa. <\/p>\n\n<p>Iniciativas como la certificaci\u00f3n Green Pilot\u00ae reconocen los esfuerzos de las aerol\u00edneas que desarrollan programas s\u00f3lidos de reducci\u00f3n de carbono en sus operaciones. Esta transici\u00f3n hacia una aviaci\u00f3n m\u00e1s ecol\u00f3gica es esencial para garantizar que la mejora de la conectividad a\u00e9rea interinsular no se produzca a expensas del fr\u00e1gil medio ambiente de las islas del Caribe. <\/p>\n\n<figure class=\"wp-block-image\"><img decoding=\"async\" data-src=\"https:\/\/richeskarayib.com\/wp-content\/uploads\/2025\/06\/481157851_18374389963184649_9061784651255151818_n-819x1024.jpg\" alt=\"connectivit&#xE9; a&#xE9;rienne inter-&#xEE;les\" src=\"data:image\/svg+xml;base64,PHN2ZyB3aWR0aD0iMSIgaGVpZ2h0PSIxIiB4bWxucz0iaHR0cDovL3d3dy53My5vcmcvMjAwMC9zdmciPjwvc3ZnPg==\" class=\"lazyload\" style=\"--smush-placeholder-width: 819px; --smush-placeholder-aspect-ratio: 819\/1024;\" \/><\/figure>\n\n<h3 class=\"wp-block-heading\"><strong>El desaf\u00edo de los costes operativos y la rentabilidad<\/strong><\/h3>\n\n<p>Uno de los principales obst\u00e1culos para la conectividad a\u00e9rea interinsular sigue siendo la debilidad del modelo de negocio. Las aerol\u00edneas regionales se enfrentan a altos costes fijos (salarios, mantenimiento, tasas aeroportuarias), que no son sensibles al volumen de pasajeros. Las tarifas de los vuelos var\u00edan de 50 a 150 euros por trayecto, lo que representa un verdadero obst\u00e1culo para los residentes, especialmente en las zonas con bajo poder adquisitivo.  <\/p>\n\n<p>Un viaje de ida y vuelta entre dos islas puede equivaler a varios d\u00edas de salario para un trabajador local. Por el contrario, algunos cruces mar\u00edtimos muy cortos siguen siendo asequibles, con un coste de entre 8 y 15 euros. Pero estas conexiones son limitadas. Esta situaci\u00f3n dificulta la movilidad intrarregional y dificulta el desarrollo de un turismo multidestino sostenible en el Caribe.   <\/p>\n\n<h2 class=\"wp-block-heading\">Iniciativas y asociaciones para mejorar la conectividad regional<\/h2>\n\n<p>Ante los desaf\u00edos econ\u00f3micos y log\u00edsticos, las alianzas de aerol\u00edneas est\u00e1n surgiendo como una soluci\u00f3n prometedora. Est\u00e1n surgiendo nuevas colaboraciones, como la asociaci\u00f3n entre Winair y Air Cara\u00efbes, o la expansi\u00f3n de redes como InterCaribbean Airways. Estas iniciativas tienen como objetivo mejorar la conectividad a\u00e9rea interinsular mediante la puesta en com\u00fan de recursos.  <\/p>\n\n<p>Los gobiernos y las organizaciones regionales tienen un papel crucial que desempe\u00f1ar. El Banco Mundial est\u00e1 contribuyendo a este esfuerzo con proyectos como el \u201cProyecto de Conectividad del Transporte A\u00e9reo Regional del Caribe\u201d, que ha concedido 159 millones de d\u00f3lares a varios pa\u00edses para mejorar la seguridad del transporte a\u00e9reo y la resiliencia de la infraestructura aeroportuaria. <\/p>\n\n<h2 class=\"wp-block-heading\">Perspectivas de futuro para la conectividad a\u00e9rea interinsular<\/h2>\n\n<p>El futuro de la conectividad a\u00e9rea interinsular en el Caribe implicar\u00e1 necesariamente soluciones innovadoras. Empresas como Air Inter \u00celes est\u00e1n desarrollando nuevos servicios de transporte premium con aviones adaptados a distancias cortas, como el <a href=\"https:\/\/www.aerovfr.com\/2024\/08\/p2012-stol-a-saint-barth\/\" target=\"_blank\" rel=\"noreferrer noopener\">TECNAM P2012 STOL<\/a>. <\/p>\n\n<p>Las tecnolog\u00edas digitales tambi\u00e9n ofrecen perspectivas interesantes, con plataformas de reserva integradas que facilitan la combinaci\u00f3n de diferentes segmentos de vuelo entre aerol\u00edneas asociadas.<\/p>\n\n<figure class=\"wp-block-image\"><img decoding=\"async\" data-src=\"https:\/\/richeskarayib.com\/wp-content\/uploads\/2025\/06\/Barth2.webp\" alt=\"Conectividad a&#xE9;rea interinsular\" class=\"wp-image-54571 lazyload\" src=\"data:image\/svg+xml;base64,PHN2ZyB3aWR0aD0iMSIgaGVpZ2h0PSIxIiB4bWxucz0iaHR0cDovL3d3dy53My5vcmcvMjAwMC9zdmciPjwvc3ZnPg==\" \/><figcaption class=\"wp-element-caption\">TECNAM P2012 STOL<\/figcaption><\/figure>\n\n<p>La conectividad a\u00e9rea interinsular representa tanto un gran desaf\u00edo como una tremenda oportunidad para el desarrollo de un turismo sostenible en el Caribe. Los obst\u00e1culos son muchos: fragmentaci\u00f3n pol\u00edtica, dificultades econ\u00f3micas para las aerol\u00edneas, altos costes operativos y desaf\u00edos ambientales. <\/p>\n\n<p>Lo que est\u00e1 en juego es mucho: el objetivo no es solo facilitar los viajes a los turistas y a los residentes locales, sino tambi\u00e9n crear las condiciones para un desarrollo econ\u00f3mico m\u00e1s equilibrado y respetuoso con el medio ambiente en toda la regi\u00f3n. Al fortalecer las conexiones a\u00e9reas entre las islas, puede surgir un modelo de turismo m\u00e1s inclusivo y sostenible, que mejore la riqueza y la diversidad de cada territorio al tiempo que promueve una mayor cohesi\u00f3n regional. <\/p>\n","protected":false},"excerpt":{"rendered":"<p>La conectividad a\u00e9rea interinsular representa hoy uno de los mayores desaf\u00edos para el desarrollo de un turismo sostenible en la regi\u00f3n del Caribe. Desplazarse entre las islas del Caribe sigue siendo una tarea compleja, a pesar del considerable potencial tur\u00edstico de la regi\u00f3n. Esto es tan cierto para los viajeros internacionales como para los residentes [&hellip;]<\/p>\n","protected":false},"author":1,"featured_media":0,"comment_status":"open","ping_status":"open","sticky":false,"template":"","format":"standard","meta":{"footnotes":""},"categories":[105,102,108,114],"tags":[],"class_list":["post-19698","post","type-post","status-publish","format-standard","hentry","category-aeropuertos-e-infraestructura","category-conectividad-aerea-y-desarrollo-de-rutas","category-ingresos-comerciales-y-no-aeronauticos","category-sostenibilidad-y-transicion-energetica"],"yoast_head":"<!-- This site is optimized with the Yoast SEO plugin v26.9 - https:\/\/yoast.com\/product\/yoast-seo-wordpress\/ -->\n<title>Conectividad a\u00e9rea interinsular: un desaf\u00edo para el turismo intra-caribe\u00f1o sostenible - LATITUDE 15<\/title>\n<meta name=\"robots\" content=\"index, follow, max-snippet:-1, max-image-preview:large, max-video-preview:-1\" \/>\n<link rel=\"canonical\" href=\"https:\/\/www.latitude-15.com\/es\/conectividad-aerea-interinsular-un-desafio-para-el-turismo-intra-caribeno-sostenible\/\" \/>\n<meta property=\"og:locale\" content=\"es_ES\" \/>\n<meta property=\"og:type\" content=\"article\" \/>\n<meta property=\"og:title\" content=\"Conectividad a\u00e9rea interinsular: un desaf\u00edo para el turismo intra-caribe\u00f1o sostenible - LATITUDE 15\" \/>\n<meta property=\"og:description\" content=\"La conectividad a\u00e9rea interinsular representa hoy uno de los mayores desaf\u00edos para el desarrollo de un turismo sostenible en la regi\u00f3n del Caribe. Desplazarse entre las islas del Caribe sigue siendo una tarea compleja, a pesar del considerable potencial tur\u00edstico de la regi\u00f3n. Esto es tan cierto para los viajeros internacionales como para los residentes [&hellip;]\" \/>\n<meta property=\"og:url\" content=\"https:\/\/www.latitude-15.com\/es\/conectividad-aerea-interinsular-un-desafio-para-el-turismo-intra-caribeno-sostenible\/\" \/>\n<meta property=\"og:site_name\" content=\"LATITUDE 15\" \/>\n<meta property=\"article:published_time\" content=\"2025-06-16T05:21:00+00:00\" \/>\n<meta property=\"article:modified_time\" content=\"2026-02-04T04:57:12+00:00\" \/>\n<meta property=\"og:image\" content=\"https:\/\/www.latitude-15.com\/wp-content\/uploads\/2026\/01\/wmremove-transformed.jpeg.webp\" \/>\n\t<meta property=\"og:image:width\" content=\"1920\" \/>\n\t<meta property=\"og:image:height\" content=\"823\" \/>\n\t<meta property=\"og:image:type\" content=\"image\/webp\" \/>\n<meta name=\"author\" content=\"sabrinalat15\" \/>\n<meta name=\"twitter:card\" content=\"summary_large_image\" \/>\n<meta name=\"twitter:label1\" content=\"Escrito por\" \/>\n\t<meta name=\"twitter:data1\" content=\"sabrinalat15\" \/>\n\t<meta name=\"twitter:label2\" content=\"Tiempo de lectura\" \/>\n\t<meta name=\"twitter:data2\" content=\"6 minutos\" \/>\n<script type=\"application\/ld+json\" class=\"yoast-schema-graph\">{\"@context\":\"https:\/\/schema.org\",\"@graph\":[{\"@type\":\"Article\",\"@id\":\"https:\/\/www.latitude-15.com\/es\/conectividad-aerea-interinsular-un-desafio-para-el-turismo-intra-caribeno-sostenible\/#article\",\"isPartOf\":{\"@id\":\"https:\/\/www.latitude-15.com\/es\/conectividad-aerea-interinsular-un-desafio-para-el-turismo-intra-caribeno-sostenible\/\"},\"author\":{\"name\":\"sabrinalat15\",\"@id\":\"https:\/\/www.latitude-15.com\/es\/#\/schema\/person\/2a70943507771992ce3316849aa93bdd\"},\"headline\":\"Conectividad a\u00e9rea interinsular: un desaf\u00edo para el turismo intra-caribe\u00f1o sostenible\",\"datePublished\":\"2025-06-16T05:21:00+00:00\",\"dateModified\":\"2026-02-04T04:57:12+00:00\",\"mainEntityOfPage\":{\"@id\":\"https:\/\/www.latitude-15.com\/es\/conectividad-aerea-interinsular-un-desafio-para-el-turismo-intra-caribeno-sostenible\/\"},\"wordCount\":1223,\"commentCount\":0,\"publisher\":{\"@id\":\"https:\/\/www.latitude-15.com\/es\/#organization\"},\"image\":{\"@id\":\"https:\/\/www.latitude-15.com\/es\/conectividad-aerea-interinsular-un-desafio-para-el-turismo-intra-caribeno-sostenible\/#primaryimage\"},\"thumbnailUrl\":\"https:\/\/richeskarayib.com\/wp-content\/uploads\/2025\/06\/Photo-de-lavion-LIAT-20-1024x1024.jpg\",\"articleSection\":[\"Aeropuertos e infraestructura\",\"Conectividad a\u00e9rea y Atractivo territorial\",\"Ingresos comerciales y no aeron\u00e1uticos\",\"Sostenibilidad y transici\u00f3n energ\u00e9tica\"],\"inLanguage\":\"es\",\"potentialAction\":[{\"@type\":\"CommentAction\",\"name\":\"Comment\",\"target\":[\"https:\/\/www.latitude-15.com\/es\/conectividad-aerea-interinsular-un-desafio-para-el-turismo-intra-caribeno-sostenible\/#respond\"]}]},{\"@type\":\"WebPage\",\"@id\":\"https:\/\/www.latitude-15.com\/es\/conectividad-aerea-interinsular-un-desafio-para-el-turismo-intra-caribeno-sostenible\/\",\"url\":\"https:\/\/www.latitude-15.com\/es\/conectividad-aerea-interinsular-un-desafio-para-el-turismo-intra-caribeno-sostenible\/\",\"name\":\"Conectividad a\u00e9rea interinsular: un desaf\u00edo para el turismo intra-caribe\u00f1o sostenible - LATITUDE 15\",\"isPartOf\":{\"@id\":\"https:\/\/www.latitude-15.com\/es\/#website\"},\"primaryImageOfPage\":{\"@id\":\"https:\/\/www.latitude-15.com\/es\/conectividad-aerea-interinsular-un-desafio-para-el-turismo-intra-caribeno-sostenible\/#primaryimage\"},\"image\":{\"@id\":\"https:\/\/www.latitude-15.com\/es\/conectividad-aerea-interinsular-un-desafio-para-el-turismo-intra-caribeno-sostenible\/#primaryimage\"},\"thumbnailUrl\":\"https:\/\/richeskarayib.com\/wp-content\/uploads\/2025\/06\/Photo-de-lavion-LIAT-20-1024x1024.jpg\",\"datePublished\":\"2025-06-16T05:21:00+00:00\",\"dateModified\":\"2026-02-04T04:57:12+00:00\",\"breadcrumb\":{\"@id\":\"https:\/\/www.latitude-15.com\/es\/conectividad-aerea-interinsular-un-desafio-para-el-turismo-intra-caribeno-sostenible\/#breadcrumb\"},\"inLanguage\":\"es\",\"potentialAction\":[{\"@type\":\"ReadAction\",\"target\":[\"https:\/\/www.latitude-15.com\/es\/conectividad-aerea-interinsular-un-desafio-para-el-turismo-intra-caribeno-sostenible\/\"]}]},{\"@type\":\"ImageObject\",\"inLanguage\":\"es\",\"@id\":\"https:\/\/www.latitude-15.com\/es\/conectividad-aerea-interinsular-un-desafio-para-el-turismo-intra-caribeno-sostenible\/#primaryimage\",\"url\":\"https:\/\/richeskarayib.com\/wp-content\/uploads\/2025\/06\/Photo-de-lavion-LIAT-20-1024x1024.jpg\",\"contentUrl\":\"https:\/\/richeskarayib.com\/wp-content\/uploads\/2025\/06\/Photo-de-lavion-LIAT-20-1024x1024.jpg\"},{\"@type\":\"BreadcrumbList\",\"@id\":\"https:\/\/www.latitude-15.com\/es\/conectividad-aerea-interinsular-un-desafio-para-el-turismo-intra-caribeno-sostenible\/#breadcrumb\",\"itemListElement\":[{\"@type\":\"ListItem\",\"position\":1,\"name\":\"Home\",\"item\":\"https:\/\/www.latitude-15.com\/es\/inicio\/\"},{\"@type\":\"ListItem\",\"position\":2,\"name\":\"Conectividad a\u00e9rea interinsular: un desaf\u00edo para el turismo intra-caribe\u00f1o sostenible\"}]},{\"@type\":\"WebSite\",\"@id\":\"https:\/\/www.latitude-15.com\/es\/#website\",\"url\":\"https:\/\/www.latitude-15.com\/es\/\",\"name\":\"LATITUDE 15\",\"description\":\"Aviation and maritime Magazine - Caribbean &amp; Latin America\",\"publisher\":{\"@id\":\"https:\/\/www.latitude-15.com\/es\/#organization\"},\"potentialAction\":[{\"@type\":\"SearchAction\",\"target\":{\"@type\":\"EntryPoint\",\"urlTemplate\":\"https:\/\/www.latitude-15.com\/es\/?s={search_term_string}\"},\"query-input\":{\"@type\":\"PropertyValueSpecification\",\"valueRequired\":true,\"valueName\":\"search_term_string\"}}],\"inLanguage\":\"es\"},{\"@type\":\"Organization\",\"@id\":\"https:\/\/www.latitude-15.com\/es\/#organization\",\"name\":\"LATITUDE 15\",\"url\":\"https:\/\/www.latitude-15.com\/es\/\",\"logo\":{\"@type\":\"ImageObject\",\"inLanguage\":\"es\",\"@id\":\"https:\/\/www.latitude-15.com\/es\/#\/schema\/logo\/image\/\",\"url\":\"https:\/\/www.latitude-15.com\/wp-content\/uploads\/2026\/01\/cropped-logox500px.png\",\"contentUrl\":\"https:\/\/www.latitude-15.com\/wp-content\/uploads\/2026\/01\/cropped-logox500px.png\",\"width\":62,\"height\":75,\"caption\":\"LATITUDE 15\"},\"image\":{\"@id\":\"https:\/\/www.latitude-15.com\/es\/#\/schema\/logo\/image\/\"}},{\"@type\":\"Person\",\"@id\":\"https:\/\/www.latitude-15.com\/es\/#\/schema\/person\/2a70943507771992ce3316849aa93bdd\",\"name\":\"sabrinalat15\",\"image\":{\"@type\":\"ImageObject\",\"inLanguage\":\"es\",\"@id\":\"https:\/\/www.latitude-15.com\/es\/#\/schema\/person\/image\/\",\"url\":\"https:\/\/secure.gravatar.com\/avatar\/91f5e11872ca6128d75f7bbde22cc384ad142a113b81c554ed87d6d9762f8813?s=96&d=mm&r=g\",\"contentUrl\":\"https:\/\/secure.gravatar.com\/avatar\/91f5e11872ca6128d75f7bbde22cc384ad142a113b81c554ed87d6d9762f8813?s=96&d=mm&r=g\",\"caption\":\"sabrinalat15\"},\"sameAs\":[\"https:\/\/www.latitude-15.com\"],\"url\":\"https:\/\/www.latitude-15.com\/es\/author\/sabrinalat15\/\"}]}<\/script>\n<!-- \/ Yoast SEO plugin. -->","yoast_head_json":{"title":"Conectividad a\u00e9rea interinsular: un desaf\u00edo para el turismo intra-caribe\u00f1o sostenible - LATITUDE 15","robots":{"index":"index","follow":"follow","max-snippet":"max-snippet:-1","max-image-preview":"max-image-preview:large","max-video-preview":"max-video-preview:-1"},"canonical":"https:\/\/www.latitude-15.com\/es\/conectividad-aerea-interinsular-un-desafio-para-el-turismo-intra-caribeno-sostenible\/","og_locale":"es_ES","og_type":"article","og_title":"Conectividad a\u00e9rea interinsular: un desaf\u00edo para el turismo intra-caribe\u00f1o sostenible - LATITUDE 15","og_description":"La conectividad a\u00e9rea interinsular representa hoy uno de los mayores desaf\u00edos para el desarrollo de un turismo sostenible en la regi\u00f3n del Caribe. Desplazarse entre las islas del Caribe sigue siendo una tarea compleja, a pesar del considerable potencial tur\u00edstico de la regi\u00f3n. Esto es tan cierto para los viajeros internacionales como para los residentes [&hellip;]","og_url":"https:\/\/www.latitude-15.com\/es\/conectividad-aerea-interinsular-un-desafio-para-el-turismo-intra-caribeno-sostenible\/","og_site_name":"LATITUDE 15","article_published_time":"2025-06-16T05:21:00+00:00","article_modified_time":"2026-02-04T04:57:12+00:00","og_image":[{"width":1920,"height":823,"url":"https:\/\/www.latitude-15.com\/wp-content\/uploads\/2026\/01\/wmremove-transformed.jpeg.webp","type":"image\/webp"}],"author":"sabrinalat15","twitter_card":"summary_large_image","twitter_misc":{"Escrito por":"sabrinalat15","Tiempo de lectura":"6 minutos"},"schema":{"@context":"https:\/\/schema.org","@graph":[{"@type":"Article","@id":"https:\/\/www.latitude-15.com\/es\/conectividad-aerea-interinsular-un-desafio-para-el-turismo-intra-caribeno-sostenible\/#article","isPartOf":{"@id":"https:\/\/www.latitude-15.com\/es\/conectividad-aerea-interinsular-un-desafio-para-el-turismo-intra-caribeno-sostenible\/"},"author":{"name":"sabrinalat15","@id":"https:\/\/www.latitude-15.com\/es\/#\/schema\/person\/2a70943507771992ce3316849aa93bdd"},"headline":"Conectividad a\u00e9rea interinsular: un desaf\u00edo para el turismo intra-caribe\u00f1o sostenible","datePublished":"2025-06-16T05:21:00+00:00","dateModified":"2026-02-04T04:57:12+00:00","mainEntityOfPage":{"@id":"https:\/\/www.latitude-15.com\/es\/conectividad-aerea-interinsular-un-desafio-para-el-turismo-intra-caribeno-sostenible\/"},"wordCount":1223,"commentCount":0,"publisher":{"@id":"https:\/\/www.latitude-15.com\/es\/#organization"},"image":{"@id":"https:\/\/www.latitude-15.com\/es\/conectividad-aerea-interinsular-un-desafio-para-el-turismo-intra-caribeno-sostenible\/#primaryimage"},"thumbnailUrl":"https:\/\/richeskarayib.com\/wp-content\/uploads\/2025\/06\/Photo-de-lavion-LIAT-20-1024x1024.jpg","articleSection":["Aeropuertos e infraestructura","Conectividad a\u00e9rea y Atractivo territorial","Ingresos comerciales y no aeron\u00e1uticos","Sostenibilidad y transici\u00f3n energ\u00e9tica"],"inLanguage":"es","potentialAction":[{"@type":"CommentAction","name":"Comment","target":["https:\/\/www.latitude-15.com\/es\/conectividad-aerea-interinsular-un-desafio-para-el-turismo-intra-caribeno-sostenible\/#respond"]}]},{"@type":"WebPage","@id":"https:\/\/www.latitude-15.com\/es\/conectividad-aerea-interinsular-un-desafio-para-el-turismo-intra-caribeno-sostenible\/","url":"https:\/\/www.latitude-15.com\/es\/conectividad-aerea-interinsular-un-desafio-para-el-turismo-intra-caribeno-sostenible\/","name":"Conectividad a\u00e9rea interinsular: un desaf\u00edo para el turismo intra-caribe\u00f1o sostenible - LATITUDE 15","isPartOf":{"@id":"https:\/\/www.latitude-15.com\/es\/#website"},"primaryImageOfPage":{"@id":"https:\/\/www.latitude-15.com\/es\/conectividad-aerea-interinsular-un-desafio-para-el-turismo-intra-caribeno-sostenible\/#primaryimage"},"image":{"@id":"https:\/\/www.latitude-15.com\/es\/conectividad-aerea-interinsular-un-desafio-para-el-turismo-intra-caribeno-sostenible\/#primaryimage"},"thumbnailUrl":"https:\/\/richeskarayib.com\/wp-content\/uploads\/2025\/06\/Photo-de-lavion-LIAT-20-1024x1024.jpg","datePublished":"2025-06-16T05:21:00+00:00","dateModified":"2026-02-04T04:57:12+00:00","breadcrumb":{"@id":"https:\/\/www.latitude-15.com\/es\/conectividad-aerea-interinsular-un-desafio-para-el-turismo-intra-caribeno-sostenible\/#breadcrumb"},"inLanguage":"es","potentialAction":[{"@type":"ReadAction","target":["https:\/\/www.latitude-15.com\/es\/conectividad-aerea-interinsular-un-desafio-para-el-turismo-intra-caribeno-sostenible\/"]}]},{"@type":"ImageObject","inLanguage":"es","@id":"https:\/\/www.latitude-15.com\/es\/conectividad-aerea-interinsular-un-desafio-para-el-turismo-intra-caribeno-sostenible\/#primaryimage","url":"https:\/\/richeskarayib.com\/wp-content\/uploads\/2025\/06\/Photo-de-lavion-LIAT-20-1024x1024.jpg","contentUrl":"https:\/\/richeskarayib.com\/wp-content\/uploads\/2025\/06\/Photo-de-lavion-LIAT-20-1024x1024.jpg"},{"@type":"BreadcrumbList","@id":"https:\/\/www.latitude-15.com\/es\/conectividad-aerea-interinsular-un-desafio-para-el-turismo-intra-caribeno-sostenible\/#breadcrumb","itemListElement":[{"@type":"ListItem","position":1,"name":"Home","item":"https:\/\/www.latitude-15.com\/es\/inicio\/"},{"@type":"ListItem","position":2,"name":"Conectividad a\u00e9rea interinsular: un desaf\u00edo para el turismo intra-caribe\u00f1o sostenible"}]},{"@type":"WebSite","@id":"https:\/\/www.latitude-15.com\/es\/#website","url":"https:\/\/www.latitude-15.com\/es\/","name":"LATITUDE 15","description":"Aviation and maritime Magazine - Caribbean &amp; Latin America","publisher":{"@id":"https:\/\/www.latitude-15.com\/es\/#organization"},"potentialAction":[{"@type":"SearchAction","target":{"@type":"EntryPoint","urlTemplate":"https:\/\/www.latitude-15.com\/es\/?s={search_term_string}"},"query-input":{"@type":"PropertyValueSpecification","valueRequired":true,"valueName":"search_term_string"}}],"inLanguage":"es"},{"@type":"Organization","@id":"https:\/\/www.latitude-15.com\/es\/#organization","name":"LATITUDE 15","url":"https:\/\/www.latitude-15.com\/es\/","logo":{"@type":"ImageObject","inLanguage":"es","@id":"https:\/\/www.latitude-15.com\/es\/#\/schema\/logo\/image\/","url":"https:\/\/www.latitude-15.com\/wp-content\/uploads\/2026\/01\/cropped-logox500px.png","contentUrl":"https:\/\/www.latitude-15.com\/wp-content\/uploads\/2026\/01\/cropped-logox500px.png","width":62,"height":75,"caption":"LATITUDE 15"},"image":{"@id":"https:\/\/www.latitude-15.com\/es\/#\/schema\/logo\/image\/"}},{"@type":"Person","@id":"https:\/\/www.latitude-15.com\/es\/#\/schema\/person\/2a70943507771992ce3316849aa93bdd","name":"sabrinalat15","image":{"@type":"ImageObject","inLanguage":"es","@id":"https:\/\/www.latitude-15.com\/es\/#\/schema\/person\/image\/","url":"https:\/\/secure.gravatar.com\/avatar\/91f5e11872ca6128d75f7bbde22cc384ad142a113b81c554ed87d6d9762f8813?s=96&d=mm&r=g","contentUrl":"https:\/\/secure.gravatar.com\/avatar\/91f5e11872ca6128d75f7bbde22cc384ad142a113b81c554ed87d6d9762f8813?s=96&d=mm&r=g","caption":"sabrinalat15"},"sameAs":["https:\/\/www.latitude-15.com"],"url":"https:\/\/www.latitude-15.com\/es\/author\/sabrinalat15\/"}]}},"_links":{"self":[{"href":"https:\/\/www.latitude-15.com\/es\/wp-json\/wp\/v2\/posts\/19698","targetHints":{"allow":["GET"]}}],"collection":[{"href":"https:\/\/www.latitude-15.com\/es\/wp-json\/wp\/v2\/posts"}],"about":[{"href":"https:\/\/www.latitude-15.com\/es\/wp-json\/wp\/v2\/types\/post"}],"author":[{"embeddable":true,"href":"https:\/\/www.latitude-15.com\/es\/wp-json\/wp\/v2\/users\/1"}],"replies":[{"embeddable":true,"href":"https:\/\/www.latitude-15.com\/es\/wp-json\/wp\/v2\/comments?post=19698"}],"version-history":[{"count":2,"href":"https:\/\/www.latitude-15.com\/es\/wp-json\/wp\/v2\/posts\/19698\/revisions"}],"predecessor-version":[{"id":19700,"href":"https:\/\/www.latitude-15.com\/es\/wp-json\/wp\/v2\/posts\/19698\/revisions\/19700"}],"wp:attachment":[{"href":"https:\/\/www.latitude-15.com\/es\/wp-json\/wp\/v2\/media?parent=19698"}],"wp:term":[{"taxonomy":"category","embeddable":true,"href":"https:\/\/www.latitude-15.com\/es\/wp-json\/wp\/v2\/categories?post=19698"},{"taxonomy":"post_tag","embeddable":true,"href":"https:\/\/www.latitude-15.com\/es\/wp-json\/wp\/v2\/tags?post=19698"}],"curies":[{"name":"wp","href":"https:\/\/api.w.org\/{rel}","templated":true}]}}