{"id":19679,"date":"2025-09-22T00:48:22","date_gmt":"2025-09-22T04:48:22","guid":{"rendered":"https:\/\/www.latitude-15.com\/2025\/09\/22\/airline-conference-2025-la-guayana-francesa-acoge-la-segunda-edicion-los-dias-23-y-24-de-octubre\/"},"modified":"2026-02-04T00:44:00","modified_gmt":"2026-02-04T04:44:00","slug":"airline-conference-2025-la-guayana-francesa-acoge-la-segunda-edicion-los-dias-23-y-24-de-octubre","status":"publish","type":"post","link":"https:\/\/www.latitude-15.com\/es\/airline-conference-2025-la-guayana-francesa-acoge-la-segunda-edicion-los-dias-23-y-24-de-octubre\/","title":{"rendered":"Airline Conference 2025: la Guayana Francesa acoge la segunda edici\u00f3n los d\u00edas 23 y 24 de octubre"},"content":{"rendered":"\n<p><a href=\"https:\/\/www.ctguyane.fr\/renforcer-la-connectivite-aerienne-pour-le-developpement-regional\/\" target=\"_blank\" rel=\"noreferrer noopener\">La Airline Conference 2025<\/a> tendr\u00e1 lugar en Cayena, <a href=\"https:\/\/richeskarayib.com\/felix-eboue-made-history-on-august-26-1940\/\" target=\"_blank\" rel=\"noreferrer noopener\">Guayana Francesa<\/a>, los d\u00edas 23 y 24 de octubre. Este evento confirma el compromiso adquirido durante la primera edici\u00f3n en 2024 en Martinica: dar a la Guayana Francesa la responsabilidad de acoger la secuela.<br \/>Esta segunda edici\u00f3n se desarrolla en un contexto marcado por la necesidad de reforzar la conectividad regional, acelerar la transici\u00f3n ecol\u00f3gica y prepararse para el futuro del espacio. La Airline Conference 2025 promete ser un evento estrat\u00e9gico para toda la regi\u00f3n de Antillas-Guayana.  <\/p>\n\n<h2 class=\"wp-block-heading\">Seis talleres preparatorios para sentar las bases de la conferencia<\/h2>\n\n<p>En septiembre, seis talleres preparatorios reunieron a aeropuertos, aerol\u00edneas, autoridades de aviaci\u00f3n, autoridades locales, expertos espaciales y agentes econ\u00f3micos. Estas sesiones de trabajo nos permitieron elaborar un diagn\u00f3stico y esbozar las l\u00edneas principales que estructurar\u00e1n la Airline Conference 2025. <\/p>\n\n<h3 class=\"wp-block-heading\"><strong>1. Conectividad multiescala y empresas emergentes<\/strong><\/h3>\n\n<p>La llegada de nuevos operadores como Caribbean Airlines, el crecimiento de St-Barth Executive y la apertura de rutas espec\u00edficas (a Cap-Ha\u00eftien, por Sunrise) fueron algunos de los aspectos m\u00e1s destacados de los debates. Sin embargo, los participantes hicieron hincapi\u00e9 en el peso del marco regulador europeo, que es m\u00e1s estricto que el de otros pa\u00edses del Caribe, y recordaron que las aerol\u00edneas exigen ahora que se compartan los riesgos con los territorios. <\/p>\n\n<h3 class=\"wp-block-heading\"><strong>2. Gobernanza y rendimiento aeroportuario<\/strong><\/h3>\n\n<p>Una visi\u00f3n comparativa puso de manifiesto la diversidad de modelos de gesti\u00f3n: concesiones en Martinica, Guadalupe y Guayana Francesa, gesti\u00f3n de las autoridades locales en San Bartolom\u00e9 y San Mart\u00edn, y un modelo de empresa estatal en Barbados con un proyecto APP. Los debates convergieron en la necesidad de crear un organismo regional que fuera m\u00e1s t\u00e9cnico que pol\u00edtico, con el fin de reforzar la cooperaci\u00f3n entre las plataformas. <\/p>\n\n<h3 class=\"wp-block-heading\"><strong>3. Capacidades y sinergias aeroespaciales<\/strong><\/h3>\n\n<p>Los preparativos de la Conferencia de Transporte A\u00e9reo de Antillas-Guayana tambi\u00e9n pusieron de manifiesto la urgente necesidad de estructurar un marco de referencia com\u00fan para las profesiones aeroespaciales. Mantenimiento, pilotaje a distancia de drones, ingenier\u00eda espacial: las necesidades son numerosas y estrat\u00e9gicas. La creaci\u00f3n de un cl\u00faster aeroespacial caribe\u00f1o se eligi\u00f3 como herramienta prioritaria para federar rectorados, universidades, el CNES y la ENAC.  <\/p>\n\n<h3 class=\"wp-block-heading\"><strong>4. Transici\u00f3n ecol\u00f3gica y transporte a\u00e9reo sostenible<\/strong><\/h3>\n\n<p>La perspectiva de la COP30 en Brasil marc\u00f3 la pauta de los debates, en los que la reducci\u00f3n de la huella de carbono ocup\u00f3 un lugar central. Air France-KLM detall\u00f3 su estrategia (modernizaci\u00f3n de la flota, 10% de combustibles sostenibles para 2030), mientras que SARA present\u00f3 sus planes para la producci\u00f3n local de biocombustibles. Los aeropuertos de la regi\u00f3n hicieron hincapi\u00e9 en su resistencia al clima y en sus iniciativas de energ\u00edas renovables.<br \/>La creaci\u00f3n de una plataforma de compra conjunta de SAF y el cabildeo conjunto ante la Uni\u00f3n Europea para adaptar el sistema ETS se han identificado como prioridades.  <\/p>\n\n<h3 class=\"wp-block-heading\"><strong>5. Carga, log\u00edstica e integraci\u00f3n regional<\/strong><\/h3>\n\n<p>Las conclusiones son claras: la carga va estructuralmente a la zaga, sobre todo en Cayena. El proyecto EFTI4All se destac\u00f3 como una palanca para digitalizar y simplificar los procedimientos aduaneros. Los participantes subrayaron la importancia de apoyar a las PYME para evitar una brecha digital, y de explotar el potencial de las zonas de libre comercio para impulsar las exportaciones.  <\/p>\n\n<h3 class=\"wp-block-heading\"><strong>6. Financiaci\u00f3n e innovaci\u00f3n<\/strong><\/h3>\n\n<p>El taller puso de manifiesto las dificultades de financiaci\u00f3n de proyectos estrat\u00e9gicos como Flying Whales en la Guayana Francesa, y propuso la creaci\u00f3n de un fondo de inversi\u00f3n regional. Las instituciones financieras (AFD, BPI, SEM patrimoniale, bancos caribe\u00f1os) se identificaron como socios esenciales. Todos los participantes coincidieron en la prioridad de formalizar el cl\u00faster a\u00e9reo y espacial en la Airline Conference 2025.  <\/p>\n\n<figure class=\"wp-block-image\"><img decoding=\"async\" data-src=\"https:\/\/richeskarayib.com\/wp-content\/uploads\/2025\/09\/DeWatermark.ai_1758554412164.jpeg\" alt=\"Airline Conference\" src=\"data:image\/svg+xml;base64,PHN2ZyB3aWR0aD0iMSIgaGVpZ2h0PSIxIiB4bWxucz0iaHR0cDovL3d3dy53My5vcmcvMjAwMC9zdmciPjwvc3ZnPg==\" class=\"lazyload\" \/><\/figure>\n\n<h2 class=\"wp-block-heading\">El programa oficial para los d\u00edas 23 y 24 de octubre de 2025<\/h2>\n\n<p>Las mesas redondas y las sesiones plenarias anunciadas proporcionar\u00e1n un marco concreto para las prioridades que surjan de los talleres preparatorios. El formato de dos d\u00edas permitir\u00e1 a la Airline 2025 Conference pasar de la reflexi\u00f3n estrat\u00e9gica a los compromisos operativos. <\/p>\n\n<h3 class=\"wp-block-heading\"><strong>D\u00eda 1 \u2013 Jueves, 23 de octubre de 2025, Cayena<\/strong><\/h3>\n\n<ul class=\"wp-block-list\">\n<li><strong>\ud83d\udd50 12:30 \u2013 14:00<\/strong> : Almuerzo inaugural.<\/li>\n\n\n\n<li><strong>\ud83d\udd50 14:00 \u2013 16:00<\/strong> : Sesi\u00f3n plenaria de apertura \u2013 Conectar la cuenca: de los enlaces interinsulares a las puertas de enlace internacionales \u2013 hacia un espacio a\u00e9reo integrado Antillas-Guayana \u2013 Plateau des Guyanes.<\/li>\n\n\n\n<li><strong>\ud83d\udd50 16h00 \u2013 18h00 : <\/strong> Mesa redonda 1 \u2013 Del aire al espacio: forjando habilidades e innovaciones para un futuro sostenible y compartido.<\/li>\n\n\n\n<li><strong>\ud83d\udd50 19:00<\/strong>: C\u00f3ctel de bienvenida.<\/li>\n<\/ul>\n\n<h3 class=\"wp-block-heading\"><strong>D\u00eda 2 \u2013 Viernes, 24 de octubre de 2025<\/strong><\/h3>\n\n<ul class=\"wp-block-list\">\n<li><strong>\ud83d\udd50 09h00 \u2013 09h45<\/strong> : Sesi\u00f3n plenaria de apertura.<\/li>\n\n\n\n<li><strong>\ud83d\udd50 10h00 \u2013 12h00 : <\/strong> Mesa redonda 2 \u2013 Centros aeroportuarios: motores de la competitividad y la cooperaci\u00f3n regional.<\/li>\n\n\n\n<li><strong>\ud83d\udd50 12h00 \u2013 13h30 : <\/strong> Almuerzo.<\/li>\n\n\n\n<li><strong>\ud83d\udd50 13:30 \u2013 15:00<\/strong> : Mesa redonda 3 \u2013 Carga y log\u00edstica: construyendo las cadenas de valor del ma\u00f1ana en el Escudo Guayan\u00e9s y el Gran Caribe.<\/li>\n\n\n\n<li><strong>\ud83d\udd50 15:30 \u2013 17:30<\/strong> : Mesa redonda 4 \u2013 Invertir en el transporte a\u00e9reo: financiaci\u00f3n y asociaciones para un crecimiento sostenido.<\/li>\n\n\n\n<li>\ud83d\udd50 <strong>17:30 \u2013 18:00<\/strong>: Sesi\u00f3n plenaria de clausura.<\/li>\n<\/ul>\n\n<figure class=\"wp-block-image\"><img decoding=\"async\" data-src=\"https:\/\/richeskarayib.com\/wp-content\/uploads\/2025\/09\/CTG-Invitat_CONF_AERIEN_BASSIN-AG_23-24-OCT-2025_page-0001-1024x1024.jpg\" alt=\"Airline Conference\" src=\"data:image\/svg+xml;base64,PHN2ZyB3aWR0aD0iMSIgaGVpZ2h0PSIxIiB4bWxucz0iaHR0cDovL3d3dy53My5vcmcvMjAwMC9zdmciPjwvc3ZnPg==\" class=\"lazyload\" style=\"--smush-placeholder-width: 1024px; --smush-placeholder-aspect-ratio: 1024\/1024;\" \/><\/figure>\n\n<figure class=\"wp-block-image\"><img decoding=\"async\" data-src=\"https:\/\/richeskarayib.com\/wp-content\/uploads\/2025\/09\/CTG-Invitat_CONF_AERIEN_BASSIN-AG_23-24-OCT-2025_page-0002-1024x1024.jpg\" alt=\"Airline Conference\" src=\"data:image\/svg+xml;base64,PHN2ZyB3aWR0aD0iMSIgaGVpZ2h0PSIxIiB4bWxucz0iaHR0cDovL3d3dy53My5vcmcvMjAwMC9zdmciPjwvc3ZnPg==\" class=\"lazyload\" style=\"--smush-placeholder-width: 1024px; --smush-placeholder-aspect-ratio: 1024\/1024;\" \/><\/figure>\n\n<h2 class=\"wp-block-heading\">Retos estrat\u00e9gicos para la regi\u00f3n<\/h2>\n\n<p>La <a href=\"https:\/\/www.karibinfo.com\/news\/bassin-antilles-guyane-conference-de-laerien-augmenter-la-connectivite\/\" target=\"_blank\" rel=\"noreferrer noopener\">Airline Conference<\/a> 2025 pretende dar respuestas claras a varios retos importantes. La Airline Conference 2025 pretende garantizar la continuidad de los enlaces interinsulares, reforzar la formaci\u00f3n, acelerar la transici\u00f3n ecol\u00f3gica y modernizar el transporte de mercanc\u00edas. Tambi\u00e9n sentar\u00e1 las bases de un fondo regional, formalizando las asociaciones p\u00fablico-privadas.  <\/p>\n\n<figure class=\"wp-block-image\"><img decoding=\"async\" data-src=\"https:\/\/richeskarayib.com\/wp-content\/uploads\/2025\/09\/wmremove-transformed-2-2.jpeg\" alt=\"Airline Conference\" src=\"data:image\/svg+xml;base64,PHN2ZyB3aWR0aD0iMSIgaGVpZ2h0PSIxIiB4bWxucz0iaHR0cDovL3d3dy53My5vcmcvMjAwMC9zdmciPjwvc3ZnPg==\" class=\"lazyload\" \/><\/figure>\n\n<h2 class=\"wp-block-heading\">Una dimensi\u00f3n pol\u00edtica asertiva<\/h2>\n\n<p>La Airline Conference 2025 va m\u00e1s all\u00e1 del marco t\u00e9cnico: simboliza una fuerte voluntad pol\u00edtica. Despu\u00e9s de Martinica en 2024, la Guayana Francesa est\u00e1 cumpliendo su promesa de organizar esta segunda edici\u00f3n, y afirmando su posici\u00f3n estrat\u00e9gica en la cooperaci\u00f3n caribe\u00f1a. <\/p>\n\n<p>Los d\u00edas 23 y 24 de octubre, Cayena se convertir\u00e1 en el centro de las ambiciones de la regi\u00f3n en materia de aviaci\u00f3n y espacio. La Airline 2025 Conference marcar\u00e1 una nueva etapa en la cooperaci\u00f3n regional. <\/p>\n","protected":false},"excerpt":{"rendered":"<p>La Airline Conference 2025 tendr\u00e1 lugar en Cayena, Guayana Francesa, los d\u00edas 23 y 24 de octubre. Este evento confirma el compromiso adquirido durante la primera edici\u00f3n en 2024 en Martinica: dar a la Guayana Francesa la responsabilidad de acoger la secuela.Esta segunda edici\u00f3n se desarrolla en un contexto marcado por la necesidad de reforzar [&hellip;]<\/p>\n","protected":false},"author":1,"featured_media":0,"comment_status":"open","ping_status":"open","sticky":false,"template":"","format":"standard","meta":{"footnotes":""},"categories":[111,114],"tags":[],"class_list":["post-19679","post","type-post","status-publish","format-standard","hentry","category-experiencia-del-pasajero-y-servicios","category-sostenibilidad-y-transicion-energetica"],"yoast_head":"<!-- This site is optimized with the Yoast SEO plugin v26.9 - https:\/\/yoast.com\/product\/yoast-seo-wordpress\/ -->\n<title>Airline Conference 2025: la Guayana Francesa acoge la segunda edici\u00f3n los d\u00edas 23 y 24 de octubre - LATITUDE 15<\/title>\n<meta name=\"robots\" content=\"index, follow, max-snippet:-1, max-image-preview:large, max-video-preview:-1\" \/>\n<link rel=\"canonical\" href=\"https:\/\/www.latitude-15.com\/es\/airline-conference-2025-la-guayana-francesa-acoge-la-segunda-edicion-los-dias-23-y-24-de-octubre\/\" \/>\n<meta property=\"og:locale\" content=\"es_ES\" \/>\n<meta property=\"og:type\" content=\"article\" \/>\n<meta property=\"og:title\" content=\"Airline Conference 2025: la Guayana Francesa acoge la segunda edici\u00f3n los d\u00edas 23 y 24 de octubre - LATITUDE 15\" \/>\n<meta property=\"og:description\" content=\"La Airline Conference 2025 tendr\u00e1 lugar en Cayena, Guayana Francesa, los d\u00edas 23 y 24 de octubre. Este evento confirma el compromiso adquirido durante la primera edici\u00f3n en 2024 en Martinica: dar a la Guayana Francesa la responsabilidad de acoger la secuela.Esta segunda edici\u00f3n se desarrolla en un contexto marcado por la necesidad de reforzar [&hellip;]\" \/>\n<meta property=\"og:url\" content=\"https:\/\/www.latitude-15.com\/es\/airline-conference-2025-la-guayana-francesa-acoge-la-segunda-edicion-los-dias-23-y-24-de-octubre\/\" \/>\n<meta property=\"og:site_name\" content=\"LATITUDE 15\" \/>\n<meta property=\"article:published_time\" content=\"2025-09-22T04:48:22+00:00\" \/>\n<meta property=\"article:modified_time\" content=\"2026-02-04T04:44:00+00:00\" \/>\n<meta property=\"og:image\" content=\"https:\/\/www.latitude-15.com\/wp-content\/uploads\/2026\/01\/DeWatermark.ai_1758554378445.jpeg.webp\" \/>\n\t<meta property=\"og:image:width\" content=\"1280\" \/>\n\t<meta property=\"og:image:height\" content=\"846\" \/>\n\t<meta property=\"og:image:type\" content=\"image\/webp\" \/>\n<meta name=\"author\" content=\"sabrinalat15\" \/>\n<meta name=\"twitter:card\" content=\"summary_large_image\" \/>\n<meta name=\"twitter:label1\" content=\"Escrito por\" \/>\n\t<meta name=\"twitter:data1\" content=\"sabrinalat15\" \/>\n\t<meta name=\"twitter:label2\" content=\"Tiempo de lectura\" \/>\n\t<meta name=\"twitter:data2\" content=\"5 minutos\" \/>\n<script type=\"application\/ld+json\" class=\"yoast-schema-graph\">{\"@context\":\"https:\/\/schema.org\",\"@graph\":[{\"@type\":\"Article\",\"@id\":\"https:\/\/www.latitude-15.com\/es\/airline-conference-2025-la-guayana-francesa-acoge-la-segunda-edicion-los-dias-23-y-24-de-octubre\/#article\",\"isPartOf\":{\"@id\":\"https:\/\/www.latitude-15.com\/es\/airline-conference-2025-la-guayana-francesa-acoge-la-segunda-edicion-los-dias-23-y-24-de-octubre\/\"},\"author\":{\"name\":\"sabrinalat15\",\"@id\":\"https:\/\/www.latitude-15.com\/es\/#\/schema\/person\/2a70943507771992ce3316849aa93bdd\"},\"headline\":\"Airline Conference 2025: la Guayana Francesa acoge la segunda edici\u00f3n los d\u00edas 23 y 24 de octubre\",\"datePublished\":\"2025-09-22T04:48:22+00:00\",\"dateModified\":\"2026-02-04T04:44:00+00:00\",\"mainEntityOfPage\":{\"@id\":\"https:\/\/www.latitude-15.com\/es\/airline-conference-2025-la-guayana-francesa-acoge-la-segunda-edicion-los-dias-23-y-24-de-octubre\/\"},\"wordCount\":993,\"commentCount\":0,\"publisher\":{\"@id\":\"https:\/\/www.latitude-15.com\/es\/#organization\"},\"image\":{\"@id\":\"https:\/\/www.latitude-15.com\/es\/airline-conference-2025-la-guayana-francesa-acoge-la-segunda-edicion-los-dias-23-y-24-de-octubre\/#primaryimage\"},\"thumbnailUrl\":\"https:\/\/richeskarayib.com\/wp-content\/uploads\/2025\/09\/DeWatermark.ai_1758554412164.jpeg\",\"articleSection\":[\"Experiencia del pasajero y servicios\",\"Sostenibilidad y transici\u00f3n energ\u00e9tica\"],\"inLanguage\":\"es\",\"potentialAction\":[{\"@type\":\"CommentAction\",\"name\":\"Comment\",\"target\":[\"https:\/\/www.latitude-15.com\/es\/airline-conference-2025-la-guayana-francesa-acoge-la-segunda-edicion-los-dias-23-y-24-de-octubre\/#respond\"]}]},{\"@type\":\"WebPage\",\"@id\":\"https:\/\/www.latitude-15.com\/es\/airline-conference-2025-la-guayana-francesa-acoge-la-segunda-edicion-los-dias-23-y-24-de-octubre\/\",\"url\":\"https:\/\/www.latitude-15.com\/es\/airline-conference-2025-la-guayana-francesa-acoge-la-segunda-edicion-los-dias-23-y-24-de-octubre\/\",\"name\":\"Airline Conference 2025: la Guayana Francesa acoge la segunda edici\u00f3n los d\u00edas 23 y 24 de octubre - LATITUDE 15\",\"isPartOf\":{\"@id\":\"https:\/\/www.latitude-15.com\/es\/#website\"},\"primaryImageOfPage\":{\"@id\":\"https:\/\/www.latitude-15.com\/es\/airline-conference-2025-la-guayana-francesa-acoge-la-segunda-edicion-los-dias-23-y-24-de-octubre\/#primaryimage\"},\"image\":{\"@id\":\"https:\/\/www.latitude-15.com\/es\/airline-conference-2025-la-guayana-francesa-acoge-la-segunda-edicion-los-dias-23-y-24-de-octubre\/#primaryimage\"},\"thumbnailUrl\":\"https:\/\/richeskarayib.com\/wp-content\/uploads\/2025\/09\/DeWatermark.ai_1758554412164.jpeg\",\"datePublished\":\"2025-09-22T04:48:22+00:00\",\"dateModified\":\"2026-02-04T04:44:00+00:00\",\"breadcrumb\":{\"@id\":\"https:\/\/www.latitude-15.com\/es\/airline-conference-2025-la-guayana-francesa-acoge-la-segunda-edicion-los-dias-23-y-24-de-octubre\/#breadcrumb\"},\"inLanguage\":\"es\",\"potentialAction\":[{\"@type\":\"ReadAction\",\"target\":[\"https:\/\/www.latitude-15.com\/es\/airline-conference-2025-la-guayana-francesa-acoge-la-segunda-edicion-los-dias-23-y-24-de-octubre\/\"]}]},{\"@type\":\"ImageObject\",\"inLanguage\":\"es\",\"@id\":\"https:\/\/www.latitude-15.com\/es\/airline-conference-2025-la-guayana-francesa-acoge-la-segunda-edicion-los-dias-23-y-24-de-octubre\/#primaryimage\",\"url\":\"https:\/\/richeskarayib.com\/wp-content\/uploads\/2025\/09\/DeWatermark.ai_1758554412164.jpeg\",\"contentUrl\":\"https:\/\/richeskarayib.com\/wp-content\/uploads\/2025\/09\/DeWatermark.ai_1758554412164.jpeg\"},{\"@type\":\"BreadcrumbList\",\"@id\":\"https:\/\/www.latitude-15.com\/es\/airline-conference-2025-la-guayana-francesa-acoge-la-segunda-edicion-los-dias-23-y-24-de-octubre\/#breadcrumb\",\"itemListElement\":[{\"@type\":\"ListItem\",\"position\":1,\"name\":\"Home\",\"item\":\"https:\/\/www.latitude-15.com\/es\/inicio\/\"},{\"@type\":\"ListItem\",\"position\":2,\"name\":\"Airline Conference 2025: la Guayana Francesa acoge la segunda edici\u00f3n los d\u00edas 23 y 24 de octubre\"}]},{\"@type\":\"WebSite\",\"@id\":\"https:\/\/www.latitude-15.com\/es\/#website\",\"url\":\"https:\/\/www.latitude-15.com\/es\/\",\"name\":\"LATITUDE 15\",\"description\":\"Aviation and maritime Magazine - Caribbean &amp; Latin America\",\"publisher\":{\"@id\":\"https:\/\/www.latitude-15.com\/es\/#organization\"},\"potentialAction\":[{\"@type\":\"SearchAction\",\"target\":{\"@type\":\"EntryPoint\",\"urlTemplate\":\"https:\/\/www.latitude-15.com\/es\/?s={search_term_string}\"},\"query-input\":{\"@type\":\"PropertyValueSpecification\",\"valueRequired\":true,\"valueName\":\"search_term_string\"}}],\"inLanguage\":\"es\"},{\"@type\":\"Organization\",\"@id\":\"https:\/\/www.latitude-15.com\/es\/#organization\",\"name\":\"LATITUDE 15\",\"url\":\"https:\/\/www.latitude-15.com\/es\/\",\"logo\":{\"@type\":\"ImageObject\",\"inLanguage\":\"es\",\"@id\":\"https:\/\/www.latitude-15.com\/es\/#\/schema\/logo\/image\/\",\"url\":\"https:\/\/www.latitude-15.com\/wp-content\/uploads\/2026\/01\/cropped-logox500px.png\",\"contentUrl\":\"https:\/\/www.latitude-15.com\/wp-content\/uploads\/2026\/01\/cropped-logox500px.png\",\"width\":62,\"height\":75,\"caption\":\"LATITUDE 15\"},\"image\":{\"@id\":\"https:\/\/www.latitude-15.com\/es\/#\/schema\/logo\/image\/\"}},{\"@type\":\"Person\",\"@id\":\"https:\/\/www.latitude-15.com\/es\/#\/schema\/person\/2a70943507771992ce3316849aa93bdd\",\"name\":\"sabrinalat15\",\"image\":{\"@type\":\"ImageObject\",\"inLanguage\":\"es\",\"@id\":\"https:\/\/www.latitude-15.com\/es\/#\/schema\/person\/image\/\",\"url\":\"https:\/\/secure.gravatar.com\/avatar\/91f5e11872ca6128d75f7bbde22cc384ad142a113b81c554ed87d6d9762f8813?s=96&d=mm&r=g\",\"contentUrl\":\"https:\/\/secure.gravatar.com\/avatar\/91f5e11872ca6128d75f7bbde22cc384ad142a113b81c554ed87d6d9762f8813?s=96&d=mm&r=g\",\"caption\":\"sabrinalat15\"},\"sameAs\":[\"https:\/\/www.latitude-15.com\"],\"url\":\"https:\/\/www.latitude-15.com\/es\/author\/sabrinalat15\/\"}]}<\/script>\n<!-- \/ Yoast SEO plugin. -->","yoast_head_json":{"title":"Airline Conference 2025: la Guayana Francesa acoge la segunda edici\u00f3n los d\u00edas 23 y 24 de octubre - LATITUDE 15","robots":{"index":"index","follow":"follow","max-snippet":"max-snippet:-1","max-image-preview":"max-image-preview:large","max-video-preview":"max-video-preview:-1"},"canonical":"https:\/\/www.latitude-15.com\/es\/airline-conference-2025-la-guayana-francesa-acoge-la-segunda-edicion-los-dias-23-y-24-de-octubre\/","og_locale":"es_ES","og_type":"article","og_title":"Airline Conference 2025: la Guayana Francesa acoge la segunda edici\u00f3n los d\u00edas 23 y 24 de octubre - LATITUDE 15","og_description":"La Airline Conference 2025 tendr\u00e1 lugar en Cayena, Guayana Francesa, los d\u00edas 23 y 24 de octubre. Este evento confirma el compromiso adquirido durante la primera edici\u00f3n en 2024 en Martinica: dar a la Guayana Francesa la responsabilidad de acoger la secuela.Esta segunda edici\u00f3n se desarrolla en un contexto marcado por la necesidad de reforzar [&hellip;]","og_url":"https:\/\/www.latitude-15.com\/es\/airline-conference-2025-la-guayana-francesa-acoge-la-segunda-edicion-los-dias-23-y-24-de-octubre\/","og_site_name":"LATITUDE 15","article_published_time":"2025-09-22T04:48:22+00:00","article_modified_time":"2026-02-04T04:44:00+00:00","og_image":[{"width":1280,"height":846,"url":"https:\/\/www.latitude-15.com\/wp-content\/uploads\/2026\/01\/DeWatermark.ai_1758554378445.jpeg.webp","type":"image\/webp"}],"author":"sabrinalat15","twitter_card":"summary_large_image","twitter_misc":{"Escrito por":"sabrinalat15","Tiempo de lectura":"5 minutos"},"schema":{"@context":"https:\/\/schema.org","@graph":[{"@type":"Article","@id":"https:\/\/www.latitude-15.com\/es\/airline-conference-2025-la-guayana-francesa-acoge-la-segunda-edicion-los-dias-23-y-24-de-octubre\/#article","isPartOf":{"@id":"https:\/\/www.latitude-15.com\/es\/airline-conference-2025-la-guayana-francesa-acoge-la-segunda-edicion-los-dias-23-y-24-de-octubre\/"},"author":{"name":"sabrinalat15","@id":"https:\/\/www.latitude-15.com\/es\/#\/schema\/person\/2a70943507771992ce3316849aa93bdd"},"headline":"Airline Conference 2025: la Guayana Francesa acoge la segunda edici\u00f3n los d\u00edas 23 y 24 de octubre","datePublished":"2025-09-22T04:48:22+00:00","dateModified":"2026-02-04T04:44:00+00:00","mainEntityOfPage":{"@id":"https:\/\/www.latitude-15.com\/es\/airline-conference-2025-la-guayana-francesa-acoge-la-segunda-edicion-los-dias-23-y-24-de-octubre\/"},"wordCount":993,"commentCount":0,"publisher":{"@id":"https:\/\/www.latitude-15.com\/es\/#organization"},"image":{"@id":"https:\/\/www.latitude-15.com\/es\/airline-conference-2025-la-guayana-francesa-acoge-la-segunda-edicion-los-dias-23-y-24-de-octubre\/#primaryimage"},"thumbnailUrl":"https:\/\/richeskarayib.com\/wp-content\/uploads\/2025\/09\/DeWatermark.ai_1758554412164.jpeg","articleSection":["Experiencia del pasajero y servicios","Sostenibilidad y transici\u00f3n energ\u00e9tica"],"inLanguage":"es","potentialAction":[{"@type":"CommentAction","name":"Comment","target":["https:\/\/www.latitude-15.com\/es\/airline-conference-2025-la-guayana-francesa-acoge-la-segunda-edicion-los-dias-23-y-24-de-octubre\/#respond"]}]},{"@type":"WebPage","@id":"https:\/\/www.latitude-15.com\/es\/airline-conference-2025-la-guayana-francesa-acoge-la-segunda-edicion-los-dias-23-y-24-de-octubre\/","url":"https:\/\/www.latitude-15.com\/es\/airline-conference-2025-la-guayana-francesa-acoge-la-segunda-edicion-los-dias-23-y-24-de-octubre\/","name":"Airline Conference 2025: la Guayana Francesa acoge la segunda edici\u00f3n los d\u00edas 23 y 24 de octubre - LATITUDE 15","isPartOf":{"@id":"https:\/\/www.latitude-15.com\/es\/#website"},"primaryImageOfPage":{"@id":"https:\/\/www.latitude-15.com\/es\/airline-conference-2025-la-guayana-francesa-acoge-la-segunda-edicion-los-dias-23-y-24-de-octubre\/#primaryimage"},"image":{"@id":"https:\/\/www.latitude-15.com\/es\/airline-conference-2025-la-guayana-francesa-acoge-la-segunda-edicion-los-dias-23-y-24-de-octubre\/#primaryimage"},"thumbnailUrl":"https:\/\/richeskarayib.com\/wp-content\/uploads\/2025\/09\/DeWatermark.ai_1758554412164.jpeg","datePublished":"2025-09-22T04:48:22+00:00","dateModified":"2026-02-04T04:44:00+00:00","breadcrumb":{"@id":"https:\/\/www.latitude-15.com\/es\/airline-conference-2025-la-guayana-francesa-acoge-la-segunda-edicion-los-dias-23-y-24-de-octubre\/#breadcrumb"},"inLanguage":"es","potentialAction":[{"@type":"ReadAction","target":["https:\/\/www.latitude-15.com\/es\/airline-conference-2025-la-guayana-francesa-acoge-la-segunda-edicion-los-dias-23-y-24-de-octubre\/"]}]},{"@type":"ImageObject","inLanguage":"es","@id":"https:\/\/www.latitude-15.com\/es\/airline-conference-2025-la-guayana-francesa-acoge-la-segunda-edicion-los-dias-23-y-24-de-octubre\/#primaryimage","url":"https:\/\/richeskarayib.com\/wp-content\/uploads\/2025\/09\/DeWatermark.ai_1758554412164.jpeg","contentUrl":"https:\/\/richeskarayib.com\/wp-content\/uploads\/2025\/09\/DeWatermark.ai_1758554412164.jpeg"},{"@type":"BreadcrumbList","@id":"https:\/\/www.latitude-15.com\/es\/airline-conference-2025-la-guayana-francesa-acoge-la-segunda-edicion-los-dias-23-y-24-de-octubre\/#breadcrumb","itemListElement":[{"@type":"ListItem","position":1,"name":"Home","item":"https:\/\/www.latitude-15.com\/es\/inicio\/"},{"@type":"ListItem","position":2,"name":"Airline Conference 2025: la Guayana Francesa acoge la segunda edici\u00f3n los d\u00edas 23 y 24 de octubre"}]},{"@type":"WebSite","@id":"https:\/\/www.latitude-15.com\/es\/#website","url":"https:\/\/www.latitude-15.com\/es\/","name":"LATITUDE 15","description":"Aviation and maritime Magazine - Caribbean &amp; Latin America","publisher":{"@id":"https:\/\/www.latitude-15.com\/es\/#organization"},"potentialAction":[{"@type":"SearchAction","target":{"@type":"EntryPoint","urlTemplate":"https:\/\/www.latitude-15.com\/es\/?s={search_term_string}"},"query-input":{"@type":"PropertyValueSpecification","valueRequired":true,"valueName":"search_term_string"}}],"inLanguage":"es"},{"@type":"Organization","@id":"https:\/\/www.latitude-15.com\/es\/#organization","name":"LATITUDE 15","url":"https:\/\/www.latitude-15.com\/es\/","logo":{"@type":"ImageObject","inLanguage":"es","@id":"https:\/\/www.latitude-15.com\/es\/#\/schema\/logo\/image\/","url":"https:\/\/www.latitude-15.com\/wp-content\/uploads\/2026\/01\/cropped-logox500px.png","contentUrl":"https:\/\/www.latitude-15.com\/wp-content\/uploads\/2026\/01\/cropped-logox500px.png","width":62,"height":75,"caption":"LATITUDE 15"},"image":{"@id":"https:\/\/www.latitude-15.com\/es\/#\/schema\/logo\/image\/"}},{"@type":"Person","@id":"https:\/\/www.latitude-15.com\/es\/#\/schema\/person\/2a70943507771992ce3316849aa93bdd","name":"sabrinalat15","image":{"@type":"ImageObject","inLanguage":"es","@id":"https:\/\/www.latitude-15.com\/es\/#\/schema\/person\/image\/","url":"https:\/\/secure.gravatar.com\/avatar\/91f5e11872ca6128d75f7bbde22cc384ad142a113b81c554ed87d6d9762f8813?s=96&d=mm&r=g","contentUrl":"https:\/\/secure.gravatar.com\/avatar\/91f5e11872ca6128d75f7bbde22cc384ad142a113b81c554ed87d6d9762f8813?s=96&d=mm&r=g","caption":"sabrinalat15"},"sameAs":["https:\/\/www.latitude-15.com"],"url":"https:\/\/www.latitude-15.com\/es\/author\/sabrinalat15\/"}]}},"_links":{"self":[{"href":"https:\/\/www.latitude-15.com\/es\/wp-json\/wp\/v2\/posts\/19679","targetHints":{"allow":["GET"]}}],"collection":[{"href":"https:\/\/www.latitude-15.com\/es\/wp-json\/wp\/v2\/posts"}],"about":[{"href":"https:\/\/www.latitude-15.com\/es\/wp-json\/wp\/v2\/types\/post"}],"author":[{"embeddable":true,"href":"https:\/\/www.latitude-15.com\/es\/wp-json\/wp\/v2\/users\/1"}],"replies":[{"embeddable":true,"href":"https:\/\/www.latitude-15.com\/es\/wp-json\/wp\/v2\/comments?post=19679"}],"version-history":[{"count":2,"href":"https:\/\/www.latitude-15.com\/es\/wp-json\/wp\/v2\/posts\/19679\/revisions"}],"predecessor-version":[{"id":19681,"href":"https:\/\/www.latitude-15.com\/es\/wp-json\/wp\/v2\/posts\/19679\/revisions\/19681"}],"wp:attachment":[{"href":"https:\/\/www.latitude-15.com\/es\/wp-json\/wp\/v2\/media?parent=19679"}],"wp:term":[{"taxonomy":"category","embeddable":true,"href":"https:\/\/www.latitude-15.com\/es\/wp-json\/wp\/v2\/categories?post=19679"},{"taxonomy":"post_tag","embeddable":true,"href":"https:\/\/www.latitude-15.com\/es\/wp-json\/wp\/v2\/tags?post=19679"}],"curies":[{"name":"wp","href":"https:\/\/api.w.org\/{rel}","templated":true}]}}