{"id":19658,"date":"2025-10-08T00:44:01","date_gmt":"2025-10-08T04:44:01","guid":{"rendered":"https:\/\/www.latitude-15.com\/2025\/10\/08\/trinidad-y-tobago-aci-lac-2025-el-caribe-en-el-corazon-de-los-problemas-de-conectividad-sostenibilidad-e-innovacion-aeroportuaria\/"},"modified":"2026-02-04T00:30:10","modified_gmt":"2026-02-04T04:30:10","slug":"trinidad-y-tobago-aci-lac-2025-el-caribe-en-el-corazon-de-los-problemas-de-conectividad-sostenibilidad-e-innovacion-aeroportuaria","status":"publish","type":"post","link":"https:\/\/www.latitude-15.com\/es\/trinidad-y-tobago-aci-lac-2025-el-caribe-en-el-corazon-de-los-problemas-de-conectividad-sostenibilidad-e-innovacion-aeroportuaria\/","title":{"rendered":"Trinidad y Tobago \u2013 ACI-LAC 2025: el Caribe en el coraz\u00f3n de los problemas de conectividad, sostenibilidad e innovaci\u00f3n aeroportuaria"},"content":{"rendered":"\n<h2 class=\"wp-block-heading\">Una conferencia estrat\u00e9gica en Trinidad y Tobago<\/h2>\n\n<p>La conferencia de prensa celebrada en Trinidad y Tobago el 6 de octubre de 2025, como parte de la <a href=\"https:\/\/aci-lac.aero\/conference2025\/\" target=\"_blank\" rel=\"noreferrer noopener\">ACI-LAC 2025<\/a> ASAMBLEA ANUAL \u2013 CONFERENCIA Y EXPOSICI\u00d3N, reuni\u00f3 a los principales ejecutivos de la industria aeroportuaria de la regi\u00f3n. En torno a <strong>M\u00f3nica Infante<\/strong> (Presidenta de ACI-LAC y CEO de Aerodom), de <strong>Dr. Rafael Echevarne<\/strong> (Director General de ACI-LAC) y <strong>Hayden Newton<\/strong> (Director General de la Autoridad Aeroportuaria de Trinidad y Tobago), los debates se centraron en el crecimiento del tr\u00e1fico, la sostenibilidad y las inversiones necesarias para apoyar el crecimiento del transporte a\u00e9reo en el Caribe y Am\u00e9rica Latina.<\/p>\n\n<p>ACI-LAC, que significa Airports Council International \u2013 Am\u00e9rica Latina y Caribe, es la rama regional de la organizaci\u00f3n aeroportuaria mundial. Representa los intereses de 91 miembros que operan en m\u00e1s de 360 aeropuertos en 42 pa\u00edses y territorios de la regi\u00f3n.<\/p>\n\n<figure class=\"wp-block-image\"><img decoding=\"async\" data-src=\"https:\/\/richeskarayib.com\/wp-content\/uploads\/2025\/10\/lieu-des-levent-des-acilac-1024x473.jpg\" alt=\"\" src=\"data:image\/svg+xml;base64,PHN2ZyB3aWR0aD0iMSIgaGVpZ2h0PSIxIiB4bWxucz0iaHR0cDovL3d3dy53My5vcmcvMjAwMC9zdmciPjwvc3ZnPg==\" class=\"lazyload\" style=\"--smush-placeholder-width: 1024px; --smush-placeholder-aspect-ratio: 1024\/473;\" \/><\/figure>\n\n<h2 class=\"wp-block-heading\">ACI World confirma cifras r\u00e9cord<\/h2>\n\n<p>Los datos publicados durante la Reuni\u00f3n Anual de ACI-LAC 2025 muestran que el tr\u00e1fico de pasajeros en Am\u00e9rica Latina y el <a href=\"https:\/\/richeskarayib.com\/biospace-the-caribbeans-maritime-attractiveness\/\" target=\"_blank\" rel=\"noreferrer noopener\">Caribe<\/a> alcanzar\u00e1 los <strong>789 millones<\/strong> de pasajeros a finales de 2025.<br \/><br \/>Los pa\u00edses con mejor rendimiento ser\u00e1n:<\/p>\n\n<ul class=\"wp-block-list\">\n<li><strong>\u2013 Colombia<\/strong> 105 millones (+5,6%)<\/li>\n\n\n\n<li><strong>\u2013 M\u00e9xico<\/strong> 191 millones (+4,5%)<\/li>\n\n\n\n<li>\u2013 <strong>Brasil<\/strong>: 221 millones (+2,1%)<\/li>\n<\/ul>\n\n<p>Se espera que la regi\u00f3n (Am\u00e9rica Latina y el Caribe) gestione cerca de <strong>821 millones de pasajeros en 2026<\/strong>, seg\u00fan las proyecciones oficiales de ACI World. Estas cifras reflejan la fortaleza de la recuperaci\u00f3n postpandemia y el creciente lugar del Caribe en la conectividad internacional.<\/p>\n\n<figure class=\"wp-block-image\"><img decoding=\"async\" data-src=\"https:\/\/richeskarayib.com\/wp-content\/uploads\/2025\/10\/WhatsApp-Image-2025-10-08-a-00.44.32_1370b8ce-1024x473.jpg\" alt=\"ACI-LAC\" src=\"data:image\/svg+xml;base64,PHN2ZyB3aWR0aD0iMSIgaGVpZ2h0PSIxIiB4bWxucz0iaHR0cDovL3d3dy53My5vcmcvMjAwMC9zdmciPjwvc3ZnPg==\" class=\"lazyload\" style=\"--smush-placeholder-width: 1024px; --smush-placeholder-aspect-ratio: 1024\/473;\" \/><\/figure>\n\n<h2 class=\"wp-block-heading\">Previsiones a largo plazo y un ritmo global<\/h2>\n\n<p>Se espera que el tr\u00e1fico a\u00e9reo regional alcance los 1.725 millones de pasajeros en 2053, con una tasa de crecimiento anual promedio (TCAC \u2013 Tasa de Crecimiento Anual Compuesta) del 2,9% en los pr\u00f3ximos treinta a\u00f1os, una tasa similar al promedio mundial.<br \/>El informe de ACI World tambi\u00e9n afirma que el tr\u00e1fico se duplicar\u00e1 entre 2024 y 2047, pasando de 758 millones a 1.482 millones de pasajeros.<br \/>Las proyecciones de crecimiento anual por subregi\u00f3n confirman:<\/p>\n\n<ul class=\"wp-block-list\">\n<li><strong>\u2013 M\u00e9xico: +3,4%,<\/strong> impulsado por la expansi\u00f3n de sus centros de conexi\u00f3n internacionales;<\/li>\n\n\n\n<li><strong>\u2013 Brasil: +2,4%,<\/strong> sostenido por el crecimiento del tr\u00e1fico interno;<\/li>\n\n\n\n<li><strong>\u2013 Caribe: +2%,<\/strong> un crecimiento m\u00e1s moderado, debido al peque\u00f1o tama\u00f1o de los mercados insulares, su dependencia del turismo y las limitaciones actuales de la conectividad interinsular;<\/li>\n\n\n\n<li>\u2013 <strong>Otros pa\u00edses latinoamericanos (excluidos M\u00e9xico y Brasil)<\/strong> <strong>:<\/strong> <strong>+3%<\/strong><strong>,<\/strong> gracias a la diversificaci\u00f3n econ\u00f3mica y a los nuevos corredores a\u00e9reos regionales.<\/li>\n<\/ul>\n\n<figure class=\"wp-block-image\"><img decoding=\"async\" data-src=\"https:\/\/richeskarayib.com\/wp-content\/uploads\/2025\/10\/WhatsApp-Image-2025-10-08-a-00.45.15_9b819ef4-1024x473.jpg\" alt=\"ACI-LAC\" src=\"data:image\/svg+xml;base64,PHN2ZyB3aWR0aD0iMSIgaGVpZ2h0PSIxIiB4bWxucz0iaHR0cDovL3d3dy53My5vcmcvMjAwMC9zdmciPjwvc3ZnPg==\" class=\"lazyload\" style=\"--smush-placeholder-width: 1024px; --smush-placeholder-aspect-ratio: 1024\/473;\" \/><\/figure>\n\n<h2 class=\"wp-block-heading\">Inversiones colosales para un crecimiento sostenible<\/h2>\n\n<p>Los requisitos de gasto de capital (CAPEX) para el per\u00edodo 2026-2040 ascienden a 82.600 millones de d\u00f3lares estadounidenses, de los cuales m\u00e1s de 30.000 millones de d\u00f3lares estadounidenses se destinar\u00e1n a la construcci\u00f3n de nuevos aeropuertos ecol\u00f3gicos.<br \/>Seg\u00fan datos de la Reuni\u00f3n Anual de ACI-LAC 2025, cada mill\u00f3n de pasajeros adicionales genera 9.500 puestos de trabajo y 25 millones de d\u00f3lares en PIB, lo que demuestra el impacto econ\u00f3mico directo del transporte a\u00e9reo en la regi\u00f3n.<\/p>\n\n<figure class=\"wp-block-image\"><img decoding=\"async\" data-src=\"https:\/\/richeskarayib.com\/wp-content\/uploads\/2025\/10\/WhatsApp-Image-2025-10-08-a-00.45.49_890dbab9-1024x473.jpg\" alt=\"\" src=\"data:image\/svg+xml;base64,PHN2ZyB3aWR0aD0iMSIgaGVpZ2h0PSIxIiB4bWxucz0iaHR0cDovL3d3dy53My5vcmcvMjAwMC9zdmciPjwvc3ZnPg==\" class=\"lazyload\" style=\"--smush-placeholder-width: 1024px; --smush-placeholder-aspect-ratio: 1024\/473;\" \/><\/figure>\n\n<h2 class=\"wp-block-heading\">Neutralidad de carbono y accesibilidad: liderazgo regional<\/h2>\n\n<p>En el frente medioambiental, los ponentes destacaron los resultados del programa Airport Carbon Accreditation (ACA) en la ASAMBLEA ANUAL de ACI-LAC 2025.<br \/>En septiembre de 2025, 621 aeropuertos en todo el mundo estaban certificados, incluidos 104 en Am\u00e9rica Latina y el Caribe. La regi\u00f3n ocupa as\u00ed el segundo lugar en el mundo por el n\u00famero de aeropuertos comprometidos con este enfoque.<br \/>Este programa reconocido internacionalmente eval\u00faa y recompensa los esfuerzos de los aeropuertos para reducir sus emisiones de carbono, en consonancia con el objetivo Net Zero 2050 de ACI World.<\/p>\n\n<p>El otro indicador de progreso se refiere a la Acreditaci\u00f3n de Mejora de la Accesibilidad (AEA): de los 47 aeropuertos certificados en todo el mundo, 17 se encuentran en la regi\u00f3n LAC. Esta distinci\u00f3n confirma el papel del Caribe y Am\u00e9rica Latina como l\u00edderes mundiales en accesibilidad a\u00e9rea para pasajeros con discapacidad.<\/p>\n\n<figure class=\"wp-block-image\"><img decoding=\"async\" data-src=\"https:\/\/richeskarayib.com\/wp-content\/uploads\/2025\/10\/WhatsApp-Image-2025-10-08-a-00.41.53_03e4f170-1024x604.jpg\" alt=\"\" src=\"data:image\/svg+xml;base64,PHN2ZyB3aWR0aD0iMSIgaGVpZ2h0PSIxIiB4bWxucz0iaHR0cDovL3d3dy53My5vcmcvMjAwMC9zdmciPjwvc3ZnPg==\" class=\"lazyload\" style=\"--smush-placeholder-width: 1024px; --smush-placeholder-aspect-ratio: 1024\/604;\" \/><\/figure>\n\n<h2 class=\"wp-block-heading\">Conectividad y liberalizaci\u00f3n: los pilares del futuro<\/h2>\n\n<p>M\u00e1s all\u00e1 de las cifras, M\u00f3nica Infante y Rafael Echevarne subrayaron la urgente necesidad de fortalecer la conectividad intra-caribe\u00f1a.<br \/>Para M\u00f3nica Infante, la prioridad es derribar las barreras regulatorias y crear un marco que permita operar libremente a las nuevas aerol\u00edneas regionales.<br \/>Por su parte, Rafael Echevarne reiter\u00f3 que la liberalizaci\u00f3n del transporte a\u00e9reo es esencial para impulsar la competencia y reducir los costes para los pasajeros.<\/p>\n\n<p>\u201cLa aviaci\u00f3n no es solo un sector econ\u00f3mico, es una infraestructura vital para la integraci\u00f3n y el desarrollo sostenible de nuestros territorios\u201d, declar\u00f3.<\/p>\n\n<p>Por \u00faltimo, Hayden Newton subray\u00f3 el compromiso de la Autoridad Aeroportuaria de Trinidad y Tobago con la modernizaci\u00f3n de las infraestructuras mediante la biometr\u00eda, los sistemas automatizados y las innovaciones digitales.<\/p>\n\n<p>La ASAMBLEA ANUAL de ACI-LAC 2025 confirm\u00f3 el crecimiento din\u00e1mico, la innovaci\u00f3n y la sostenibilidad del sector aeroportuario en Am\u00e9rica Latina y el Caribe.<br \/>Con previsiones s\u00f3lidas, inversiones masivas y una visi\u00f3n centrada en la neutralidad de carbono, la regi\u00f3n se est\u00e1 estableciendo como un modelo de resiliencia y transformaci\u00f3n en el transporte a\u00e9reo mundial.<\/p>\n","protected":false},"excerpt":{"rendered":"<p>Una conferencia estrat\u00e9gica en Trinidad y Tobago La conferencia de prensa celebrada en Trinidad y Tobago el 6 de octubre de 2025, como parte de la ACI-LAC 2025 ASAMBLEA ANUAL \u2013 CONFERENCIA Y EXPOSICI\u00d3N, reuni\u00f3 a los principales ejecutivos de la industria aeroportuaria de la regi\u00f3n. En torno a M\u00f3nica Infante (Presidenta de ACI-LAC y [&hellip;]<\/p>\n","protected":false},"author":1,"featured_media":0,"comment_status":"open","ping_status":"open","sticky":false,"template":"","format":"standard","meta":{"footnotes":""},"categories":[105,99,102,111,117],"tags":[],"class_list":["post-19658","post","type-post","status-publish","format-standard","hentry","category-aeropuertos-e-infraestructura","category-aviacion","category-conectividad-aerea-y-desarrollo-de-rutas","category-experiencia-del-pasajero-y-servicios","category-tecnologia-e-innovacion"],"yoast_head":"<!-- This site is optimized with the Yoast SEO plugin v26.9 - https:\/\/yoast.com\/product\/yoast-seo-wordpress\/ -->\n<title>Trinidad y Tobago \u2013 ACI-LAC 2025: el Caribe en el coraz\u00f3n de los problemas de conectividad, sostenibilidad e innovaci\u00f3n aeroportuaria - LATITUDE 15<\/title>\n<meta name=\"robots\" content=\"index, follow, max-snippet:-1, max-image-preview:large, max-video-preview:-1\" \/>\n<link rel=\"canonical\" href=\"https:\/\/www.latitude-15.com\/es\/trinidad-y-tobago-aci-lac-2025-el-caribe-en-el-corazon-de-los-problemas-de-conectividad-sostenibilidad-e-innovacion-aeroportuaria\/\" \/>\n<meta property=\"og:locale\" content=\"es_ES\" \/>\n<meta property=\"og:type\" content=\"article\" \/>\n<meta property=\"og:title\" content=\"Trinidad y Tobago \u2013 ACI-LAC 2025: el Caribe en el coraz\u00f3n de los problemas de conectividad, sostenibilidad e innovaci\u00f3n aeroportuaria - LATITUDE 15\" \/>\n<meta property=\"og:description\" content=\"Una conferencia estrat\u00e9gica en Trinidad y Tobago La conferencia de prensa celebrada en Trinidad y Tobago el 6 de octubre de 2025, como parte de la ACI-LAC 2025 ASAMBLEA ANUAL \u2013 CONFERENCIA Y EXPOSICI\u00d3N, reuni\u00f3 a los principales ejecutivos de la industria aeroportuaria de la regi\u00f3n. En torno a M\u00f3nica Infante (Presidenta de ACI-LAC y [&hellip;]\" \/>\n<meta property=\"og:url\" content=\"https:\/\/www.latitude-15.com\/es\/trinidad-y-tobago-aci-lac-2025-el-caribe-en-el-corazon-de-los-problemas-de-conectividad-sostenibilidad-e-innovacion-aeroportuaria\/\" \/>\n<meta property=\"og:site_name\" content=\"LATITUDE 15\" \/>\n<meta property=\"article:published_time\" content=\"2025-10-08T04:44:01+00:00\" \/>\n<meta property=\"article:modified_time\" content=\"2026-02-04T04:30:10+00:00\" \/>\n<meta property=\"og:image\" content=\"https:\/\/www.latitude-15.com\/wp-content\/uploads\/2026\/01\/Design-sans-titre.png.webp\" \/>\n\t<meta property=\"og:image:width\" content=\"1600\" \/>\n\t<meta property=\"og:image:height\" content=\"600\" \/>\n\t<meta property=\"og:image:type\" content=\"image\/webp\" \/>\n<meta name=\"author\" content=\"sabrinalat15\" \/>\n<meta name=\"twitter:card\" content=\"summary_large_image\" \/>\n<meta name=\"twitter:label1\" content=\"Escrito por\" \/>\n\t<meta name=\"twitter:data1\" content=\"sabrinalat15\" \/>\n\t<meta name=\"twitter:label2\" content=\"Tiempo de lectura\" \/>\n\t<meta name=\"twitter:data2\" content=\"4 minutos\" \/>\n<script type=\"application\/ld+json\" class=\"yoast-schema-graph\">{\"@context\":\"https:\/\/schema.org\",\"@graph\":[{\"@type\":\"Article\",\"@id\":\"https:\/\/www.latitude-15.com\/es\/trinidad-y-tobago-aci-lac-2025-el-caribe-en-el-corazon-de-los-problemas-de-conectividad-sostenibilidad-e-innovacion-aeroportuaria\/#article\",\"isPartOf\":{\"@id\":\"https:\/\/www.latitude-15.com\/es\/trinidad-y-tobago-aci-lac-2025-el-caribe-en-el-corazon-de-los-problemas-de-conectividad-sostenibilidad-e-innovacion-aeroportuaria\/\"},\"author\":{\"name\":\"sabrinalat15\",\"@id\":\"https:\/\/www.latitude-15.com\/es\/#\/schema\/person\/2a70943507771992ce3316849aa93bdd\"},\"headline\":\"Trinidad y Tobago \u2013 ACI-LAC 2025: el Caribe en el coraz\u00f3n de los problemas de conectividad, sostenibilidad e innovaci\u00f3n aeroportuaria\",\"datePublished\":\"2025-10-08T04:44:01+00:00\",\"dateModified\":\"2026-02-04T04:30:10+00:00\",\"mainEntityOfPage\":{\"@id\":\"https:\/\/www.latitude-15.com\/es\/trinidad-y-tobago-aci-lac-2025-el-caribe-en-el-corazon-de-los-problemas-de-conectividad-sostenibilidad-e-innovacion-aeroportuaria\/\"},\"wordCount\":875,\"commentCount\":0,\"publisher\":{\"@id\":\"https:\/\/www.latitude-15.com\/es\/#organization\"},\"image\":{\"@id\":\"https:\/\/www.latitude-15.com\/es\/trinidad-y-tobago-aci-lac-2025-el-caribe-en-el-corazon-de-los-problemas-de-conectividad-sostenibilidad-e-innovacion-aeroportuaria\/#primaryimage\"},\"thumbnailUrl\":\"https:\/\/richeskarayib.com\/wp-content\/uploads\/2025\/10\/lieu-des-levent-des-acilac-1024x473.jpg\",\"articleSection\":[\"Aeropuertos e infraestructura\",\"AVIACI\u00d3N\",\"Conectividad a\u00e9rea y Atractivo territorial\",\"Experiencia del pasajero y servicios\",\"Tecnolog\u00eda e innovaci\u00f3n\"],\"inLanguage\":\"es\",\"potentialAction\":[{\"@type\":\"CommentAction\",\"name\":\"Comment\",\"target\":[\"https:\/\/www.latitude-15.com\/es\/trinidad-y-tobago-aci-lac-2025-el-caribe-en-el-corazon-de-los-problemas-de-conectividad-sostenibilidad-e-innovacion-aeroportuaria\/#respond\"]}]},{\"@type\":\"WebPage\",\"@id\":\"https:\/\/www.latitude-15.com\/es\/trinidad-y-tobago-aci-lac-2025-el-caribe-en-el-corazon-de-los-problemas-de-conectividad-sostenibilidad-e-innovacion-aeroportuaria\/\",\"url\":\"https:\/\/www.latitude-15.com\/es\/trinidad-y-tobago-aci-lac-2025-el-caribe-en-el-corazon-de-los-problemas-de-conectividad-sostenibilidad-e-innovacion-aeroportuaria\/\",\"name\":\"Trinidad y Tobago \u2013 ACI-LAC 2025: el Caribe en el coraz\u00f3n de los problemas de conectividad, sostenibilidad e innovaci\u00f3n aeroportuaria - LATITUDE 15\",\"isPartOf\":{\"@id\":\"https:\/\/www.latitude-15.com\/es\/#website\"},\"primaryImageOfPage\":{\"@id\":\"https:\/\/www.latitude-15.com\/es\/trinidad-y-tobago-aci-lac-2025-el-caribe-en-el-corazon-de-los-problemas-de-conectividad-sostenibilidad-e-innovacion-aeroportuaria\/#primaryimage\"},\"image\":{\"@id\":\"https:\/\/www.latitude-15.com\/es\/trinidad-y-tobago-aci-lac-2025-el-caribe-en-el-corazon-de-los-problemas-de-conectividad-sostenibilidad-e-innovacion-aeroportuaria\/#primaryimage\"},\"thumbnailUrl\":\"https:\/\/richeskarayib.com\/wp-content\/uploads\/2025\/10\/lieu-des-levent-des-acilac-1024x473.jpg\",\"datePublished\":\"2025-10-08T04:44:01+00:00\",\"dateModified\":\"2026-02-04T04:30:10+00:00\",\"breadcrumb\":{\"@id\":\"https:\/\/www.latitude-15.com\/es\/trinidad-y-tobago-aci-lac-2025-el-caribe-en-el-corazon-de-los-problemas-de-conectividad-sostenibilidad-e-innovacion-aeroportuaria\/#breadcrumb\"},\"inLanguage\":\"es\",\"potentialAction\":[{\"@type\":\"ReadAction\",\"target\":[\"https:\/\/www.latitude-15.com\/es\/trinidad-y-tobago-aci-lac-2025-el-caribe-en-el-corazon-de-los-problemas-de-conectividad-sostenibilidad-e-innovacion-aeroportuaria\/\"]}]},{\"@type\":\"ImageObject\",\"inLanguage\":\"es\",\"@id\":\"https:\/\/www.latitude-15.com\/es\/trinidad-y-tobago-aci-lac-2025-el-caribe-en-el-corazon-de-los-problemas-de-conectividad-sostenibilidad-e-innovacion-aeroportuaria\/#primaryimage\",\"url\":\"https:\/\/richeskarayib.com\/wp-content\/uploads\/2025\/10\/lieu-des-levent-des-acilac-1024x473.jpg\",\"contentUrl\":\"https:\/\/richeskarayib.com\/wp-content\/uploads\/2025\/10\/lieu-des-levent-des-acilac-1024x473.jpg\"},{\"@type\":\"BreadcrumbList\",\"@id\":\"https:\/\/www.latitude-15.com\/es\/trinidad-y-tobago-aci-lac-2025-el-caribe-en-el-corazon-de-los-problemas-de-conectividad-sostenibilidad-e-innovacion-aeroportuaria\/#breadcrumb\",\"itemListElement\":[{\"@type\":\"ListItem\",\"position\":1,\"name\":\"Home\",\"item\":\"https:\/\/www.latitude-15.com\/es\/inicio\/\"},{\"@type\":\"ListItem\",\"position\":2,\"name\":\"Trinidad y Tobago \u2013 ACI-LAC 2025: el Caribe en el coraz\u00f3n de los problemas de conectividad, sostenibilidad e innovaci\u00f3n aeroportuaria\"}]},{\"@type\":\"WebSite\",\"@id\":\"https:\/\/www.latitude-15.com\/es\/#website\",\"url\":\"https:\/\/www.latitude-15.com\/es\/\",\"name\":\"LATITUDE 15\",\"description\":\"Aviation and maritime Magazine - Caribbean &amp; Latin America\",\"publisher\":{\"@id\":\"https:\/\/www.latitude-15.com\/es\/#organization\"},\"potentialAction\":[{\"@type\":\"SearchAction\",\"target\":{\"@type\":\"EntryPoint\",\"urlTemplate\":\"https:\/\/www.latitude-15.com\/es\/?s={search_term_string}\"},\"query-input\":{\"@type\":\"PropertyValueSpecification\",\"valueRequired\":true,\"valueName\":\"search_term_string\"}}],\"inLanguage\":\"es\"},{\"@type\":\"Organization\",\"@id\":\"https:\/\/www.latitude-15.com\/es\/#organization\",\"name\":\"LATITUDE 15\",\"url\":\"https:\/\/www.latitude-15.com\/es\/\",\"logo\":{\"@type\":\"ImageObject\",\"inLanguage\":\"es\",\"@id\":\"https:\/\/www.latitude-15.com\/es\/#\/schema\/logo\/image\/\",\"url\":\"https:\/\/www.latitude-15.com\/wp-content\/uploads\/2026\/01\/cropped-logox500px.png\",\"contentUrl\":\"https:\/\/www.latitude-15.com\/wp-content\/uploads\/2026\/01\/cropped-logox500px.png\",\"width\":62,\"height\":75,\"caption\":\"LATITUDE 15\"},\"image\":{\"@id\":\"https:\/\/www.latitude-15.com\/es\/#\/schema\/logo\/image\/\"}},{\"@type\":\"Person\",\"@id\":\"https:\/\/www.latitude-15.com\/es\/#\/schema\/person\/2a70943507771992ce3316849aa93bdd\",\"name\":\"sabrinalat15\",\"image\":{\"@type\":\"ImageObject\",\"inLanguage\":\"es\",\"@id\":\"https:\/\/www.latitude-15.com\/es\/#\/schema\/person\/image\/\",\"url\":\"https:\/\/secure.gravatar.com\/avatar\/91f5e11872ca6128d75f7bbde22cc384ad142a113b81c554ed87d6d9762f8813?s=96&d=mm&r=g\",\"contentUrl\":\"https:\/\/secure.gravatar.com\/avatar\/91f5e11872ca6128d75f7bbde22cc384ad142a113b81c554ed87d6d9762f8813?s=96&d=mm&r=g\",\"caption\":\"sabrinalat15\"},\"sameAs\":[\"https:\/\/www.latitude-15.com\"],\"url\":\"https:\/\/www.latitude-15.com\/es\/author\/sabrinalat15\/\"}]}<\/script>\n<!-- \/ Yoast SEO plugin. -->","yoast_head_json":{"title":"Trinidad y Tobago \u2013 ACI-LAC 2025: el Caribe en el coraz\u00f3n de los problemas de conectividad, sostenibilidad e innovaci\u00f3n aeroportuaria - LATITUDE 15","robots":{"index":"index","follow":"follow","max-snippet":"max-snippet:-1","max-image-preview":"max-image-preview:large","max-video-preview":"max-video-preview:-1"},"canonical":"https:\/\/www.latitude-15.com\/es\/trinidad-y-tobago-aci-lac-2025-el-caribe-en-el-corazon-de-los-problemas-de-conectividad-sostenibilidad-e-innovacion-aeroportuaria\/","og_locale":"es_ES","og_type":"article","og_title":"Trinidad y Tobago \u2013 ACI-LAC 2025: el Caribe en el coraz\u00f3n de los problemas de conectividad, sostenibilidad e innovaci\u00f3n aeroportuaria - LATITUDE 15","og_description":"Una conferencia estrat\u00e9gica en Trinidad y Tobago La conferencia de prensa celebrada en Trinidad y Tobago el 6 de octubre de 2025, como parte de la ACI-LAC 2025 ASAMBLEA ANUAL \u2013 CONFERENCIA Y EXPOSICI\u00d3N, reuni\u00f3 a los principales ejecutivos de la industria aeroportuaria de la regi\u00f3n. En torno a M\u00f3nica Infante (Presidenta de ACI-LAC y [&hellip;]","og_url":"https:\/\/www.latitude-15.com\/es\/trinidad-y-tobago-aci-lac-2025-el-caribe-en-el-corazon-de-los-problemas-de-conectividad-sostenibilidad-e-innovacion-aeroportuaria\/","og_site_name":"LATITUDE 15","article_published_time":"2025-10-08T04:44:01+00:00","article_modified_time":"2026-02-04T04:30:10+00:00","og_image":[{"width":1600,"height":600,"url":"https:\/\/www.latitude-15.com\/wp-content\/uploads\/2026\/01\/Design-sans-titre.png.webp","type":"image\/webp"}],"author":"sabrinalat15","twitter_card":"summary_large_image","twitter_misc":{"Escrito por":"sabrinalat15","Tiempo de lectura":"4 minutos"},"schema":{"@context":"https:\/\/schema.org","@graph":[{"@type":"Article","@id":"https:\/\/www.latitude-15.com\/es\/trinidad-y-tobago-aci-lac-2025-el-caribe-en-el-corazon-de-los-problemas-de-conectividad-sostenibilidad-e-innovacion-aeroportuaria\/#article","isPartOf":{"@id":"https:\/\/www.latitude-15.com\/es\/trinidad-y-tobago-aci-lac-2025-el-caribe-en-el-corazon-de-los-problemas-de-conectividad-sostenibilidad-e-innovacion-aeroportuaria\/"},"author":{"name":"sabrinalat15","@id":"https:\/\/www.latitude-15.com\/es\/#\/schema\/person\/2a70943507771992ce3316849aa93bdd"},"headline":"Trinidad y Tobago \u2013 ACI-LAC 2025: el Caribe en el coraz\u00f3n de los problemas de conectividad, sostenibilidad e innovaci\u00f3n aeroportuaria","datePublished":"2025-10-08T04:44:01+00:00","dateModified":"2026-02-04T04:30:10+00:00","mainEntityOfPage":{"@id":"https:\/\/www.latitude-15.com\/es\/trinidad-y-tobago-aci-lac-2025-el-caribe-en-el-corazon-de-los-problemas-de-conectividad-sostenibilidad-e-innovacion-aeroportuaria\/"},"wordCount":875,"commentCount":0,"publisher":{"@id":"https:\/\/www.latitude-15.com\/es\/#organization"},"image":{"@id":"https:\/\/www.latitude-15.com\/es\/trinidad-y-tobago-aci-lac-2025-el-caribe-en-el-corazon-de-los-problemas-de-conectividad-sostenibilidad-e-innovacion-aeroportuaria\/#primaryimage"},"thumbnailUrl":"https:\/\/richeskarayib.com\/wp-content\/uploads\/2025\/10\/lieu-des-levent-des-acilac-1024x473.jpg","articleSection":["Aeropuertos e infraestructura","AVIACI\u00d3N","Conectividad a\u00e9rea y Atractivo territorial","Experiencia del pasajero y servicios","Tecnolog\u00eda e innovaci\u00f3n"],"inLanguage":"es","potentialAction":[{"@type":"CommentAction","name":"Comment","target":["https:\/\/www.latitude-15.com\/es\/trinidad-y-tobago-aci-lac-2025-el-caribe-en-el-corazon-de-los-problemas-de-conectividad-sostenibilidad-e-innovacion-aeroportuaria\/#respond"]}]},{"@type":"WebPage","@id":"https:\/\/www.latitude-15.com\/es\/trinidad-y-tobago-aci-lac-2025-el-caribe-en-el-corazon-de-los-problemas-de-conectividad-sostenibilidad-e-innovacion-aeroportuaria\/","url":"https:\/\/www.latitude-15.com\/es\/trinidad-y-tobago-aci-lac-2025-el-caribe-en-el-corazon-de-los-problemas-de-conectividad-sostenibilidad-e-innovacion-aeroportuaria\/","name":"Trinidad y Tobago \u2013 ACI-LAC 2025: el Caribe en el coraz\u00f3n de los problemas de conectividad, sostenibilidad e innovaci\u00f3n aeroportuaria - LATITUDE 15","isPartOf":{"@id":"https:\/\/www.latitude-15.com\/es\/#website"},"primaryImageOfPage":{"@id":"https:\/\/www.latitude-15.com\/es\/trinidad-y-tobago-aci-lac-2025-el-caribe-en-el-corazon-de-los-problemas-de-conectividad-sostenibilidad-e-innovacion-aeroportuaria\/#primaryimage"},"image":{"@id":"https:\/\/www.latitude-15.com\/es\/trinidad-y-tobago-aci-lac-2025-el-caribe-en-el-corazon-de-los-problemas-de-conectividad-sostenibilidad-e-innovacion-aeroportuaria\/#primaryimage"},"thumbnailUrl":"https:\/\/richeskarayib.com\/wp-content\/uploads\/2025\/10\/lieu-des-levent-des-acilac-1024x473.jpg","datePublished":"2025-10-08T04:44:01+00:00","dateModified":"2026-02-04T04:30:10+00:00","breadcrumb":{"@id":"https:\/\/www.latitude-15.com\/es\/trinidad-y-tobago-aci-lac-2025-el-caribe-en-el-corazon-de-los-problemas-de-conectividad-sostenibilidad-e-innovacion-aeroportuaria\/#breadcrumb"},"inLanguage":"es","potentialAction":[{"@type":"ReadAction","target":["https:\/\/www.latitude-15.com\/es\/trinidad-y-tobago-aci-lac-2025-el-caribe-en-el-corazon-de-los-problemas-de-conectividad-sostenibilidad-e-innovacion-aeroportuaria\/"]}]},{"@type":"ImageObject","inLanguage":"es","@id":"https:\/\/www.latitude-15.com\/es\/trinidad-y-tobago-aci-lac-2025-el-caribe-en-el-corazon-de-los-problemas-de-conectividad-sostenibilidad-e-innovacion-aeroportuaria\/#primaryimage","url":"https:\/\/richeskarayib.com\/wp-content\/uploads\/2025\/10\/lieu-des-levent-des-acilac-1024x473.jpg","contentUrl":"https:\/\/richeskarayib.com\/wp-content\/uploads\/2025\/10\/lieu-des-levent-des-acilac-1024x473.jpg"},{"@type":"BreadcrumbList","@id":"https:\/\/www.latitude-15.com\/es\/trinidad-y-tobago-aci-lac-2025-el-caribe-en-el-corazon-de-los-problemas-de-conectividad-sostenibilidad-e-innovacion-aeroportuaria\/#breadcrumb","itemListElement":[{"@type":"ListItem","position":1,"name":"Home","item":"https:\/\/www.latitude-15.com\/es\/inicio\/"},{"@type":"ListItem","position":2,"name":"Trinidad y Tobago \u2013 ACI-LAC 2025: el Caribe en el coraz\u00f3n de los problemas de conectividad, sostenibilidad e innovaci\u00f3n aeroportuaria"}]},{"@type":"WebSite","@id":"https:\/\/www.latitude-15.com\/es\/#website","url":"https:\/\/www.latitude-15.com\/es\/","name":"LATITUDE 15","description":"Aviation and maritime Magazine - Caribbean &amp; Latin America","publisher":{"@id":"https:\/\/www.latitude-15.com\/es\/#organization"},"potentialAction":[{"@type":"SearchAction","target":{"@type":"EntryPoint","urlTemplate":"https:\/\/www.latitude-15.com\/es\/?s={search_term_string}"},"query-input":{"@type":"PropertyValueSpecification","valueRequired":true,"valueName":"search_term_string"}}],"inLanguage":"es"},{"@type":"Organization","@id":"https:\/\/www.latitude-15.com\/es\/#organization","name":"LATITUDE 15","url":"https:\/\/www.latitude-15.com\/es\/","logo":{"@type":"ImageObject","inLanguage":"es","@id":"https:\/\/www.latitude-15.com\/es\/#\/schema\/logo\/image\/","url":"https:\/\/www.latitude-15.com\/wp-content\/uploads\/2026\/01\/cropped-logox500px.png","contentUrl":"https:\/\/www.latitude-15.com\/wp-content\/uploads\/2026\/01\/cropped-logox500px.png","width":62,"height":75,"caption":"LATITUDE 15"},"image":{"@id":"https:\/\/www.latitude-15.com\/es\/#\/schema\/logo\/image\/"}},{"@type":"Person","@id":"https:\/\/www.latitude-15.com\/es\/#\/schema\/person\/2a70943507771992ce3316849aa93bdd","name":"sabrinalat15","image":{"@type":"ImageObject","inLanguage":"es","@id":"https:\/\/www.latitude-15.com\/es\/#\/schema\/person\/image\/","url":"https:\/\/secure.gravatar.com\/avatar\/91f5e11872ca6128d75f7bbde22cc384ad142a113b81c554ed87d6d9762f8813?s=96&d=mm&r=g","contentUrl":"https:\/\/secure.gravatar.com\/avatar\/91f5e11872ca6128d75f7bbde22cc384ad142a113b81c554ed87d6d9762f8813?s=96&d=mm&r=g","caption":"sabrinalat15"},"sameAs":["https:\/\/www.latitude-15.com"],"url":"https:\/\/www.latitude-15.com\/es\/author\/sabrinalat15\/"}]}},"_links":{"self":[{"href":"https:\/\/www.latitude-15.com\/es\/wp-json\/wp\/v2\/posts\/19658","targetHints":{"allow":["GET"]}}],"collection":[{"href":"https:\/\/www.latitude-15.com\/es\/wp-json\/wp\/v2\/posts"}],"about":[{"href":"https:\/\/www.latitude-15.com\/es\/wp-json\/wp\/v2\/types\/post"}],"author":[{"embeddable":true,"href":"https:\/\/www.latitude-15.com\/es\/wp-json\/wp\/v2\/users\/1"}],"replies":[{"embeddable":true,"href":"https:\/\/www.latitude-15.com\/es\/wp-json\/wp\/v2\/comments?post=19658"}],"version-history":[{"count":2,"href":"https:\/\/www.latitude-15.com\/es\/wp-json\/wp\/v2\/posts\/19658\/revisions"}],"predecessor-version":[{"id":19660,"href":"https:\/\/www.latitude-15.com\/es\/wp-json\/wp\/v2\/posts\/19658\/revisions\/19660"}],"wp:attachment":[{"href":"https:\/\/www.latitude-15.com\/es\/wp-json\/wp\/v2\/media?parent=19658"}],"wp:term":[{"taxonomy":"category","embeddable":true,"href":"https:\/\/www.latitude-15.com\/es\/wp-json\/wp\/v2\/categories?post=19658"},{"taxonomy":"post_tag","embeddable":true,"href":"https:\/\/www.latitude-15.com\/es\/wp-json\/wp\/v2\/tags?post=19658"}],"curies":[{"name":"wp","href":"https:\/\/api.w.org\/{rel}","templated":true}]}}