{"id":19639,"date":"2025-12-15T01:46:27","date_gmt":"2025-12-15T05:46:27","guid":{"rendered":"https:\/\/www.latitude-15.com\/2025\/12\/15\/isla-caribena-francesa-y-guayana-francesa-cciag-trabajando-juntos-por-una-logistica-regional-integrada\/"},"modified":"2026-02-04T00:10:05","modified_gmt":"2026-02-04T04:10:05","slug":"isla-caribena-francesa-y-guayana-francesa-cciag-trabajando-juntos-por-una-logistica-regional-integrada","status":"publish","type":"post","link":"https:\/\/www.latitude-15.com\/es\/isla-caribena-francesa-y-guayana-francesa-cciag-trabajando-juntos-por-una-logistica-regional-integrada\/","title":{"rendered":"Isla caribe\u00f1a francesa y Guayana Francesa \u2013 CCIAG: trabajando juntos por una log\u00edstica regional integrada"},"content":{"rendered":"\n<p>El <a href=\"https:\/\/www.martinique.port.fr\/detail-actualites.aspx?card=10257#:~:text=Dans%20le%20cadre%20du%20renforcement,Guyane%20et%20de%20la%20Martinique.\" target=\"_blank\" rel=\"noreferrer noopener\">Conseil de Coordination Interportuaire Antilles-Guyane (CCIAG<\/a> ) se reuni\u00f3 el 12 de diciembre de 2025 en Habitation Le PALM en Martinica. Esta reuni\u00f3n anual, prevista en el C\u00f3digo de Transporte franc\u00e9s, se ha convertido en una importante palanca para la gobernanza interterritorial entre Guadalupe, Martinica y la Guayana Francesa.<\/p>\n\n<p>Con el apoyo del Estado franc\u00e9s y los tres Grands Ports Maritimes, el CCIAG tiene como objetivo reforzar la coherencia de las pol\u00edticas portuarias, apoyar la resiliencia econ\u00f3mica de los territorios y garantizar la inclusi\u00f3n a largo plazo del eje Sur-Caribe en una din\u00e1mica de cooperaci\u00f3n regional.<\/p>\n\n<h2 class=\"wp-block-heading\">Gobernanza colegiada al servicio de los territorios<\/h2>\n\n<p>\u201cEl CCIAG es m\u00e1s que un organismo t\u00e9cnico: es un foro para el di\u00e1logo estrat\u00e9gico con representantes del Estado, las autoridades locales y los puertos\u201d, subraya <a href=\"https:\/\/richeskarayib.com\/msc-cruises-strengthens-presence-caribbean\/\" target=\"_blank\" rel=\"noreferrer noopener\">Bruno Menc\u00e9<\/a>, Presidente del Consejo de Administraci\u00f3n del <a href=\"https:\/\/www.martinique.port.fr\/\" target=\"_blank\" rel=\"noreferrer noopener\">Grand Port Maritime de la Martinique<\/a>.<\/p>\n\n<p>El CCIAG garantiza que las pol\u00edticas portuarias est\u00e9n regularmente alineadas con las directrices nacionales y las necesidades locales. Cada a\u00f1o, los tres puertos ponen en com\u00fan su experiencia y definen prioridades conjuntas: seguridad, conectividad, transici\u00f3n ecol\u00f3gica y competitividad log\u00edstica.<\/p>\n\n<figure class=\"wp-block-image\"><img decoding=\"async\" data-src=\"https:\/\/richeskarayib.com\/wp-content\/uploads\/2025\/12\/Bruno-Mence-1024x1024.png\" alt=\"CCIAG\" src=\"data:image\/svg+xml;base64,PHN2ZyB3aWR0aD0iMSIgaGVpZ2h0PSIxIiB4bWxucz0iaHR0cDovL3d3dy53My5vcmcvMjAwMC9zdmciPjwvc3ZnPg==\" class=\"lazyload\" style=\"--smush-placeholder-width: 1024px; --smush-placeholder-aspect-ratio: 1024\/1024;\" \/><figcaption class=\"wp-element-caption\">Bruno Menc\u00e9<\/figcaption><\/figure>\n\n<p>Jean-Pierre Chalus, Presidente del Consejo de Administraci\u00f3n del <a href=\"https:\/\/guadeloupe-portcaraibes.com\/\" target=\"_blank\" rel=\"noreferrer noopener\">Puerto de Guadalupe<\/a>, insiste en que esta gobernanza compartida permite un seguimiento concreto de los progresos y las dificultades:<\/p>\n\n<blockquote class=\"wp-block-quote is-layout-flow wp-block-quote-is-layout-flow\">\n<p>\u201cCada a\u00f1o, tenemos una actualizaci\u00f3n de las orientaciones votadas colectivamente, lo que nos permite se\u00f1alar nuestros progresos, nuestras dificultades y continuar nuestro camino\u201d.<br\/>Tambi\u00e9n destaca la creciente movilizaci\u00f3n de los equipos en torno a las cuestiones medioambientales:<br\/>\u201cHay mucho entusiasmo por parte de todos los puertos para invertir en transiciones energ\u00e9ticas, ecol\u00f3gicas y de otro tipo, al servicio del desarrollo sostenible de nuestros territorios\u201d.<\/p>\n<\/blockquote>\n\n<figure class=\"wp-block-image\"><img decoding=\"async\" data-src=\"https:\/\/richeskarayib.com\/wp-content\/uploads\/2025\/12\/Jean-Pierre-Chalus-1024x1024.png\" alt=\"CCIAG\" src=\"data:image\/svg+xml;base64,PHN2ZyB3aWR0aD0iMSIgaGVpZ2h0PSIxIiB4bWxucz0iaHR0cDovL3d3dy53My5vcmcvMjAwMC9zdmciPjwvc3ZnPg==\" class=\"lazyload\" style=\"--smush-placeholder-width: 1024px; --smush-placeholder-aspect-ratio: 1024\/1024;\" \/><figcaption class=\"wp-element-caption\">Jean Pierre Chalus<\/figcaption><\/figure>\n\n<p>St\u00e9phane Tant, Presidente del Consejo de Administraci\u00f3n del <a href=\"https:\/\/portdeguyane.fr\/\" target=\"_blank\" rel=\"noreferrer noopener\">Grand Port Maritime de la Guyane<\/a>, subraya la importancia de esta reuni\u00f3n anual:<\/p>\n\n<blockquote class=\"wp-block-quote is-layout-flow wp-block-quote-is-layout-flow\">\n<p>\u201cEs una reuni\u00f3n que nos permite intercambiar puntos de vista no solo entre los puertos, sino tambi\u00e9n con los representantes electos, la DGOM (Direction G\u00e9n\u00e9rale des Outre-mer) y la DGITM (Direction G\u00e9n\u00e9rale des Infrastructures, des Transports et de la Mer), sobre nuestros retos comunes, nuestras necesidades de desarrollo y nuestra hoja de ruta.<\/p>\n\n\n\n<p>Subraya que el CCIAG es algo m\u00e1s que el puerto, se trata de desarrollo econ\u00f3mico y conectividad regional.<\/p>\n<\/blockquote>\n\n<figure class=\"wp-block-image\"><img decoding=\"async\" data-src=\"https:\/\/richeskarayib.com\/wp-content\/uploads\/2025\/12\/Stephane-Tant-1-1024x1024.png\" alt=\"CCIAG\" src=\"data:image\/svg+xml;base64,PHN2ZyB3aWR0aD0iMSIgaGVpZ2h0PSIxIiB4bWxucz0iaHR0cDovL3d3dy53My5vcmcvMjAwMC9zdmciPjwvc3ZnPg==\" class=\"lazyload\" style=\"--smush-placeholder-width: 1024px; --smush-placeholder-aspect-ratio: 1024\/1024;\" \/><figcaption class=\"wp-element-caption\">St\u00e9phane Tant<\/figcaption><\/figure>\n\n<h2 class=\"wp-block-heading\">Una hoja de ruta com\u00fan y acciones concretas<\/h2>\n\n<p>La hoja de ruta 2025-2029, definida colectivamente por todos los actores dentro del CCIAG, se centra en \u00e1reas importantes como la descarbonizaci\u00f3n, la seguridad portuaria, la innovaci\u00f3n y la adaptaci\u00f3n al cambio clim\u00e1tico. Bruno Menc\u00e9 explica:<\/p>\n\n<p>\u201cTenemos que garantizar un nivel id\u00e9ntico de seguridad en nuestros tres puertos, que corresponda a las necesidades de nuestros clientes y de los territorios\u201d.<\/p>\n\n<p>Tambi\u00e9n destaca la importancia de la cooperaci\u00f3n regional con <strong>PMAC <\/strong>(Asociaci\u00f3n de Gesti\u00f3n Portuaria del Caribe) para crear un observatorio econ\u00f3mico caribe\u00f1o:<\/p>\n\n<p>\u201cEs un proyecto verdaderamente caribe\u00f1o en el que estamos trabajando con PMAC, es decir, con todos los puertos del Caribe\u201d, explica Bruno Menc\u00e9.<\/p>\n\n<p>El objetivo es comprender mejor c\u00f3mo funcionan las l\u00edneas navieras e identificar formas de desarrollar el comercio con las islas vecinas.<\/p>\n\n<p>Jean-Pierre Chalus se\u00f1ala que esta hoja de ruta permite abordar temas estrat\u00e9gicos como los servicios interterritoriales:<\/p>\n\n<p>\u201cEl servicio regular a la Guayana Francesa, Guadalupe y Martinica es un factor importante para nuestros territorios, tanto para los actores econ\u00f3micos como para los pol\u00edticos\u201d.<\/p>\n\n<p>Tambi\u00e9n destaca el papel de las reuniones t\u00e9cnicas que se celebran a lo largo del a\u00f1o entre los departamentos portuarios, para garantizar un progreso continuo.<\/p>\n\n<p>Entre las acciones concretas ya emprendidas, cita <strong>la firma conjunta de un compromiso con la UICN (Uni\u00f3n Internacional para la Conservaci\u00f3n de la Naturaleza)<\/strong> sobre la gesti\u00f3n de especies ex\u00f3ticas invasoras, lo que refleja la participaci\u00f3n de los puertos en cuestiones medioambientales compartidas.<\/p>\n\n<p>St\u00e9phane Tant destaca las perspectivas de una mayor cooperaci\u00f3n con <strong>Las Guayanas<\/strong>, en el marco de una conferencia bianual entre la Guayana Francesa, Guyana, Surinam y dos estados brasile\u00f1os (Amap\u00e1 y Par\u00e1):<br\/>\u201cEstamos liderando una conferencia de cooperaci\u00f3n de los puertos de Las Guayanas\u201d.<br\/>Esta iniciativa complementa el trabajo del CCIAG al extender las conexiones regionales a Sudam\u00e9rica.<\/p>\n\n<figure class=\"wp-block-image\"><img decoding=\"async\" data-src=\"https:\/\/richeskarayib.com\/wp-content\/uploads\/2025\/12\/WhatsApp-Image-2025-12-13-at-08.51.16-1024x473.jpeg\" alt=\"CCIAG\" src=\"data:image\/svg+xml;base64,PHN2ZyB3aWR0aD0iMSIgaGVpZ2h0PSIxIiB4bWxucz0iaHR0cDovL3d3dy53My5vcmcvMjAwMC9zdmciPjwvc3ZnPg==\" class=\"lazyload\" style=\"--smush-placeholder-width: 1024px; --smush-placeholder-aspect-ratio: 1024\/473;\" \/><\/figure>\n\n<h2 class=\"wp-block-heading\">Una visi\u00f3n compartida: superar la insularidad<\/h2>\n\n<p>El CCIAG tiene una ambici\u00f3n compartida que va m\u00e1s all\u00e1 de la mera coordinaci\u00f3n entre puertos. Al reunir a directores de puertos, representantes gubernamentales, autoridades locales y presidentes de consejos de supervisi\u00f3n, este organismo promueve un enfoque global de la log\u00edstica y el desarrollo territorial.<\/p>\n\n<p>Todos los participantes coincidieron en una cosa: el rendimiento portuario ya no puede concebirse de forma aislada. Depende de una gobernanza m\u00e1s amplia, capaz de conectar las pol\u00edticas p\u00fablicas, las cuestiones econ\u00f3micas y los imperativos medioambientales. Este marco com\u00fan nos permitir\u00e1 sentar las bases de una log\u00edstica m\u00e1s resiliente y mejor integrada, orientada al Gran Caribe en su conjunto.<\/p>\n\n<p>En 2026, esta din\u00e1mica continuar\u00e1 en la Guayana Francesa, en la pr\u00f3xima sesi\u00f3n plenaria. Una reuni\u00f3n muy esperada para profundizar en esta cooperaci\u00f3n entre m\u00faltiples partes interesadas y consolidar las bases de la soberan\u00eda log\u00edstica regional.<\/p>\n\n<figure class=\"wp-block-image\"><img decoding=\"async\" data-src=\"https:\/\/richeskarayib.com\/wp-content\/uploads\/2025\/12\/20251212_121616-1024x473.jpg\" alt=\"CCIAG\" src=\"data:image\/svg+xml;base64,PHN2ZyB3aWR0aD0iMSIgaGVpZ2h0PSIxIiB4bWxucz0iaHR0cDovL3d3dy53My5vcmcvMjAwMC9zdmciPjwvc3ZnPg==\" class=\"lazyload\" style=\"--smush-placeholder-width: 1024px; --smush-placeholder-aspect-ratio: 1024\/473;\" \/><\/figure>\n","protected":false},"excerpt":{"rendered":"<p>El Conseil de Coordination Interportuaire Antilles-Guyane (CCIAG ) se reuni\u00f3 el 12 de diciembre de 2025 en Habitation Le PALM en Martinica. Esta reuni\u00f3n anual, prevista en el C\u00f3digo de Transporte franc\u00e9s, se ha convertido en una importante palanca para la gobernanza interterritorial entre Guadalupe, Martinica y la Guayana Francesa. Con el apoyo del Estado [&hellip;]<\/p>\n","protected":false},"author":1,"featured_media":19638,"comment_status":"open","ping_status":"open","sticky":false,"template":"","format":"standard","meta":{"footnotes":""},"categories":[132,123,120],"tags":[],"class_list":["post-19639","post","type-post","status-publish","format-standard","has-post-thumbnail","hentry","category-conectividad-maritima-y-movilidad","category-economia-azul-y-sostenibilidad","category-maritimo"],"yoast_head":"<!-- This site is optimized with the Yoast SEO plugin v26.9 - https:\/\/yoast.com\/product\/yoast-seo-wordpress\/ -->\n<title>Isla caribe\u00f1a francesa y Guayana Francesa \u2013 CCIAG: trabajando juntos por una log\u00edstica regional integrada - LATITUDE 15<\/title>\n<meta name=\"robots\" content=\"index, follow, max-snippet:-1, max-image-preview:large, max-video-preview:-1\" \/>\n<link rel=\"canonical\" href=\"https:\/\/www.latitude-15.com\/es\/isla-caribena-francesa-y-guayana-francesa-cciag-trabajando-juntos-por-una-logistica-regional-integrada\/\" \/>\n<meta property=\"og:locale\" content=\"es_ES\" \/>\n<meta property=\"og:type\" content=\"article\" \/>\n<meta property=\"og:title\" content=\"Isla caribe\u00f1a francesa y Guayana Francesa \u2013 CCIAG: trabajando juntos por una log\u00edstica regional integrada - LATITUDE 15\" \/>\n<meta property=\"og:description\" content=\"El Conseil de Coordination Interportuaire Antilles-Guyane (CCIAG ) se reuni\u00f3 el 12 de diciembre de 2025 en Habitation Le PALM en Martinica. Esta reuni\u00f3n anual, prevista en el C\u00f3digo de Transporte franc\u00e9s, se ha convertido en una importante palanca para la gobernanza interterritorial entre Guadalupe, Martinica y la Guayana Francesa. Con el apoyo del Estado [&hellip;]\" \/>\n<meta property=\"og:url\" content=\"https:\/\/www.latitude-15.com\/es\/isla-caribena-francesa-y-guayana-francesa-cciag-trabajando-juntos-por-una-logistica-regional-integrada\/\" \/>\n<meta property=\"og:site_name\" content=\"LATITUDE 15\" \/>\n<meta property=\"article:published_time\" content=\"2025-12-15T05:46:27+00:00\" \/>\n<meta property=\"article:modified_time\" content=\"2026-02-04T04:10:05+00:00\" \/>\n<meta property=\"og:image\" content=\"https:\/\/www.latitude-15.com\/wp-content\/uploads\/2026\/01\/WhatsApp-Image-2025-12-13-at-08.51.16.jpeg.webp\" \/>\n\t<meta property=\"og:image:width\" content=\"1600\" \/>\n\t<meta property=\"og:image:height\" content=\"739\" \/>\n\t<meta property=\"og:image:type\" content=\"image\/webp\" \/>\n<meta name=\"author\" content=\"sabrinalat15\" \/>\n<meta name=\"twitter:card\" content=\"summary_large_image\" \/>\n<meta name=\"twitter:label1\" content=\"Escrito por\" \/>\n\t<meta name=\"twitter:data1\" content=\"sabrinalat15\" \/>\n\t<meta name=\"twitter:label2\" content=\"Tiempo de lectura\" \/>\n\t<meta name=\"twitter:data2\" content=\"5 minutos\" \/>\n<script type=\"application\/ld+json\" class=\"yoast-schema-graph\">{\"@context\":\"https:\/\/schema.org\",\"@graph\":[{\"@type\":\"Article\",\"@id\":\"https:\/\/www.latitude-15.com\/es\/isla-caribena-francesa-y-guayana-francesa-cciag-trabajando-juntos-por-una-logistica-regional-integrada\/#article\",\"isPartOf\":{\"@id\":\"https:\/\/www.latitude-15.com\/es\/isla-caribena-francesa-y-guayana-francesa-cciag-trabajando-juntos-por-una-logistica-regional-integrada\/\"},\"author\":{\"name\":\"sabrinalat15\",\"@id\":\"https:\/\/www.latitude-15.com\/es\/#\/schema\/person\/2a70943507771992ce3316849aa93bdd\"},\"headline\":\"Isla caribe\u00f1a francesa y Guayana Francesa \u2013 CCIAG: trabajando juntos por una log\u00edstica regional integrada\",\"datePublished\":\"2025-12-15T05:46:27+00:00\",\"dateModified\":\"2026-02-04T04:10:05+00:00\",\"mainEntityOfPage\":{\"@id\":\"https:\/\/www.latitude-15.com\/es\/isla-caribena-francesa-y-guayana-francesa-cciag-trabajando-juntos-por-una-logistica-regional-integrada\/\"},\"wordCount\":927,\"commentCount\":0,\"publisher\":{\"@id\":\"https:\/\/www.latitude-15.com\/es\/#organization\"},\"image\":{\"@id\":\"https:\/\/www.latitude-15.com\/es\/isla-caribena-francesa-y-guayana-francesa-cciag-trabajando-juntos-por-una-logistica-regional-integrada\/#primaryimage\"},\"thumbnailUrl\":\"https:\/\/www.latitude-15.com\/wp-content\/uploads\/2026\/01\/WhatsApp-Image-2025-12-13-at-08.51.16.jpeg.webp\",\"articleSection\":[\"Conectividad mar\u00edtima y movilidad\",\"Econom\u00eda azul y sostenibilidad\",\"MAR\u00cdTIMO\"],\"inLanguage\":\"es\",\"potentialAction\":[{\"@type\":\"CommentAction\",\"name\":\"Comment\",\"target\":[\"https:\/\/www.latitude-15.com\/es\/isla-caribena-francesa-y-guayana-francesa-cciag-trabajando-juntos-por-una-logistica-regional-integrada\/#respond\"]}]},{\"@type\":\"WebPage\",\"@id\":\"https:\/\/www.latitude-15.com\/es\/isla-caribena-francesa-y-guayana-francesa-cciag-trabajando-juntos-por-una-logistica-regional-integrada\/\",\"url\":\"https:\/\/www.latitude-15.com\/es\/isla-caribena-francesa-y-guayana-francesa-cciag-trabajando-juntos-por-una-logistica-regional-integrada\/\",\"name\":\"Isla caribe\u00f1a francesa y Guayana Francesa \u2013 CCIAG: trabajando juntos por una log\u00edstica regional integrada - LATITUDE 15\",\"isPartOf\":{\"@id\":\"https:\/\/www.latitude-15.com\/es\/#website\"},\"primaryImageOfPage\":{\"@id\":\"https:\/\/www.latitude-15.com\/es\/isla-caribena-francesa-y-guayana-francesa-cciag-trabajando-juntos-por-una-logistica-regional-integrada\/#primaryimage\"},\"image\":{\"@id\":\"https:\/\/www.latitude-15.com\/es\/isla-caribena-francesa-y-guayana-francesa-cciag-trabajando-juntos-por-una-logistica-regional-integrada\/#primaryimage\"},\"thumbnailUrl\":\"https:\/\/www.latitude-15.com\/wp-content\/uploads\/2026\/01\/WhatsApp-Image-2025-12-13-at-08.51.16.jpeg.webp\",\"datePublished\":\"2025-12-15T05:46:27+00:00\",\"dateModified\":\"2026-02-04T04:10:05+00:00\",\"breadcrumb\":{\"@id\":\"https:\/\/www.latitude-15.com\/es\/isla-caribena-francesa-y-guayana-francesa-cciag-trabajando-juntos-por-una-logistica-regional-integrada\/#breadcrumb\"},\"inLanguage\":\"es\",\"potentialAction\":[{\"@type\":\"ReadAction\",\"target\":[\"https:\/\/www.latitude-15.com\/es\/isla-caribena-francesa-y-guayana-francesa-cciag-trabajando-juntos-por-una-logistica-regional-integrada\/\"]}]},{\"@type\":\"ImageObject\",\"inLanguage\":\"es\",\"@id\":\"https:\/\/www.latitude-15.com\/es\/isla-caribena-francesa-y-guayana-francesa-cciag-trabajando-juntos-por-una-logistica-regional-integrada\/#primaryimage\",\"url\":\"https:\/\/www.latitude-15.com\/wp-content\/uploads\/2026\/01\/WhatsApp-Image-2025-12-13-at-08.51.16.jpeg.webp\",\"contentUrl\":\"https:\/\/www.latitude-15.com\/wp-content\/uploads\/2026\/01\/WhatsApp-Image-2025-12-13-at-08.51.16.jpeg.webp\",\"width\":1600,\"height\":739},{\"@type\":\"BreadcrumbList\",\"@id\":\"https:\/\/www.latitude-15.com\/es\/isla-caribena-francesa-y-guayana-francesa-cciag-trabajando-juntos-por-una-logistica-regional-integrada\/#breadcrumb\",\"itemListElement\":[{\"@type\":\"ListItem\",\"position\":1,\"name\":\"Home\",\"item\":\"https:\/\/www.latitude-15.com\/es\/inicio\/\"},{\"@type\":\"ListItem\",\"position\":2,\"name\":\"Isla caribe\u00f1a francesa y Guayana Francesa \u2013 CCIAG: trabajando juntos por una log\u00edstica regional integrada\"}]},{\"@type\":\"WebSite\",\"@id\":\"https:\/\/www.latitude-15.com\/es\/#website\",\"url\":\"https:\/\/www.latitude-15.com\/es\/\",\"name\":\"LATITUDE 15\",\"description\":\"Aviation and maritime Magazine - Caribbean &amp; Latin America\",\"publisher\":{\"@id\":\"https:\/\/www.latitude-15.com\/es\/#organization\"},\"potentialAction\":[{\"@type\":\"SearchAction\",\"target\":{\"@type\":\"EntryPoint\",\"urlTemplate\":\"https:\/\/www.latitude-15.com\/es\/?s={search_term_string}\"},\"query-input\":{\"@type\":\"PropertyValueSpecification\",\"valueRequired\":true,\"valueName\":\"search_term_string\"}}],\"inLanguage\":\"es\"},{\"@type\":\"Organization\",\"@id\":\"https:\/\/www.latitude-15.com\/es\/#organization\",\"name\":\"LATITUDE 15\",\"url\":\"https:\/\/www.latitude-15.com\/es\/\",\"logo\":{\"@type\":\"ImageObject\",\"inLanguage\":\"es\",\"@id\":\"https:\/\/www.latitude-15.com\/es\/#\/schema\/logo\/image\/\",\"url\":\"https:\/\/www.latitude-15.com\/wp-content\/uploads\/2026\/01\/cropped-logox500px.png\",\"contentUrl\":\"https:\/\/www.latitude-15.com\/wp-content\/uploads\/2026\/01\/cropped-logox500px.png\",\"width\":62,\"height\":75,\"caption\":\"LATITUDE 15\"},\"image\":{\"@id\":\"https:\/\/www.latitude-15.com\/es\/#\/schema\/logo\/image\/\"}},{\"@type\":\"Person\",\"@id\":\"https:\/\/www.latitude-15.com\/es\/#\/schema\/person\/2a70943507771992ce3316849aa93bdd\",\"name\":\"sabrinalat15\",\"image\":{\"@type\":\"ImageObject\",\"inLanguage\":\"es\",\"@id\":\"https:\/\/www.latitude-15.com\/es\/#\/schema\/person\/image\/\",\"url\":\"https:\/\/secure.gravatar.com\/avatar\/91f5e11872ca6128d75f7bbde22cc384ad142a113b81c554ed87d6d9762f8813?s=96&d=mm&r=g\",\"contentUrl\":\"https:\/\/secure.gravatar.com\/avatar\/91f5e11872ca6128d75f7bbde22cc384ad142a113b81c554ed87d6d9762f8813?s=96&d=mm&r=g\",\"caption\":\"sabrinalat15\"},\"sameAs\":[\"https:\/\/www.latitude-15.com\"],\"url\":\"https:\/\/www.latitude-15.com\/es\/author\/sabrinalat15\/\"}]}<\/script>\n<!-- \/ Yoast SEO plugin. -->","yoast_head_json":{"title":"Isla caribe\u00f1a francesa y Guayana Francesa \u2013 CCIAG: trabajando juntos por una log\u00edstica regional integrada - LATITUDE 15","robots":{"index":"index","follow":"follow","max-snippet":"max-snippet:-1","max-image-preview":"max-image-preview:large","max-video-preview":"max-video-preview:-1"},"canonical":"https:\/\/www.latitude-15.com\/es\/isla-caribena-francesa-y-guayana-francesa-cciag-trabajando-juntos-por-una-logistica-regional-integrada\/","og_locale":"es_ES","og_type":"article","og_title":"Isla caribe\u00f1a francesa y Guayana Francesa \u2013 CCIAG: trabajando juntos por una log\u00edstica regional integrada - LATITUDE 15","og_description":"El Conseil de Coordination Interportuaire Antilles-Guyane (CCIAG ) se reuni\u00f3 el 12 de diciembre de 2025 en Habitation Le PALM en Martinica. Esta reuni\u00f3n anual, prevista en el C\u00f3digo de Transporte franc\u00e9s, se ha convertido en una importante palanca para la gobernanza interterritorial entre Guadalupe, Martinica y la Guayana Francesa. Con el apoyo del Estado [&hellip;]","og_url":"https:\/\/www.latitude-15.com\/es\/isla-caribena-francesa-y-guayana-francesa-cciag-trabajando-juntos-por-una-logistica-regional-integrada\/","og_site_name":"LATITUDE 15","article_published_time":"2025-12-15T05:46:27+00:00","article_modified_time":"2026-02-04T04:10:05+00:00","og_image":[{"width":1600,"height":739,"url":"https:\/\/www.latitude-15.com\/wp-content\/uploads\/2026\/01\/WhatsApp-Image-2025-12-13-at-08.51.16.jpeg.webp","type":"image\/webp"}],"author":"sabrinalat15","twitter_card":"summary_large_image","twitter_misc":{"Escrito por":"sabrinalat15","Tiempo de lectura":"5 minutos"},"schema":{"@context":"https:\/\/schema.org","@graph":[{"@type":"Article","@id":"https:\/\/www.latitude-15.com\/es\/isla-caribena-francesa-y-guayana-francesa-cciag-trabajando-juntos-por-una-logistica-regional-integrada\/#article","isPartOf":{"@id":"https:\/\/www.latitude-15.com\/es\/isla-caribena-francesa-y-guayana-francesa-cciag-trabajando-juntos-por-una-logistica-regional-integrada\/"},"author":{"name":"sabrinalat15","@id":"https:\/\/www.latitude-15.com\/es\/#\/schema\/person\/2a70943507771992ce3316849aa93bdd"},"headline":"Isla caribe\u00f1a francesa y Guayana Francesa \u2013 CCIAG: trabajando juntos por una log\u00edstica regional integrada","datePublished":"2025-12-15T05:46:27+00:00","dateModified":"2026-02-04T04:10:05+00:00","mainEntityOfPage":{"@id":"https:\/\/www.latitude-15.com\/es\/isla-caribena-francesa-y-guayana-francesa-cciag-trabajando-juntos-por-una-logistica-regional-integrada\/"},"wordCount":927,"commentCount":0,"publisher":{"@id":"https:\/\/www.latitude-15.com\/es\/#organization"},"image":{"@id":"https:\/\/www.latitude-15.com\/es\/isla-caribena-francesa-y-guayana-francesa-cciag-trabajando-juntos-por-una-logistica-regional-integrada\/#primaryimage"},"thumbnailUrl":"https:\/\/www.latitude-15.com\/wp-content\/uploads\/2026\/01\/WhatsApp-Image-2025-12-13-at-08.51.16.jpeg.webp","articleSection":["Conectividad mar\u00edtima y movilidad","Econom\u00eda azul y sostenibilidad","MAR\u00cdTIMO"],"inLanguage":"es","potentialAction":[{"@type":"CommentAction","name":"Comment","target":["https:\/\/www.latitude-15.com\/es\/isla-caribena-francesa-y-guayana-francesa-cciag-trabajando-juntos-por-una-logistica-regional-integrada\/#respond"]}]},{"@type":"WebPage","@id":"https:\/\/www.latitude-15.com\/es\/isla-caribena-francesa-y-guayana-francesa-cciag-trabajando-juntos-por-una-logistica-regional-integrada\/","url":"https:\/\/www.latitude-15.com\/es\/isla-caribena-francesa-y-guayana-francesa-cciag-trabajando-juntos-por-una-logistica-regional-integrada\/","name":"Isla caribe\u00f1a francesa y Guayana Francesa \u2013 CCIAG: trabajando juntos por una log\u00edstica regional integrada - LATITUDE 15","isPartOf":{"@id":"https:\/\/www.latitude-15.com\/es\/#website"},"primaryImageOfPage":{"@id":"https:\/\/www.latitude-15.com\/es\/isla-caribena-francesa-y-guayana-francesa-cciag-trabajando-juntos-por-una-logistica-regional-integrada\/#primaryimage"},"image":{"@id":"https:\/\/www.latitude-15.com\/es\/isla-caribena-francesa-y-guayana-francesa-cciag-trabajando-juntos-por-una-logistica-regional-integrada\/#primaryimage"},"thumbnailUrl":"https:\/\/www.latitude-15.com\/wp-content\/uploads\/2026\/01\/WhatsApp-Image-2025-12-13-at-08.51.16.jpeg.webp","datePublished":"2025-12-15T05:46:27+00:00","dateModified":"2026-02-04T04:10:05+00:00","breadcrumb":{"@id":"https:\/\/www.latitude-15.com\/es\/isla-caribena-francesa-y-guayana-francesa-cciag-trabajando-juntos-por-una-logistica-regional-integrada\/#breadcrumb"},"inLanguage":"es","potentialAction":[{"@type":"ReadAction","target":["https:\/\/www.latitude-15.com\/es\/isla-caribena-francesa-y-guayana-francesa-cciag-trabajando-juntos-por-una-logistica-regional-integrada\/"]}]},{"@type":"ImageObject","inLanguage":"es","@id":"https:\/\/www.latitude-15.com\/es\/isla-caribena-francesa-y-guayana-francesa-cciag-trabajando-juntos-por-una-logistica-regional-integrada\/#primaryimage","url":"https:\/\/www.latitude-15.com\/wp-content\/uploads\/2026\/01\/WhatsApp-Image-2025-12-13-at-08.51.16.jpeg.webp","contentUrl":"https:\/\/www.latitude-15.com\/wp-content\/uploads\/2026\/01\/WhatsApp-Image-2025-12-13-at-08.51.16.jpeg.webp","width":1600,"height":739},{"@type":"BreadcrumbList","@id":"https:\/\/www.latitude-15.com\/es\/isla-caribena-francesa-y-guayana-francesa-cciag-trabajando-juntos-por-una-logistica-regional-integrada\/#breadcrumb","itemListElement":[{"@type":"ListItem","position":1,"name":"Home","item":"https:\/\/www.latitude-15.com\/es\/inicio\/"},{"@type":"ListItem","position":2,"name":"Isla caribe\u00f1a francesa y Guayana Francesa \u2013 CCIAG: trabajando juntos por una log\u00edstica regional integrada"}]},{"@type":"WebSite","@id":"https:\/\/www.latitude-15.com\/es\/#website","url":"https:\/\/www.latitude-15.com\/es\/","name":"LATITUDE 15","description":"Aviation and maritime Magazine - Caribbean &amp; Latin America","publisher":{"@id":"https:\/\/www.latitude-15.com\/es\/#organization"},"potentialAction":[{"@type":"SearchAction","target":{"@type":"EntryPoint","urlTemplate":"https:\/\/www.latitude-15.com\/es\/?s={search_term_string}"},"query-input":{"@type":"PropertyValueSpecification","valueRequired":true,"valueName":"search_term_string"}}],"inLanguage":"es"},{"@type":"Organization","@id":"https:\/\/www.latitude-15.com\/es\/#organization","name":"LATITUDE 15","url":"https:\/\/www.latitude-15.com\/es\/","logo":{"@type":"ImageObject","inLanguage":"es","@id":"https:\/\/www.latitude-15.com\/es\/#\/schema\/logo\/image\/","url":"https:\/\/www.latitude-15.com\/wp-content\/uploads\/2026\/01\/cropped-logox500px.png","contentUrl":"https:\/\/www.latitude-15.com\/wp-content\/uploads\/2026\/01\/cropped-logox500px.png","width":62,"height":75,"caption":"LATITUDE 15"},"image":{"@id":"https:\/\/www.latitude-15.com\/es\/#\/schema\/logo\/image\/"}},{"@type":"Person","@id":"https:\/\/www.latitude-15.com\/es\/#\/schema\/person\/2a70943507771992ce3316849aa93bdd","name":"sabrinalat15","image":{"@type":"ImageObject","inLanguage":"es","@id":"https:\/\/www.latitude-15.com\/es\/#\/schema\/person\/image\/","url":"https:\/\/secure.gravatar.com\/avatar\/91f5e11872ca6128d75f7bbde22cc384ad142a113b81c554ed87d6d9762f8813?s=96&d=mm&r=g","contentUrl":"https:\/\/secure.gravatar.com\/avatar\/91f5e11872ca6128d75f7bbde22cc384ad142a113b81c554ed87d6d9762f8813?s=96&d=mm&r=g","caption":"sabrinalat15"},"sameAs":["https:\/\/www.latitude-15.com"],"url":"https:\/\/www.latitude-15.com\/es\/author\/sabrinalat15\/"}]}},"_links":{"self":[{"href":"https:\/\/www.latitude-15.com\/es\/wp-json\/wp\/v2\/posts\/19639","targetHints":{"allow":["GET"]}}],"collection":[{"href":"https:\/\/www.latitude-15.com\/es\/wp-json\/wp\/v2\/posts"}],"about":[{"href":"https:\/\/www.latitude-15.com\/es\/wp-json\/wp\/v2\/types\/post"}],"author":[{"embeddable":true,"href":"https:\/\/www.latitude-15.com\/es\/wp-json\/wp\/v2\/users\/1"}],"replies":[{"embeddable":true,"href":"https:\/\/www.latitude-15.com\/es\/wp-json\/wp\/v2\/comments?post=19639"}],"version-history":[{"count":1,"href":"https:\/\/www.latitude-15.com\/es\/wp-json\/wp\/v2\/posts\/19639\/revisions"}],"predecessor-version":[{"id":19640,"href":"https:\/\/www.latitude-15.com\/es\/wp-json\/wp\/v2\/posts\/19639\/revisions\/19640"}],"wp:featuredmedia":[{"embeddable":true,"href":"https:\/\/www.latitude-15.com\/es\/wp-json\/wp\/v2\/media\/19638"}],"wp:attachment":[{"href":"https:\/\/www.latitude-15.com\/es\/wp-json\/wp\/v2\/media?parent=19639"}],"wp:term":[{"taxonomy":"category","embeddable":true,"href":"https:\/\/www.latitude-15.com\/es\/wp-json\/wp\/v2\/categories?post=19639"},{"taxonomy":"post_tag","embeddable":true,"href":"https:\/\/www.latitude-15.com\/es\/wp-json\/wp\/v2\/tags?post=19639"}],"curies":[{"name":"wp","href":"https:\/\/api.w.org\/{rel}","templated":true}]}}