{"id":19626,"date":"2025-12-16T00:39:35","date_gmt":"2025-12-16T04:39:35","guid":{"rendered":"https:\/\/www.latitude-15.com\/2025\/12\/16\/martinica-burdeos-y-fort-de-france-conectadas-por-un-puente-aereo-directo-con-corsair\/"},"modified":"2026-02-03T23:57:28","modified_gmt":"2026-02-04T03:57:28","slug":"martinica-burdeos-y-fort-de-france-conectadas-por-un-puente-aereo-directo-con-corsair","status":"publish","type":"post","link":"https:\/\/www.latitude-15.com\/es\/martinica-burdeos-y-fort-de-france-conectadas-por-un-puente-aereo-directo-con-corsair\/","title":{"rendered":"Martinica: Burdeos y Fort-de-France conectadas por un puente a\u00e9reo directo con CORSAIR"},"content":{"rendered":"\t\t<div data-elementor-type=\"wp-post\" data-elementor-id=\"19626\" class=\"elementor elementor-19626 elementor-343\" data-elementor-post-type=\"post\">\n\t\t\t\t<div class=\"elementor-element elementor-element-ef47272 e-flex e-con-boxed e-con e-parent\" data-id=\"ef47272\" data-element_type=\"container\">\n\t\t\t\t\t<div class=\"e-con-inner\">\n\t\t\t\t<div class=\"elementor-element elementor-element-c73c348 elementor-widget elementor-widget-text-editor\" data-id=\"c73c348\" data-element_type=\"widget\" data-widget_type=\"text-editor.default\">\n\t\t\t\t\t\t\t\t\t<section class=\"elementor-section elementor-top-section elementor-element elementor-element-ee72354 elementor-section-boxed elementor-section-height-default elementor-section-height-default\" data-id=\"ee72354\" data-element_type=\"section\"><div class=\"elementor-container elementor-column-gap-default\"><div class=\"elementor-column elementor-col-100 elementor-top-column elementor-element elementor-element-c59d6fe\" data-id=\"c59d6fe\" data-element_type=\"column\"><div class=\"elementor-widget-wrap elementor-element-populated\"><div class=\"elementor-element elementor-element-c6d4f26 elementor-widget elementor-widget-text-editor\" data-id=\"c6d4f26\" data-element_type=\"widget\" data-widget_type=\"text-editor.default\"><div class=\"elementor-widget-container\"><p><b>El 15 de diciembre de 2025, el aeropuerto Aim\u00e9-C\u00e9saire dio la bienvenida al primer vuelo directo de Burdeos a Fort-de-France, operado por CORSAIR. Esta nueva ruta marca un punto de inflexi\u00f3n estrat\u00e9gico para la conectividad y la accesibilidad de Martinica al Caribe desde el suroeste de Francia. <\/b><\/p><\/div><\/div><\/div><\/div><\/div><\/section><section class=\"elementor-section elementor-top-section elementor-element elementor-element-82cd8f9 elementor-section-boxed elementor-section-height-default elementor-section-height-default\" data-id=\"82cd8f9\" data-element_type=\"section\"><div class=\"elementor-container elementor-column-gap-default\"><div class=\"elementor-column elementor-col-100 elementor-top-column elementor-element elementor-element-0bfdc38\" data-id=\"0bfdc38\" data-element_type=\"column\"><div class=\"elementor-widget-wrap elementor-element-populated\"><div class=\"elementor-element elementor-element-7d292fe elementor-widget elementor-widget-heading\" data-id=\"7d292fe\" data-element_type=\"widget\" data-widget_type=\"heading.default\"><div class=\"elementor-widget-container\"><h2 class=\"elementor-heading-title elementor-size-default\">Una asociaci\u00f3n a tres bandas para mejorar el atractivo regional<\/h2><\/div><\/div><section class=\"elementor-section elementor-inner-section elementor-element elementor-element-14e03c4 elementor-section-boxed elementor-section-height-default elementor-section-height-default\" data-id=\"14e03c4\" data-element_type=\"section\"><div class=\"elementor-container elementor-column-gap-default\"><div class=\"elementor-column elementor-col-100 elementor-inner-column elementor-element elementor-element-2909308\" data-id=\"2909308\" data-element_type=\"column\"><div class=\"elementor-widget-wrap elementor-element-populated\"><div class=\"elementor-element elementor-element-8e337bf elementor-widget elementor-widget-text-editor\" data-id=\"8e337bf\" data-element_type=\"widget\" data-widget_type=\"text-editor.default\"><div class=\"elementor-widget-container\"><p>La llegada de este vuelo inaugural a las 17:47 no es una coincidencia. Es el resultado de varios meses de trabajo de colaboraci\u00f3n entre tres actores clave: <a href=\"https:\/\/www.martinique.aeroport.fr\/informations-generales\/la-societe-aeroport-martinique-aime-cesaire\/\" target=\"_blank\" rel=\"noopener nofollow\">Soci\u00e9t\u00e9 A\u00e9roport Martinique Aim\u00e9 C\u00e9saire<\/a> (SAMAC), la aerol\u00ednea <a href=\"https:\/\/www.flycorsair.com\/fr\" target=\"_blank\" rel=\"noopener nofollow\">CORSAIR<\/a> y el <a href=\"https:\/\/www.martinique.org\/fr\/liens-utiles\/comite-martiniquais-du-tourisme\" target=\"_blank\" rel=\"noopener nofollow\">Comit\u00e9 Martiniquais du Tourisme<\/a> (CMT). <\/p><p>Nathalie S\u00e9bastien, Presidenta del Consejo de Administraci\u00f3n de SAMAC, elogia esta din\u00e1mica colectiva: \u201cSe trata de vender un territorio, de vender un destino. Y eso solo es posible con la asociaci\u00f3n de una aerol\u00ednea y el Comit\u00e9 du Tourisme\u201d. Para ella, esta ruta encarna una visi\u00f3n clara: abrir los cielos de Martinica a las provincias francesas, m\u00e1s all\u00e1 de las tradicionales puertas de entrada parisinas de Orly y Charles de Gaulle. <\/p><\/div><\/div><div class=\"elementor-element elementor-element-5396e07 elementor-widget elementor-widget-image\" data-id=\"5396e07\" data-element_type=\"widget\" data-widget_type=\"image.default\"><div class=\"elementor-widget-container\"><figure class=\"wp-caption\"><picture class=\"attachment-large size-large wp-image-66782\"><source srcset=\"https:\/\/richeskarayib.com\/wp-content\/uploads\/2025\/12\/Nathalie-Sebastien-1024x1024.png.webp 1024w, https:\/\/richeskarayib.com\/wp-content\/uploads\/2025\/12\/Nathalie-Sebastien-300x300.png.webp 300w, https:\/\/richeskarayib.com\/wp-content\/uploads\/2025\/12\/Nathalie-Sebastien-150x150.png.webp 150w, https:\/\/richeskarayib.com\/wp-content\/uploads\/2025\/12\/Nathalie-Sebastien-768x768.png.webp 768w, https:\/\/richeskarayib.com\/wp-content\/uploads\/2025\/12\/Nathalie-Sebastien.png.webp 1080w\" type=\"image\/webp\" sizes=\"(max-width: 800px) 100vw, 800px\"><\/source><img fetchpriority=\"high\" decoding=\"async\" src=\"https:\/\/richeskarayib.com\/wp-content\/uploads\/2025\/12\/Nathalie-Sebastien-1024x1024.png\" sizes=\"(max-width: 800px) 100vw, 800px\" srcset=\"https:\/\/richeskarayib.com\/wp-content\/uploads\/2025\/12\/Nathalie-Sebastien-1024x1024.png 1024w, https:\/\/richeskarayib.com\/wp-content\/uploads\/2025\/12\/Nathalie-Sebastien-300x300.png 300w, https:\/\/richeskarayib.com\/wp-content\/uploads\/2025\/12\/Nathalie-Sebastien-150x150.png 150w, https:\/\/richeskarayib.com\/wp-content\/uploads\/2025\/12\/Nathalie-Sebastien-768x768.png 768w, https:\/\/richeskarayib.com\/wp-content\/uploads\/2025\/12\/Nathalie-Sebastien.png 1080w\" alt=\"CORSAIR\" width=\"800\" height=\"800\"><\/picture><figcaption class=\"widget-image-caption wp-caption-text\">Nathalie Se\u0301bastien<\/figcaption><\/figure><\/div><\/div><\/div><\/div><\/div><\/section><section class=\"elementor-section elementor-inner-section elementor-element elementor-element-a782075 elementor-section-boxed elementor-section-height-default elementor-section-height-default\" data-id=\"a782075\" data-element_type=\"section\"><div class=\"elementor-container elementor-column-gap-default\"><div class=\"elementor-column elementor-col-100 elementor-inner-column elementor-element elementor-element-ccbce37\" data-id=\"ccbce37\" data-element_type=\"column\"><div class=\"elementor-widget-wrap elementor-element-populated\"><div class=\"elementor-element elementor-element-deb7adb elementor-widget elementor-widget-text-editor\" data-id=\"deb7adb\" data-element_type=\"widget\" data-widget_type=\"text-editor.default\"><div class=\"elementor-widget-container\"><p>La Presidenta subraya los v\u00ednculos hist\u00f3ricos, econ\u00f3micos y acad\u00e9micos entre Burdeos y Martinica. \u201cEs una oportunidad para que la comunidad martiniquesa que vive en Burdeos regrese m\u00e1s a menudo y m\u00e1s f\u00e1cilmente a Martinica, y viceversa\u201d, explica. Pero m\u00e1s all\u00e1 de la di\u00e1spora, toda la regi\u00f3n del Suroeste tiene ahora un acceso directo a Martinica, sin tener que pasar por Par\u00eds.  <\/p><p>Marie-Ange Ravin, miembro del Consejo de Administraci\u00f3n del CMT y representante de la Presidenta B\u00e9n\u00e9dicte Di Geronimo, destaca la dimensi\u00f3n estrat\u00e9gica de esta apertura: \u201cEl desarrollo de los flujos procedentes de las provincias es un importante objetivo estrat\u00e9gico para el Comit\u00e9 Martiniquais du Tourisme. Durante mucho tiempo centrada en Par\u00eds, la accesibilidad de Martinica se est\u00e1 expandiendo ahora hacia regiones emisoras de alto potencial\u201d.<\/p><\/div><\/div><\/div><\/div><\/div><\/section><section class=\"elementor-section elementor-inner-section elementor-element elementor-element-16c1775 elementor-section-boxed elementor-section-height-default elementor-section-height-default\" data-id=\"16c1775\" data-element_type=\"section\"><div class=\"elementor-container elementor-column-gap-default\"><div class=\"elementor-column elementor-col-100 elementor-inner-column elementor-element elementor-element-84a3cd9\" data-id=\"84a3cd9\" data-element_type=\"column\"><div class=\"elementor-widget-wrap elementor-element-populated\"><div class=\"elementor-element elementor-element-faa333c elementor-widget elementor-widget-image\" data-id=\"faa333c\" data-element_type=\"widget\" data-widget_type=\"image.default\"><div class=\"elementor-widget-container\"><figure class=\"wp-caption\"><picture class=\"attachment-large size-large wp-image-66786\"><source data-srcset=\"https:\/\/richeskarayib.com\/wp-content\/uploads\/2025\/12\/Marie-Ange-Ravin-1024x1024.png.webp 1024w, https:\/\/richeskarayib.com\/wp-content\/uploads\/2025\/12\/Marie-Ange-Ravin-300x300.png.webp 300w, https:\/\/richeskarayib.com\/wp-content\/uploads\/2025\/12\/Marie-Ange-Ravin-150x150.png.webp 150w, https:\/\/richeskarayib.com\/wp-content\/uploads\/2025\/12\/Marie-Ange-Ravin-768x768.png.webp 768w, https:\/\/richeskarayib.com\/wp-content\/uploads\/2025\/12\/Marie-Ange-Ravin.png.webp 1080w\" type=\"image\/webp\" data-sizes=\"(max-width: 800px) 100vw, 800px\"><\/source><img decoding=\"async\" data-src=\"https:\/\/richeskarayib.com\/wp-content\/uploads\/2025\/12\/Marie-Ange-Ravin-1024x1024.png\" data-sizes=\"(max-width: 800px) 100vw, 800px\" data-srcset=\"https:\/\/richeskarayib.com\/wp-content\/uploads\/2025\/12\/Marie-Ange-Ravin-1024x1024.png 1024w, https:\/\/richeskarayib.com\/wp-content\/uploads\/2025\/12\/Marie-Ange-Ravin-300x300.png 300w, https:\/\/richeskarayib.com\/wp-content\/uploads\/2025\/12\/Marie-Ange-Ravin-150x150.png 150w, https:\/\/richeskarayib.com\/wp-content\/uploads\/2025\/12\/Marie-Ange-Ravin-768x768.png 768w, https:\/\/richeskarayib.com\/wp-content\/uploads\/2025\/12\/Marie-Ange-Ravin.png 1080w\" alt=\"CORSAIR\" width=\"800\" height=\"800\" src=\"data:image\/svg+xml;base64,PHN2ZyB3aWR0aD0iMSIgaGVpZ2h0PSIxIiB4bWxucz0iaHR0cDovL3d3dy53My5vcmcvMjAwMC9zdmciPjwvc3ZnPg==\" class=\"lazyload\" style=\"--smush-placeholder-width: 800px; --smush-placeholder-aspect-ratio: 800\/800;\"><\/picture><figcaption class=\"widget-image-caption wp-caption-text\">Marie-Ange Ravin<\/figcaption><\/figure><\/div><\/div><\/div><\/div><\/div><\/section><section class=\"elementor-section elementor-inner-section elementor-element elementor-element-c582330 elementor-section-boxed elementor-section-height-default elementor-section-height-default\" data-id=\"c582330\" data-element_type=\"section\"><div class=\"elementor-container elementor-column-gap-default\"> <\/div><\/section><section class=\"elementor-section elementor-inner-section elementor-element elementor-element-296603a elementor-section-boxed elementor-section-height-default elementor-section-height-default\" data-id=\"296603a\" data-element_type=\"section\"><div class=\"elementor-container elementor-column-gap-default\"> <\/div><\/section><\/div><\/div><\/div><\/section><section class=\"elementor-section elementor-top-section elementor-element elementor-element-5a7397d elementor-section-boxed elementor-section-height-default elementor-section-height-default\" data-id=\"5a7397d\" data-element_type=\"section\"><div class=\"elementor-container elementor-column-gap-default\"><div class=\"elementor-column elementor-col-100 elementor-top-column elementor-element elementor-element-8b33b4b\" data-id=\"8b33b4b\" data-element_type=\"column\"><div class=\"elementor-widget-wrap elementor-element-populated\"><div class=\"elementor-element elementor-element-89dac4b elementor-widget elementor-widget-heading\" data-id=\"89dac4b\" data-element_type=\"widget\" data-widget_type=\"heading.default\"><div class=\"elementor-widget-container\"><h2 class=\"elementor-heading-title elementor-size-default\">Una l\u00ednea dise\u00f1ada para la movilidad y la accesibilidad<\/h2><\/div><\/div><section class=\"elementor-section elementor-inner-section elementor-element elementor-element-bca788d elementor-section-boxed elementor-section-height-default elementor-section-height-default\" data-id=\"bca788d\" data-element_type=\"section\"><div class=\"elementor-container elementor-column-gap-default\"><div class=\"elementor-column elementor-col-50 elementor-inner-column elementor-element elementor-element-562cd2b\" data-id=\"562cd2b\" data-element_type=\"column\"><div class=\"elementor-widget-wrap elementor-element-populated\"><div class=\"elementor-element elementor-element-43a45ac elementor-widget elementor-widget-text-editor\" data-id=\"43a45ac\" data-element_type=\"widget\" data-widget_type=\"text-editor.default\"><div class=\"elementor-widget-container\"><p>Todos los lunes, del 15 de diciembre de 2025 al 20 de abril de 2026, <a href=\"https:\/\/richeskarayib.com\/corsair-connects-pointe-a-pitre-to-nantes-post\/\" target=\"_blank\" rel=\"noopener\">CORSAIR<\/a> operar\u00e1 esta ruta de temporada durante la temporada alta. La elecci\u00f3n del d\u00eda y las franjas horarias no es insignificante. Como explica Nathalie S\u00e9bastien, \u201cponerse de acuerdo en la elecci\u00f3n del d\u00eda y las franjas horarias es importante, ya que tendr\u00e1 un impacto en la experiencia del pasajero\u201d. El objetivo es facilitar los viajes durante una semana completa, en un per\u00edodo en el que el aeropuerto de Martinica est\u00e1 muy concurrido.   <\/p><\/div><\/div><div class=\"elementor-element elementor-element-ff8c81b elementor-widget elementor-widget-text-editor\" data-id=\"ff8c81b\" data-element_type=\"widget\" data-widget_type=\"text-editor.default\"><div class=\"elementor-widget-container\"><p>Eddy Luce, Director Regional de CORSAIR para las Antillas, confirma este enfoque estrat\u00e9gico: \u201cPara nosotros, esta es una se\u00f1al fuerte para el pueblo de Martinica. CORSAIR sigue invirtiendo en los territorios de ultramar para fortalecer la accesibilidad de la isla y conectarla de forma sostenible con las principales regiones francesas\u201d. La compa\u00f1\u00eda es actualmente la \u00fanica que ofrece vuelos directos desde las provincias a Martinica, con Burdeos y Nantes saliendo desde Pointe-\u00e0-Pitre. <\/p><p>Esta ruta satisface una fuerte demanda. Los factores de ocupaci\u00f3n han sido excelentes desde que se abrieron las ventas en marzo de 2025. \u201cSi desea volar a Burdeos, le insto a que consiga su billete de inmediato, ya que los asientos van a estar un poco ajustados\u201d, advierte Eddy Luce con una sonrisa.  <\/p><\/div><\/div><\/div><\/div><div class=\"elementor-column elementor-col-50 elementor-inner-column elementor-element elementor-element-aace581\" data-id=\"aace581\" data-element_type=\"column\"><div class=\"elementor-widget-wrap elementor-element-populated\"><div class=\"elementor-element elementor-element-f94de4d elementor-widget elementor-widget-image\" data-id=\"f94de4d\" data-element_type=\"widget\" data-widget_type=\"image.default\"><div class=\"elementor-widget-container\"><figure class=\"wp-caption\"><picture class=\"attachment-large size-large wp-image-66790\"><source data-srcset=\"https:\/\/richeskarayib.com\/wp-content\/uploads\/2025\/12\/Eddy-Luce--1024x1024.png.webp 1024w, https:\/\/richeskarayib.com\/wp-content\/uploads\/2025\/12\/Eddy-Luce--300x300.png.webp 300w, https:\/\/richeskarayib.com\/wp-content\/uploads\/2025\/12\/Eddy-Luce--150x150.png.webp 150w, https:\/\/richeskarayib.com\/wp-content\/uploads\/2025\/12\/Eddy-Luce--768x768.png.webp 768w, https:\/\/richeskarayib.com\/wp-content\/uploads\/2025\/12\/Eddy-Luce-.png.webp 1080w\" type=\"image\/webp\" data-sizes=\"(max-width: 800px) 100vw, 800px\"><\/source><img decoding=\"async\" data-src=\"https:\/\/richeskarayib.com\/wp-content\/uploads\/2025\/12\/Eddy-Luce--1024x1024.png\" data-sizes=\"(max-width: 800px) 100vw, 800px\" data-srcset=\"https:\/\/richeskarayib.com\/wp-content\/uploads\/2025\/12\/Eddy-Luce--1024x1024.png 1024w, https:\/\/richeskarayib.com\/wp-content\/uploads\/2025\/12\/Eddy-Luce--300x300.png 300w, https:\/\/richeskarayib.com\/wp-content\/uploads\/2025\/12\/Eddy-Luce--150x150.png 150w, https:\/\/richeskarayib.com\/wp-content\/uploads\/2025\/12\/Eddy-Luce--768x768.png 768w, https:\/\/richeskarayib.com\/wp-content\/uploads\/2025\/12\/Eddy-Luce-.png 1080w\" alt=\"CORSAIR\" width=\"800\" height=\"800\" src=\"data:image\/svg+xml;base64,PHN2ZyB3aWR0aD0iMSIgaGVpZ2h0PSIxIiB4bWxucz0iaHR0cDovL3d3dy53My5vcmcvMjAwMC9zdmciPjwvc3ZnPg==\" class=\"lazyload\" style=\"--smush-placeholder-width: 800px; --smush-placeholder-aspect-ratio: 800\/800;\"><\/picture><figcaption class=\"widget-image-caption wp-caption-text\">Eddy Luce<\/figcaption><\/figure><\/div><\/div><\/div><\/div><\/div><\/section><\/div><\/div><\/div><\/section><section class=\"elementor-section elementor-top-section elementor-element elementor-element-ceca32c elementor-section-boxed elementor-section-height-default elementor-section-height-default\" data-id=\"ceca32c\" data-element_type=\"section\"><div class=\"elementor-container elementor-column-gap-default\"><div class=\"elementor-column elementor-col-100 elementor-top-column elementor-element elementor-element-5a2e383\" data-id=\"5a2e383\" data-element_type=\"column\"><div class=\"elementor-widget-wrap elementor-element-populated\"><div class=\"elementor-element elementor-element-6cedf5f elementor-widget elementor-widget-heading\" data-id=\"6cedf5f\" data-element_type=\"widget\" data-widget_type=\"heading.default\"><div class=\"elementor-widget-container\"><h2 class=\"elementor-heading-title elementor-size-default\">Una flota moderna para un turismo sostenible<\/h2><\/div><\/div><section class=\"elementor-section elementor-inner-section elementor-element elementor-element-bc0026a elementor-section-boxed elementor-section-height-default elementor-section-height-default\" data-id=\"bc0026a\" data-element_type=\"section\"><div class=\"elementor-container elementor-column-gap-default\"><div class=\"elementor-column elementor-col-100 elementor-inner-column elementor-element elementor-element-420059a\" data-id=\"420059a\" data-element_type=\"column\"><div class=\"elementor-widget-wrap elementor-element-populated\"><div class=\"elementor-element elementor-element-99bfa51 elementor-widget elementor-widget-text-editor\" data-id=\"99bfa51\" data-element_type=\"widget\" data-widget_type=\"text-editor.default\"><div class=\"elementor-widget-container\"><p>CORSAIR ha optado por operar esta ruta con su flota m\u00e1s moderna: el Airbus A330 Neo, que ahora representa el 100% de sus operaciones de larga distancia. Estos aviones de \u00faltima generaci\u00f3n ofrecen una doble ventaja: mayor comodidad para los pasajeros y una huella medioambiental reducida. <\/p><p>\u201cSu tecnolog\u00eda reduce las emisiones de CO\u2082 por asiento en un 25% y la huella ac\u00fastica en un 60%\u201d, detalla Eddy Luce. Para la compa\u00f1\u00eda, es una forma concreta de contribuir a un transporte a\u00e9reo m\u00e1s sostenible, manteniendo al mismo tiempo rutas esenciales. Con una edad media de la flota de tan solo dos a\u00f1os, CORSAIR tiene la flota m\u00e1s joven de su categor\u00eda en el mercado.  <\/p><\/div><\/div><\/div><\/div><\/div><\/section><section class=\"elementor-section elementor-inner-section elementor-element elementor-element-d698f4e elementor-section-boxed elementor-section-height-default elementor-section-height-default\" data-id=\"d698f4e\" data-element_type=\"section\"><div class=\"elementor-container elementor-column-gap-default\"><div class=\"elementor-column elementor-col-100 elementor-inner-column elementor-element elementor-element-e22c4f6\" data-id=\"e22c4f6\" data-element_type=\"column\"><div class=\"elementor-widget-wrap elementor-element-populated\"><div class=\"elementor-element elementor-element-aa24be8 elementor-widget elementor-widget-text-editor\" data-id=\"aa24be8\" data-element_type=\"widget\" data-widget_type=\"text-editor.default\"><div class=\"elementor-widget-container\"><p>Esta mejora tambi\u00e9n se traduce en una experiencia de pasajero de primera calidad. La compa\u00f1\u00eda ha sido recompensada durante dos a\u00f1os consecutivos por Skytrax como Mejor Aerol\u00ednea de Ocio, en 2024 y 2025. \u201cNuestra ambici\u00f3n es clara: ofrecer a todos nuestros clientes, sea cual sea su clase de viaje, una experiencia de vuelo moderna y de alta calidad\u201d, afirma el Director Regional.  <\/p><\/div><\/div><\/div><\/div><\/div><\/section><section class=\"elementor-section elementor-inner-section elementor-element elementor-element-e684dcf elementor-section-boxed elementor-section-height-default elementor-section-height-default\" data-id=\"e684dcf\" data-element_type=\"section\"><div class=\"elementor-container elementor-column-gap-default\"><div class=\"elementor-column elementor-col-50 elementor-inner-column elementor-element elementor-element-44c5bd3\" data-id=\"44c5bd3\" data-element_type=\"column\"><div class=\"elementor-widget-wrap elementor-element-populated\"><div class=\"elementor-element elementor-element-6b1b231 elementor-widget elementor-widget-image\" data-id=\"6b1b231\" data-element_type=\"widget\" data-widget_type=\"image.default\"><div class=\"elementor-widget-container\"><figure class=\"wp-caption\"><picture class=\"attachment-large size-large wp-image-66778\"><source data-srcset=\"https:\/\/richeskarayib.com\/wp-content\/uploads\/2025\/12\/\u00a9CORSAIR-1024x691.jpg.webp 1024w, https:\/\/richeskarayib.com\/wp-content\/uploads\/2025\/12\/\u00a9CORSAIR-300x203.jpg.webp 300w, https:\/\/richeskarayib.com\/wp-content\/uploads\/2025\/12\/\u00a9CORSAIR-768x518.jpg.webp 768w, https:\/\/richeskarayib.com\/wp-content\/uploads\/2025\/12\/\u00a9CORSAIR.jpg.webp 1080w\" type=\"image\/webp\" data-sizes=\"(max-width: 800px) 100vw, 800px\"><\/source><img decoding=\"async\" data-src=\"https:\/\/richeskarayib.com\/wp-content\/uploads\/2025\/12\/%C2%A9CORSAIR-1024x691.jpg\" data-sizes=\"(max-width: 800px) 100vw, 800px\" data-srcset=\"https:\/\/richeskarayib.com\/wp-content\/uploads\/2025\/12\/\u00a9CORSAIR-1024x691.jpg 1024w, https:\/\/richeskarayib.com\/wp-content\/uploads\/2025\/12\/\u00a9CORSAIR-300x203.jpg 300w, https:\/\/richeskarayib.com\/wp-content\/uploads\/2025\/12\/\u00a9CORSAIR-768x518.jpg 768w, https:\/\/richeskarayib.com\/wp-content\/uploads\/2025\/12\/\u00a9CORSAIR.jpg 1080w\" alt=\"CORSAIR\" width=\"800\" height=\"540\" src=\"data:image\/svg+xml;base64,PHN2ZyB3aWR0aD0iMSIgaGVpZ2h0PSIxIiB4bWxucz0iaHR0cDovL3d3dy53My5vcmcvMjAwMC9zdmciPjwvc3ZnPg==\" class=\"lazyload\" style=\"--smush-placeholder-width: 800px; --smush-placeholder-aspect-ratio: 800\/540;\"><\/picture><figcaption class=\"widget-image-caption wp-caption-text\">Airbus A330 Neo \u00a9CORSAIR<\/figcaption><\/figure><\/div><\/div><\/div><\/div><div class=\"elementor-column elementor-col-50 elementor-inner-column elementor-element elementor-element-3a5c41b\" data-id=\"3a5c41b\" data-element_type=\"column\"><div class=\"elementor-widget-wrap elementor-element-populated\"><div class=\"elementor-element elementor-element-9728b83 elementor-widget elementor-widget-image\" data-id=\"9728b83\" data-element_type=\"widget\" data-widget_type=\"image.default\"><div class=\"elementor-widget-container\"><picture class=\"attachment-large size-large wp-image-66883\"><source data-srcset=\"https:\/\/richeskarayib.com\/wp-content\/uploads\/2025\/12\/Coupe-du-ruban-Fort-de-France-1024x683.jpg.webp 1024w, https:\/\/richeskarayib.com\/wp-content\/uploads\/2025\/12\/Coupe-du-ruban-Fort-de-France-300x200.jpg.webp 300w, https:\/\/richeskarayib.com\/wp-content\/uploads\/2025\/12\/Coupe-du-ruban-Fort-de-France-768x512.jpg.webp 768w, https:\/\/richeskarayib.com\/wp-content\/uploads\/2025\/12\/Coupe-du-ruban-Fort-de-France-1536x1024.jpg.webp 1536w, https:\/\/richeskarayib.com\/wp-content\/uploads\/2025\/12\/Coupe-du-ruban-Fort-de-France-1320x880.jpg.webp 1320w, https:\/\/richeskarayib.com\/wp-content\/uploads\/2025\/12\/Coupe-du-ruban-Fort-de-France.jpg.webp 1920w\" type=\"image\/webp\" data-sizes=\"(max-width: 800px) 100vw, 800px\"><\/source><img decoding=\"async\" data-src=\"https:\/\/richeskarayib.com\/wp-content\/uploads\/2025\/12\/Coupe-du-ruban-Fort-de-France-1024x683.jpg\" data-sizes=\"(max-width: 800px) 100vw, 800px\" data-srcset=\"https:\/\/richeskarayib.com\/wp-content\/uploads\/2025\/12\/Coupe-du-ruban-Fort-de-France-1024x683.jpg 1024w, https:\/\/richeskarayib.com\/wp-content\/uploads\/2025\/12\/Coupe-du-ruban-Fort-de-France-300x200.jpg 300w, https:\/\/richeskarayib.com\/wp-content\/uploads\/2025\/12\/Coupe-du-ruban-Fort-de-France-768x512.jpg 768w, https:\/\/richeskarayib.com\/wp-content\/uploads\/2025\/12\/Coupe-du-ruban-Fort-de-France-1536x1024.jpg 1536w, https:\/\/richeskarayib.com\/wp-content\/uploads\/2025\/12\/Coupe-du-ruban-Fort-de-France-1320x880.jpg 1320w, https:\/\/richeskarayib.com\/wp-content\/uploads\/2025\/12\/Coupe-du-ruban-Fort-de-France.jpg 1920w\" alt=\"CORSAIR\" width=\"800\" height=\"534\" src=\"data:image\/svg+xml;base64,PHN2ZyB3aWR0aD0iMSIgaGVpZ2h0PSIxIiB4bWxucz0iaHR0cDovL3d3dy53My5vcmcvMjAwMC9zdmciPjwvc3ZnPg==\" class=\"lazyload\" style=\"--smush-placeholder-width: 800px; --smush-placeholder-aspect-ratio: 800\/534;\"><\/picture><\/div><\/div><\/div><\/div><\/div><\/section><\/div><\/div><\/div><\/section><section class=\"elementor-section elementor-top-section elementor-element elementor-element-9c88a89 elementor-section-boxed elementor-section-height-default elementor-section-height-default\" data-id=\"9c88a89\" data-element_type=\"section\"><div class=\"elementor-container elementor-column-gap-default\"><div class=\"elementor-column elementor-col-100 elementor-top-column elementor-element elementor-element-78cf5d1\" data-id=\"78cf5d1\" data-element_type=\"column\"><div class=\"elementor-widget-wrap elementor-element-populated\"><div class=\"elementor-element elementor-element-ea2a5c1 elementor-widget elementor-widget-heading\" data-id=\"ea2a5c1\" data-element_type=\"widget\" data-widget_type=\"heading.default\"><div class=\"elementor-widget-container\"><h2 class=\"elementor-heading-title elementor-size-default\">Apoyo financiero y de marketing para perpetuar la l\u00ednea<\/h2><\/div><\/div><section class=\"elementor-section elementor-inner-section elementor-element elementor-element-275a1e8 elementor-section-boxed elementor-section-height-default elementor-section-height-default\" data-id=\"275a1e8\" data-element_type=\"section\"><div class=\"elementor-container elementor-column-gap-default\"><div class=\"elementor-column elementor-col-100 elementor-inner-column elementor-element elementor-element-4f5d9ea\" data-id=\"4f5d9ea\" data-element_type=\"column\"><div class=\"elementor-widget-wrap elementor-element-populated\"><div class=\"elementor-element elementor-element-e305eee elementor-widget elementor-widget-text-editor\" data-id=\"e305eee\" data-element_type=\"widget\" data-widget_type=\"text-editor.default\"><div class=\"elementor-widget-container\"><p>Consciente de que lanzar una l\u00ednea no es suficiente, SAMAC ha creado un sistema de apoyo a medida. \u201cNuestro objetivo es tambi\u00e9n permitir a los martiniqueses descubrir Burdeos\u201d, explica Nathalie S\u00e9bastien. El aeropuerto ha comprometido su apoyo tanto en t\u00e9rminos de tasas aeroportuarias como de marketing, a trav\u00e9s de las redes sociales y acciones promocionales espec\u00edficas.  <\/p><\/div><\/div><\/div><\/div><\/div><\/section><div class=\"elementor-element elementor-element-b7a8070 elementor-widget elementor-widget-text-editor\" data-id=\"b7a8070\" data-element_type=\"widget\" data-widget_type=\"text-editor.default\"><div class=\"elementor-widget-container\"><p>Por parte del CMT, el trabajo en los mercados emisores comenz\u00f3 en septiembre de 2025 con una importante operaci\u00f3n en Burdeos. \u201cOrganizamos una reuni\u00f3n con casi un centenar de agentes de viajes de las regiones de Burdeos y Nueva Aquitania, en colaboraci\u00f3n con CORSAIR y el aeropuerto de Burdeos, para que las agencias pudieran programar y dar mayor visibilidad a los paquetes entre Burdeos y Fort-de-France\u201d, explica Ga\u00ebtan Paderna. <\/p><p>El programa contin\u00faa con campa\u00f1as digitales, caravanas promocionales y paquetes f\u00e1ciles de usar para fomentar las reservas. El mensaje es claro: esta l\u00ednea debe ser a largo plazo. <\/p><\/div><\/div><section class=\"elementor-section elementor-inner-section elementor-element elementor-element-280d5fa elementor-section-boxed elementor-section-height-default elementor-section-height-default\" data-id=\"280d5fa\" data-element_type=\"section\"><div class=\"elementor-container elementor-column-gap-default\"><div class=\"elementor-column elementor-col-50 elementor-inner-column elementor-element elementor-element-72c1697\" data-id=\"72c1697\" data-element_type=\"column\"><div class=\"elementor-widget-wrap elementor-element-populated\"><div class=\"elementor-element elementor-element-433cef3 elementor-widget elementor-widget-image\" data-id=\"433cef3\" data-element_type=\"widget\" data-widget_type=\"image.default\"><div class=\"elementor-widget-container\"><figure class=\"wp-caption\"><picture class=\"attachment-large size-large wp-image-66794\"><source data-srcset=\"https:\/\/richeskarayib.com\/wp-content\/uploads\/2025\/12\/Eddy-Luce-et-Nathalie-Sebastien-1024x473.jpg.webp 1024w, https:\/\/richeskarayib.com\/wp-content\/uploads\/2025\/12\/Eddy-Luce-et-Nathalie-Sebastien-300x139.jpg.webp 300w, https:\/\/richeskarayib.com\/wp-content\/uploads\/2025\/12\/Eddy-Luce-et-Nathalie-Sebastien-768x355.jpg.webp 768w, https:\/\/richeskarayib.com\/wp-content\/uploads\/2025\/12\/Eddy-Luce-et-Nathalie-Sebastien-1536x710.jpg.webp 1536w, https:\/\/richeskarayib.com\/wp-content\/uploads\/2025\/12\/Eddy-Luce-et-Nathalie-Sebastien-1320x610.jpg.webp 1320w, https:\/\/richeskarayib.com\/wp-content\/uploads\/2025\/12\/Eddy-Luce-et-Nathalie-Sebastien.jpg.webp 1920w\" type=\"image\/webp\" data-sizes=\"(max-width: 800px) 100vw, 800px\"><\/source><img decoding=\"async\" data-src=\"https:\/\/richeskarayib.com\/wp-content\/uploads\/2025\/12\/Eddy-Luce-et-Nathalie-Sebastien-1024x473.jpg\" data-sizes=\"(max-width: 800px) 100vw, 800px\" data-srcset=\"https:\/\/richeskarayib.com\/wp-content\/uploads\/2025\/12\/Eddy-Luce-et-Nathalie-Sebastien-1024x473.jpg 1024w, https:\/\/richeskarayib.com\/wp-content\/uploads\/2025\/12\/Eddy-Luce-et-Nathalie-Sebastien-300x139.jpg 300w, https:\/\/richeskarayib.com\/wp-content\/uploads\/2025\/12\/Eddy-Luce-et-Nathalie-Sebastien-768x355.jpg 768w, https:\/\/richeskarayib.com\/wp-content\/uploads\/2025\/12\/Eddy-Luce-et-Nathalie-Sebastien-1536x710.jpg 1536w, https:\/\/richeskarayib.com\/wp-content\/uploads\/2025\/12\/Eddy-Luce-et-Nathalie-Sebastien-1320x610.jpg 1320w, https:\/\/richeskarayib.com\/wp-content\/uploads\/2025\/12\/Eddy-Luce-et-Nathalie-Sebastien.jpg 1920w\" alt=\"CORSAIR\" width=\"800\" height=\"370\" src=\"data:image\/svg+xml;base64,PHN2ZyB3aWR0aD0iMSIgaGVpZ2h0PSIxIiB4bWxucz0iaHR0cDovL3d3dy53My5vcmcvMjAwMC9zdmciPjwvc3ZnPg==\" class=\"lazyload\" style=\"--smush-placeholder-width: 800px; --smush-placeholder-aspect-ratio: 800\/370;\"><\/picture><figcaption class=\"widget-image-caption wp-caption-text\">Eddy Luce et Nathalie Se\u0301bastien<\/figcaption><\/figure><\/div><\/div><\/div><\/div><div class=\"elementor-column elementor-col-50 elementor-inner-column elementor-element elementor-element-ac54616\" data-id=\"ac54616\" data-element_type=\"column\"><div class=\"elementor-widget-wrap elementor-element-populated\"><div class=\"elementor-element elementor-element-0df4c86 elementor-widget elementor-widget-image\" data-id=\"0df4c86\" data-element_type=\"widget\" data-widget_type=\"image.default\"><div class=\"elementor-widget-container\"><figure class=\"wp-caption\"><picture class=\"attachment-large size-large wp-image-66798\"><source data-srcset=\"https:\/\/richeskarayib.com\/wp-content\/uploads\/2025\/12\/Eddy-Luce-et-Marie-Ange-Ravin-1024x473.jpg.webp 1024w, https:\/\/richeskarayib.com\/wp-content\/uploads\/2025\/12\/Eddy-Luce-et-Marie-Ange-Ravin-300x139.jpg.webp 300w, https:\/\/richeskarayib.com\/wp-content\/uploads\/2025\/12\/Eddy-Luce-et-Marie-Ange-Ravin-768x355.jpg.webp 768w, https:\/\/richeskarayib.com\/wp-content\/uploads\/2025\/12\/Eddy-Luce-et-Marie-Ange-Ravin-1536x710.jpg.webp 1536w, https:\/\/richeskarayib.com\/wp-content\/uploads\/2025\/12\/Eddy-Luce-et-Marie-Ange-Ravin-1320x610.jpg.webp 1320w, https:\/\/richeskarayib.com\/wp-content\/uploads\/2025\/12\/Eddy-Luce-et-Marie-Ange-Ravin.jpg.webp 1920w\" type=\"image\/webp\" data-sizes=\"(max-width: 800px) 100vw, 800px\"><\/source><img decoding=\"async\" data-src=\"https:\/\/richeskarayib.com\/wp-content\/uploads\/2025\/12\/Eddy-Luce-et-Marie-Ange-Ravin-1024x473.jpg\" data-sizes=\"(max-width: 800px) 100vw, 800px\" data-srcset=\"https:\/\/richeskarayib.com\/wp-content\/uploads\/2025\/12\/Eddy-Luce-et-Marie-Ange-Ravin-1024x473.jpg 1024w, https:\/\/richeskarayib.com\/wp-content\/uploads\/2025\/12\/Eddy-Luce-et-Marie-Ange-Ravin-300x139.jpg 300w, https:\/\/richeskarayib.com\/wp-content\/uploads\/2025\/12\/Eddy-Luce-et-Marie-Ange-Ravin-768x355.jpg 768w, https:\/\/richeskarayib.com\/wp-content\/uploads\/2025\/12\/Eddy-Luce-et-Marie-Ange-Ravin-1536x710.jpg 1536w, https:\/\/richeskarayib.com\/wp-content\/uploads\/2025\/12\/Eddy-Luce-et-Marie-Ange-Ravin-1320x610.jpg 1320w, https:\/\/richeskarayib.com\/wp-content\/uploads\/2025\/12\/Eddy-Luce-et-Marie-Ange-Ravin.jpg 1920w\" alt=\"CORSAIR\" width=\"800\" height=\"370\" src=\"data:image\/svg+xml;base64,PHN2ZyB3aWR0aD0iMSIgaGVpZ2h0PSIxIiB4bWxucz0iaHR0cDovL3d3dy53My5vcmcvMjAwMC9zdmciPjwvc3ZnPg==\" class=\"lazyload\" style=\"--smush-placeholder-width: 800px; --smush-placeholder-aspect-ratio: 800\/370;\"><\/picture><figcaption class=\"widget-image-caption wp-caption-text\">Eddy Luce et Marie-Ange Ravin<\/figcaption><\/figure><\/div><\/div><\/div><\/div><\/div><\/section><\/div><\/div><\/div><\/section><section class=\"elementor-section elementor-top-section elementor-element elementor-element-103aced elementor-section-boxed elementor-section-height-default elementor-section-height-default\" data-id=\"103aced\" data-element_type=\"section\"><div class=\"elementor-container elementor-column-gap-default\"><div class=\"elementor-column elementor-col-100 elementor-top-column elementor-element elementor-element-e34f9f4\" data-id=\"e34f9f4\" data-element_type=\"column\"><div class=\"elementor-widget-wrap elementor-element-populated\"><div class=\"elementor-element elementor-element-c643e86 elementor-widget elementor-widget-heading\" data-id=\"c643e86\" data-element_type=\"widget\" data-widget_type=\"heading.default\"><div class=\"elementor-widget-container\"><h2 class=\"elementor-heading-title elementor-size-default\">M\u00e1s que un enlace a\u00e9reo, un puente humano<\/h2><\/div><\/div><section class=\"elementor-section elementor-inner-section elementor-element elementor-element-9035ca3 elementor-section-boxed elementor-section-height-default elementor-section-height-default\" data-id=\"9035ca3\" data-element_type=\"section\"><div class=\"elementor-container elementor-column-gap-default\"><div class=\"elementor-column elementor-col-50 elementor-inner-column elementor-element elementor-element-984d4b5\" data-id=\"984d4b5\" data-element_type=\"column\"><div class=\"elementor-widget-wrap elementor-element-populated\"><div class=\"elementor-element elementor-element-f783f1a elementor-widget elementor-widget-text-editor\" data-id=\"f783f1a\" data-element_type=\"widget\" data-widget_type=\"text-editor.default\"><div class=\"elementor-widget-container\"><p>M\u00e1s all\u00e1 de los intereses tur\u00edsticos y econ\u00f3micos, este nuevo enlace tiene una dimensi\u00f3n profundamente humana. En particular, satisface las necesidades de movilidad de los j\u00f3venes martiniqueses que estudian en Burdeos, una de las principales ciudades universitarias de Francia. \u201cEste servicio directo les facilitar\u00e1 el mantenimiento de los v\u00ednculos con su territorio de origen, sus familias y Martinica\u201d, subraya Marie-Ange Ravin.  <\/p><p>Para las familias de la di\u00e1spora, tambi\u00e9n es una comodidad reci\u00e9n descubierta. Los viajes entre los dos territorios se vuelven m\u00e1s fluidos y accesibles, con una huella de carbono reducida gracias a la ausencia de una escala en Par\u00eds. <\/p><\/div><\/div><div class=\"elementor-element elementor-element-c2e57c0 elementor-widget elementor-widget-text-editor\" data-id=\"c2e57c0\" data-element_type=\"widget\" data-widget_type=\"text-editor.default\"><div class=\"elementor-widget-container\"><p>Nathalie S\u00e9bastien concluye con una c\u00e1lida invitaci\u00f3n: \u201cDe verdad, no tengan miedo de partir y descubrir lo que estos dos territorios tienen que ofrecer. Un enlace directo significa m\u00e1s oportunidades para viajar, m\u00e1s oportunidades para descubrir a otros, incluso si es a alguien que creen conocer. Atr\u00e9vanse a viajar, atr\u00e9vanse a descubrir\u201d.<\/p><p>Este vuelo inaugural Burdeos \u2013 Fort-de-France es mucho m\u00e1s que una nueva ruta a\u00e9rea. Es un puente entre dos territorios, una oportunidad para el turismo, la econom\u00eda, los j\u00f3venes y el futuro de Martinica. <\/p><\/div><\/div><\/div><\/div><div class=\"elementor-column elementor-col-50 elementor-inner-column elementor-element elementor-element-b6bf3d5\" data-id=\"b6bf3d5\" data-element_type=\"column\"><div class=\"elementor-widget-wrap elementor-element-populated\"><div class=\"elementor-element elementor-element-86805e8 elementor-widget elementor-widget-image\" data-id=\"86805e8\" data-element_type=\"widget\" data-widget_type=\"image.default\"><div class=\"elementor-widget-container\"><picture class=\"attachment-large size-large wp-image-66802\"><source data-srcset=\"https:\/\/richeskarayib.com\/wp-content\/uploads\/2025\/12\/2-3-1024x1024.png.webp 1024w, https:\/\/richeskarayib.com\/wp-content\/uploads\/2025\/12\/2-3-300x300.png.webp 300w, https:\/\/richeskarayib.com\/wp-content\/uploads\/2025\/12\/2-3-150x150.png.webp 150w, https:\/\/richeskarayib.com\/wp-content\/uploads\/2025\/12\/2-3-768x768.png.webp 768w, https:\/\/richeskarayib.com\/wp-content\/uploads\/2025\/12\/2-3.png.webp 1080w\" type=\"image\/webp\" data-sizes=\"(max-width: 800px) 100vw, 800px\"><\/source><img decoding=\"async\" data-src=\"https:\/\/richeskarayib.com\/wp-content\/uploads\/2025\/12\/2-3-1024x1024.png\" data-sizes=\"(max-width: 800px) 100vw, 800px\" data-srcset=\"https:\/\/richeskarayib.com\/wp-content\/uploads\/2025\/12\/2-3-1024x1024.png 1024w, https:\/\/richeskarayib.com\/wp-content\/uploads\/2025\/12\/2-3-300x300.png 300w, https:\/\/richeskarayib.com\/wp-content\/uploads\/2025\/12\/2-3-150x150.png 150w, https:\/\/richeskarayib.com\/wp-content\/uploads\/2025\/12\/2-3-768x768.png 768w, https:\/\/richeskarayib.com\/wp-content\/uploads\/2025\/12\/2-3.png 1080w\" alt=\"CORSAIR\" width=\"800\" height=\"800\" src=\"data:image\/svg+xml;base64,PHN2ZyB3aWR0aD0iMSIgaGVpZ2h0PSIxIiB4bWxucz0iaHR0cDovL3d3dy53My5vcmcvMjAwMC9zdmciPjwvc3ZnPg==\" class=\"lazyload\" style=\"--smush-placeholder-width: 800px; --smush-placeholder-aspect-ratio: 800\/800;\"><\/picture><\/div><\/div><\/div><\/div><\/div><\/section><\/div><\/div><\/div><\/section><section class=\"elementor-section elementor-top-section elementor-element elementor-element-23ed11f elementor-section-boxed elementor-section-height-default elementor-section-height-default\" data-id=\"23ed11f\" data-element_type=\"section\"><div class=\"elementor-container elementor-column-gap-default\"><div class=\"elementor-column elementor-col-100 elementor-top-column elementor-element elementor-element-9e160dd\" data-id=\"9e160dd\" data-element_type=\"column\"><div class=\"elementor-widget-wrap elementor-element-populated\"><div class=\"elementor-element elementor-element-0bbe05d elementor-widget elementor-widget-text-editor\" data-id=\"0bbe05d\" data-element_type=\"widget\" data-widget_type=\"text-editor.default\"><div class=\"elementor-widget-container\"><p><b>Acerca de CORSAIR<\/b>: Es una aerol\u00ednea francesa especializada en servicios de larga distancia a territorios franceses de ultramar y destinos de ocio. Opera una flota 100% Airbus A330 Neo y fue votada como la mejor aerol\u00ednea de ocio por Skytrax en 2024 y 2025. <\/p><\/div><\/div><div class=\"elementor-element elementor-element-4d8516a elementor-widget elementor-widget-text-editor\" data-id=\"4d8516a\" data-element_type=\"widget\" data-widget_type=\"text-editor.default\"><div class=\"elementor-widget-container\"><p><b>Acerca de SAMAC<\/b>: Soci\u00e9t\u00e9 A\u00e9roport Martinique Aim\u00e9 C\u00e9saire gestiona el aeropuerto internacional de Martinica, que se ha beneficiado de m\u00e1s de 120 millones de euros en trabajos de modernizaci\u00f3n y puede gestionar m\u00e1s de 3 millones de pasajeros al a\u00f1o.<\/p><\/div><\/div><div class=\"elementor-element elementor-element-30e5bee elementor-widget elementor-widget-text-editor\" data-id=\"30e5bee\" data-element_type=\"widget\" data-widget_type=\"text-editor.default\"><div class=\"elementor-widget-container\"><p><b>Acerca del CMT:<\/b> El Comit\u00e9 Martiniquais du Tourisme es responsable de promocionar Martinica como destino en los mercados emisores nacionales e internacionales.<\/p><\/div><\/div><\/div><\/div><\/div><\/section>\t\t\t\t\t\t\t\t<\/div>\n\t\t\t\t\t<\/div>\n\t\t\t\t<\/div>\n\t\t\t\t<\/div>\n\t\t","protected":false},"excerpt":{"rendered":"<p>El 15 de diciembre de 2025, el aeropuerto Aim\u00e9-C\u00e9saire dio la bienvenida al primer vuelo directo de Burdeos a Fort-de-France, operado por CORSAIR. Esta nueva ruta marca un punto de inflexi\u00f3n estrat\u00e9gico para la conectividad y la accesibilidad de Martinica al Caribe desde el suroeste de Francia. Una asociaci\u00f3n a tres bandas para mejorar el [&hellip;]<\/p>\n","protected":false},"author":1,"featured_media":0,"comment_status":"open","ping_status":"open","sticky":false,"template":"","format":"standard","meta":{"footnotes":""},"categories":[99,102],"tags":[],"class_list":["post-19626","post","type-post","status-publish","format-standard","hentry","category-aviacion","category-conectividad-aerea-y-desarrollo-de-rutas"],"yoast_head":"<!-- This site is optimized with the Yoast SEO plugin v26.9 - https:\/\/yoast.com\/product\/yoast-seo-wordpress\/ -->\n<title>Martinica: Burdeos y Fort-de-France conectadas por un puente a\u00e9reo directo con CORSAIR - LATITUDE 15<\/title>\n<meta name=\"robots\" content=\"index, follow, max-snippet:-1, max-image-preview:large, max-video-preview:-1\" \/>\n<link rel=\"canonical\" href=\"https:\/\/www.latitude-15.com\/es\/martinica-burdeos-y-fort-de-france-conectadas-por-un-puente-aereo-directo-con-corsair\/\" \/>\n<meta property=\"og:locale\" content=\"es_ES\" \/>\n<meta property=\"og:type\" content=\"article\" \/>\n<meta property=\"og:title\" content=\"Martinica: Burdeos y Fort-de-France conectadas por un puente a\u00e9reo directo con CORSAIR - LATITUDE 15\" \/>\n<meta property=\"og:description\" content=\"El 15 de diciembre de 2025, el aeropuerto Aim\u00e9-C\u00e9saire dio la bienvenida al primer vuelo directo de Burdeos a Fort-de-France, operado por CORSAIR. Esta nueva ruta marca un punto de inflexi\u00f3n estrat\u00e9gico para la conectividad y la accesibilidad de Martinica al Caribe desde el suroeste de Francia. Una asociaci\u00f3n a tres bandas para mejorar el [&hellip;]\" \/>\n<meta property=\"og:url\" content=\"https:\/\/www.latitude-15.com\/es\/martinica-burdeos-y-fort-de-france-conectadas-por-un-puente-aereo-directo-con-corsair\/\" \/>\n<meta property=\"og:site_name\" content=\"LATITUDE 15\" \/>\n<meta property=\"article:published_time\" content=\"2025-12-16T04:39:35+00:00\" \/>\n<meta property=\"article:modified_time\" content=\"2026-02-04T03:57:28+00:00\" \/>\n<meta property=\"og:image\" content=\"https:\/\/www.latitude-15.com\/wp-content\/uploads\/2026\/01\/cover-article.jpg.webp\" \/>\n\t<meta property=\"og:image:width\" content=\"1920\" \/>\n\t<meta property=\"og:image:height\" content=\"1107\" \/>\n\t<meta property=\"og:image:type\" content=\"image\/webp\" \/>\n<meta name=\"author\" content=\"sabrinalat15\" \/>\n<meta name=\"twitter:card\" content=\"summary_large_image\" \/>\n<meta name=\"twitter:label1\" content=\"Escrito por\" \/>\n\t<meta name=\"twitter:data1\" content=\"sabrinalat15\" \/>\n\t<meta name=\"twitter:label2\" content=\"Tiempo de lectura\" \/>\n\t<meta name=\"twitter:data2\" content=\"6 minutos\" \/>\n<script type=\"application\/ld+json\" class=\"yoast-schema-graph\">{\"@context\":\"https:\/\/schema.org\",\"@graph\":[{\"@type\":\"Article\",\"@id\":\"https:\/\/www.latitude-15.com\/es\/martinica-burdeos-y-fort-de-france-conectadas-por-un-puente-aereo-directo-con-corsair\/#article\",\"isPartOf\":{\"@id\":\"https:\/\/www.latitude-15.com\/es\/martinica-burdeos-y-fort-de-france-conectadas-por-un-puente-aereo-directo-con-corsair\/\"},\"author\":{\"name\":\"sabrinalat15\",\"@id\":\"https:\/\/www.latitude-15.com\/es\/#\/schema\/person\/2a70943507771992ce3316849aa93bdd\"},\"headline\":\"Martinica: Burdeos y Fort-de-France conectadas por un puente a\u00e9reo directo con CORSAIR\",\"datePublished\":\"2025-12-16T04:39:35+00:00\",\"dateModified\":\"2026-02-04T03:57:28+00:00\",\"mainEntityOfPage\":{\"@id\":\"https:\/\/www.latitude-15.com\/es\/martinica-burdeos-y-fort-de-france-conectadas-por-un-puente-aereo-directo-con-corsair\/\"},\"wordCount\":1287,\"commentCount\":0,\"publisher\":{\"@id\":\"https:\/\/www.latitude-15.com\/es\/#organization\"},\"image\":{\"@id\":\"https:\/\/www.latitude-15.com\/es\/martinica-burdeos-y-fort-de-france-conectadas-por-un-puente-aereo-directo-con-corsair\/#primaryimage\"},\"thumbnailUrl\":\"https:\/\/richeskarayib.com\/wp-content\/uploads\/2025\/12\/Nathalie-Sebastien-1024x1024.png\",\"articleSection\":[\"AVIACI\u00d3N\",\"Conectividad a\u00e9rea y Atractivo territorial\"],\"inLanguage\":\"es\",\"potentialAction\":[{\"@type\":\"CommentAction\",\"name\":\"Comment\",\"target\":[\"https:\/\/www.latitude-15.com\/es\/martinica-burdeos-y-fort-de-france-conectadas-por-un-puente-aereo-directo-con-corsair\/#respond\"]}]},{\"@type\":\"WebPage\",\"@id\":\"https:\/\/www.latitude-15.com\/es\/martinica-burdeos-y-fort-de-france-conectadas-por-un-puente-aereo-directo-con-corsair\/\",\"url\":\"https:\/\/www.latitude-15.com\/es\/martinica-burdeos-y-fort-de-france-conectadas-por-un-puente-aereo-directo-con-corsair\/\",\"name\":\"Martinica: Burdeos y Fort-de-France conectadas por un puente a\u00e9reo directo con CORSAIR - LATITUDE 15\",\"isPartOf\":{\"@id\":\"https:\/\/www.latitude-15.com\/es\/#website\"},\"primaryImageOfPage\":{\"@id\":\"https:\/\/www.latitude-15.com\/es\/martinica-burdeos-y-fort-de-france-conectadas-por-un-puente-aereo-directo-con-corsair\/#primaryimage\"},\"image\":{\"@id\":\"https:\/\/www.latitude-15.com\/es\/martinica-burdeos-y-fort-de-france-conectadas-por-un-puente-aereo-directo-con-corsair\/#primaryimage\"},\"thumbnailUrl\":\"https:\/\/richeskarayib.com\/wp-content\/uploads\/2025\/12\/Nathalie-Sebastien-1024x1024.png\",\"datePublished\":\"2025-12-16T04:39:35+00:00\",\"dateModified\":\"2026-02-04T03:57:28+00:00\",\"breadcrumb\":{\"@id\":\"https:\/\/www.latitude-15.com\/es\/martinica-burdeos-y-fort-de-france-conectadas-por-un-puente-aereo-directo-con-corsair\/#breadcrumb\"},\"inLanguage\":\"es\",\"potentialAction\":[{\"@type\":\"ReadAction\",\"target\":[\"https:\/\/www.latitude-15.com\/es\/martinica-burdeos-y-fort-de-france-conectadas-por-un-puente-aereo-directo-con-corsair\/\"]}]},{\"@type\":\"ImageObject\",\"inLanguage\":\"es\",\"@id\":\"https:\/\/www.latitude-15.com\/es\/martinica-burdeos-y-fort-de-france-conectadas-por-un-puente-aereo-directo-con-corsair\/#primaryimage\",\"url\":\"https:\/\/richeskarayib.com\/wp-content\/uploads\/2025\/12\/Nathalie-Sebastien-1024x1024.png\",\"contentUrl\":\"https:\/\/richeskarayib.com\/wp-content\/uploads\/2025\/12\/Nathalie-Sebastien-1024x1024.png\"},{\"@type\":\"BreadcrumbList\",\"@id\":\"https:\/\/www.latitude-15.com\/es\/martinica-burdeos-y-fort-de-france-conectadas-por-un-puente-aereo-directo-con-corsair\/#breadcrumb\",\"itemListElement\":[{\"@type\":\"ListItem\",\"position\":1,\"name\":\"Home\",\"item\":\"https:\/\/www.latitude-15.com\/es\/inicio\/\"},{\"@type\":\"ListItem\",\"position\":2,\"name\":\"Martinica: Burdeos y Fort-de-France conectadas por un puente a\u00e9reo directo con CORSAIR\"}]},{\"@type\":\"WebSite\",\"@id\":\"https:\/\/www.latitude-15.com\/es\/#website\",\"url\":\"https:\/\/www.latitude-15.com\/es\/\",\"name\":\"LATITUDE 15\",\"description\":\"Aviation and maritime Magazine - Caribbean &amp; Latin America\",\"publisher\":{\"@id\":\"https:\/\/www.latitude-15.com\/es\/#organization\"},\"potentialAction\":[{\"@type\":\"SearchAction\",\"target\":{\"@type\":\"EntryPoint\",\"urlTemplate\":\"https:\/\/www.latitude-15.com\/es\/?s={search_term_string}\"},\"query-input\":{\"@type\":\"PropertyValueSpecification\",\"valueRequired\":true,\"valueName\":\"search_term_string\"}}],\"inLanguage\":\"es\"},{\"@type\":\"Organization\",\"@id\":\"https:\/\/www.latitude-15.com\/es\/#organization\",\"name\":\"LATITUDE 15\",\"url\":\"https:\/\/www.latitude-15.com\/es\/\",\"logo\":{\"@type\":\"ImageObject\",\"inLanguage\":\"es\",\"@id\":\"https:\/\/www.latitude-15.com\/es\/#\/schema\/logo\/image\/\",\"url\":\"https:\/\/www.latitude-15.com\/wp-content\/uploads\/2026\/01\/cropped-logox500px.png\",\"contentUrl\":\"https:\/\/www.latitude-15.com\/wp-content\/uploads\/2026\/01\/cropped-logox500px.png\",\"width\":62,\"height\":75,\"caption\":\"LATITUDE 15\"},\"image\":{\"@id\":\"https:\/\/www.latitude-15.com\/es\/#\/schema\/logo\/image\/\"}},{\"@type\":\"Person\",\"@id\":\"https:\/\/www.latitude-15.com\/es\/#\/schema\/person\/2a70943507771992ce3316849aa93bdd\",\"name\":\"sabrinalat15\",\"image\":{\"@type\":\"ImageObject\",\"inLanguage\":\"es\",\"@id\":\"https:\/\/www.latitude-15.com\/es\/#\/schema\/person\/image\/\",\"url\":\"https:\/\/secure.gravatar.com\/avatar\/91f5e11872ca6128d75f7bbde22cc384ad142a113b81c554ed87d6d9762f8813?s=96&d=mm&r=g\",\"contentUrl\":\"https:\/\/secure.gravatar.com\/avatar\/91f5e11872ca6128d75f7bbde22cc384ad142a113b81c554ed87d6d9762f8813?s=96&d=mm&r=g\",\"caption\":\"sabrinalat15\"},\"sameAs\":[\"https:\/\/www.latitude-15.com\"],\"url\":\"https:\/\/www.latitude-15.com\/es\/author\/sabrinalat15\/\"}]}<\/script>\n<!-- \/ Yoast SEO plugin. -->","yoast_head_json":{"title":"Martinica: Burdeos y Fort-de-France conectadas por un puente a\u00e9reo directo con CORSAIR - LATITUDE 15","robots":{"index":"index","follow":"follow","max-snippet":"max-snippet:-1","max-image-preview":"max-image-preview:large","max-video-preview":"max-video-preview:-1"},"canonical":"https:\/\/www.latitude-15.com\/es\/martinica-burdeos-y-fort-de-france-conectadas-por-un-puente-aereo-directo-con-corsair\/","og_locale":"es_ES","og_type":"article","og_title":"Martinica: Burdeos y Fort-de-France conectadas por un puente a\u00e9reo directo con CORSAIR - LATITUDE 15","og_description":"El 15 de diciembre de 2025, el aeropuerto Aim\u00e9-C\u00e9saire dio la bienvenida al primer vuelo directo de Burdeos a Fort-de-France, operado por CORSAIR. Esta nueva ruta marca un punto de inflexi\u00f3n estrat\u00e9gico para la conectividad y la accesibilidad de Martinica al Caribe desde el suroeste de Francia. Una asociaci\u00f3n a tres bandas para mejorar el [&hellip;]","og_url":"https:\/\/www.latitude-15.com\/es\/martinica-burdeos-y-fort-de-france-conectadas-por-un-puente-aereo-directo-con-corsair\/","og_site_name":"LATITUDE 15","article_published_time":"2025-12-16T04:39:35+00:00","article_modified_time":"2026-02-04T03:57:28+00:00","og_image":[{"width":1920,"height":1107,"url":"https:\/\/www.latitude-15.com\/wp-content\/uploads\/2026\/01\/cover-article.jpg.webp","type":"image\/webp"}],"author":"sabrinalat15","twitter_card":"summary_large_image","twitter_misc":{"Escrito por":"sabrinalat15","Tiempo de lectura":"6 minutos"},"schema":{"@context":"https:\/\/schema.org","@graph":[{"@type":"Article","@id":"https:\/\/www.latitude-15.com\/es\/martinica-burdeos-y-fort-de-france-conectadas-por-un-puente-aereo-directo-con-corsair\/#article","isPartOf":{"@id":"https:\/\/www.latitude-15.com\/es\/martinica-burdeos-y-fort-de-france-conectadas-por-un-puente-aereo-directo-con-corsair\/"},"author":{"name":"sabrinalat15","@id":"https:\/\/www.latitude-15.com\/es\/#\/schema\/person\/2a70943507771992ce3316849aa93bdd"},"headline":"Martinica: Burdeos y Fort-de-France conectadas por un puente a\u00e9reo directo con CORSAIR","datePublished":"2025-12-16T04:39:35+00:00","dateModified":"2026-02-04T03:57:28+00:00","mainEntityOfPage":{"@id":"https:\/\/www.latitude-15.com\/es\/martinica-burdeos-y-fort-de-france-conectadas-por-un-puente-aereo-directo-con-corsair\/"},"wordCount":1287,"commentCount":0,"publisher":{"@id":"https:\/\/www.latitude-15.com\/es\/#organization"},"image":{"@id":"https:\/\/www.latitude-15.com\/es\/martinica-burdeos-y-fort-de-france-conectadas-por-un-puente-aereo-directo-con-corsair\/#primaryimage"},"thumbnailUrl":"https:\/\/richeskarayib.com\/wp-content\/uploads\/2025\/12\/Nathalie-Sebastien-1024x1024.png","articleSection":["AVIACI\u00d3N","Conectividad a\u00e9rea y Atractivo territorial"],"inLanguage":"es","potentialAction":[{"@type":"CommentAction","name":"Comment","target":["https:\/\/www.latitude-15.com\/es\/martinica-burdeos-y-fort-de-france-conectadas-por-un-puente-aereo-directo-con-corsair\/#respond"]}]},{"@type":"WebPage","@id":"https:\/\/www.latitude-15.com\/es\/martinica-burdeos-y-fort-de-france-conectadas-por-un-puente-aereo-directo-con-corsair\/","url":"https:\/\/www.latitude-15.com\/es\/martinica-burdeos-y-fort-de-france-conectadas-por-un-puente-aereo-directo-con-corsair\/","name":"Martinica: Burdeos y Fort-de-France conectadas por un puente a\u00e9reo directo con CORSAIR - LATITUDE 15","isPartOf":{"@id":"https:\/\/www.latitude-15.com\/es\/#website"},"primaryImageOfPage":{"@id":"https:\/\/www.latitude-15.com\/es\/martinica-burdeos-y-fort-de-france-conectadas-por-un-puente-aereo-directo-con-corsair\/#primaryimage"},"image":{"@id":"https:\/\/www.latitude-15.com\/es\/martinica-burdeos-y-fort-de-france-conectadas-por-un-puente-aereo-directo-con-corsair\/#primaryimage"},"thumbnailUrl":"https:\/\/richeskarayib.com\/wp-content\/uploads\/2025\/12\/Nathalie-Sebastien-1024x1024.png","datePublished":"2025-12-16T04:39:35+00:00","dateModified":"2026-02-04T03:57:28+00:00","breadcrumb":{"@id":"https:\/\/www.latitude-15.com\/es\/martinica-burdeos-y-fort-de-france-conectadas-por-un-puente-aereo-directo-con-corsair\/#breadcrumb"},"inLanguage":"es","potentialAction":[{"@type":"ReadAction","target":["https:\/\/www.latitude-15.com\/es\/martinica-burdeos-y-fort-de-france-conectadas-por-un-puente-aereo-directo-con-corsair\/"]}]},{"@type":"ImageObject","inLanguage":"es","@id":"https:\/\/www.latitude-15.com\/es\/martinica-burdeos-y-fort-de-france-conectadas-por-un-puente-aereo-directo-con-corsair\/#primaryimage","url":"https:\/\/richeskarayib.com\/wp-content\/uploads\/2025\/12\/Nathalie-Sebastien-1024x1024.png","contentUrl":"https:\/\/richeskarayib.com\/wp-content\/uploads\/2025\/12\/Nathalie-Sebastien-1024x1024.png"},{"@type":"BreadcrumbList","@id":"https:\/\/www.latitude-15.com\/es\/martinica-burdeos-y-fort-de-france-conectadas-por-un-puente-aereo-directo-con-corsair\/#breadcrumb","itemListElement":[{"@type":"ListItem","position":1,"name":"Home","item":"https:\/\/www.latitude-15.com\/es\/inicio\/"},{"@type":"ListItem","position":2,"name":"Martinica: Burdeos y Fort-de-France conectadas por un puente a\u00e9reo directo con CORSAIR"}]},{"@type":"WebSite","@id":"https:\/\/www.latitude-15.com\/es\/#website","url":"https:\/\/www.latitude-15.com\/es\/","name":"LATITUDE 15","description":"Aviation and maritime Magazine - Caribbean &amp; Latin America","publisher":{"@id":"https:\/\/www.latitude-15.com\/es\/#organization"},"potentialAction":[{"@type":"SearchAction","target":{"@type":"EntryPoint","urlTemplate":"https:\/\/www.latitude-15.com\/es\/?s={search_term_string}"},"query-input":{"@type":"PropertyValueSpecification","valueRequired":true,"valueName":"search_term_string"}}],"inLanguage":"es"},{"@type":"Organization","@id":"https:\/\/www.latitude-15.com\/es\/#organization","name":"LATITUDE 15","url":"https:\/\/www.latitude-15.com\/es\/","logo":{"@type":"ImageObject","inLanguage":"es","@id":"https:\/\/www.latitude-15.com\/es\/#\/schema\/logo\/image\/","url":"https:\/\/www.latitude-15.com\/wp-content\/uploads\/2026\/01\/cropped-logox500px.png","contentUrl":"https:\/\/www.latitude-15.com\/wp-content\/uploads\/2026\/01\/cropped-logox500px.png","width":62,"height":75,"caption":"LATITUDE 15"},"image":{"@id":"https:\/\/www.latitude-15.com\/es\/#\/schema\/logo\/image\/"}},{"@type":"Person","@id":"https:\/\/www.latitude-15.com\/es\/#\/schema\/person\/2a70943507771992ce3316849aa93bdd","name":"sabrinalat15","image":{"@type":"ImageObject","inLanguage":"es","@id":"https:\/\/www.latitude-15.com\/es\/#\/schema\/person\/image\/","url":"https:\/\/secure.gravatar.com\/avatar\/91f5e11872ca6128d75f7bbde22cc384ad142a113b81c554ed87d6d9762f8813?s=96&d=mm&r=g","contentUrl":"https:\/\/secure.gravatar.com\/avatar\/91f5e11872ca6128d75f7bbde22cc384ad142a113b81c554ed87d6d9762f8813?s=96&d=mm&r=g","caption":"sabrinalat15"},"sameAs":["https:\/\/www.latitude-15.com"],"url":"https:\/\/www.latitude-15.com\/es\/author\/sabrinalat15\/"}]}},"_links":{"self":[{"href":"https:\/\/www.latitude-15.com\/es\/wp-json\/wp\/v2\/posts\/19626","targetHints":{"allow":["GET"]}}],"collection":[{"href":"https:\/\/www.latitude-15.com\/es\/wp-json\/wp\/v2\/posts"}],"about":[{"href":"https:\/\/www.latitude-15.com\/es\/wp-json\/wp\/v2\/types\/post"}],"author":[{"embeddable":true,"href":"https:\/\/www.latitude-15.com\/es\/wp-json\/wp\/v2\/users\/1"}],"replies":[{"embeddable":true,"href":"https:\/\/www.latitude-15.com\/es\/wp-json\/wp\/v2\/comments?post=19626"}],"version-history":[{"count":2,"href":"https:\/\/www.latitude-15.com\/es\/wp-json\/wp\/v2\/posts\/19626\/revisions"}],"predecessor-version":[{"id":19628,"href":"https:\/\/www.latitude-15.com\/es\/wp-json\/wp\/v2\/posts\/19626\/revisions\/19628"}],"wp:attachment":[{"href":"https:\/\/www.latitude-15.com\/es\/wp-json\/wp\/v2\/media?parent=19626"}],"wp:term":[{"taxonomy":"category","embeddable":true,"href":"https:\/\/www.latitude-15.com\/es\/wp-json\/wp\/v2\/categories?post=19626"},{"taxonomy":"post_tag","embeddable":true,"href":"https:\/\/www.latitude-15.com\/es\/wp-json\/wp\/v2\/tags?post=19626"}],"curies":[{"name":"wp","href":"https:\/\/api.w.org\/{rel}","templated":true}]}}